{"id":96,"date":"2013-09-23T00:53:47","date_gmt":"2013-09-23T00:53:47","guid":{"rendered":"http:\/\/abrima.com\/blog\/?p=96"},"modified":"2013-10-19T04:46:54","modified_gmt":"2013-10-19T04:46:54","slug":"google-instalara-el-primer-datacenter-de-latinoamerica-en-chile","status":"publish","type":"post","link":"https:\/\/www.abrima.com\/blog\/google-instalara-el-primer-datacenter-de-latinoamerica-en-chile\/","title":{"rendered":"Google instalar\u00e1 el primer datacenter de Latinoam\u00e9rica en Chile"},"content":{"rendered":"<p><img loading=\"lazy\" title=\"googlechile1\" alt=\"googlechile1\" src=\"http:\/\/web.archive.org\/web\/20120923051259im_\/http:\/\/static.betazeta.com\/www.fayerwayer.com\/up\/2012\/09\/googlechile1-660x350.jpg\" width=\"462\" height=\"245\" \/><\/p>\n<p>Ni Nexus Tablet ni Google Fiber: El gran anuncio de Google es la instalaci\u00f3n de un datacenter en Quilicura, que apareci\u00f3 hoy en el sitio oficial de Google,\u00a0<a href=\"http:\/\/web.archive.org\/web\/20120923051259\/http:\/\/www.google.com\/about\/datacenters\/locations\/quilicura\/index.html\">consignado entre su lista de datacenters en el mundo<\/a>. La compa\u00f1\u00eda afirma que \u201cla inversi\u00f3n a largo plazo en este datacenter alcanzar\u00e1 USD$150 millones\u201d. La empresa indic\u00f3 adem\u00e1s durante el evento que se realiz\u00f3 hoy que donar\u00e1 USD$50.000 a la municipalidad de Quilicura para educaci\u00f3n.<\/p>\n<p>La firma espera terminar la construcci\u00f3n a fines de 2013.\u00a0<strong>Se trata del primer datacenter de la compa\u00f1\u00eda en Am\u00e9rica Latina<\/strong>. La compa\u00f1\u00eda tiene seis de estas instalaciones en Estados Unidos, dos en Europa y tres en Asia.<\/p>\n<p>Google recalc\u00f3 que el edificio ser\u00e1 construido para ser altamente eficiente y ahorrar energ\u00eda. \u201cUsaremos el clima seco de ac\u00e1 y agua no potable para enfriar\u201d, detall\u00f3 Dan Costello, encargado de data centers de Google. La instalaci\u00f3n operar\u00e1 a una temperatura m\u00e1s alta que un datacenter t\u00edpico. Costello se\u00f1al\u00f3 que el proyecto beneficiar\u00e1 a los usuarios de los servicios de Google en la regi\u00f3n, ya que obtendr\u00e1n un\u00a0<strong>\u201cacceso m\u00e1s r\u00e1pido y confiable a todas nuestras herramientas y servicios\u201d.<\/strong><\/p>\n<p>La instalaci\u00f3n contratar\u00e1 a 200 personas durante la construcci\u00f3n, y una vez que est\u00e9 listo, a 20 personas en diferentes roles, se\u00f1al\u00f3 la empresa, incluyendo a t\u00e9cnicos en computaci\u00f3n, ingenieros, catering y seguridad \u2013 quienes quieran postular\u00a0<a href=\"http:\/\/web.archive.org\/web\/20120923051259\/http:\/\/www.google.com\/about\/datacenters\/locations\/quilicura\/opportunities-contacts.html\">pueden revisar aqu\u00ed<\/a>.<\/p>\n<p>Google indica que eligi\u00f3 a Chile porque tiene una \u201cinfraestructura confiable, una mano de obra calificada y un compromiso con la transparencia y regulaciones buenas para las empresas. Chile tambi\u00e9n impulsa una atm\u00f3sfera de innovaci\u00f3n, y en recientes a\u00f1os ha desarrollado pol\u00edticas innovadoras y programas que empujan el crecimiento de internet\u201d.<\/p>\n<p>El ministro de Transportes y Telecomunicaciones, Pedro Pablo Err\u00e1zuriz, destac\u00f3 el trabajo que se ha hecho en Chile para impulsar Internet en el pa\u00eds, se\u00f1alando que es una meta \u201creducir los precios de Internet a la mitad en el gobierno del presidente Pi\u00f1era\u201d. Indic\u00f3 que \u201cse ha invertido en telecomunicaciones USD$2.500 millones al a\u00f1o en estos \u00faltimos dos a\u00f1os. En infraestructura, conectividad escolar gratuita,\u00a0<strong>98% de los alumnos en Chile van a tener conectividad de calidad y gratuita a finales de este a\u00f1o<\/strong>\u201c.<\/p>\n<p>Google tambi\u00e9n prometi\u00f3 un programa de ayudas y becas a la comunidad una vez que est\u00e9 terminado el datacenter. Se trata de un programa que se desarrollar\u00e1 en Quilicura para \u201capoyar organizaciones e iniciativas que se enfoquen en cuatro temas que nos apasionan, incluyendo: educaci\u00f3n tecnol\u00f3gica, innovaci\u00f3n en energ\u00eda renovable y nuevos emprendimientos econ\u00f3micos\u201d. M\u00e1s detalles sobre este programa se informar\u00e1n en el futuro, indica la compa\u00f1\u00eda.<\/p>\n<p>Adem\u00e1s, Eduardo Pooley, gerente general de Google Chile, nos relat\u00f3 que \u201cGoogle siempre va paso a paso. Lo primero era la llegada de las oficinas, sin ellas no pod\u00edamos dar los primeros pasos, y despu\u00e9s lanzamos YouTube. Fue p\u00fablico que en enero de este a\u00f1o comenzamos las muestras de Street View. Bueno,\u00a0<strong>entonces lo pr\u00f3ximo que deber\u00edamos entregar de aqu\u00ed a fin de a\u00f1o ser\u00eda Street View<\/strong>\u201c.<\/p>\n<p>Cuando le preguntamos acerca de que si el datacenter iba a estar orientado al uso corporativo o para las personas, Pooley nos afirm\u00f3 que iba a ser para todo tipo de servicios: \u201c(En Chile) todo lo que tu haces a trav\u00e9s de Internet en Google va a pasar por ac\u00e1\u201d.<\/p>\n<p>FUENTE:\u00a0<a href=\"http:\/\/web.archive.org\/web\/20120923051259\/http:\/\/www.fayerwayer.com\/2012\/09\/chile-google-instalara-un-datacenter-en-quilicura\/\">fayerwarer.com<\/a><\/p>\n","protected":false},"excerpt":{"rendered":"<p>Ni Nexus Tablet ni Google Fiber: El gran anuncio de Google es la instalaci\u00f3n de un datacenter en Quilicura, que apareci\u00f3 hoy en el sitio [&hellip;]<\/p>\n","protected":false},"author":3,"featured_media":0,"comment_status":"open","ping_status":"open","sticky":false,"template":"","format":"standard","meta":{"_monsterinsights_skip_tracking":false,"_monsterinsights_sitenote_active":false,"_monsterinsights_sitenote_note":"","_monsterinsights_sitenote_category":0},"categories":[10],"tags":[],"yoast_head":"<!-- This site is optimized with the Yoast SEO plugin v19.1 - https:\/\/yoast.com\/wordpress\/plugins\/seo\/ -->\n<title>Google instalar\u00e1 el primer datacenter de Latinoam\u00e9rica en Chile - Blog de Tecnolog\u00eda - Abrima<\/title>\n<meta name=\"robots\" content=\"index, follow, max-snippet:-1, max-image-preview:large, max-video-preview:-1\" \/>\n<link rel=\"canonical\" href=\"https:\/\/www.abrima.com\/blog\/google-instalara-el-primer-datacenter-de-latinoamerica-en-chile\/\" \/>\n<meta property=\"og:locale\" content=\"es_ES\" \/>\n<meta property=\"og:type\" content=\"article\" \/>\n<meta property=\"og:title\" content=\"Google instalar\u00e1 el primer datacenter de Latinoam\u00e9rica en Chile - Blog de Tecnolog\u00eda - Abrima\" \/>\n<meta property=\"og:description\" content=\"Ni Nexus Tablet ni Google Fiber: El gran anuncio de Google es la instalaci\u00f3n de un datacenter en Quilicura, que apareci\u00f3 hoy en el sitio [&hellip;]\" \/>\n<meta property=\"og:url\" content=\"https:\/\/www.abrima.com\/blog\/google-instalara-el-primer-datacenter-de-latinoamerica-en-chile\/\" \/>\n<meta property=\"og:site_name\" content=\"Blog de Tecnolog\u00eda - Abrima\" \/>\n<meta property=\"article:publisher\" content=\"https:\/\/www.facebook.com\/abrimawebs\/\" \/>\n<meta property=\"article:published_time\" content=\"2013-09-23T00:53:47+00:00\" \/>\n<meta property=\"article:modified_time\" content=\"2013-10-19T04:46:54+00:00\" \/>\n<meta property=\"og:image\" content=\"http:\/\/web.archive.org\/web\/20120923051259im_\/http:\/\/static.betazeta.com\/www.fayerwayer.com\/up\/2012\/09\/googlechile1-660x350.jpg\" \/>\n<meta name=\"twitter:label1\" content=\"Escrito por\" \/>\n\t<meta name=\"twitter:data1\" content=\"Abrima\" \/>\n\t<meta name=\"twitter:label2\" content=\"Tiempo de lectura\" \/>\n\t<meta name=\"twitter:data2\" content=\"3 minutos\" \/>\n<script type=\"application\/ld+json\" class=\"yoast-schema-graph\">{\"@context\":\"https:\/\/schema.org\",\"@graph\":[{\"@type\":\"Organization\",\"@id\":\"https:\/\/www.abrima.com\/blog\/#organization\",\"name\":\"Abrima\",\"url\":\"https:\/\/www.abrima.com\/blog\/\",\"sameAs\":[\"https:\/\/www.linkedin.com\/company\/abrima-soluciones-web\/\",\"https:\/\/www.youtube.com\/user\/abrimawebs\",\"https:\/\/www.facebook.com\/abrimawebs\/\",\"https:\/\/twitter.com\/abrimaweb\"],\"logo\":{\"@type\":\"ImageObject\",\"inLanguage\":\"es\",\"@id\":\"https:\/\/www.abrima.com\/blog\/#\/schema\/logo\/image\/\",\"url\":\"https:\/\/www.abrima.com\/blog\/wp-content\/uploads\/2018\/03\/abrima-logo.png\",\"contentUrl\":\"https:\/\/www.abrima.com\/blog\/wp-content\/uploads\/2018\/03\/abrima-logo.png\",\"width\":700,\"height\":700,\"caption\":\"Abrima\"},\"image\":{\"@id\":\"https:\/\/www.abrima.com\/blog\/#\/schema\/logo\/image\/\"}},{\"@type\":\"WebSite\",\"@id\":\"https:\/\/www.abrima.com\/blog\/#website\",\"url\":\"https:\/\/www.abrima.com\/blog\/\",\"name\":\"Blog de Tecnolog\u00eda - Abrima\",\"description\":\"Blog sobre todo lo relacionado con Cloud, Marketing Digital y Web\",\"publisher\":{\"@id\":\"https:\/\/www.abrima.com\/blog\/#organization\"},\"potentialAction\":[{\"@type\":\"SearchAction\",\"target\":{\"@type\":\"EntryPoint\",\"urlTemplate\":\"https:\/\/www.abrima.com\/blog\/?s={search_term_string}\"},\"query-input\":\"required name=search_term_string\"}],\"inLanguage\":\"es\"},{\"@type\":\"ImageObject\",\"inLanguage\":\"es\",\"@id\":\"https:\/\/www.abrima.com\/blog\/google-instalara-el-primer-datacenter-de-latinoamerica-en-chile\/#primaryimage\",\"url\":\"http:\/\/web.archive.org\/web\/20120923051259im_\/http:\/\/static.betazeta.com\/www.fayerwayer.com\/up\/2012\/09\/googlechile1-660x350.jpg\",\"contentUrl\":\"http:\/\/web.archive.org\/web\/20120923051259im_\/http:\/\/static.betazeta.com\/www.fayerwayer.com\/up\/2012\/09\/googlechile1-660x350.jpg\"},{\"@type\":\"WebPage\",\"@id\":\"https:\/\/www.abrima.com\/blog\/google-instalara-el-primer-datacenter-de-latinoamerica-en-chile\/#webpage\",\"url\":\"https:\/\/www.abrima.com\/blog\/google-instalara-el-primer-datacenter-de-latinoamerica-en-chile\/\",\"name\":\"Google instalar\u00e1 el primer datacenter de Latinoam\u00e9rica en Chile - Blog de Tecnolog\u00eda - Abrima\",\"isPartOf\":{\"@id\":\"https:\/\/www.abrima.com\/blog\/#website\"},\"primaryImageOfPage\":{\"@id\":\"https:\/\/www.abrima.com\/blog\/google-instalara-el-primer-datacenter-de-latinoamerica-en-chile\/#primaryimage\"},\"datePublished\":\"2013-09-23T00:53:47+00:00\",\"dateModified\":\"2013-10-19T04:46:54+00:00\",\"breadcrumb\":{\"@id\":\"https:\/\/www.abrima.com\/blog\/google-instalara-el-primer-datacenter-de-latinoamerica-en-chile\/#breadcrumb\"},\"inLanguage\":\"es\",\"potentialAction\":[{\"@type\":\"ReadAction\",\"target\":[\"https:\/\/www.abrima.com\/blog\/google-instalara-el-primer-datacenter-de-latinoamerica-en-chile\/\"]}]},{\"@type\":\"BreadcrumbList\",\"@id\":\"https:\/\/www.abrima.com\/blog\/google-instalara-el-primer-datacenter-de-latinoamerica-en-chile\/#breadcrumb\",\"itemListElement\":[{\"@type\":\"ListItem\",\"position\":1,\"name\":\"Portada\",\"item\":\"https:\/\/www.abrima.com\/blog\/\"},{\"@type\":\"ListItem\",\"position\":2,\"name\":\"Google instalar\u00e1 el primer datacenter de Latinoam\u00e9rica en Chile\"}]},{\"@type\":\"Article\",\"@id\":\"https:\/\/www.abrima.com\/blog\/google-instalara-el-primer-datacenter-de-latinoamerica-en-chile\/#article\",\"isPartOf\":{\"@id\":\"https:\/\/www.abrima.com\/blog\/google-instalara-el-primer-datacenter-de-latinoamerica-en-chile\/#webpage\"},\"author\":{\"@id\":\"https:\/\/www.abrima.com\/blog\/#\/schema\/person\/63bf2b532066065bb6529b760bf9193f\"},\"headline\":\"Google instalar\u00e1 el primer datacenter de Latinoam\u00e9rica en Chile\",\"datePublished\":\"2013-09-23T00:53:47+00:00\",\"dateModified\":\"2013-10-19T04:46:54+00:00\",\"mainEntityOfPage\":{\"@id\":\"https:\/\/www.abrima.com\/blog\/google-instalara-el-primer-datacenter-de-latinoamerica-en-chile\/#webpage\"},\"wordCount\":610,\"commentCount\":0,\"publisher\":{\"@id\":\"https:\/\/www.abrima.com\/blog\/#organization\"},\"image\":{\"@id\":\"https:\/\/www.abrima.com\/blog\/google-instalara-el-primer-datacenter-de-latinoamerica-en-chile\/#primaryimage\"},\"thumbnailUrl\":\"http:\/\/web.archive.org\/web\/20120923051259im_\/http:\/\/static.betazeta.com\/www.fayerwayer.com\/up\/2012\/09\/googlechile1-660x350.jpg\",\"articleSection\":[\"Google\"],\"inLanguage\":\"es\",\"potentialAction\":[{\"@type\":\"CommentAction\",\"name\":\"Comment\",\"target\":[\"https:\/\/www.abrima.com\/blog\/google-instalara-el-primer-datacenter-de-latinoamerica-en-chile\/#respond\"]}]},{\"@type\":\"Person\",\"@id\":\"https:\/\/www.abrima.com\/blog\/#\/schema\/person\/63bf2b532066065bb6529b760bf9193f\",\"name\":\"Abrima\",\"image\":{\"@type\":\"ImageObject\",\"inLanguage\":\"es\",\"@id\":\"https:\/\/www.abrima.com\/blog\/#\/schema\/person\/image\/\",\"url\":\"https:\/\/secure.gravatar.com\/avatar\/5189b1223ec43be1a6f38b38f05131ac?s=96&d=mm&r=g\",\"contentUrl\":\"https:\/\/secure.gravatar.com\/avatar\/5189b1223ec43be1a6f38b38f05131ac?s=96&d=mm&r=g\",\"caption\":\"Abrima\"},\"url\":\"https:\/\/www.abrima.com\/blog\/author\/gabriel\/\"}]}<\/script>\n<!-- \/ Yoast SEO plugin. -->","yoast_head_json":{"title":"Google instalar\u00e1 el primer datacenter de Latinoam\u00e9rica en Chile - Blog de Tecnolog\u00eda - Abrima","robots":{"index":"index","follow":"follow","max-snippet":"max-snippet:-1","max-image-preview":"max-image-preview:large","max-video-preview":"max-video-preview:-1"},"canonical":"https:\/\/www.abrima.com\/blog\/google-instalara-el-primer-datacenter-de-latinoamerica-en-chile\/","og_locale":"es_ES","og_type":"article","og_title":"Google instalar\u00e1 el primer datacenter de Latinoam\u00e9rica en Chile - Blog de Tecnolog\u00eda - Abrima","og_description":"Ni Nexus Tablet ni Google Fiber: El gran anuncio de Google es la instalaci\u00f3n de un datacenter en Quilicura, que apareci\u00f3 hoy en el sitio [&hellip;]","og_url":"https:\/\/www.abrima.com\/blog\/google-instalara-el-primer-datacenter-de-latinoamerica-en-chile\/","og_site_name":"Blog de Tecnolog\u00eda - Abrima","article_publisher":"https:\/\/www.facebook.com\/abrimawebs\/","article_published_time":"2013-09-23T00:53:47+00:00","article_modified_time":"2013-10-19T04:46:54+00:00","og_image":[{"url":"http:\/\/web.archive.org\/web\/20120923051259im_\/http:\/\/static.betazeta.com\/www.fayerwayer.com\/up\/2012\/09\/googlechile1-660x350.jpg"}],"twitter_misc":{"Escrito por":"Abrima","Tiempo de lectura":"3 minutos"},"schema":{"@context":"https:\/\/schema.org","@graph":[{"@type":"Organization","@id":"https:\/\/www.abrima.com\/blog\/#organization","name":"Abrima","url":"https:\/\/www.abrima.com\/blog\/","sameAs":["https:\/\/www.linkedin.com\/company\/abrima-soluciones-web\/","https:\/\/www.youtube.com\/user\/abrimawebs","https:\/\/www.facebook.com\/abrimawebs\/","https:\/\/twitter.com\/abrimaweb"],"logo":{"@type":"ImageObject","inLanguage":"es","@id":"https:\/\/www.abrima.com\/blog\/#\/schema\/logo\/image\/","url":"https:\/\/www.abrima.com\/blog\/wp-content\/uploads\/2018\/03\/abrima-logo.png","contentUrl":"https:\/\/www.abrima.com\/blog\/wp-content\/uploads\/2018\/03\/abrima-logo.png","width":700,"height":700,"caption":"Abrima"},"image":{"@id":"https:\/\/www.abrima.com\/blog\/#\/schema\/logo\/image\/"}},{"@type":"WebSite","@id":"https:\/\/www.abrima.com\/blog\/#website","url":"https:\/\/www.abrima.com\/blog\/","name":"Blog de Tecnolog\u00eda - Abrima","description":"Blog sobre todo lo relacionado con Cloud, Marketing Digital y Web","publisher":{"@id":"https:\/\/www.abrima.com\/blog\/#organization"},"potentialAction":[{"@type":"SearchAction","target":{"@type":"EntryPoint","urlTemplate":"https:\/\/www.abrima.com\/blog\/?s={search_term_string}"},"query-input":"required name=search_term_string"}],"inLanguage":"es"},{"@type":"ImageObject","inLanguage":"es","@id":"https:\/\/www.abrima.com\/blog\/google-instalara-el-primer-datacenter-de-latinoamerica-en-chile\/#primaryimage","url":"http:\/\/web.archive.org\/web\/20120923051259im_\/http:\/\/static.betazeta.com\/www.fayerwayer.com\/up\/2012\/09\/googlechile1-660x350.jpg","contentUrl":"http:\/\/web.archive.org\/web\/20120923051259im_\/http:\/\/static.betazeta.com\/www.fayerwayer.com\/up\/2012\/09\/googlechile1-660x350.jpg"},{"@type":"WebPage","@id":"https:\/\/www.abrima.com\/blog\/google-instalara-el-primer-datacenter-de-latinoamerica-en-chile\/#webpage","url":"https:\/\/www.abrima.com\/blog\/google-instalara-el-primer-datacenter-de-latinoamerica-en-chile\/","name":"Google instalar\u00e1 el primer datacenter de Latinoam\u00e9rica en Chile - Blog de Tecnolog\u00eda - Abrima","isPartOf":{"@id":"https:\/\/www.abrima.com\/blog\/#website"},"primaryImageOfPage":{"@id":"https:\/\/www.abrima.com\/blog\/google-instalara-el-primer-datacenter-de-latinoamerica-en-chile\/#primaryimage"},"datePublished":"2013-09-23T00:53:47+00:00","dateModified":"2013-10-19T04:46:54+00:00","breadcrumb":{"@id":"https:\/\/www.abrima.com\/blog\/google-instalara-el-primer-datacenter-de-latinoamerica-en-chile\/#breadcrumb"},"inLanguage":"es","potentialAction":[{"@type":"ReadAction","target":["https:\/\/www.abrima.com\/blog\/google-instalara-el-primer-datacenter-de-latinoamerica-en-chile\/"]}]},{"@type":"BreadcrumbList","@id":"https:\/\/www.abrima.com\/blog\/google-instalara-el-primer-datacenter-de-latinoamerica-en-chile\/#breadcrumb","itemListElement":[{"@type":"ListItem","position":1,"name":"Portada","item":"https:\/\/www.abrima.com\/blog\/"},{"@type":"ListItem","position":2,"name":"Google instalar\u00e1 el primer datacenter de Latinoam\u00e9rica en Chile"}]},{"@type":"Article","@id":"https:\/\/www.abrima.com\/blog\/google-instalara-el-primer-datacenter-de-latinoamerica-en-chile\/#article","isPartOf":{"@id":"https:\/\/www.abrima.com\/blog\/google-instalara-el-primer-datacenter-de-latinoamerica-en-chile\/#webpage"},"author":{"@id":"https:\/\/www.abrima.com\/blog\/#\/schema\/person\/63bf2b532066065bb6529b760bf9193f"},"headline":"Google instalar\u00e1 el primer datacenter de Latinoam\u00e9rica en Chile","datePublished":"2013-09-23T00:53:47+00:00","dateModified":"2013-10-19T04:46:54+00:00","mainEntityOfPage":{"@id":"https:\/\/www.abrima.com\/blog\/google-instalara-el-primer-datacenter-de-latinoamerica-en-chile\/#webpage"},"wordCount":610,"commentCount":0,"publisher":{"@id":"https:\/\/www.abrima.com\/blog\/#organization"},"image":{"@id":"https:\/\/www.abrima.com\/blog\/google-instalara-el-primer-datacenter-de-latinoamerica-en-chile\/#primaryimage"},"thumbnailUrl":"http:\/\/web.archive.org\/web\/20120923051259im_\/http:\/\/static.betazeta.com\/www.fayerwayer.com\/up\/2012\/09\/googlechile1-660x350.jpg","articleSection":["Google"],"inLanguage":"es","potentialAction":[{"@type":"CommentAction","name":"Comment","target":["https:\/\/www.abrima.com\/blog\/google-instalara-el-primer-datacenter-de-latinoamerica-en-chile\/#respond"]}]},{"@type":"Person","@id":"https:\/\/www.abrima.com\/blog\/#\/schema\/person\/63bf2b532066065bb6529b760bf9193f","name":"Abrima","image":{"@type":"ImageObject","inLanguage":"es","@id":"https:\/\/www.abrima.com\/blog\/#\/schema\/person\/image\/","url":"https:\/\/secure.gravatar.com\/avatar\/5189b1223ec43be1a6f38b38f05131ac?s=96&d=mm&r=g","contentUrl":"https:\/\/secure.gravatar.com\/avatar\/5189b1223ec43be1a6f38b38f05131ac?s=96&d=mm&r=g","caption":"Abrima"},"url":"https:\/\/www.abrima.com\/blog\/author\/gabriel\/"}]}},"amp_enabled":true,"_links":{"self":[{"href":"https:\/\/www.abrima.com\/blog\/wp-json\/wp\/v2\/posts\/96"}],"collection":[{"href":"https:\/\/www.abrima.com\/blog\/wp-json\/wp\/v2\/posts"}],"about":[{"href":"https:\/\/www.abrima.com\/blog\/wp-json\/wp\/v2\/types\/post"}],"author":[{"embeddable":true,"href":"https:\/\/www.abrima.com\/blog\/wp-json\/wp\/v2\/users\/3"}],"replies":[{"embeddable":true,"href":"https:\/\/www.abrima.com\/blog\/wp-json\/wp\/v2\/comments?post=96"}],"version-history":[{"count":1,"href":"https:\/\/www.abrima.com\/blog\/wp-json\/wp\/v2\/posts\/96\/revisions"}],"predecessor-version":[{"id":97,"href":"https:\/\/www.abrima.com\/blog\/wp-json\/wp\/v2\/posts\/96\/revisions\/97"}],"wp:attachment":[{"href":"https:\/\/www.abrima.com\/blog\/wp-json\/wp\/v2\/media?parent=96"}],"wp:term":[{"taxonomy":"category","embeddable":true,"href":"https:\/\/www.abrima.com\/blog\/wp-json\/wp\/v2\/categories?post=96"},{"taxonomy":"post_tag","embeddable":true,"href":"https:\/\/www.abrima.com\/blog\/wp-json\/wp\/v2\/tags?post=96"}],"curies":[{"name":"wp","href":"https:\/\/api.w.org\/{rel}","templated":true}]}}