{"id":9351,"date":"2021-10-25T20:23:53","date_gmt":"2021-10-25T20:23:53","guid":{"rendered":"https:\/\/www.abrima.com\/blog\/?p=9351"},"modified":"2021-10-25T20:23:57","modified_gmt":"2021-10-25T20:23:57","slug":"como-programar-un-directo-en-instagram","status":"publish","type":"post","link":"https:\/\/www.abrima.com\/blog\/como-programar-un-directo-en-instagram\/","title":{"rendered":"C\u00f3mo programar un directo en Instagram"},"content":{"rendered":"\n<p>Instagram dispone de una funci\u00f3n que permite programar la\u00a0emisi\u00f3n de contenidos de v\u00eddeo en directo, los Directos, algo especialmente \u00fatil para quienes difunden con cierta asiduidad estos contenidos. Y en el caso concreto de quienes los empleen m\u00e1s que como diversi\u00f3n buscando consolidar su posici\u00f3n como creadores de contenido resulta aconsejable conocer el manejo de esta posibilidad.<\/p>\n\n\n\n<blockquote class=\"wp-block-quote\"><p>La emisi\u00f3n de los Directos de Instagram, una vez programados, puede difundirse con antelaci\u00f3n<\/p><\/blockquote>\n\n\n\n<p>La programaci\u00f3n de los directos permite fijar las fechas y las horas, pudiendo editar con posterioridad los contenidos y difundir entre los seguidores, con car\u00e1cter previo, invitaciones.<\/p>\n\n\n\n<p>El primer paso es activar el bot\u00f3n de creaci\u00f3n de contenidos de Instagram, marcado con el s\u00edmbolo +, situado en la parte superior derecha, para as\u00ed poder acceder al men\u00fa de&nbsp;<strong>selecci\u00f3n del tipo de publicaci\u00f3n<\/strong>&nbsp;que se quiera crear, fotograf\u00eda o v\u00eddeo. En este caso hay que seleccionar&nbsp;<strong>la opci\u00f3n Directo<\/strong>, pero en lugar de pulsar el bot\u00f3n central (que activar\u00eda la emisi\u00f3n en directo en ese mismo momento) hay que&nbsp;<strong>pulsar el icono del calendario<\/strong>&nbsp;presente en la parte izquierda.<\/p>\n\n\n\n<p>As\u00ed podr\u00e1 accederse al&nbsp;<strong>momento en que se desee fijar la fecha de inicio del directo<\/strong>, pudiendo identificarlo con un nombre, lo que permitir\u00e1 diferenciar entre varios posibles directos en diferentes momentos. Al finalizar la escritura del nombre basta con pulsar sobre \u00abHora de Inicio\u00bb para fijar la hora y el d\u00eda y todo queda programado confirmando mediante la opci\u00f3n \u00ab<strong>Programar v\u00eddeo en directo<\/strong>\u00ab.<\/p>\n\n\n\n<p>Una vez completados estos pasos se accede a una pantalla que permite compartir el anuncio del directo, lo que facilita a los seguidores conocer el d\u00eda y la hora de inicio de la emisi\u00f3n.<\/p>\n\n\n\n<p>Posteriormente basta con acceder mediante el men\u00fa \u00abCrear Directos-Calendario\u00bb para comprobar todos los directos que se hayan programado, pudiendo editarlos (cambiar d\u00eda y hora), cancelarlos o compartirlos como una publicaci\u00f3n.<\/p>\n\n\n\n<ul><li>Gana Dinero por las Redes&nbsp;<\/li><li>Libros Online Para Todos:&nbsp;<a href=\"https:\/\/librosonlineparatodos.com\/\">https:\/\/librosonlineparatodos.com\/<\/a><\/li><li>Activa cuentas G Suite Google Workspace con descuento y p\u00eddenos c\u00f3digo promocional:&nbsp;<\/li><li>Visita Academia G Tutoriales G Suite Google Workspace:&nbsp;<a href=\"https:\/\/www.academia-g.com\/\">https:\/\/www.academia-g.com<\/a><\/li><li>Blog de Tecnolog\u00eda:<\/li><li>La Lista Del Fan\u00e1tico \u2013 Cine y M\u00fasica&nbsp;<a href=\"https:\/\/lalistadelfanatico.com\/\">https:\/\/lalistadelfanatico.com\/<\/a><\/li><\/ul>\n\n\n\n<p>Fuente:\u00a0<a href=\"https:\/\/www.trecebits.com\/2021\/10\/25\/como-programar-un-directo-en-instagram\/\">Trecebits<\/a><\/p>\n\n\n\n<p><a href=\"https:\/\/www.trecebits.com\/2021\/10\/25\/como-programar-un-directo-en-instagram\/\"><\/a><\/p>\n","protected":false},"excerpt":{"rendered":"<p>Instagram dispone de una funci\u00f3n que permite programar la\u00a0emisi\u00f3n de contenidos de v\u00eddeo en directo, los Directos, algo especialmente \u00fatil para quienes difunden con cierta [&hellip;]<\/p>\n","protected":false},"author":1,"featured_media":9352,"comment_status":"open","ping_status":"open","sticky":false,"template":"","format":"standard","meta":{"_monsterinsights_skip_tracking":false,"_monsterinsights_sitenote_active":false,"_monsterinsights_sitenote_note":"","_monsterinsights_sitenote_category":0},"categories":[31],"tags":[426,427],"yoast_head":"<!-- This site is optimized with the Yoast SEO plugin v19.1 - https:\/\/yoast.com\/wordpress\/plugins\/seo\/ -->\n<title>C\u00f3mo programar un directo en Instagram - Blog de Tecnolog\u00eda - Abrima<\/title>\n<meta name=\"robots\" content=\"index, follow, max-snippet:-1, max-image-preview:large, max-video-preview:-1\" \/>\n<link rel=\"canonical\" href=\"https:\/\/www.abrima.com\/blog\/como-programar-un-directo-en-instagram\/\" \/>\n<meta property=\"og:locale\" content=\"es_ES\" \/>\n<meta property=\"og:type\" content=\"article\" \/>\n<meta property=\"og:title\" content=\"C\u00f3mo programar un directo en Instagram - Blog de Tecnolog\u00eda - Abrima\" \/>\n<meta property=\"og:description\" content=\"Instagram dispone de una funci\u00f3n que permite programar la\u00a0emisi\u00f3n de contenidos de v\u00eddeo en directo, los Directos, algo especialmente \u00fatil para quienes difunden con cierta [&hellip;]\" \/>\n<meta property=\"og:url\" content=\"https:\/\/www.abrima.com\/blog\/como-programar-un-directo-en-instagram\/\" \/>\n<meta property=\"og:site_name\" content=\"Blog de Tecnolog\u00eda - Abrima\" \/>\n<meta property=\"article:publisher\" content=\"https:\/\/www.facebook.com\/abrimawebs\/\" \/>\n<meta property=\"article:published_time\" content=\"2021-10-25T20:23:53+00:00\" \/>\n<meta property=\"article:modified_time\" content=\"2021-10-25T20:23:57+00:00\" \/>\n<meta name=\"twitter:label1\" content=\"Escrito por\" \/>\n\t<meta name=\"twitter:data1\" content=\"Abrima\" \/>\n\t<meta name=\"twitter:label2\" content=\"Tiempo de lectura\" \/>\n\t<meta name=\"twitter:data2\" content=\"2 minutos\" \/>\n<script type=\"application\/ld+json\" class=\"yoast-schema-graph\">{\"@context\":\"https:\/\/schema.org\",\"@graph\":[{\"@type\":\"Organization\",\"@id\":\"https:\/\/www.abrima.com\/blog\/#organization\",\"name\":\"Abrima\",\"url\":\"https:\/\/www.abrima.com\/blog\/\",\"sameAs\":[\"https:\/\/www.linkedin.com\/company\/abrima-soluciones-web\/\",\"https:\/\/www.youtube.com\/user\/abrimawebs\",\"https:\/\/www.facebook.com\/abrimawebs\/\",\"https:\/\/twitter.com\/abrimaweb\"],\"logo\":{\"@type\":\"ImageObject\",\"inLanguage\":\"es\",\"@id\":\"https:\/\/www.abrima.com\/blog\/#\/schema\/logo\/image\/\",\"url\":\"https:\/\/www.abrima.com\/blog\/wp-content\/uploads\/2018\/03\/abrima-logo.png\",\"contentUrl\":\"https:\/\/www.abrima.com\/blog\/wp-content\/uploads\/2018\/03\/abrima-logo.png\",\"width\":700,\"height\":700,\"caption\":\"Abrima\"},\"image\":{\"@id\":\"https:\/\/www.abrima.com\/blog\/#\/schema\/logo\/image\/\"}},{\"@type\":\"WebSite\",\"@id\":\"https:\/\/www.abrima.com\/blog\/#website\",\"url\":\"https:\/\/www.abrima.com\/blog\/\",\"name\":\"Blog de Tecnolog\u00eda - Abrima\",\"description\":\"Blog sobre todo lo relacionado con Cloud, Marketing Digital y Web\",\"publisher\":{\"@id\":\"https:\/\/www.abrima.com\/blog\/#organization\"},\"potentialAction\":[{\"@type\":\"SearchAction\",\"target\":{\"@type\":\"EntryPoint\",\"urlTemplate\":\"https:\/\/www.abrima.com\/blog\/?s={search_term_string}\"},\"query-input\":\"required name=search_term_string\"}],\"inLanguage\":\"es\"},{\"@type\":\"ImageObject\",\"inLanguage\":\"es\",\"@id\":\"https:\/\/www.abrima.com\/blog\/como-programar-un-directo-en-instagram\/#primaryimage\",\"url\":\"https:\/\/www.abrima.com\/blog\/wp-content\/uploads\/2021\/10\/como-programar-un-directo-en-instagram.webp\",\"contentUrl\":\"https:\/\/www.abrima.com\/blog\/wp-content\/uploads\/2021\/10\/como-programar-un-directo-en-instagram.webp\",\"width\":800,\"height\":455},{\"@type\":\"WebPage\",\"@id\":\"https:\/\/www.abrima.com\/blog\/como-programar-un-directo-en-instagram\/#webpage\",\"url\":\"https:\/\/www.abrima.com\/blog\/como-programar-un-directo-en-instagram\/\",\"name\":\"C\u00f3mo programar un directo en Instagram - Blog de Tecnolog\u00eda - Abrima\",\"isPartOf\":{\"@id\":\"https:\/\/www.abrima.com\/blog\/#website\"},\"primaryImageOfPage\":{\"@id\":\"https:\/\/www.abrima.com\/blog\/como-programar-un-directo-en-instagram\/#primaryimage\"},\"datePublished\":\"2021-10-25T20:23:53+00:00\",\"dateModified\":\"2021-10-25T20:23:57+00:00\",\"breadcrumb\":{\"@id\":\"https:\/\/www.abrima.com\/blog\/como-programar-un-directo-en-instagram\/#breadcrumb\"},\"inLanguage\":\"es\",\"potentialAction\":[{\"@type\":\"ReadAction\",\"target\":[\"https:\/\/www.abrima.com\/blog\/como-programar-un-directo-en-instagram\/\"]}]},{\"@type\":\"BreadcrumbList\",\"@id\":\"https:\/\/www.abrima.com\/blog\/como-programar-un-directo-en-instagram\/#breadcrumb\",\"itemListElement\":[{\"@type\":\"ListItem\",\"position\":1,\"name\":\"Portada\",\"item\":\"https:\/\/www.abrima.com\/blog\/\"},{\"@type\":\"ListItem\",\"position\":2,\"name\":\"C\u00f3mo programar un directo en Instagram\"}]},{\"@type\":\"Article\",\"@id\":\"https:\/\/www.abrima.com\/blog\/como-programar-un-directo-en-instagram\/#article\",\"isPartOf\":{\"@id\":\"https:\/\/www.abrima.com\/blog\/como-programar-un-directo-en-instagram\/#webpage\"},\"author\":{\"@id\":\"https:\/\/www.abrima.com\/blog\/#\/schema\/person\/b768d5411164cb8b8d58f72cdf4e11e8\"},\"headline\":\"C\u00f3mo programar un directo en Instagram\",\"datePublished\":\"2021-10-25T20:23:53+00:00\",\"dateModified\":\"2021-10-25T20:23:57+00:00\",\"mainEntityOfPage\":{\"@id\":\"https:\/\/www.abrima.com\/blog\/como-programar-un-directo-en-instagram\/#webpage\"},\"wordCount\":409,\"commentCount\":0,\"publisher\":{\"@id\":\"https:\/\/www.abrima.com\/blog\/#organization\"},\"image\":{\"@id\":\"https:\/\/www.abrima.com\/blog\/como-programar-un-directo-en-instagram\/#primaryimage\"},\"thumbnailUrl\":\"https:\/\/www.abrima.com\/blog\/wp-content\/uploads\/2021\/10\/como-programar-un-directo-en-instagram.webp\",\"keywords\":[\"como programar\",\"directo instagram\"],\"articleSection\":[\"Instagram\"],\"inLanguage\":\"es\",\"potentialAction\":[{\"@type\":\"CommentAction\",\"name\":\"Comment\",\"target\":[\"https:\/\/www.abrima.com\/blog\/como-programar-un-directo-en-instagram\/#respond\"]}]},{\"@type\":\"Person\",\"@id\":\"https:\/\/www.abrima.com\/blog\/#\/schema\/person\/b768d5411164cb8b8d58f72cdf4e11e8\",\"name\":\"Abrima\",\"image\":{\"@type\":\"ImageObject\",\"inLanguage\":\"es\",\"@id\":\"https:\/\/www.abrima.com\/blog\/#\/schema\/person\/image\/\",\"url\":\"https:\/\/secure.gravatar.com\/avatar\/5cc72c9c6b371583c943a070dff20409?s=96&d=mm&r=g\",\"contentUrl\":\"https:\/\/secure.gravatar.com\/avatar\/5cc72c9c6b371583c943a070dff20409?s=96&d=mm&r=g\",\"caption\":\"Abrima\"},\"url\":\"https:\/\/www.abrima.com\/blog\/author\/abrima\/\"}]}<\/script>\n<!-- \/ Yoast SEO plugin. -->","yoast_head_json":{"title":"C\u00f3mo programar un directo en Instagram - Blog de Tecnolog\u00eda - Abrima","robots":{"index":"index","follow":"follow","max-snippet":"max-snippet:-1","max-image-preview":"max-image-preview:large","max-video-preview":"max-video-preview:-1"},"canonical":"https:\/\/www.abrima.com\/blog\/como-programar-un-directo-en-instagram\/","og_locale":"es_ES","og_type":"article","og_title":"C\u00f3mo programar un directo en Instagram - Blog de Tecnolog\u00eda - Abrima","og_description":"Instagram dispone de una funci\u00f3n que permite programar la\u00a0emisi\u00f3n de contenidos de v\u00eddeo en directo, los Directos, algo especialmente \u00fatil para quienes difunden con cierta [&hellip;]","og_url":"https:\/\/www.abrima.com\/blog\/como-programar-un-directo-en-instagram\/","og_site_name":"Blog de Tecnolog\u00eda - Abrima","article_publisher":"https:\/\/www.facebook.com\/abrimawebs\/","article_published_time":"2021-10-25T20:23:53+00:00","article_modified_time":"2021-10-25T20:23:57+00:00","twitter_misc":{"Escrito por":"Abrima","Tiempo de lectura":"2 minutos"},"schema":{"@context":"https:\/\/schema.org","@graph":[{"@type":"Organization","@id":"https:\/\/www.abrima.com\/blog\/#organization","name":"Abrima","url":"https:\/\/www.abrima.com\/blog\/","sameAs":["https:\/\/www.linkedin.com\/company\/abrima-soluciones-web\/","https:\/\/www.youtube.com\/user\/abrimawebs","https:\/\/www.facebook.com\/abrimawebs\/","https:\/\/twitter.com\/abrimaweb"],"logo":{"@type":"ImageObject","inLanguage":"es","@id":"https:\/\/www.abrima.com\/blog\/#\/schema\/logo\/image\/","url":"https:\/\/www.abrima.com\/blog\/wp-content\/uploads\/2018\/03\/abrima-logo.png","contentUrl":"https:\/\/www.abrima.com\/blog\/wp-content\/uploads\/2018\/03\/abrima-logo.png","width":700,"height":700,"caption":"Abrima"},"image":{"@id":"https:\/\/www.abrima.com\/blog\/#\/schema\/logo\/image\/"}},{"@type":"WebSite","@id":"https:\/\/www.abrima.com\/blog\/#website","url":"https:\/\/www.abrima.com\/blog\/","name":"Blog de Tecnolog\u00eda - Abrima","description":"Blog sobre todo lo relacionado con Cloud, Marketing Digital y Web","publisher":{"@id":"https:\/\/www.abrima.com\/blog\/#organization"},"potentialAction":[{"@type":"SearchAction","target":{"@type":"EntryPoint","urlTemplate":"https:\/\/www.abrima.com\/blog\/?s={search_term_string}"},"query-input":"required name=search_term_string"}],"inLanguage":"es"},{"@type":"ImageObject","inLanguage":"es","@id":"https:\/\/www.abrima.com\/blog\/como-programar-un-directo-en-instagram\/#primaryimage","url":"https:\/\/www.abrima.com\/blog\/wp-content\/uploads\/2021\/10\/como-programar-un-directo-en-instagram.webp","contentUrl":"https:\/\/www.abrima.com\/blog\/wp-content\/uploads\/2021\/10\/como-programar-un-directo-en-instagram.webp","width":800,"height":455},{"@type":"WebPage","@id":"https:\/\/www.abrima.com\/blog\/como-programar-un-directo-en-instagram\/#webpage","url":"https:\/\/www.abrima.com\/blog\/como-programar-un-directo-en-instagram\/","name":"C\u00f3mo programar un directo en Instagram - Blog de Tecnolog\u00eda - Abrima","isPartOf":{"@id":"https:\/\/www.abrima.com\/blog\/#website"},"primaryImageOfPage":{"@id":"https:\/\/www.abrima.com\/blog\/como-programar-un-directo-en-instagram\/#primaryimage"},"datePublished":"2021-10-25T20:23:53+00:00","dateModified":"2021-10-25T20:23:57+00:00","breadcrumb":{"@id":"https:\/\/www.abrima.com\/blog\/como-programar-un-directo-en-instagram\/#breadcrumb"},"inLanguage":"es","potentialAction":[{"@type":"ReadAction","target":["https:\/\/www.abrima.com\/blog\/como-programar-un-directo-en-instagram\/"]}]},{"@type":"BreadcrumbList","@id":"https:\/\/www.abrima.com\/blog\/como-programar-un-directo-en-instagram\/#breadcrumb","itemListElement":[{"@type":"ListItem","position":1,"name":"Portada","item":"https:\/\/www.abrima.com\/blog\/"},{"@type":"ListItem","position":2,"name":"C\u00f3mo programar un directo en Instagram"}]},{"@type":"Article","@id":"https:\/\/www.abrima.com\/blog\/como-programar-un-directo-en-instagram\/#article","isPartOf":{"@id":"https:\/\/www.abrima.com\/blog\/como-programar-un-directo-en-instagram\/#webpage"},"author":{"@id":"https:\/\/www.abrima.com\/blog\/#\/schema\/person\/b768d5411164cb8b8d58f72cdf4e11e8"},"headline":"C\u00f3mo programar un directo en Instagram","datePublished":"2021-10-25T20:23:53+00:00","dateModified":"2021-10-25T20:23:57+00:00","mainEntityOfPage":{"@id":"https:\/\/www.abrima.com\/blog\/como-programar-un-directo-en-instagram\/#webpage"},"wordCount":409,"commentCount":0,"publisher":{"@id":"https:\/\/www.abrima.com\/blog\/#organization"},"image":{"@id":"https:\/\/www.abrima.com\/blog\/como-programar-un-directo-en-instagram\/#primaryimage"},"thumbnailUrl":"https:\/\/www.abrima.com\/blog\/wp-content\/uploads\/2021\/10\/como-programar-un-directo-en-instagram.webp","keywords":["como programar","directo instagram"],"articleSection":["Instagram"],"inLanguage":"es","potentialAction":[{"@type":"CommentAction","name":"Comment","target":["https:\/\/www.abrima.com\/blog\/como-programar-un-directo-en-instagram\/#respond"]}]},{"@type":"Person","@id":"https:\/\/www.abrima.com\/blog\/#\/schema\/person\/b768d5411164cb8b8d58f72cdf4e11e8","name":"Abrima","image":{"@type":"ImageObject","inLanguage":"es","@id":"https:\/\/www.abrima.com\/blog\/#\/schema\/person\/image\/","url":"https:\/\/secure.gravatar.com\/avatar\/5cc72c9c6b371583c943a070dff20409?s=96&d=mm&r=g","contentUrl":"https:\/\/secure.gravatar.com\/avatar\/5cc72c9c6b371583c943a070dff20409?s=96&d=mm&r=g","caption":"Abrima"},"url":"https:\/\/www.abrima.com\/blog\/author\/abrima\/"}]}},"amp_enabled":true,"_links":{"self":[{"href":"https:\/\/www.abrima.com\/blog\/wp-json\/wp\/v2\/posts\/9351"}],"collection":[{"href":"https:\/\/www.abrima.com\/blog\/wp-json\/wp\/v2\/posts"}],"about":[{"href":"https:\/\/www.abrima.com\/blog\/wp-json\/wp\/v2\/types\/post"}],"author":[{"embeddable":true,"href":"https:\/\/www.abrima.com\/blog\/wp-json\/wp\/v2\/users\/1"}],"replies":[{"embeddable":true,"href":"https:\/\/www.abrima.com\/blog\/wp-json\/wp\/v2\/comments?post=9351"}],"version-history":[{"count":1,"href":"https:\/\/www.abrima.com\/blog\/wp-json\/wp\/v2\/posts\/9351\/revisions"}],"predecessor-version":[{"id":9353,"href":"https:\/\/www.abrima.com\/blog\/wp-json\/wp\/v2\/posts\/9351\/revisions\/9353"}],"wp:featuredmedia":[{"embeddable":true,"href":"https:\/\/www.abrima.com\/blog\/wp-json\/wp\/v2\/media\/9352"}],"wp:attachment":[{"href":"https:\/\/www.abrima.com\/blog\/wp-json\/wp\/v2\/media?parent=9351"}],"wp:term":[{"taxonomy":"category","embeddable":true,"href":"https:\/\/www.abrima.com\/blog\/wp-json\/wp\/v2\/categories?post=9351"},{"taxonomy":"post_tag","embeddable":true,"href":"https:\/\/www.abrima.com\/blog\/wp-json\/wp\/v2\/tags?post=9351"}],"curies":[{"name":"wp","href":"https:\/\/api.w.org\/{rel}","templated":true}]}}