{"id":8720,"date":"2021-02-26T23:25:10","date_gmt":"2021-02-26T23:25:10","guid":{"rendered":"https:\/\/www.abrima.com\/blog\/?p=8720"},"modified":"2021-02-26T23:25:13","modified_gmt":"2021-02-26T23:25:13","slug":"whatsapp-cumple-12-anos-y-en-su-mensaje-de-felicitaciones-te-recuerdan-que-van-por-tus-datos","status":"publish","type":"post","link":"https:\/\/www.abrima.com\/blog\/whatsapp-cumple-12-anos-y-en-su-mensaje-de-felicitaciones-te-recuerdan-que-van-por-tus-datos\/","title":{"rendered":"WhatsApp cumple 12 a\u00f1os y en su mensaje de felicitaciones te recuerdan que van por tus datos"},"content":{"rendered":"\n<p>Un 24 de febrero, pero del a\u00f1o 2009 nac\u00eda la aplicaci\u00f3n de mensajer\u00eda m\u00e1s descargada de todo el planeta:\u00a0<strong>WhatsApp<\/strong>. Por lo tanto, a trav\u00e9s de sus redes sociales oficiales, emitieron un mensaje que poco ten\u00eda que ver con la celebraci\u00f3n de un a\u00f1o m\u00e1s de vida. No hab\u00eda pastel o velas. Desde la aplicaci\u00f3n se dedicaron a recordarte que van por tus datos.<\/p>\n\n\n\n<p>De alguna y otra forma van a implementar sus nuevas pol\u00edticas de seguridad. Entonces te lo recuerdan el d\u00eda que cumplen 12 a\u00f1os en funcionamiento. WhatsApp intent\u00f3 ejecutar la modificaci\u00f3n a principios del 2021. Pero estuvo en el centro de la pol\u00e9mica, porque muchos usuarios rechazaron los t\u00e9rminos.<\/p>\n\n\n\n<p>En concreto, WhatsApp quiere compartir los datos de sus usuarios con&nbsp;<strong>Facebook<\/strong>&nbsp;y a muchos no les parece buena idea. Esto gener\u00f3 que millones de personas descargaran&nbsp;<strong>Telegram<\/strong>, pero sin abandonar al popular servicio.<\/p>\n\n\n\n<p>Eso no quiere decir quela empresa abandon\u00f3 la idea de compartir datos con Facebook. Desde la corporaci\u00f3n manifestaron que postergaron la medida y la van a presentar de una manera distinta los pr\u00f3ximos meses.<\/p>\n\n\n\n<p>De hecho, el mensaje de cumplea\u00f1os demuestran que en realidad el cambio en las pol\u00edticas de seguridad va y no hay forma de detenerlo.<\/p>\n\n\n\n<h4>Feliz cumple WhatsApp<\/h4>\n\n\n\n<p>Despu\u00e9s de sacar m\u00fasculo recordando que tienen m\u00e1s de 2 mil millones de usuarios que env\u00edan alrededor de 100 mil millones de mensajes diariamente, tocaron el tema de la privacidad en su mensaje.<\/p>\n\n\n\n<p>\u00abEstamos y continuaremos comprometidos con su privacidad con el cifrado de extremo a extremo. Siempre y para siempre\u00bb, escribieron en un postero de Twitter y finalizaron con un \u00ab\u00a1Felices 12 a\u00f1os WhatsApp!\u00bb.<\/p>\n\n\n\n<p>Fuente: <a href=\"https:\/\/www.fayerwayer.com\/2021\/02\/whatsapp-12-anos-politicas-datos\/\">Fayerwayer<\/a><\/p>\n","protected":false},"excerpt":{"rendered":"<p>Un 24 de febrero, pero del a\u00f1o 2009 nac\u00eda la aplicaci\u00f3n de mensajer\u00eda m\u00e1s descargada de todo el planeta:\u00a0WhatsApp. Por lo tanto, a trav\u00e9s de [&hellip;]<\/p>\n","protected":false},"author":1,"featured_media":8721,"comment_status":"open","ping_status":"open","sticky":false,"template":"","format":"standard","meta":{"_monsterinsights_skip_tracking":false,"_monsterinsights_sitenote_active":false,"_monsterinsights_sitenote_note":"","_monsterinsights_sitenote_category":0},"categories":[17],"tags":[],"yoast_head":"<!-- This site is optimized with the Yoast SEO plugin v19.1 - https:\/\/yoast.com\/wordpress\/plugins\/seo\/ -->\n<title>WhatsApp cumple 12 a\u00f1os y en su mensaje de felicitaciones te recuerdan que van por tus datos - Blog de Tecnolog\u00eda - Abrima<\/title>\n<meta name=\"robots\" content=\"index, follow, max-snippet:-1, max-image-preview:large, max-video-preview:-1\" \/>\n<link rel=\"canonical\" href=\"https:\/\/www.abrima.com\/blog\/whatsapp-cumple-12-anos-y-en-su-mensaje-de-felicitaciones-te-recuerdan-que-van-por-tus-datos\/\" \/>\n<meta property=\"og:locale\" content=\"es_ES\" \/>\n<meta property=\"og:type\" content=\"article\" \/>\n<meta property=\"og:title\" content=\"WhatsApp cumple 12 a\u00f1os y en su mensaje de felicitaciones te recuerdan que van por tus datos - Blog de Tecnolog\u00eda - Abrima\" \/>\n<meta property=\"og:description\" content=\"Un 24 de febrero, pero del a\u00f1o 2009 nac\u00eda la aplicaci\u00f3n de mensajer\u00eda m\u00e1s descargada de todo el planeta:\u00a0WhatsApp. Por lo tanto, a trav\u00e9s de [&hellip;]\" \/>\n<meta property=\"og:url\" content=\"https:\/\/www.abrima.com\/blog\/whatsapp-cumple-12-anos-y-en-su-mensaje-de-felicitaciones-te-recuerdan-que-van-por-tus-datos\/\" \/>\n<meta property=\"og:site_name\" content=\"Blog de Tecnolog\u00eda - Abrima\" \/>\n<meta property=\"article:publisher\" content=\"https:\/\/www.facebook.com\/abrimawebs\/\" \/>\n<meta property=\"article:published_time\" content=\"2021-02-26T23:25:10+00:00\" \/>\n<meta property=\"article:modified_time\" content=\"2021-02-26T23:25:13+00:00\" \/>\n<meta property=\"og:image\" content=\"https:\/\/www.abrima.com\/blog\/wp-content\/uploads\/2021\/02\/whatsapp-12-aniversario.jpg\" \/>\n\t<meta property=\"og:image:width\" content=\"1200\" \/>\n\t<meta property=\"og:image:height\" content=\"600\" \/>\n\t<meta property=\"og:image:type\" content=\"image\/jpeg\" \/>\n<meta name=\"twitter:label1\" content=\"Escrito por\" \/>\n\t<meta name=\"twitter:data1\" content=\"Abrima\" \/>\n\t<meta name=\"twitter:label2\" content=\"Tiempo de lectura\" \/>\n\t<meta name=\"twitter:data2\" content=\"2 minutos\" \/>\n<script type=\"application\/ld+json\" class=\"yoast-schema-graph\">{\"@context\":\"https:\/\/schema.org\",\"@graph\":[{\"@type\":\"Organization\",\"@id\":\"https:\/\/www.abrima.com\/blog\/#organization\",\"name\":\"Abrima\",\"url\":\"https:\/\/www.abrima.com\/blog\/\",\"sameAs\":[\"https:\/\/www.linkedin.com\/company\/abrima-soluciones-web\/\",\"https:\/\/www.youtube.com\/user\/abrimawebs\",\"https:\/\/www.facebook.com\/abrimawebs\/\",\"https:\/\/twitter.com\/abrimaweb\"],\"logo\":{\"@type\":\"ImageObject\",\"inLanguage\":\"es\",\"@id\":\"https:\/\/www.abrima.com\/blog\/#\/schema\/logo\/image\/\",\"url\":\"https:\/\/www.abrima.com\/blog\/wp-content\/uploads\/2018\/03\/abrima-logo.png\",\"contentUrl\":\"https:\/\/www.abrima.com\/blog\/wp-content\/uploads\/2018\/03\/abrima-logo.png\",\"width\":700,\"height\":700,\"caption\":\"Abrima\"},\"image\":{\"@id\":\"https:\/\/www.abrima.com\/blog\/#\/schema\/logo\/image\/\"}},{\"@type\":\"WebSite\",\"@id\":\"https:\/\/www.abrima.com\/blog\/#website\",\"url\":\"https:\/\/www.abrima.com\/blog\/\",\"name\":\"Blog de Tecnolog\u00eda - Abrima\",\"description\":\"Blog sobre todo lo relacionado con Cloud, Marketing Digital y Web\",\"publisher\":{\"@id\":\"https:\/\/www.abrima.com\/blog\/#organization\"},\"potentialAction\":[{\"@type\":\"SearchAction\",\"target\":{\"@type\":\"EntryPoint\",\"urlTemplate\":\"https:\/\/www.abrima.com\/blog\/?s={search_term_string}\"},\"query-input\":\"required name=search_term_string\"}],\"inLanguage\":\"es\"},{\"@type\":\"ImageObject\",\"inLanguage\":\"es\",\"@id\":\"https:\/\/www.abrima.com\/blog\/whatsapp-cumple-12-anos-y-en-su-mensaje-de-felicitaciones-te-recuerdan-que-van-por-tus-datos\/#primaryimage\",\"url\":\"https:\/\/www.abrima.com\/blog\/wp-content\/uploads\/2021\/02\/whatsapp-12-aniversario.jpg\",\"contentUrl\":\"https:\/\/www.abrima.com\/blog\/wp-content\/uploads\/2021\/02\/whatsapp-12-aniversario.jpg\",\"width\":1200,\"height\":600},{\"@type\":\"WebPage\",\"@id\":\"https:\/\/www.abrima.com\/blog\/whatsapp-cumple-12-anos-y-en-su-mensaje-de-felicitaciones-te-recuerdan-que-van-por-tus-datos\/#webpage\",\"url\":\"https:\/\/www.abrima.com\/blog\/whatsapp-cumple-12-anos-y-en-su-mensaje-de-felicitaciones-te-recuerdan-que-van-por-tus-datos\/\",\"name\":\"WhatsApp cumple 12 a\u00f1os y en su mensaje de felicitaciones te recuerdan que van por tus datos - Blog de Tecnolog\u00eda - Abrima\",\"isPartOf\":{\"@id\":\"https:\/\/www.abrima.com\/blog\/#website\"},\"primaryImageOfPage\":{\"@id\":\"https:\/\/www.abrima.com\/blog\/whatsapp-cumple-12-anos-y-en-su-mensaje-de-felicitaciones-te-recuerdan-que-van-por-tus-datos\/#primaryimage\"},\"datePublished\":\"2021-02-26T23:25:10+00:00\",\"dateModified\":\"2021-02-26T23:25:13+00:00\",\"breadcrumb\":{\"@id\":\"https:\/\/www.abrima.com\/blog\/whatsapp-cumple-12-anos-y-en-su-mensaje-de-felicitaciones-te-recuerdan-que-van-por-tus-datos\/#breadcrumb\"},\"inLanguage\":\"es\",\"potentialAction\":[{\"@type\":\"ReadAction\",\"target\":[\"https:\/\/www.abrima.com\/blog\/whatsapp-cumple-12-anos-y-en-su-mensaje-de-felicitaciones-te-recuerdan-que-van-por-tus-datos\/\"]}]},{\"@type\":\"BreadcrumbList\",\"@id\":\"https:\/\/www.abrima.com\/blog\/whatsapp-cumple-12-anos-y-en-su-mensaje-de-felicitaciones-te-recuerdan-que-van-por-tus-datos\/#breadcrumb\",\"itemListElement\":[{\"@type\":\"ListItem\",\"position\":1,\"name\":\"Portada\",\"item\":\"https:\/\/www.abrima.com\/blog\/\"},{\"@type\":\"ListItem\",\"position\":2,\"name\":\"WhatsApp cumple 12 a\u00f1os y en su mensaje de felicitaciones te recuerdan que van por tus datos\"}]},{\"@type\":\"Article\",\"@id\":\"https:\/\/www.abrima.com\/blog\/whatsapp-cumple-12-anos-y-en-su-mensaje-de-felicitaciones-te-recuerdan-que-van-por-tus-datos\/#article\",\"isPartOf\":{\"@id\":\"https:\/\/www.abrima.com\/blog\/whatsapp-cumple-12-anos-y-en-su-mensaje-de-felicitaciones-te-recuerdan-que-van-por-tus-datos\/#webpage\"},\"author\":{\"@id\":\"https:\/\/www.abrima.com\/blog\/#\/schema\/person\/b768d5411164cb8b8d58f72cdf4e11e8\"},\"headline\":\"WhatsApp cumple 12 a\u00f1os y en su mensaje de felicitaciones te recuerdan que van por tus datos\",\"datePublished\":\"2021-02-26T23:25:10+00:00\",\"dateModified\":\"2021-02-26T23:25:13+00:00\",\"mainEntityOfPage\":{\"@id\":\"https:\/\/www.abrima.com\/blog\/whatsapp-cumple-12-anos-y-en-su-mensaje-de-felicitaciones-te-recuerdan-que-van-por-tus-datos\/#webpage\"},\"wordCount\":314,\"commentCount\":0,\"publisher\":{\"@id\":\"https:\/\/www.abrima.com\/blog\/#organization\"},\"image\":{\"@id\":\"https:\/\/www.abrima.com\/blog\/whatsapp-cumple-12-anos-y-en-su-mensaje-de-felicitaciones-te-recuerdan-que-van-por-tus-datos\/#primaryimage\"},\"thumbnailUrl\":\"https:\/\/www.abrima.com\/blog\/wp-content\/uploads\/2021\/02\/whatsapp-12-aniversario.jpg\",\"articleSection\":[\"Moviles\"],\"inLanguage\":\"es\",\"potentialAction\":[{\"@type\":\"CommentAction\",\"name\":\"Comment\",\"target\":[\"https:\/\/www.abrima.com\/blog\/whatsapp-cumple-12-anos-y-en-su-mensaje-de-felicitaciones-te-recuerdan-que-van-por-tus-datos\/#respond\"]}]},{\"@type\":\"Person\",\"@id\":\"https:\/\/www.abrima.com\/blog\/#\/schema\/person\/b768d5411164cb8b8d58f72cdf4e11e8\",\"name\":\"Abrima\",\"image\":{\"@type\":\"ImageObject\",\"inLanguage\":\"es\",\"@id\":\"https:\/\/www.abrima.com\/blog\/#\/schema\/person\/image\/\",\"url\":\"https:\/\/secure.gravatar.com\/avatar\/5cc72c9c6b371583c943a070dff20409?s=96&d=mm&r=g\",\"contentUrl\":\"https:\/\/secure.gravatar.com\/avatar\/5cc72c9c6b371583c943a070dff20409?s=96&d=mm&r=g\",\"caption\":\"Abrima\"},\"url\":\"https:\/\/www.abrima.com\/blog\/author\/abrima\/\"}]}<\/script>\n<!-- \/ Yoast SEO plugin. -->","yoast_head_json":{"title":"WhatsApp cumple 12 a\u00f1os y en su mensaje de felicitaciones te recuerdan que van por tus datos - Blog de Tecnolog\u00eda - Abrima","robots":{"index":"index","follow":"follow","max-snippet":"max-snippet:-1","max-image-preview":"max-image-preview:large","max-video-preview":"max-video-preview:-1"},"canonical":"https:\/\/www.abrima.com\/blog\/whatsapp-cumple-12-anos-y-en-su-mensaje-de-felicitaciones-te-recuerdan-que-van-por-tus-datos\/","og_locale":"es_ES","og_type":"article","og_title":"WhatsApp cumple 12 a\u00f1os y en su mensaje de felicitaciones te recuerdan que van por tus datos - Blog de Tecnolog\u00eda - Abrima","og_description":"Un 24 de febrero, pero del a\u00f1o 2009 nac\u00eda la aplicaci\u00f3n de mensajer\u00eda m\u00e1s descargada de todo el planeta:\u00a0WhatsApp. Por lo tanto, a trav\u00e9s de [&hellip;]","og_url":"https:\/\/www.abrima.com\/blog\/whatsapp-cumple-12-anos-y-en-su-mensaje-de-felicitaciones-te-recuerdan-que-van-por-tus-datos\/","og_site_name":"Blog de Tecnolog\u00eda - Abrima","article_publisher":"https:\/\/www.facebook.com\/abrimawebs\/","article_published_time":"2021-02-26T23:25:10+00:00","article_modified_time":"2021-02-26T23:25:13+00:00","og_image":[{"width":1200,"height":600,"url":"https:\/\/www.abrima.com\/blog\/wp-content\/uploads\/2021\/02\/whatsapp-12-aniversario.jpg","type":"image\/jpeg"}],"twitter_misc":{"Escrito por":"Abrima","Tiempo de lectura":"2 minutos"},"schema":{"@context":"https:\/\/schema.org","@graph":[{"@type":"Organization","@id":"https:\/\/www.abrima.com\/blog\/#organization","name":"Abrima","url":"https:\/\/www.abrima.com\/blog\/","sameAs":["https:\/\/www.linkedin.com\/company\/abrima-soluciones-web\/","https:\/\/www.youtube.com\/user\/abrimawebs","https:\/\/www.facebook.com\/abrimawebs\/","https:\/\/twitter.com\/abrimaweb"],"logo":{"@type":"ImageObject","inLanguage":"es","@id":"https:\/\/www.abrima.com\/blog\/#\/schema\/logo\/image\/","url":"https:\/\/www.abrima.com\/blog\/wp-content\/uploads\/2018\/03\/abrima-logo.png","contentUrl":"https:\/\/www.abrima.com\/blog\/wp-content\/uploads\/2018\/03\/abrima-logo.png","width":700,"height":700,"caption":"Abrima"},"image":{"@id":"https:\/\/www.abrima.com\/blog\/#\/schema\/logo\/image\/"}},{"@type":"WebSite","@id":"https:\/\/www.abrima.com\/blog\/#website","url":"https:\/\/www.abrima.com\/blog\/","name":"Blog de Tecnolog\u00eda - Abrima","description":"Blog sobre todo lo relacionado con Cloud, Marketing Digital y Web","publisher":{"@id":"https:\/\/www.abrima.com\/blog\/#organization"},"potentialAction":[{"@type":"SearchAction","target":{"@type":"EntryPoint","urlTemplate":"https:\/\/www.abrima.com\/blog\/?s={search_term_string}"},"query-input":"required name=search_term_string"}],"inLanguage":"es"},{"@type":"ImageObject","inLanguage":"es","@id":"https:\/\/www.abrima.com\/blog\/whatsapp-cumple-12-anos-y-en-su-mensaje-de-felicitaciones-te-recuerdan-que-van-por-tus-datos\/#primaryimage","url":"https:\/\/www.abrima.com\/blog\/wp-content\/uploads\/2021\/02\/whatsapp-12-aniversario.jpg","contentUrl":"https:\/\/www.abrima.com\/blog\/wp-content\/uploads\/2021\/02\/whatsapp-12-aniversario.jpg","width":1200,"height":600},{"@type":"WebPage","@id":"https:\/\/www.abrima.com\/blog\/whatsapp-cumple-12-anos-y-en-su-mensaje-de-felicitaciones-te-recuerdan-que-van-por-tus-datos\/#webpage","url":"https:\/\/www.abrima.com\/blog\/whatsapp-cumple-12-anos-y-en-su-mensaje-de-felicitaciones-te-recuerdan-que-van-por-tus-datos\/","name":"WhatsApp cumple 12 a\u00f1os y en su mensaje de felicitaciones te recuerdan que van por tus datos - Blog de Tecnolog\u00eda - Abrima","isPartOf":{"@id":"https:\/\/www.abrima.com\/blog\/#website"},"primaryImageOfPage":{"@id":"https:\/\/www.abrima.com\/blog\/whatsapp-cumple-12-anos-y-en-su-mensaje-de-felicitaciones-te-recuerdan-que-van-por-tus-datos\/#primaryimage"},"datePublished":"2021-02-26T23:25:10+00:00","dateModified":"2021-02-26T23:25:13+00:00","breadcrumb":{"@id":"https:\/\/www.abrima.com\/blog\/whatsapp-cumple-12-anos-y-en-su-mensaje-de-felicitaciones-te-recuerdan-que-van-por-tus-datos\/#breadcrumb"},"inLanguage":"es","potentialAction":[{"@type":"ReadAction","target":["https:\/\/www.abrima.com\/blog\/whatsapp-cumple-12-anos-y-en-su-mensaje-de-felicitaciones-te-recuerdan-que-van-por-tus-datos\/"]}]},{"@type":"BreadcrumbList","@id":"https:\/\/www.abrima.com\/blog\/whatsapp-cumple-12-anos-y-en-su-mensaje-de-felicitaciones-te-recuerdan-que-van-por-tus-datos\/#breadcrumb","itemListElement":[{"@type":"ListItem","position":1,"name":"Portada","item":"https:\/\/www.abrima.com\/blog\/"},{"@type":"ListItem","position":2,"name":"WhatsApp cumple 12 a\u00f1os y en su mensaje de felicitaciones te recuerdan que van por tus datos"}]},{"@type":"Article","@id":"https:\/\/www.abrima.com\/blog\/whatsapp-cumple-12-anos-y-en-su-mensaje-de-felicitaciones-te-recuerdan-que-van-por-tus-datos\/#article","isPartOf":{"@id":"https:\/\/www.abrima.com\/blog\/whatsapp-cumple-12-anos-y-en-su-mensaje-de-felicitaciones-te-recuerdan-que-van-por-tus-datos\/#webpage"},"author":{"@id":"https:\/\/www.abrima.com\/blog\/#\/schema\/person\/b768d5411164cb8b8d58f72cdf4e11e8"},"headline":"WhatsApp cumple 12 a\u00f1os y en su mensaje de felicitaciones te recuerdan que van por tus datos","datePublished":"2021-02-26T23:25:10+00:00","dateModified":"2021-02-26T23:25:13+00:00","mainEntityOfPage":{"@id":"https:\/\/www.abrima.com\/blog\/whatsapp-cumple-12-anos-y-en-su-mensaje-de-felicitaciones-te-recuerdan-que-van-por-tus-datos\/#webpage"},"wordCount":314,"commentCount":0,"publisher":{"@id":"https:\/\/www.abrima.com\/blog\/#organization"},"image":{"@id":"https:\/\/www.abrima.com\/blog\/whatsapp-cumple-12-anos-y-en-su-mensaje-de-felicitaciones-te-recuerdan-que-van-por-tus-datos\/#primaryimage"},"thumbnailUrl":"https:\/\/www.abrima.com\/blog\/wp-content\/uploads\/2021\/02\/whatsapp-12-aniversario.jpg","articleSection":["Moviles"],"inLanguage":"es","potentialAction":[{"@type":"CommentAction","name":"Comment","target":["https:\/\/www.abrima.com\/blog\/whatsapp-cumple-12-anos-y-en-su-mensaje-de-felicitaciones-te-recuerdan-que-van-por-tus-datos\/#respond"]}]},{"@type":"Person","@id":"https:\/\/www.abrima.com\/blog\/#\/schema\/person\/b768d5411164cb8b8d58f72cdf4e11e8","name":"Abrima","image":{"@type":"ImageObject","inLanguage":"es","@id":"https:\/\/www.abrima.com\/blog\/#\/schema\/person\/image\/","url":"https:\/\/secure.gravatar.com\/avatar\/5cc72c9c6b371583c943a070dff20409?s=96&d=mm&r=g","contentUrl":"https:\/\/secure.gravatar.com\/avatar\/5cc72c9c6b371583c943a070dff20409?s=96&d=mm&r=g","caption":"Abrima"},"url":"https:\/\/www.abrima.com\/blog\/author\/abrima\/"}]}},"amp_enabled":true,"_links":{"self":[{"href":"https:\/\/www.abrima.com\/blog\/wp-json\/wp\/v2\/posts\/8720"}],"collection":[{"href":"https:\/\/www.abrima.com\/blog\/wp-json\/wp\/v2\/posts"}],"about":[{"href":"https:\/\/www.abrima.com\/blog\/wp-json\/wp\/v2\/types\/post"}],"author":[{"embeddable":true,"href":"https:\/\/www.abrima.com\/blog\/wp-json\/wp\/v2\/users\/1"}],"replies":[{"embeddable":true,"href":"https:\/\/www.abrima.com\/blog\/wp-json\/wp\/v2\/comments?post=8720"}],"version-history":[{"count":1,"href":"https:\/\/www.abrima.com\/blog\/wp-json\/wp\/v2\/posts\/8720\/revisions"}],"predecessor-version":[{"id":8722,"href":"https:\/\/www.abrima.com\/blog\/wp-json\/wp\/v2\/posts\/8720\/revisions\/8722"}],"wp:featuredmedia":[{"embeddable":true,"href":"https:\/\/www.abrima.com\/blog\/wp-json\/wp\/v2\/media\/8721"}],"wp:attachment":[{"href":"https:\/\/www.abrima.com\/blog\/wp-json\/wp\/v2\/media?parent=8720"}],"wp:term":[{"taxonomy":"category","embeddable":true,"href":"https:\/\/www.abrima.com\/blog\/wp-json\/wp\/v2\/categories?post=8720"},{"taxonomy":"post_tag","embeddable":true,"href":"https:\/\/www.abrima.com\/blog\/wp-json\/wp\/v2\/tags?post=8720"}],"curies":[{"name":"wp","href":"https:\/\/api.w.org\/{rel}","templated":true}]}}