{"id":84,"date":"2013-09-20T19:33:03","date_gmt":"2013-09-20T19:33:03","guid":{"rendered":"http:\/\/abrima.com\/blog\/?p=84"},"modified":"2013-10-19T04:48:09","modified_gmt":"2013-10-19T04:48:09","slug":"el-futuro-de-la-tecnologia-movil-infografia","status":"publish","type":"post","link":"https:\/\/www.abrima.com\/blog\/el-futuro-de-la-tecnologia-movil-infografia\/","title":{"rendered":"El futuro de la tecnolog\u00eda m\u00f3vil \u2013 infograf\u00eda"},"content":{"rendered":"<div><img loading=\"lazy\" alt=\"\" src=\"http:\/\/cdn1.ticbeat.com\/wp-content\/uploads\/2013\/01\/movil-bateria-590x260.jpg\" width=\"413\" height=\"182\" \/><\/div>\n<div>La tecnolog\u00eda m\u00f3vil ha experimentado una enorme transformaci\u00f3n y evoluci\u00f3n desde que comenz\u00f3 hace 30 a\u00f1os. Muchos han cambiado los dispositivos y sus funcionalidades desde el primer m\u00f3vil de la historia, el Motorola DynaTAC 8000X, hasta el \u00faltimo smartphone de Apple, el iPhone 5S, en la actualidad el m\u00f3vil m\u00e1s avanzado del mercado.<\/div>\n<div>\u00bfCu\u00e1les son los siguientes pasos que dar\u00e1 esta tecnolog\u00eda? \u00bfLos tel\u00e9fonos realizados con material flexible que se adaptan a nuestro cuerpo? \u00bfDar\u00e1 otra vuelta de tuerca al tiempo que los dispositivos\u00a0<em>wearable<\/em>, como las gafas y los relojes inteligentes ganan terreno en el mercado? La compa\u00f1\u00eda Insurance2Go publica una interesante infograf\u00eda (obviando alg\u00fan gui\u00f1o publicitario que hace de sus servicios) en la que se repasa la historia de la telefon\u00eda m\u00f3vil y se plantean los nuevos desaf\u00edos a los que se enfrenta el mercado tecnol\u00f3gico.<\/div>\n<div><\/div>\n<div><a href=\"http:\/\/thumbnails.visually.netdna-cdn.com\/the-future-of-mobile-technology_523875bb6fd1e_w587.jpg\">INFOGRAF\u00cdA AQU\u00cd<\/a><\/div>\n<div><\/div>\n<div>FUENTE: <a href=\"http:\/\/www.ticbeat.com\/sim\/el-futuro-de-la-tecnologia-movil-infografia\/\">www.ticbeat.com<\/a><\/div>\n","protected":false},"excerpt":{"rendered":"<p>La tecnolog\u00eda m\u00f3vil ha experimentado una enorme transformaci\u00f3n y evoluci\u00f3n desde que comenz\u00f3 hace 30 a\u00f1os. Muchos han cambiado los dispositivos y sus funcionalidades desde [&hellip;]<\/p>\n","protected":false},"author":2,"featured_media":0,"comment_status":"open","ping_status":"open","sticky":false,"template":"","format":"standard","meta":{"_monsterinsights_skip_tracking":false,"_monsterinsights_sitenote_active":false,"_monsterinsights_sitenote_note":"","_monsterinsights_sitenote_category":0},"categories":[17],"tags":[],"yoast_head":"<!-- This site is optimized with the Yoast SEO plugin v19.1 - https:\/\/yoast.com\/wordpress\/plugins\/seo\/ -->\n<title>El futuro de la tecnolog\u00eda m\u00f3vil \u2013 infograf\u00eda - Blog de Tecnolog\u00eda - Abrima<\/title>\n<meta name=\"robots\" content=\"index, follow, max-snippet:-1, max-image-preview:large, max-video-preview:-1\" \/>\n<link rel=\"canonical\" href=\"https:\/\/www.abrima.com\/blog\/el-futuro-de-la-tecnologia-movil-infografia\/\" \/>\n<meta property=\"og:locale\" content=\"es_ES\" \/>\n<meta property=\"og:type\" content=\"article\" \/>\n<meta property=\"og:title\" content=\"El futuro de la tecnolog\u00eda m\u00f3vil \u2013 infograf\u00eda - Blog de Tecnolog\u00eda - Abrima\" \/>\n<meta property=\"og:description\" content=\"La tecnolog\u00eda m\u00f3vil ha experimentado una enorme transformaci\u00f3n y evoluci\u00f3n desde que comenz\u00f3 hace 30 a\u00f1os. Muchos han cambiado los dispositivos y sus funcionalidades desde [&hellip;]\" \/>\n<meta property=\"og:url\" content=\"https:\/\/www.abrima.com\/blog\/el-futuro-de-la-tecnologia-movil-infografia\/\" \/>\n<meta property=\"og:site_name\" content=\"Blog de Tecnolog\u00eda - Abrima\" \/>\n<meta property=\"article:publisher\" content=\"https:\/\/www.facebook.com\/abrimawebs\/\" \/>\n<meta property=\"article:published_time\" content=\"2013-09-20T19:33:03+00:00\" \/>\n<meta property=\"article:modified_time\" content=\"2013-10-19T04:48:09+00:00\" \/>\n<meta property=\"og:image\" content=\"http:\/\/cdn1.ticbeat.com\/wp-content\/uploads\/2013\/01\/movil-bateria-590x260.jpg\" \/>\n<meta name=\"twitter:label1\" content=\"Escrito por\" \/>\n\t<meta name=\"twitter:data1\" content=\"Ana Lucia Marrou\" \/>\n\t<meta name=\"twitter:label2\" content=\"Tiempo de lectura\" \/>\n\t<meta name=\"twitter:data2\" content=\"1 minuto\" \/>\n<script type=\"application\/ld+json\" class=\"yoast-schema-graph\">{\"@context\":\"https:\/\/schema.org\",\"@graph\":[{\"@type\":\"Organization\",\"@id\":\"https:\/\/www.abrima.com\/blog\/#organization\",\"name\":\"Abrima\",\"url\":\"https:\/\/www.abrima.com\/blog\/\",\"sameAs\":[\"https:\/\/www.linkedin.com\/company\/abrima-soluciones-web\/\",\"https:\/\/www.youtube.com\/user\/abrimawebs\",\"https:\/\/www.facebook.com\/abrimawebs\/\",\"https:\/\/twitter.com\/abrimaweb\"],\"logo\":{\"@type\":\"ImageObject\",\"inLanguage\":\"es\",\"@id\":\"https:\/\/www.abrima.com\/blog\/#\/schema\/logo\/image\/\",\"url\":\"https:\/\/www.abrima.com\/blog\/wp-content\/uploads\/2018\/03\/abrima-logo.png\",\"contentUrl\":\"https:\/\/www.abrima.com\/blog\/wp-content\/uploads\/2018\/03\/abrima-logo.png\",\"width\":700,\"height\":700,\"caption\":\"Abrima\"},\"image\":{\"@id\":\"https:\/\/www.abrima.com\/blog\/#\/schema\/logo\/image\/\"}},{\"@type\":\"WebSite\",\"@id\":\"https:\/\/www.abrima.com\/blog\/#website\",\"url\":\"https:\/\/www.abrima.com\/blog\/\",\"name\":\"Blog de Tecnolog\u00eda - Abrima\",\"description\":\"Blog sobre todo lo relacionado con Cloud, Marketing Digital y Web\",\"publisher\":{\"@id\":\"https:\/\/www.abrima.com\/blog\/#organization\"},\"potentialAction\":[{\"@type\":\"SearchAction\",\"target\":{\"@type\":\"EntryPoint\",\"urlTemplate\":\"https:\/\/www.abrima.com\/blog\/?s={search_term_string}\"},\"query-input\":\"required name=search_term_string\"}],\"inLanguage\":\"es\"},{\"@type\":\"ImageObject\",\"inLanguage\":\"es\",\"@id\":\"https:\/\/www.abrima.com\/blog\/el-futuro-de-la-tecnologia-movil-infografia\/#primaryimage\",\"url\":\"http:\/\/cdn1.ticbeat.com\/wp-content\/uploads\/2013\/01\/movil-bateria-590x260.jpg\",\"contentUrl\":\"http:\/\/cdn1.ticbeat.com\/wp-content\/uploads\/2013\/01\/movil-bateria-590x260.jpg\"},{\"@type\":\"WebPage\",\"@id\":\"https:\/\/www.abrima.com\/blog\/el-futuro-de-la-tecnologia-movil-infografia\/#webpage\",\"url\":\"https:\/\/www.abrima.com\/blog\/el-futuro-de-la-tecnologia-movil-infografia\/\",\"name\":\"El futuro de la tecnolog\u00eda m\u00f3vil \u2013 infograf\u00eda - Blog de Tecnolog\u00eda - Abrima\",\"isPartOf\":{\"@id\":\"https:\/\/www.abrima.com\/blog\/#website\"},\"primaryImageOfPage\":{\"@id\":\"https:\/\/www.abrima.com\/blog\/el-futuro-de-la-tecnologia-movil-infografia\/#primaryimage\"},\"datePublished\":\"2013-09-20T19:33:03+00:00\",\"dateModified\":\"2013-10-19T04:48:09+00:00\",\"breadcrumb\":{\"@id\":\"https:\/\/www.abrima.com\/blog\/el-futuro-de-la-tecnologia-movil-infografia\/#breadcrumb\"},\"inLanguage\":\"es\",\"potentialAction\":[{\"@type\":\"ReadAction\",\"target\":[\"https:\/\/www.abrima.com\/blog\/el-futuro-de-la-tecnologia-movil-infografia\/\"]}]},{\"@type\":\"BreadcrumbList\",\"@id\":\"https:\/\/www.abrima.com\/blog\/el-futuro-de-la-tecnologia-movil-infografia\/#breadcrumb\",\"itemListElement\":[{\"@type\":\"ListItem\",\"position\":1,\"name\":\"Portada\",\"item\":\"https:\/\/www.abrima.com\/blog\/\"},{\"@type\":\"ListItem\",\"position\":2,\"name\":\"El futuro de la tecnolog\u00eda m\u00f3vil \u2013 infograf\u00eda\"}]},{\"@type\":\"Article\",\"@id\":\"https:\/\/www.abrima.com\/blog\/el-futuro-de-la-tecnologia-movil-infografia\/#article\",\"isPartOf\":{\"@id\":\"https:\/\/www.abrima.com\/blog\/el-futuro-de-la-tecnologia-movil-infografia\/#webpage\"},\"author\":{\"@id\":\"https:\/\/www.abrima.com\/blog\/#\/schema\/person\/70ccd8d5617e3a3d6d5121086c3bb00f\"},\"headline\":\"El futuro de la tecnolog\u00eda m\u00f3vil \u2013 infograf\u00eda\",\"datePublished\":\"2013-09-20T19:33:03+00:00\",\"dateModified\":\"2013-10-19T04:48:09+00:00\",\"mainEntityOfPage\":{\"@id\":\"https:\/\/www.abrima.com\/blog\/el-futuro-de-la-tecnologia-movil-infografia\/#webpage\"},\"wordCount\":174,\"commentCount\":0,\"publisher\":{\"@id\":\"https:\/\/www.abrima.com\/blog\/#organization\"},\"image\":{\"@id\":\"https:\/\/www.abrima.com\/blog\/el-futuro-de-la-tecnologia-movil-infografia\/#primaryimage\"},\"thumbnailUrl\":\"http:\/\/cdn1.ticbeat.com\/wp-content\/uploads\/2013\/01\/movil-bateria-590x260.jpg\",\"articleSection\":[\"Moviles\"],\"inLanguage\":\"es\",\"potentialAction\":[{\"@type\":\"CommentAction\",\"name\":\"Comment\",\"target\":[\"https:\/\/www.abrima.com\/blog\/el-futuro-de-la-tecnologia-movil-infografia\/#respond\"]}]},{\"@type\":\"Person\",\"@id\":\"https:\/\/www.abrima.com\/blog\/#\/schema\/person\/70ccd8d5617e3a3d6d5121086c3bb00f\",\"name\":\"Ana Lucia Marrou\",\"image\":{\"@type\":\"ImageObject\",\"inLanguage\":\"es\",\"@id\":\"https:\/\/www.abrima.com\/blog\/#\/schema\/person\/image\/\",\"url\":\"https:\/\/secure.gravatar.com\/avatar\/90bc8b721d14c58be266256fd3396265?s=96&d=mm&r=g\",\"contentUrl\":\"https:\/\/secure.gravatar.com\/avatar\/90bc8b721d14c58be266256fd3396265?s=96&d=mm&r=g\",\"caption\":\"Ana Lucia Marrou\"},\"url\":\"https:\/\/www.abrima.com\/blog\/author\/anilu\/\"}]}<\/script>\n<!-- \/ Yoast SEO plugin. -->","yoast_head_json":{"title":"El futuro de la tecnolog\u00eda m\u00f3vil \u2013 infograf\u00eda - Blog de Tecnolog\u00eda - Abrima","robots":{"index":"index","follow":"follow","max-snippet":"max-snippet:-1","max-image-preview":"max-image-preview:large","max-video-preview":"max-video-preview:-1"},"canonical":"https:\/\/www.abrima.com\/blog\/el-futuro-de-la-tecnologia-movil-infografia\/","og_locale":"es_ES","og_type":"article","og_title":"El futuro de la tecnolog\u00eda m\u00f3vil \u2013 infograf\u00eda - Blog de Tecnolog\u00eda - Abrima","og_description":"La tecnolog\u00eda m\u00f3vil ha experimentado una enorme transformaci\u00f3n y evoluci\u00f3n desde que comenz\u00f3 hace 30 a\u00f1os. Muchos han cambiado los dispositivos y sus funcionalidades desde [&hellip;]","og_url":"https:\/\/www.abrima.com\/blog\/el-futuro-de-la-tecnologia-movil-infografia\/","og_site_name":"Blog de Tecnolog\u00eda - Abrima","article_publisher":"https:\/\/www.facebook.com\/abrimawebs\/","article_published_time":"2013-09-20T19:33:03+00:00","article_modified_time":"2013-10-19T04:48:09+00:00","og_image":[{"url":"http:\/\/cdn1.ticbeat.com\/wp-content\/uploads\/2013\/01\/movil-bateria-590x260.jpg"}],"twitter_misc":{"Escrito por":"Ana Lucia Marrou","Tiempo de lectura":"1 minuto"},"schema":{"@context":"https:\/\/schema.org","@graph":[{"@type":"Organization","@id":"https:\/\/www.abrima.com\/blog\/#organization","name":"Abrima","url":"https:\/\/www.abrima.com\/blog\/","sameAs":["https:\/\/www.linkedin.com\/company\/abrima-soluciones-web\/","https:\/\/www.youtube.com\/user\/abrimawebs","https:\/\/www.facebook.com\/abrimawebs\/","https:\/\/twitter.com\/abrimaweb"],"logo":{"@type":"ImageObject","inLanguage":"es","@id":"https:\/\/www.abrima.com\/blog\/#\/schema\/logo\/image\/","url":"https:\/\/www.abrima.com\/blog\/wp-content\/uploads\/2018\/03\/abrima-logo.png","contentUrl":"https:\/\/www.abrima.com\/blog\/wp-content\/uploads\/2018\/03\/abrima-logo.png","width":700,"height":700,"caption":"Abrima"},"image":{"@id":"https:\/\/www.abrima.com\/blog\/#\/schema\/logo\/image\/"}},{"@type":"WebSite","@id":"https:\/\/www.abrima.com\/blog\/#website","url":"https:\/\/www.abrima.com\/blog\/","name":"Blog de Tecnolog\u00eda - Abrima","description":"Blog sobre todo lo relacionado con Cloud, Marketing Digital y Web","publisher":{"@id":"https:\/\/www.abrima.com\/blog\/#organization"},"potentialAction":[{"@type":"SearchAction","target":{"@type":"EntryPoint","urlTemplate":"https:\/\/www.abrima.com\/blog\/?s={search_term_string}"},"query-input":"required name=search_term_string"}],"inLanguage":"es"},{"@type":"ImageObject","inLanguage":"es","@id":"https:\/\/www.abrima.com\/blog\/el-futuro-de-la-tecnologia-movil-infografia\/#primaryimage","url":"http:\/\/cdn1.ticbeat.com\/wp-content\/uploads\/2013\/01\/movil-bateria-590x260.jpg","contentUrl":"http:\/\/cdn1.ticbeat.com\/wp-content\/uploads\/2013\/01\/movil-bateria-590x260.jpg"},{"@type":"WebPage","@id":"https:\/\/www.abrima.com\/blog\/el-futuro-de-la-tecnologia-movil-infografia\/#webpage","url":"https:\/\/www.abrima.com\/blog\/el-futuro-de-la-tecnologia-movil-infografia\/","name":"El futuro de la tecnolog\u00eda m\u00f3vil \u2013 infograf\u00eda - Blog de Tecnolog\u00eda - Abrima","isPartOf":{"@id":"https:\/\/www.abrima.com\/blog\/#website"},"primaryImageOfPage":{"@id":"https:\/\/www.abrima.com\/blog\/el-futuro-de-la-tecnologia-movil-infografia\/#primaryimage"},"datePublished":"2013-09-20T19:33:03+00:00","dateModified":"2013-10-19T04:48:09+00:00","breadcrumb":{"@id":"https:\/\/www.abrima.com\/blog\/el-futuro-de-la-tecnologia-movil-infografia\/#breadcrumb"},"inLanguage":"es","potentialAction":[{"@type":"ReadAction","target":["https:\/\/www.abrima.com\/blog\/el-futuro-de-la-tecnologia-movil-infografia\/"]}]},{"@type":"BreadcrumbList","@id":"https:\/\/www.abrima.com\/blog\/el-futuro-de-la-tecnologia-movil-infografia\/#breadcrumb","itemListElement":[{"@type":"ListItem","position":1,"name":"Portada","item":"https:\/\/www.abrima.com\/blog\/"},{"@type":"ListItem","position":2,"name":"El futuro de la tecnolog\u00eda m\u00f3vil \u2013 infograf\u00eda"}]},{"@type":"Article","@id":"https:\/\/www.abrima.com\/blog\/el-futuro-de-la-tecnologia-movil-infografia\/#article","isPartOf":{"@id":"https:\/\/www.abrima.com\/blog\/el-futuro-de-la-tecnologia-movil-infografia\/#webpage"},"author":{"@id":"https:\/\/www.abrima.com\/blog\/#\/schema\/person\/70ccd8d5617e3a3d6d5121086c3bb00f"},"headline":"El futuro de la tecnolog\u00eda m\u00f3vil \u2013 infograf\u00eda","datePublished":"2013-09-20T19:33:03+00:00","dateModified":"2013-10-19T04:48:09+00:00","mainEntityOfPage":{"@id":"https:\/\/www.abrima.com\/blog\/el-futuro-de-la-tecnologia-movil-infografia\/#webpage"},"wordCount":174,"commentCount":0,"publisher":{"@id":"https:\/\/www.abrima.com\/blog\/#organization"},"image":{"@id":"https:\/\/www.abrima.com\/blog\/el-futuro-de-la-tecnologia-movil-infografia\/#primaryimage"},"thumbnailUrl":"http:\/\/cdn1.ticbeat.com\/wp-content\/uploads\/2013\/01\/movil-bateria-590x260.jpg","articleSection":["Moviles"],"inLanguage":"es","potentialAction":[{"@type":"CommentAction","name":"Comment","target":["https:\/\/www.abrima.com\/blog\/el-futuro-de-la-tecnologia-movil-infografia\/#respond"]}]},{"@type":"Person","@id":"https:\/\/www.abrima.com\/blog\/#\/schema\/person\/70ccd8d5617e3a3d6d5121086c3bb00f","name":"Ana Lucia Marrou","image":{"@type":"ImageObject","inLanguage":"es","@id":"https:\/\/www.abrima.com\/blog\/#\/schema\/person\/image\/","url":"https:\/\/secure.gravatar.com\/avatar\/90bc8b721d14c58be266256fd3396265?s=96&d=mm&r=g","contentUrl":"https:\/\/secure.gravatar.com\/avatar\/90bc8b721d14c58be266256fd3396265?s=96&d=mm&r=g","caption":"Ana Lucia Marrou"},"url":"https:\/\/www.abrima.com\/blog\/author\/anilu\/"}]}},"amp_enabled":true,"_links":{"self":[{"href":"https:\/\/www.abrima.com\/blog\/wp-json\/wp\/v2\/posts\/84"}],"collection":[{"href":"https:\/\/www.abrima.com\/blog\/wp-json\/wp\/v2\/posts"}],"about":[{"href":"https:\/\/www.abrima.com\/blog\/wp-json\/wp\/v2\/types\/post"}],"author":[{"embeddable":true,"href":"https:\/\/www.abrima.com\/blog\/wp-json\/wp\/v2\/users\/2"}],"replies":[{"embeddable":true,"href":"https:\/\/www.abrima.com\/blog\/wp-json\/wp\/v2\/comments?post=84"}],"version-history":[{"count":1,"href":"https:\/\/www.abrima.com\/blog\/wp-json\/wp\/v2\/posts\/84\/revisions"}],"predecessor-version":[{"id":85,"href":"https:\/\/www.abrima.com\/blog\/wp-json\/wp\/v2\/posts\/84\/revisions\/85"}],"wp:attachment":[{"href":"https:\/\/www.abrima.com\/blog\/wp-json\/wp\/v2\/media?parent=84"}],"wp:term":[{"taxonomy":"category","embeddable":true,"href":"https:\/\/www.abrima.com\/blog\/wp-json\/wp\/v2\/categories?post=84"},{"taxonomy":"post_tag","embeddable":true,"href":"https:\/\/www.abrima.com\/blog\/wp-json\/wp\/v2\/tags?post=84"}],"curies":[{"name":"wp","href":"https:\/\/api.w.org\/{rel}","templated":true}]}}