{"id":8354,"date":"2020-03-03T21:34:49","date_gmt":"2020-03-03T21:34:49","guid":{"rendered":"https:\/\/www.abrima.com\/blog\/?p=8354"},"modified":"2020-03-03T21:39:09","modified_gmt":"2020-03-03T21:39:09","slug":"es-necesario-que-mis-datos-esten-almacenados-en-mi-pais-para-que-esten-protegidos","status":"publish","type":"post","link":"https:\/\/www.abrima.com\/blog\/es-necesario-que-mis-datos-esten-almacenados-en-mi-pais-para-que-esten-protegidos\/","title":{"rendered":"\u00bfEs necesario que mis datos est\u00e9n almacenados en mi pa\u00eds para que est\u00e9n protegidos?"},"content":{"rendered":"\n<figure class=\"wp-block-image size-large\"><img loading=\"lazy\" width=\"1024\" height=\"536\" src=\"https:\/\/www.abrima.com\/blog\/wp-content\/uploads\/2020\/03\/redes-1024x536.png\" alt=\"Redes de datos\" class=\"wp-image-8355\" srcset=\"https:\/\/www.abrima.com\/blog\/wp-content\/uploads\/2020\/03\/redes-1024x536.png 1024w, https:\/\/www.abrima.com\/blog\/wp-content\/uploads\/2020\/03\/redes-300x157.png 300w, https:\/\/www.abrima.com\/blog\/wp-content\/uploads\/2020\/03\/redes-768x402.png 768w, https:\/\/www.abrima.com\/blog\/wp-content\/uploads\/2020\/03\/redes-100x52.png 100w, https:\/\/www.abrima.com\/blog\/wp-content\/uploads\/2020\/03\/redes-150x79.png 150w, https:\/\/www.abrima.com\/blog\/wp-content\/uploads\/2020\/03\/redes-200x105.png 200w, https:\/\/www.abrima.com\/blog\/wp-content\/uploads\/2020\/03\/redes-450x236.png 450w, https:\/\/www.abrima.com\/blog\/wp-content\/uploads\/2020\/03\/redes-600x314.png 600w, https:\/\/www.abrima.com\/blog\/wp-content\/uploads\/2020\/03\/redes-900x471.png 900w, https:\/\/www.abrima.com\/blog\/wp-content\/uploads\/2020\/03\/redes.png 1200w\" sizes=\"(max-width: 1024px) 100vw, 1024px\" \/><\/figure>\n\n\n\n<p>Cuando usas <a href=\"https:\/\/abrima.com\/g-suite\/productos\/google-drive.html\" target=\"_blank\" rel=\"noreferrer noopener\" aria-label=\"Google Drive (se abre en una nueva pesta\u00f1a)\">Google Drive<\/a> los datos son almacenados y procesados en varios centros de datos alrededor del mundo. Las pr\u00e1cticas de seguridad de Google son coherentes en todas las ubicaciones relevantes. Almacenar datos en un pa\u00eds espec\u00edfico no necesariamente lo protege del acceso de gobiernos extranjeros. Microsoft recibi\u00f3 la orden de mostrar el contenido del correo de un cliente cuya informaci\u00f3n estaba almacenada en Irlanda. Adem\u00e1s de esto, la localizaci\u00f3n de datos en un pa\u00eds tambi\u00e9n puede ralentizar la colaboraci\u00f3n e innovaci\u00f3n.<br><\/p>\n\n\n\n<p><a rel=\"noreferrer noopener\" aria-label=\"Abrima (se abre en una nueva pesta\u00f1a)\" href=\"https:\/\/abrima.com\/\" target=\"_blank\">Abrima<\/a> es Google Cloud Partner y Distribuidor Oficial de <a rel=\"noreferrer noopener\" aria-label=\"G Suite (se abre en una nueva pesta\u00f1a)\" href=\"http:\/\/www.abrima.com\/g-suite\/\" target=\"_blank\">G Suite<\/a> (Google Apps), m\u00e1s detalles en <a href=\"http:\/\/www.abrima.com\/g-suite\/\" target=\"_blank\" rel=\"noreferrer noopener\" aria-label=\"www.abrima.com\/g-suite\/ (se abre en una nueva pesta\u00f1a)\">www.abrima.com\/g-suite\/<\/a><\/p>\n\n\n\n<p><br><\/p>\n","protected":false},"excerpt":{"rendered":"<p>Cuando usas Google Drive los datos son almacenados y procesados en varios centros de datos alrededor del mundo. Las pr\u00e1cticas de seguridad de Google son [&hellip;]<\/p>\n","protected":false},"author":5,"featured_media":0,"comment_status":"open","ping_status":"open","sticky":false,"template":"","format":"standard","meta":{"_monsterinsights_skip_tracking":false,"_monsterinsights_sitenote_active":false,"_monsterinsights_sitenote_note":"","_monsterinsights_sitenote_category":0},"categories":[5,32,10,11,39,28,19],"tags":[],"yoast_head":"<!-- This site is optimized with the Yoast SEO plugin v19.1 - https:\/\/yoast.com\/wordpress\/plugins\/seo\/ -->\n<title>\u00bfEs necesario que mis datos est\u00e9n almacenados en mi pa\u00eds para que est\u00e9n protegidos? - Blog de Tecnolog\u00eda - Abrima<\/title>\n<meta name=\"robots\" content=\"index, follow, max-snippet:-1, max-image-preview:large, max-video-preview:-1\" \/>\n<link rel=\"canonical\" href=\"https:\/\/www.abrima.com\/blog\/es-necesario-que-mis-datos-esten-almacenados-en-mi-pais-para-que-esten-protegidos\/\" \/>\n<meta property=\"og:locale\" content=\"es_ES\" \/>\n<meta property=\"og:type\" content=\"article\" \/>\n<meta property=\"og:title\" content=\"\u00bfEs necesario que mis datos est\u00e9n almacenados en mi pa\u00eds para que est\u00e9n protegidos? - Blog de Tecnolog\u00eda - Abrima\" \/>\n<meta property=\"og:description\" content=\"Cuando usas Google Drive los datos son almacenados y procesados en varios centros de datos alrededor del mundo. Las pr\u00e1cticas de seguridad de Google son [&hellip;]\" \/>\n<meta property=\"og:url\" content=\"https:\/\/www.abrima.com\/blog\/es-necesario-que-mis-datos-esten-almacenados-en-mi-pais-para-que-esten-protegidos\/\" \/>\n<meta property=\"og:site_name\" content=\"Blog de Tecnolog\u00eda - Abrima\" \/>\n<meta property=\"article:publisher\" content=\"https:\/\/www.facebook.com\/abrimawebs\/\" \/>\n<meta property=\"article:published_time\" content=\"2020-03-03T21:34:49+00:00\" \/>\n<meta property=\"article:modified_time\" content=\"2020-03-03T21:39:09+00:00\" \/>\n<meta property=\"og:image\" content=\"https:\/\/www.abrima.com\/blog\/wp-content\/uploads\/2020\/03\/redes-1024x536.png\" \/>\n<meta name=\"twitter:label1\" content=\"Escrito por\" \/>\n\t<meta name=\"twitter:data1\" content=\"Andr\u00e9s C\u00e1ceres Coronel\" \/>\n\t<meta name=\"twitter:label2\" content=\"Tiempo de lectura\" \/>\n\t<meta name=\"twitter:data2\" content=\"1 minuto\" \/>\n<script type=\"application\/ld+json\" class=\"yoast-schema-graph\">{\"@context\":\"https:\/\/schema.org\",\"@graph\":[{\"@type\":\"Organization\",\"@id\":\"https:\/\/www.abrima.com\/blog\/#organization\",\"name\":\"Abrima\",\"url\":\"https:\/\/www.abrima.com\/blog\/\",\"sameAs\":[\"https:\/\/www.linkedin.com\/company\/abrima-soluciones-web\/\",\"https:\/\/www.youtube.com\/user\/abrimawebs\",\"https:\/\/www.facebook.com\/abrimawebs\/\",\"https:\/\/twitter.com\/abrimaweb\"],\"logo\":{\"@type\":\"ImageObject\",\"inLanguage\":\"es\",\"@id\":\"https:\/\/www.abrima.com\/blog\/#\/schema\/logo\/image\/\",\"url\":\"https:\/\/www.abrima.com\/blog\/wp-content\/uploads\/2018\/03\/abrima-logo.png\",\"contentUrl\":\"https:\/\/www.abrima.com\/blog\/wp-content\/uploads\/2018\/03\/abrima-logo.png\",\"width\":700,\"height\":700,\"caption\":\"Abrima\"},\"image\":{\"@id\":\"https:\/\/www.abrima.com\/blog\/#\/schema\/logo\/image\/\"}},{\"@type\":\"WebSite\",\"@id\":\"https:\/\/www.abrima.com\/blog\/#website\",\"url\":\"https:\/\/www.abrima.com\/blog\/\",\"name\":\"Blog de Tecnolog\u00eda - Abrima\",\"description\":\"Blog sobre todo lo relacionado con Cloud, Marketing Digital y Web\",\"publisher\":{\"@id\":\"https:\/\/www.abrima.com\/blog\/#organization\"},\"potentialAction\":[{\"@type\":\"SearchAction\",\"target\":{\"@type\":\"EntryPoint\",\"urlTemplate\":\"https:\/\/www.abrima.com\/blog\/?s={search_term_string}\"},\"query-input\":\"required name=search_term_string\"}],\"inLanguage\":\"es\"},{\"@type\":\"ImageObject\",\"inLanguage\":\"es\",\"@id\":\"https:\/\/www.abrima.com\/blog\/es-necesario-que-mis-datos-esten-almacenados-en-mi-pais-para-que-esten-protegidos\/#primaryimage\",\"url\":\"https:\/\/www.abrima.com\/blog\/wp-content\/uploads\/2020\/03\/redes.png\",\"contentUrl\":\"https:\/\/www.abrima.com\/blog\/wp-content\/uploads\/2020\/03\/redes.png\",\"width\":1200,\"height\":628,\"caption\":\"Redes de datos\"},{\"@type\":\"WebPage\",\"@id\":\"https:\/\/www.abrima.com\/blog\/es-necesario-que-mis-datos-esten-almacenados-en-mi-pais-para-que-esten-protegidos\/#webpage\",\"url\":\"https:\/\/www.abrima.com\/blog\/es-necesario-que-mis-datos-esten-almacenados-en-mi-pais-para-que-esten-protegidos\/\",\"name\":\"\u00bfEs necesario que mis datos est\u00e9n almacenados en mi pa\u00eds para que est\u00e9n protegidos? - Blog de Tecnolog\u00eda - Abrima\",\"isPartOf\":{\"@id\":\"https:\/\/www.abrima.com\/blog\/#website\"},\"primaryImageOfPage\":{\"@id\":\"https:\/\/www.abrima.com\/blog\/es-necesario-que-mis-datos-esten-almacenados-en-mi-pais-para-que-esten-protegidos\/#primaryimage\"},\"datePublished\":\"2020-03-03T21:34:49+00:00\",\"dateModified\":\"2020-03-03T21:39:09+00:00\",\"breadcrumb\":{\"@id\":\"https:\/\/www.abrima.com\/blog\/es-necesario-que-mis-datos-esten-almacenados-en-mi-pais-para-que-esten-protegidos\/#breadcrumb\"},\"inLanguage\":\"es\",\"potentialAction\":[{\"@type\":\"ReadAction\",\"target\":[\"https:\/\/www.abrima.com\/blog\/es-necesario-que-mis-datos-esten-almacenados-en-mi-pais-para-que-esten-protegidos\/\"]}]},{\"@type\":\"BreadcrumbList\",\"@id\":\"https:\/\/www.abrima.com\/blog\/es-necesario-que-mis-datos-esten-almacenados-en-mi-pais-para-que-esten-protegidos\/#breadcrumb\",\"itemListElement\":[{\"@type\":\"ListItem\",\"position\":1,\"name\":\"Portada\",\"item\":\"https:\/\/www.abrima.com\/blog\/\"},{\"@type\":\"ListItem\",\"position\":2,\"name\":\"\u00bfEs necesario que mis datos est\u00e9n almacenados en mi pa\u00eds para que est\u00e9n protegidos?\"}]},{\"@type\":\"Article\",\"@id\":\"https:\/\/www.abrima.com\/blog\/es-necesario-que-mis-datos-esten-almacenados-en-mi-pais-para-que-esten-protegidos\/#article\",\"isPartOf\":{\"@id\":\"https:\/\/www.abrima.com\/blog\/es-necesario-que-mis-datos-esten-almacenados-en-mi-pais-para-que-esten-protegidos\/#webpage\"},\"author\":{\"@id\":\"https:\/\/www.abrima.com\/blog\/#\/schema\/person\/66fcd3e037daac319f1212f744f3ecb5\"},\"headline\":\"\u00bfEs necesario que mis datos est\u00e9n almacenados en mi pa\u00eds para que est\u00e9n protegidos?\",\"datePublished\":\"2020-03-03T21:34:49+00:00\",\"dateModified\":\"2020-03-03T21:39:09+00:00\",\"mainEntityOfPage\":{\"@id\":\"https:\/\/www.abrima.com\/blog\/es-necesario-que-mis-datos-esten-almacenados-en-mi-pais-para-que-esten-protegidos\/#webpage\"},\"wordCount\":130,\"commentCount\":0,\"publisher\":{\"@id\":\"https:\/\/www.abrima.com\/blog\/#organization\"},\"image\":{\"@id\":\"https:\/\/www.abrima.com\/blog\/es-necesario-que-mis-datos-esten-almacenados-en-mi-pais-para-que-esten-protegidos\/#primaryimage\"},\"thumbnailUrl\":\"https:\/\/www.abrima.com\/blog\/wp-content\/uploads\/2020\/03\/redes-1024x536.png\",\"articleSection\":[\"Cloud Computing\",\"G Suite\",\"Google\",\"Google Apps\",\"Google Cloud\",\"Microsoft\",\"Seguridad\"],\"inLanguage\":\"es\",\"potentialAction\":[{\"@type\":\"CommentAction\",\"name\":\"Comment\",\"target\":[\"https:\/\/www.abrima.com\/blog\/es-necesario-que-mis-datos-esten-almacenados-en-mi-pais-para-que-esten-protegidos\/#respond\"]}]},{\"@type\":\"Person\",\"@id\":\"https:\/\/www.abrima.com\/blog\/#\/schema\/person\/66fcd3e037daac319f1212f744f3ecb5\",\"name\":\"Andr\u00e9s C\u00e1ceres Coronel\",\"image\":{\"@type\":\"ImageObject\",\"inLanguage\":\"es\",\"@id\":\"https:\/\/www.abrima.com\/blog\/#\/schema\/person\/image\/\",\"url\":\"https:\/\/secure.gravatar.com\/avatar\/400893dd5b52c55d7ef75ef1d118fe61?s=96&d=mm&r=g\",\"contentUrl\":\"https:\/\/secure.gravatar.com\/avatar\/400893dd5b52c55d7ef75ef1d118fe61?s=96&d=mm&r=g\",\"caption\":\"Andr\u00e9s C\u00e1ceres Coronel\"},\"sameAs\":[\"http:\/\/www.abrima.com\"],\"url\":\"https:\/\/www.abrima.com\/blog\/author\/andres\/\"}]}<\/script>\n<!-- \/ Yoast SEO plugin. -->","yoast_head_json":{"title":"\u00bfEs necesario que mis datos est\u00e9n almacenados en mi pa\u00eds para que est\u00e9n protegidos? - Blog de Tecnolog\u00eda - Abrima","robots":{"index":"index","follow":"follow","max-snippet":"max-snippet:-1","max-image-preview":"max-image-preview:large","max-video-preview":"max-video-preview:-1"},"canonical":"https:\/\/www.abrima.com\/blog\/es-necesario-que-mis-datos-esten-almacenados-en-mi-pais-para-que-esten-protegidos\/","og_locale":"es_ES","og_type":"article","og_title":"\u00bfEs necesario que mis datos est\u00e9n almacenados en mi pa\u00eds para que est\u00e9n protegidos? - Blog de Tecnolog\u00eda - Abrima","og_description":"Cuando usas Google Drive los datos son almacenados y procesados en varios centros de datos alrededor del mundo. Las pr\u00e1cticas de seguridad de Google son [&hellip;]","og_url":"https:\/\/www.abrima.com\/blog\/es-necesario-que-mis-datos-esten-almacenados-en-mi-pais-para-que-esten-protegidos\/","og_site_name":"Blog de Tecnolog\u00eda - Abrima","article_publisher":"https:\/\/www.facebook.com\/abrimawebs\/","article_published_time":"2020-03-03T21:34:49+00:00","article_modified_time":"2020-03-03T21:39:09+00:00","og_image":[{"url":"https:\/\/www.abrima.com\/blog\/wp-content\/uploads\/2020\/03\/redes-1024x536.png"}],"twitter_misc":{"Escrito por":"Andr\u00e9s C\u00e1ceres Coronel","Tiempo de lectura":"1 minuto"},"schema":{"@context":"https:\/\/schema.org","@graph":[{"@type":"Organization","@id":"https:\/\/www.abrima.com\/blog\/#organization","name":"Abrima","url":"https:\/\/www.abrima.com\/blog\/","sameAs":["https:\/\/www.linkedin.com\/company\/abrima-soluciones-web\/","https:\/\/www.youtube.com\/user\/abrimawebs","https:\/\/www.facebook.com\/abrimawebs\/","https:\/\/twitter.com\/abrimaweb"],"logo":{"@type":"ImageObject","inLanguage":"es","@id":"https:\/\/www.abrima.com\/blog\/#\/schema\/logo\/image\/","url":"https:\/\/www.abrima.com\/blog\/wp-content\/uploads\/2018\/03\/abrima-logo.png","contentUrl":"https:\/\/www.abrima.com\/blog\/wp-content\/uploads\/2018\/03\/abrima-logo.png","width":700,"height":700,"caption":"Abrima"},"image":{"@id":"https:\/\/www.abrima.com\/blog\/#\/schema\/logo\/image\/"}},{"@type":"WebSite","@id":"https:\/\/www.abrima.com\/blog\/#website","url":"https:\/\/www.abrima.com\/blog\/","name":"Blog de Tecnolog\u00eda - Abrima","description":"Blog sobre todo lo relacionado con Cloud, Marketing Digital y Web","publisher":{"@id":"https:\/\/www.abrima.com\/blog\/#organization"},"potentialAction":[{"@type":"SearchAction","target":{"@type":"EntryPoint","urlTemplate":"https:\/\/www.abrima.com\/blog\/?s={search_term_string}"},"query-input":"required name=search_term_string"}],"inLanguage":"es"},{"@type":"ImageObject","inLanguage":"es","@id":"https:\/\/www.abrima.com\/blog\/es-necesario-que-mis-datos-esten-almacenados-en-mi-pais-para-que-esten-protegidos\/#primaryimage","url":"https:\/\/www.abrima.com\/blog\/wp-content\/uploads\/2020\/03\/redes.png","contentUrl":"https:\/\/www.abrima.com\/blog\/wp-content\/uploads\/2020\/03\/redes.png","width":1200,"height":628,"caption":"Redes de datos"},{"@type":"WebPage","@id":"https:\/\/www.abrima.com\/blog\/es-necesario-que-mis-datos-esten-almacenados-en-mi-pais-para-que-esten-protegidos\/#webpage","url":"https:\/\/www.abrima.com\/blog\/es-necesario-que-mis-datos-esten-almacenados-en-mi-pais-para-que-esten-protegidos\/","name":"\u00bfEs necesario que mis datos est\u00e9n almacenados en mi pa\u00eds para que est\u00e9n protegidos? - Blog de Tecnolog\u00eda - Abrima","isPartOf":{"@id":"https:\/\/www.abrima.com\/blog\/#website"},"primaryImageOfPage":{"@id":"https:\/\/www.abrima.com\/blog\/es-necesario-que-mis-datos-esten-almacenados-en-mi-pais-para-que-esten-protegidos\/#primaryimage"},"datePublished":"2020-03-03T21:34:49+00:00","dateModified":"2020-03-03T21:39:09+00:00","breadcrumb":{"@id":"https:\/\/www.abrima.com\/blog\/es-necesario-que-mis-datos-esten-almacenados-en-mi-pais-para-que-esten-protegidos\/#breadcrumb"},"inLanguage":"es","potentialAction":[{"@type":"ReadAction","target":["https:\/\/www.abrima.com\/blog\/es-necesario-que-mis-datos-esten-almacenados-en-mi-pais-para-que-esten-protegidos\/"]}]},{"@type":"BreadcrumbList","@id":"https:\/\/www.abrima.com\/blog\/es-necesario-que-mis-datos-esten-almacenados-en-mi-pais-para-que-esten-protegidos\/#breadcrumb","itemListElement":[{"@type":"ListItem","position":1,"name":"Portada","item":"https:\/\/www.abrima.com\/blog\/"},{"@type":"ListItem","position":2,"name":"\u00bfEs necesario que mis datos est\u00e9n almacenados en mi pa\u00eds para que est\u00e9n protegidos?"}]},{"@type":"Article","@id":"https:\/\/www.abrima.com\/blog\/es-necesario-que-mis-datos-esten-almacenados-en-mi-pais-para-que-esten-protegidos\/#article","isPartOf":{"@id":"https:\/\/www.abrima.com\/blog\/es-necesario-que-mis-datos-esten-almacenados-en-mi-pais-para-que-esten-protegidos\/#webpage"},"author":{"@id":"https:\/\/www.abrima.com\/blog\/#\/schema\/person\/66fcd3e037daac319f1212f744f3ecb5"},"headline":"\u00bfEs necesario que mis datos est\u00e9n almacenados en mi pa\u00eds para que est\u00e9n protegidos?","datePublished":"2020-03-03T21:34:49+00:00","dateModified":"2020-03-03T21:39:09+00:00","mainEntityOfPage":{"@id":"https:\/\/www.abrima.com\/blog\/es-necesario-que-mis-datos-esten-almacenados-en-mi-pais-para-que-esten-protegidos\/#webpage"},"wordCount":130,"commentCount":0,"publisher":{"@id":"https:\/\/www.abrima.com\/blog\/#organization"},"image":{"@id":"https:\/\/www.abrima.com\/blog\/es-necesario-que-mis-datos-esten-almacenados-en-mi-pais-para-que-esten-protegidos\/#primaryimage"},"thumbnailUrl":"https:\/\/www.abrima.com\/blog\/wp-content\/uploads\/2020\/03\/redes-1024x536.png","articleSection":["Cloud Computing","G Suite","Google","Google Apps","Google Cloud","Microsoft","Seguridad"],"inLanguage":"es","potentialAction":[{"@type":"CommentAction","name":"Comment","target":["https:\/\/www.abrima.com\/blog\/es-necesario-que-mis-datos-esten-almacenados-en-mi-pais-para-que-esten-protegidos\/#respond"]}]},{"@type":"Person","@id":"https:\/\/www.abrima.com\/blog\/#\/schema\/person\/66fcd3e037daac319f1212f744f3ecb5","name":"Andr\u00e9s C\u00e1ceres Coronel","image":{"@type":"ImageObject","inLanguage":"es","@id":"https:\/\/www.abrima.com\/blog\/#\/schema\/person\/image\/","url":"https:\/\/secure.gravatar.com\/avatar\/400893dd5b52c55d7ef75ef1d118fe61?s=96&d=mm&r=g","contentUrl":"https:\/\/secure.gravatar.com\/avatar\/400893dd5b52c55d7ef75ef1d118fe61?s=96&d=mm&r=g","caption":"Andr\u00e9s C\u00e1ceres Coronel"},"sameAs":["http:\/\/www.abrima.com"],"url":"https:\/\/www.abrima.com\/blog\/author\/andres\/"}]}},"amp_enabled":true,"_links":{"self":[{"href":"https:\/\/www.abrima.com\/blog\/wp-json\/wp\/v2\/posts\/8354"}],"collection":[{"href":"https:\/\/www.abrima.com\/blog\/wp-json\/wp\/v2\/posts"}],"about":[{"href":"https:\/\/www.abrima.com\/blog\/wp-json\/wp\/v2\/types\/post"}],"author":[{"embeddable":true,"href":"https:\/\/www.abrima.com\/blog\/wp-json\/wp\/v2\/users\/5"}],"replies":[{"embeddable":true,"href":"https:\/\/www.abrima.com\/blog\/wp-json\/wp\/v2\/comments?post=8354"}],"version-history":[{"count":3,"href":"https:\/\/www.abrima.com\/blog\/wp-json\/wp\/v2\/posts\/8354\/revisions"}],"predecessor-version":[{"id":8359,"href":"https:\/\/www.abrima.com\/blog\/wp-json\/wp\/v2\/posts\/8354\/revisions\/8359"}],"wp:attachment":[{"href":"https:\/\/www.abrima.com\/blog\/wp-json\/wp\/v2\/media?parent=8354"}],"wp:term":[{"taxonomy":"category","embeddable":true,"href":"https:\/\/www.abrima.com\/blog\/wp-json\/wp\/v2\/categories?post=8354"},{"taxonomy":"post_tag","embeddable":true,"href":"https:\/\/www.abrima.com\/blog\/wp-json\/wp\/v2\/tags?post=8354"}],"curies":[{"name":"wp","href":"https:\/\/api.w.org\/{rel}","templated":true}]}}