{"id":804,"date":"2013-12-18T23:10:28","date_gmt":"2013-12-18T23:10:28","guid":{"rendered":"http:\/\/www.abrima.com\/blog\/?p=804"},"modified":"2013-12-18T23:10:28","modified_gmt":"2013-12-18T23:10:28","slug":"cinco-razones-por-las-que-los-jovenes-dejan-de-usar-facebook","status":"publish","type":"post","link":"https:\/\/www.abrima.com\/blog\/cinco-razones-por-las-que-los-jovenes-dejan-de-usar-facebook\/","title":{"rendered":"Cinco razones por las que los j\u00f3venes dejan de usar Facebook"},"content":{"rendered":"<p><img alt=\"Cinco razones por las que los j\u00f3venes dejan de usar Facebook\" src=\"http:\/\/cde.elcomercio.pe\/66\/ima\/0\/0\/7\/1\/2\/712192.jpg\" \/><\/p>\n<p>Vivir metido en\u00a0<a href=\"http:\/\/elcomercio.pe\/tag\/318554\/facebook\" target=\"_blank\">Facebook<\/a>\u00a0ya\u00a0<a href=\"http:\/\/elcomercio.pe\/actualidad\/1651946\/noticia-cual-cultura-jovenes-que-nacieron-tecnologia\" target=\"_blank\">no es un indicador de juventud<\/a>. De hecho, los ejecutivos de la red social se preocupan d\u00eda a d\u00eda debido a que sus usuarios de menor edad la abandonan. \u00bfLos motivos? Eso es justamente lo que\u00a0<a href=\"http:\/\/mashable.com\/2013\/12\/16\/quitting-facebook\/\" target=\"_blank\">Mashable<\/a>\u00a0trata de vislumbrar en una nota.<\/p>\n<p><strong>1. Porque es demasiado abrumador.<\/strong>\u00a0Muchos usuarios aseguran que dejan Facebook porque entre las constantes actualizaciones, no encuentran espacio para socializar con sus amigos. \u201cHay mucha gente con la que estoy conectado y con la que no hablo\u201d, apunta.<\/p>\n<p><strong>2. Para esconder evidencia incriminatoria de los empleadores.<\/strong>\u00a0Una foto indiscreta de una fiesta fuera de l\u00edmites bien podr\u00eda acabar con tus posibilidades de conseguir empleo. Ese es el argumento de quienes han abandonado las redes sociales cansados de que sus amigos delaten sus noches de desenfreno. M\u00e1s ahora que uno\u00a0<a href=\"http:\/\/elcomercio.pe\/actualidad\/1642879\/noticia-facebook-ya-no-permite-que-sus-usuarios-se-escondan\" target=\"_blank\">no puede esconderse de Facebook<\/a>\u00a0y que todos recurren a esta red para husmear en nuestras vidas. De paso, un comentario tonto en la red sobre tu centro laboral\u00a0<a href=\"http:\/\/elcomercio.pe\/mundo\/252026\/noticia-despiden-adolescente-calificar-su-trabajo-aburrido-facebook\" target=\"_blank\">puede dejarte sin empleo<\/a>.<\/p>\n<p><strong>3. Para esconderse de una ruptura.<\/strong>\u00a0Facebook no solo ha cambiado\u00a0<a href=\"http:\/\/elcomercio.pe\/actualidad\/1648246\/noticia-tres-cambios-que-causo-internet-relaciones-pareja\" target=\"_blank\">la forma en la que nos enamoramos<\/a>, sino que ha variado la manera en la que vivimos el desamor. \u00bfC\u00f3mo superar una ruptura si uno ve a su ex pareja en todas las actualizaciones. Mashable toma el ejemplo de Laekyn Sanders, una chica de 21 a\u00f1os: \u201cEstaba pasando por una ruptura realmente mala y estaba cansada de gente preguntando por qu\u00e9 las cosas terminaron con el chico con el que estaba saliendo\u201d. Adem\u00e1s, el salir con alguien se vuelve un problema, basta ver el timeline de la persona que te interesa para saber su pasado amoroso.<\/p>\n<p><strong>4. Para evitar ansiedades.<\/strong>\u00a0Solo una muestra: un estudio reciente dice que\u00a0<a href=\"http:\/\/elcomercio.pe\/tecnologia\/1370797\/noticia-ver-tantas-fotos-felices-facebook-te-puede-hacer-infeliz\" target=\"_blank\">las personas que usan Facebook se consideran menos felices que los dem\u00e1s<\/a>.<\/p>\n<p><strong>5. Porque tienes una crisis existencial.<\/strong>\u00a0La adicci\u00f3n no solo tiene que ver con las retribuciones, sino con lo que uno espera que se proyecte en la red social. Usuarios se preguntan si es que lo que aparece en Facebook son ellos realmente o si es una representaci\u00f3n hecha por alguien m\u00e1s. As\u00ed de dif\u00edcil.<\/p>\n<p><strong>\u00bfY t\u00fa? Dejar\u00edas Facebook<\/strong><\/p>\n<p>FUENTE:<a href=\"http:\/\/elcomercio.pe\/noticia\/1674098\"> elcomercio.pe<\/a><\/p>\n","protected":false},"excerpt":{"rendered":"<p>Vivir metido en\u00a0Facebook\u00a0ya\u00a0no es un indicador de juventud. De hecho, los ejecutivos de la red social se preocupan d\u00eda a d\u00eda debido a que sus [&hellip;]<\/p>\n","protected":false},"author":2,"featured_media":0,"comment_status":"open","ping_status":"open","sticky":false,"template":"","format":"standard","meta":{"_monsterinsights_skip_tracking":false,"_monsterinsights_sitenote_active":false,"_monsterinsights_sitenote_note":"","_monsterinsights_sitenote_category":0},"categories":[],"tags":[],"yoast_head":"<!-- This site is optimized with the Yoast SEO plugin v19.1 - https:\/\/yoast.com\/wordpress\/plugins\/seo\/ -->\n<title>Cinco razones por las que los j\u00f3venes dejan de usar Facebook - Blog de Tecnolog\u00eda - Abrima<\/title>\n<meta name=\"robots\" content=\"index, follow, max-snippet:-1, max-image-preview:large, max-video-preview:-1\" \/>\n<link rel=\"canonical\" href=\"https:\/\/www.abrima.com\/blog\/cinco-razones-por-las-que-los-jovenes-dejan-de-usar-facebook\/\" \/>\n<meta property=\"og:locale\" content=\"es_ES\" \/>\n<meta property=\"og:type\" content=\"article\" \/>\n<meta property=\"og:title\" content=\"Cinco razones por las que los j\u00f3venes dejan de usar Facebook - Blog de Tecnolog\u00eda - Abrima\" \/>\n<meta property=\"og:description\" content=\"Vivir metido en\u00a0Facebook\u00a0ya\u00a0no es un indicador de juventud. De hecho, los ejecutivos de la red social se preocupan d\u00eda a d\u00eda debido a que sus [&hellip;]\" \/>\n<meta property=\"og:url\" content=\"https:\/\/www.abrima.com\/blog\/cinco-razones-por-las-que-los-jovenes-dejan-de-usar-facebook\/\" \/>\n<meta property=\"og:site_name\" content=\"Blog de Tecnolog\u00eda - Abrima\" \/>\n<meta property=\"article:publisher\" content=\"https:\/\/www.facebook.com\/abrimawebs\/\" \/>\n<meta property=\"article:published_time\" content=\"2013-12-18T23:10:28+00:00\" \/>\n<meta property=\"og:image\" content=\"http:\/\/cde.elcomercio.pe\/66\/ima\/0\/0\/7\/1\/2\/712192.jpg\" \/>\n<meta name=\"twitter:label1\" content=\"Escrito por\" \/>\n\t<meta name=\"twitter:data1\" content=\"Ana Lucia Marrou\" \/>\n\t<meta name=\"twitter:label2\" content=\"Tiempo de lectura\" \/>\n\t<meta name=\"twitter:data2\" content=\"2 minutos\" \/>\n<script type=\"application\/ld+json\" class=\"yoast-schema-graph\">{\"@context\":\"https:\/\/schema.org\",\"@graph\":[{\"@type\":\"Organization\",\"@id\":\"https:\/\/www.abrima.com\/blog\/#organization\",\"name\":\"Abrima\",\"url\":\"https:\/\/www.abrima.com\/blog\/\",\"sameAs\":[\"https:\/\/www.linkedin.com\/company\/abrima-soluciones-web\/\",\"https:\/\/www.youtube.com\/user\/abrimawebs\",\"https:\/\/www.facebook.com\/abrimawebs\/\",\"https:\/\/twitter.com\/abrimaweb\"],\"logo\":{\"@type\":\"ImageObject\",\"inLanguage\":\"es\",\"@id\":\"https:\/\/www.abrima.com\/blog\/#\/schema\/logo\/image\/\",\"url\":\"https:\/\/www.abrima.com\/blog\/wp-content\/uploads\/2018\/03\/abrima-logo.png\",\"contentUrl\":\"https:\/\/www.abrima.com\/blog\/wp-content\/uploads\/2018\/03\/abrima-logo.png\",\"width\":700,\"height\":700,\"caption\":\"Abrima\"},\"image\":{\"@id\":\"https:\/\/www.abrima.com\/blog\/#\/schema\/logo\/image\/\"}},{\"@type\":\"WebSite\",\"@id\":\"https:\/\/www.abrima.com\/blog\/#website\",\"url\":\"https:\/\/www.abrima.com\/blog\/\",\"name\":\"Blog de Tecnolog\u00eda - Abrima\",\"description\":\"Blog sobre todo lo relacionado con Cloud, Marketing Digital y Web\",\"publisher\":{\"@id\":\"https:\/\/www.abrima.com\/blog\/#organization\"},\"potentialAction\":[{\"@type\":\"SearchAction\",\"target\":{\"@type\":\"EntryPoint\",\"urlTemplate\":\"https:\/\/www.abrima.com\/blog\/?s={search_term_string}\"},\"query-input\":\"required name=search_term_string\"}],\"inLanguage\":\"es\"},{\"@type\":\"ImageObject\",\"inLanguage\":\"es\",\"@id\":\"https:\/\/www.abrima.com\/blog\/cinco-razones-por-las-que-los-jovenes-dejan-de-usar-facebook\/#primaryimage\",\"url\":\"http:\/\/cde.elcomercio.pe\/66\/ima\/0\/0\/7\/1\/2\/712192.jpg\",\"contentUrl\":\"http:\/\/cde.elcomercio.pe\/66\/ima\/0\/0\/7\/1\/2\/712192.jpg\"},{\"@type\":\"WebPage\",\"@id\":\"https:\/\/www.abrima.com\/blog\/cinco-razones-por-las-que-los-jovenes-dejan-de-usar-facebook\/#webpage\",\"url\":\"https:\/\/www.abrima.com\/blog\/cinco-razones-por-las-que-los-jovenes-dejan-de-usar-facebook\/\",\"name\":\"Cinco razones por las que los j\u00f3venes dejan de usar Facebook - Blog de Tecnolog\u00eda - Abrima\",\"isPartOf\":{\"@id\":\"https:\/\/www.abrima.com\/blog\/#website\"},\"primaryImageOfPage\":{\"@id\":\"https:\/\/www.abrima.com\/blog\/cinco-razones-por-las-que-los-jovenes-dejan-de-usar-facebook\/#primaryimage\"},\"datePublished\":\"2013-12-18T23:10:28+00:00\",\"dateModified\":\"2013-12-18T23:10:28+00:00\",\"breadcrumb\":{\"@id\":\"https:\/\/www.abrima.com\/blog\/cinco-razones-por-las-que-los-jovenes-dejan-de-usar-facebook\/#breadcrumb\"},\"inLanguage\":\"es\",\"potentialAction\":[{\"@type\":\"ReadAction\",\"target\":[\"https:\/\/www.abrima.com\/blog\/cinco-razones-por-las-que-los-jovenes-dejan-de-usar-facebook\/\"]}]},{\"@type\":\"BreadcrumbList\",\"@id\":\"https:\/\/www.abrima.com\/blog\/cinco-razones-por-las-que-los-jovenes-dejan-de-usar-facebook\/#breadcrumb\",\"itemListElement\":[{\"@type\":\"ListItem\",\"position\":1,\"name\":\"Portada\",\"item\":\"https:\/\/www.abrima.com\/blog\/\"},{\"@type\":\"ListItem\",\"position\":2,\"name\":\"Cinco razones por las que los j\u00f3venes dejan de usar Facebook\"}]},{\"@type\":\"Article\",\"@id\":\"https:\/\/www.abrima.com\/blog\/cinco-razones-por-las-que-los-jovenes-dejan-de-usar-facebook\/#article\",\"isPartOf\":{\"@id\":\"https:\/\/www.abrima.com\/blog\/cinco-razones-por-las-que-los-jovenes-dejan-de-usar-facebook\/#webpage\"},\"author\":{\"@id\":\"https:\/\/www.abrima.com\/blog\/#\/schema\/person\/70ccd8d5617e3a3d6d5121086c3bb00f\"},\"headline\":\"Cinco razones por las que los j\u00f3venes dejan de usar Facebook\",\"datePublished\":\"2013-12-18T23:10:28+00:00\",\"dateModified\":\"2013-12-18T23:10:28+00:00\",\"mainEntityOfPage\":{\"@id\":\"https:\/\/www.abrima.com\/blog\/cinco-razones-por-las-que-los-jovenes-dejan-de-usar-facebook\/#webpage\"},\"wordCount\":384,\"commentCount\":0,\"publisher\":{\"@id\":\"https:\/\/www.abrima.com\/blog\/#organization\"},\"image\":{\"@id\":\"https:\/\/www.abrima.com\/blog\/cinco-razones-por-las-que-los-jovenes-dejan-de-usar-facebook\/#primaryimage\"},\"thumbnailUrl\":\"http:\/\/cde.elcomercio.pe\/66\/ima\/0\/0\/7\/1\/2\/712192.jpg\",\"inLanguage\":\"es\",\"potentialAction\":[{\"@type\":\"CommentAction\",\"name\":\"Comment\",\"target\":[\"https:\/\/www.abrima.com\/blog\/cinco-razones-por-las-que-los-jovenes-dejan-de-usar-facebook\/#respond\"]}]},{\"@type\":\"Person\",\"@id\":\"https:\/\/www.abrima.com\/blog\/#\/schema\/person\/70ccd8d5617e3a3d6d5121086c3bb00f\",\"name\":\"Ana Lucia Marrou\",\"image\":{\"@type\":\"ImageObject\",\"inLanguage\":\"es\",\"@id\":\"https:\/\/www.abrima.com\/blog\/#\/schema\/person\/image\/\",\"url\":\"https:\/\/secure.gravatar.com\/avatar\/90bc8b721d14c58be266256fd3396265?s=96&d=mm&r=g\",\"contentUrl\":\"https:\/\/secure.gravatar.com\/avatar\/90bc8b721d14c58be266256fd3396265?s=96&d=mm&r=g\",\"caption\":\"Ana Lucia Marrou\"},\"url\":\"https:\/\/www.abrima.com\/blog\/author\/anilu\/\"}]}<\/script>\n<!-- \/ Yoast SEO plugin. -->","yoast_head_json":{"title":"Cinco razones por las que los j\u00f3venes dejan de usar Facebook - Blog de Tecnolog\u00eda - Abrima","robots":{"index":"index","follow":"follow","max-snippet":"max-snippet:-1","max-image-preview":"max-image-preview:large","max-video-preview":"max-video-preview:-1"},"canonical":"https:\/\/www.abrima.com\/blog\/cinco-razones-por-las-que-los-jovenes-dejan-de-usar-facebook\/","og_locale":"es_ES","og_type":"article","og_title":"Cinco razones por las que los j\u00f3venes dejan de usar Facebook - Blog de Tecnolog\u00eda - Abrima","og_description":"Vivir metido en\u00a0Facebook\u00a0ya\u00a0no es un indicador de juventud. De hecho, los ejecutivos de la red social se preocupan d\u00eda a d\u00eda debido a que sus [&hellip;]","og_url":"https:\/\/www.abrima.com\/blog\/cinco-razones-por-las-que-los-jovenes-dejan-de-usar-facebook\/","og_site_name":"Blog de Tecnolog\u00eda - Abrima","article_publisher":"https:\/\/www.facebook.com\/abrimawebs\/","article_published_time":"2013-12-18T23:10:28+00:00","og_image":[{"url":"http:\/\/cde.elcomercio.pe\/66\/ima\/0\/0\/7\/1\/2\/712192.jpg"}],"twitter_misc":{"Escrito por":"Ana Lucia Marrou","Tiempo de lectura":"2 minutos"},"schema":{"@context":"https:\/\/schema.org","@graph":[{"@type":"Organization","@id":"https:\/\/www.abrima.com\/blog\/#organization","name":"Abrima","url":"https:\/\/www.abrima.com\/blog\/","sameAs":["https:\/\/www.linkedin.com\/company\/abrima-soluciones-web\/","https:\/\/www.youtube.com\/user\/abrimawebs","https:\/\/www.facebook.com\/abrimawebs\/","https:\/\/twitter.com\/abrimaweb"],"logo":{"@type":"ImageObject","inLanguage":"es","@id":"https:\/\/www.abrima.com\/blog\/#\/schema\/logo\/image\/","url":"https:\/\/www.abrima.com\/blog\/wp-content\/uploads\/2018\/03\/abrima-logo.png","contentUrl":"https:\/\/www.abrima.com\/blog\/wp-content\/uploads\/2018\/03\/abrima-logo.png","width":700,"height":700,"caption":"Abrima"},"image":{"@id":"https:\/\/www.abrima.com\/blog\/#\/schema\/logo\/image\/"}},{"@type":"WebSite","@id":"https:\/\/www.abrima.com\/blog\/#website","url":"https:\/\/www.abrima.com\/blog\/","name":"Blog de Tecnolog\u00eda - Abrima","description":"Blog sobre todo lo relacionado con Cloud, Marketing Digital y Web","publisher":{"@id":"https:\/\/www.abrima.com\/blog\/#organization"},"potentialAction":[{"@type":"SearchAction","target":{"@type":"EntryPoint","urlTemplate":"https:\/\/www.abrima.com\/blog\/?s={search_term_string}"},"query-input":"required name=search_term_string"}],"inLanguage":"es"},{"@type":"ImageObject","inLanguage":"es","@id":"https:\/\/www.abrima.com\/blog\/cinco-razones-por-las-que-los-jovenes-dejan-de-usar-facebook\/#primaryimage","url":"http:\/\/cde.elcomercio.pe\/66\/ima\/0\/0\/7\/1\/2\/712192.jpg","contentUrl":"http:\/\/cde.elcomercio.pe\/66\/ima\/0\/0\/7\/1\/2\/712192.jpg"},{"@type":"WebPage","@id":"https:\/\/www.abrima.com\/blog\/cinco-razones-por-las-que-los-jovenes-dejan-de-usar-facebook\/#webpage","url":"https:\/\/www.abrima.com\/blog\/cinco-razones-por-las-que-los-jovenes-dejan-de-usar-facebook\/","name":"Cinco razones por las que los j\u00f3venes dejan de usar Facebook - Blog de Tecnolog\u00eda - Abrima","isPartOf":{"@id":"https:\/\/www.abrima.com\/blog\/#website"},"primaryImageOfPage":{"@id":"https:\/\/www.abrima.com\/blog\/cinco-razones-por-las-que-los-jovenes-dejan-de-usar-facebook\/#primaryimage"},"datePublished":"2013-12-18T23:10:28+00:00","dateModified":"2013-12-18T23:10:28+00:00","breadcrumb":{"@id":"https:\/\/www.abrima.com\/blog\/cinco-razones-por-las-que-los-jovenes-dejan-de-usar-facebook\/#breadcrumb"},"inLanguage":"es","potentialAction":[{"@type":"ReadAction","target":["https:\/\/www.abrima.com\/blog\/cinco-razones-por-las-que-los-jovenes-dejan-de-usar-facebook\/"]}]},{"@type":"BreadcrumbList","@id":"https:\/\/www.abrima.com\/blog\/cinco-razones-por-las-que-los-jovenes-dejan-de-usar-facebook\/#breadcrumb","itemListElement":[{"@type":"ListItem","position":1,"name":"Portada","item":"https:\/\/www.abrima.com\/blog\/"},{"@type":"ListItem","position":2,"name":"Cinco razones por las que los j\u00f3venes dejan de usar Facebook"}]},{"@type":"Article","@id":"https:\/\/www.abrima.com\/blog\/cinco-razones-por-las-que-los-jovenes-dejan-de-usar-facebook\/#article","isPartOf":{"@id":"https:\/\/www.abrima.com\/blog\/cinco-razones-por-las-que-los-jovenes-dejan-de-usar-facebook\/#webpage"},"author":{"@id":"https:\/\/www.abrima.com\/blog\/#\/schema\/person\/70ccd8d5617e3a3d6d5121086c3bb00f"},"headline":"Cinco razones por las que los j\u00f3venes dejan de usar Facebook","datePublished":"2013-12-18T23:10:28+00:00","dateModified":"2013-12-18T23:10:28+00:00","mainEntityOfPage":{"@id":"https:\/\/www.abrima.com\/blog\/cinco-razones-por-las-que-los-jovenes-dejan-de-usar-facebook\/#webpage"},"wordCount":384,"commentCount":0,"publisher":{"@id":"https:\/\/www.abrima.com\/blog\/#organization"},"image":{"@id":"https:\/\/www.abrima.com\/blog\/cinco-razones-por-las-que-los-jovenes-dejan-de-usar-facebook\/#primaryimage"},"thumbnailUrl":"http:\/\/cde.elcomercio.pe\/66\/ima\/0\/0\/7\/1\/2\/712192.jpg","inLanguage":"es","potentialAction":[{"@type":"CommentAction","name":"Comment","target":["https:\/\/www.abrima.com\/blog\/cinco-razones-por-las-que-los-jovenes-dejan-de-usar-facebook\/#respond"]}]},{"@type":"Person","@id":"https:\/\/www.abrima.com\/blog\/#\/schema\/person\/70ccd8d5617e3a3d6d5121086c3bb00f","name":"Ana Lucia Marrou","image":{"@type":"ImageObject","inLanguage":"es","@id":"https:\/\/www.abrima.com\/blog\/#\/schema\/person\/image\/","url":"https:\/\/secure.gravatar.com\/avatar\/90bc8b721d14c58be266256fd3396265?s=96&d=mm&r=g","contentUrl":"https:\/\/secure.gravatar.com\/avatar\/90bc8b721d14c58be266256fd3396265?s=96&d=mm&r=g","caption":"Ana Lucia Marrou"},"url":"https:\/\/www.abrima.com\/blog\/author\/anilu\/"}]}},"amp_enabled":true,"_links":{"self":[{"href":"https:\/\/www.abrima.com\/blog\/wp-json\/wp\/v2\/posts\/804"}],"collection":[{"href":"https:\/\/www.abrima.com\/blog\/wp-json\/wp\/v2\/posts"}],"about":[{"href":"https:\/\/www.abrima.com\/blog\/wp-json\/wp\/v2\/types\/post"}],"author":[{"embeddable":true,"href":"https:\/\/www.abrima.com\/blog\/wp-json\/wp\/v2\/users\/2"}],"replies":[{"embeddable":true,"href":"https:\/\/www.abrima.com\/blog\/wp-json\/wp\/v2\/comments?post=804"}],"version-history":[{"count":1,"href":"https:\/\/www.abrima.com\/blog\/wp-json\/wp\/v2\/posts\/804\/revisions"}],"predecessor-version":[{"id":805,"href":"https:\/\/www.abrima.com\/blog\/wp-json\/wp\/v2\/posts\/804\/revisions\/805"}],"wp:attachment":[{"href":"https:\/\/www.abrima.com\/blog\/wp-json\/wp\/v2\/media?parent=804"}],"wp:term":[{"taxonomy":"category","embeddable":true,"href":"https:\/\/www.abrima.com\/blog\/wp-json\/wp\/v2\/categories?post=804"},{"taxonomy":"post_tag","embeddable":true,"href":"https:\/\/www.abrima.com\/blog\/wp-json\/wp\/v2\/tags?post=804"}],"curies":[{"name":"wp","href":"https:\/\/api.w.org\/{rel}","templated":true}]}}