{"id":779,"date":"2013-12-13T23:43:44","date_gmt":"2013-12-13T23:43:44","guid":{"rendered":"http:\/\/www.abrima.com\/blog\/?p=779"},"modified":"2013-12-13T23:43:44","modified_gmt":"2013-12-13T23:43:44","slug":"el-ano-2013-en-twitter","status":"publish","type":"post","link":"https:\/\/www.abrima.com\/blog\/el-ano-2013-en-twitter\/","title":{"rendered":"El a\u00f1o 2013 en Twitter"},"content":{"rendered":"<div><img alt=\"\" src=\"http:\/\/cdn3.ticbeat.com\/wp-content\/uploads\/2013\/12\/twitter2013-590x260.jpg\" \/><\/div>\n<p>Estamos a muy pocos d\u00edas de que 2013 llegue a su fin. Ha sido un a\u00f1o intenso durante el que han pasado muchas cosas, y todas o casi todas se han visto reflejadas en Twitter. Pero del c\u00f3mputo total,\u00a0<strong>\u00bfcu\u00e1les fueron las m\u00e1s comentadas dentro de la red del pajarito?. En torno a esta cuesti\u00f3n y otras como los\u00a0<em>tweets<\/em>\u00a0m\u00e1s\u00a0<em>retweeteados<\/em>\u00a0giran los \u00faltimos informes presentados por Twitter, uno\u00a0<a href=\"https:\/\/blog.twitter.com\/es\/2013\/2013-el-ano-en-twitter\">centrado en Espa\u00f1a<\/a>\u00a0y\u00a0<a href=\"https:\/\/blog.twitter.com\/2013\/this-year-on-twitter\">otro global<\/a>, con los que hacen balance del a\u00f1o<\/strong>.<\/p>\n<p><center><\/p>\n<div><\/div>\n<div id=\"ebzNative\"><\/div>\n<p><\/center>Respecto a Espa\u00f1a, tenemos que los\u00a0<strong>cinco eventos que generaron los mayores picos de conversaci\u00f3n fueron partidos de f\u00fatbol<\/strong>\u00a0quedando el\u00a0<em>ranking<\/em>\u00a0de m\u00e1s a menos tr\u00e1fico generado tal que as\u00ed: el del 5 de marzo del Manchester United vs. Real Madrid (Champions League), el del 23 de abril del Bayern de Munich vs. Barcelona FC (Champions League), el del 30 de abril del Real Madrid vs. Dortmund (Champions League), el del 27 de junio del Espa\u00f1a vs. Italia (Copa Confederaciones) y el del 1 de julio del Brasil vs. Espa\u00f1a (Copa Confederaciones).<\/p>\n<p>Tambi\u00e9n que dieron el salto al servicio personajes p\u00fablicos como el portero de f\u00fatbol Iker Casillas o que entre los\u00a0<strong>temas que fueron tendencia con mayor frecuencia<\/strong>\u00a0 \u2013no confundir con volumen de conversaci\u00f3n o n\u00famero de comentarios\u2013 encontramos #PuntoPelota, #CuartoMilenio o #MasterChef13 en el \u00e1mbito de la televisi\u00f3n; Toni Cant\u00f3, Wert o B\u00e1rcenas en el de la pol\u00edtica; ETA, #LeyAnti15M o #ErasmusRIP en el de noticias; #Titanic, #Oscars2013 o #PremiosGoya en el de pel\u00edculas\u2026 y as\u00ed sucesivamente hasta en un total de ocho categor\u00edas diferentes.<\/p>\n<p>En cuanto a los temas m\u00e1s comentados a nivel mundial, por meses la cosa queda as\u00ed (s\u00f3lo ponemos un tema por mes, puedes verlos todos en la web\u00a0<a href=\"https:\/\/2013.twitter.com\/#category-2013\">2013 Year on Twitter<\/a>):<\/p>\n<p>&#8211;\u00a0<strong>Enero<\/strong>: el accidente del helic\u00f3ptero que choc\u00f3 con un edificio en el centro de Londres el cual provoc\u00f3 un incendio que m\u00e1s de 80 bomberos intentaron apagar mientras testigos presenciales tweeteaban el hecho y las primeras fotos.<\/p>\n<p>&#8211;\u00a0<strong>Febrero<\/strong>: la gala de los Premios \u00d3scar durante la que la gente tuite\u00f3 m\u00e1s de 8,9 millones de<em>tweets<\/em>\u00a0relacionados con el evento y sus protagonistas.<\/p>\n<p>&#8211;\u00a0<strong>Marzo<\/strong>: el anuncio del nuevo Papa, que dio lugar a una conversaci\u00f3n global de m\u00e1s de 130.000\u00a0<em>tweets<\/em>\u00a0por minuto.<\/p>\n<p>&#8211;\u00a0<strong>Abril<\/strong>: las bombas del Marat\u00f3n de Boston, un tr\u00e1gico acontecimiento que se sald\u00f3 con tres muertos y 176 heridos y sobre el que se publicaron m\u00e1s de 27 millones de\u00a0<em>tweets<\/em>\u00a0en todo el mundo.<\/p>\n<p>&#8211;\u00a0<strong>Mayo<\/strong>: la edici\u00f3n n\u00famero 58 del festival de m\u00fasica Eurovisi\u00f3n que finalmente gan\u00f3 la cantante de Dinamarca Emmelie de Forest con el tema\u00a0<em>Only teardrops<\/em>.<\/p>\n<p>&#8211;\u00a0<strong>Junio<\/strong>: las inundaciones que sufrieron los alemanes, que fueron las peores registradas en los \u00faltimos 500 a\u00f1os y en Twitter se habl\u00f3 de ellas bajo el\u00a0<em>hashtag<\/em>\u00a0#hochwasser.<\/p>\n<p>&#8211;\u00a0<strong>Julio<\/strong>: el nacimiento del primer hijo de Guillermo de Cambridge y Kate Middleton, pr\u00edncipes de Inglaterra. En las horas posteriores a la noticia, hubo m\u00e1s de 2 millones de\u00a0<em>tweets<\/em>.<\/p>\n<p>&#8211;\u00a0<strong>Agosto<\/strong>: la emisi\u00f3n en televisi\u00f3n de la pel\u00edcula japonesa de dibujos animados\u00a0<em>El castillo en el Cielo<\/em>, que estableci\u00f3 un nuevo r\u00e9cord de\u00a0<em>tweets<\/em>\u00a0mundiales por segundo.<\/p>\n<p>&#8211;\u00a0<strong>Septiembre<\/strong>: la quinta edici\u00f3n del festival musical Rock In Rio que tuvo lugar en R\u00edo de Janeiro (Brasil) entre el 13 y el 22 de septiembre de 2013 y gener\u00f3 m\u00e1s de 8 millones de<em>tweets<\/em>.<\/p>\n<p>&#8211;\u00a0<strong>Octubre<\/strong>: el cierre del gobierno de EE.UU. que dur\u00f3 16 d\u00edas. Provoc\u00f3 mucha controversia y Twitter se llen\u00f3 de debates y peleas pol\u00edticas sobre el asunto.<\/p>\n<p>&#8211;\u00a0<strong>Noviembre<\/strong>: el 50 cumplea\u00f1os de la serie de televisi\u00f3n\u00a0<em>Doctor Who<\/em>. Para celebrarlo se estren\u00f3 un cap\u00edtulo especial,\u00a0<em>El d\u00eda del doctor<\/em>, que fue transmitido simult\u00e1neamente en televisi\u00f3n y cines en 75 pa\u00edses. En pocas horas s\u00f3lo una de las etiquetas relacionadas con el asunto, #reservaeld\u00eda, fue utilizada m\u00e1s de 600.000 veces.<\/p>\n<p>&#8211;\u00a0<strong>Diciembre<\/strong>: la muerte de Nelson Mandela a la edad de 95 a\u00f1os, ante lo que muchos acudieron a Twitter para rendirle tributo con mensajes acompa\u00f1ados del\u00a0<em>hashtag<\/em>#DEPMandela.<\/p>\n<p><strong>\u00bfQu\u00e9 nos deparar\u00e1 el 2014?<\/strong>\u00a0No lo sabemos. Lo que s\u00ed sabemos seguro es que lo m\u00e1s importante quedar\u00e1 registrado en Twitter, Facebook y dem\u00e1s grandes actores de la red como viene ocurriendo desde hace algunos a\u00f1os.<\/p>\n<p>FUENTE: <a href=\"http:\/\/www.ticbeat.com\/socialmedia\/el-ano-2013-en-twitter\/\">ticbeat.com<\/a><\/p>\n","protected":false},"excerpt":{"rendered":"<p>Estamos a muy pocos d\u00edas de que 2013 llegue a su fin. Ha sido un a\u00f1o intenso durante el que han pasado muchas cosas, y [&hellip;]<\/p>\n","protected":false},"author":2,"featured_media":0,"comment_status":"open","ping_status":"open","sticky":false,"template":"","format":"standard","meta":{"_monsterinsights_skip_tracking":false,"_monsterinsights_sitenote_active":false,"_monsterinsights_sitenote_note":"","_monsterinsights_sitenote_category":0},"categories":[],"tags":[],"yoast_head":"<!-- This site is optimized with the Yoast SEO plugin v19.1 - https:\/\/yoast.com\/wordpress\/plugins\/seo\/ -->\n<title>El a\u00f1o 2013 en Twitter - Blog de Tecnolog\u00eda - Abrima<\/title>\n<meta name=\"robots\" content=\"index, follow, max-snippet:-1, max-image-preview:large, max-video-preview:-1\" \/>\n<link rel=\"canonical\" href=\"https:\/\/www.abrima.com\/blog\/el-ano-2013-en-twitter\/\" \/>\n<meta property=\"og:locale\" content=\"es_ES\" \/>\n<meta property=\"og:type\" content=\"article\" \/>\n<meta property=\"og:title\" content=\"El a\u00f1o 2013 en Twitter - Blog de Tecnolog\u00eda - Abrima\" \/>\n<meta property=\"og:description\" content=\"Estamos a muy pocos d\u00edas de que 2013 llegue a su fin. Ha sido un a\u00f1o intenso durante el que han pasado muchas cosas, y [&hellip;]\" \/>\n<meta property=\"og:url\" content=\"https:\/\/www.abrima.com\/blog\/el-ano-2013-en-twitter\/\" \/>\n<meta property=\"og:site_name\" content=\"Blog de Tecnolog\u00eda - Abrima\" \/>\n<meta property=\"article:publisher\" content=\"https:\/\/www.facebook.com\/abrimawebs\/\" \/>\n<meta property=\"article:published_time\" content=\"2013-12-13T23:43:44+00:00\" \/>\n<meta property=\"og:image\" content=\"http:\/\/cdn3.ticbeat.com\/wp-content\/uploads\/2013\/12\/twitter2013-590x260.jpg\" \/>\n<meta name=\"twitter:label1\" content=\"Escrito por\" \/>\n\t<meta name=\"twitter:data1\" content=\"Ana Lucia Marrou\" \/>\n\t<meta name=\"twitter:label2\" content=\"Tiempo de lectura\" \/>\n\t<meta name=\"twitter:data2\" content=\"4 minutos\" \/>\n<script type=\"application\/ld+json\" class=\"yoast-schema-graph\">{\"@context\":\"https:\/\/schema.org\",\"@graph\":[{\"@type\":\"Organization\",\"@id\":\"https:\/\/www.abrima.com\/blog\/#organization\",\"name\":\"Abrima\",\"url\":\"https:\/\/www.abrima.com\/blog\/\",\"sameAs\":[\"https:\/\/www.linkedin.com\/company\/abrima-soluciones-web\/\",\"https:\/\/www.youtube.com\/user\/abrimawebs\",\"https:\/\/www.facebook.com\/abrimawebs\/\",\"https:\/\/twitter.com\/abrimaweb\"],\"logo\":{\"@type\":\"ImageObject\",\"inLanguage\":\"es\",\"@id\":\"https:\/\/www.abrima.com\/blog\/#\/schema\/logo\/image\/\",\"url\":\"https:\/\/www.abrima.com\/blog\/wp-content\/uploads\/2018\/03\/abrima-logo.png\",\"contentUrl\":\"https:\/\/www.abrima.com\/blog\/wp-content\/uploads\/2018\/03\/abrima-logo.png\",\"width\":700,\"height\":700,\"caption\":\"Abrima\"},\"image\":{\"@id\":\"https:\/\/www.abrima.com\/blog\/#\/schema\/logo\/image\/\"}},{\"@type\":\"WebSite\",\"@id\":\"https:\/\/www.abrima.com\/blog\/#website\",\"url\":\"https:\/\/www.abrima.com\/blog\/\",\"name\":\"Blog de Tecnolog\u00eda - Abrima\",\"description\":\"Blog sobre todo lo relacionado con Cloud, Marketing Digital y Web\",\"publisher\":{\"@id\":\"https:\/\/www.abrima.com\/blog\/#organization\"},\"potentialAction\":[{\"@type\":\"SearchAction\",\"target\":{\"@type\":\"EntryPoint\",\"urlTemplate\":\"https:\/\/www.abrima.com\/blog\/?s={search_term_string}\"},\"query-input\":\"required name=search_term_string\"}],\"inLanguage\":\"es\"},{\"@type\":\"ImageObject\",\"inLanguage\":\"es\",\"@id\":\"https:\/\/www.abrima.com\/blog\/el-ano-2013-en-twitter\/#primaryimage\",\"url\":\"http:\/\/cdn3.ticbeat.com\/wp-content\/uploads\/2013\/12\/twitter2013-590x260.jpg\",\"contentUrl\":\"http:\/\/cdn3.ticbeat.com\/wp-content\/uploads\/2013\/12\/twitter2013-590x260.jpg\"},{\"@type\":\"WebPage\",\"@id\":\"https:\/\/www.abrima.com\/blog\/el-ano-2013-en-twitter\/#webpage\",\"url\":\"https:\/\/www.abrima.com\/blog\/el-ano-2013-en-twitter\/\",\"name\":\"El a\u00f1o 2013 en Twitter - Blog de Tecnolog\u00eda - Abrima\",\"isPartOf\":{\"@id\":\"https:\/\/www.abrima.com\/blog\/#website\"},\"primaryImageOfPage\":{\"@id\":\"https:\/\/www.abrima.com\/blog\/el-ano-2013-en-twitter\/#primaryimage\"},\"datePublished\":\"2013-12-13T23:43:44+00:00\",\"dateModified\":\"2013-12-13T23:43:44+00:00\",\"breadcrumb\":{\"@id\":\"https:\/\/www.abrima.com\/blog\/el-ano-2013-en-twitter\/#breadcrumb\"},\"inLanguage\":\"es\",\"potentialAction\":[{\"@type\":\"ReadAction\",\"target\":[\"https:\/\/www.abrima.com\/blog\/el-ano-2013-en-twitter\/\"]}]},{\"@type\":\"BreadcrumbList\",\"@id\":\"https:\/\/www.abrima.com\/blog\/el-ano-2013-en-twitter\/#breadcrumb\",\"itemListElement\":[{\"@type\":\"ListItem\",\"position\":1,\"name\":\"Portada\",\"item\":\"https:\/\/www.abrima.com\/blog\/\"},{\"@type\":\"ListItem\",\"position\":2,\"name\":\"El a\u00f1o 2013 en Twitter\"}]},{\"@type\":\"Article\",\"@id\":\"https:\/\/www.abrima.com\/blog\/el-ano-2013-en-twitter\/#article\",\"isPartOf\":{\"@id\":\"https:\/\/www.abrima.com\/blog\/el-ano-2013-en-twitter\/#webpage\"},\"author\":{\"@id\":\"https:\/\/www.abrima.com\/blog\/#\/schema\/person\/70ccd8d5617e3a3d6d5121086c3bb00f\"},\"headline\":\"El a\u00f1o 2013 en Twitter\",\"datePublished\":\"2013-12-13T23:43:44+00:00\",\"dateModified\":\"2013-12-13T23:43:44+00:00\",\"mainEntityOfPage\":{\"@id\":\"https:\/\/www.abrima.com\/blog\/el-ano-2013-en-twitter\/#webpage\"},\"wordCount\":762,\"commentCount\":0,\"publisher\":{\"@id\":\"https:\/\/www.abrima.com\/blog\/#organization\"},\"image\":{\"@id\":\"https:\/\/www.abrima.com\/blog\/el-ano-2013-en-twitter\/#primaryimage\"},\"thumbnailUrl\":\"http:\/\/cdn3.ticbeat.com\/wp-content\/uploads\/2013\/12\/twitter2013-590x260.jpg\",\"inLanguage\":\"es\",\"potentialAction\":[{\"@type\":\"CommentAction\",\"name\":\"Comment\",\"target\":[\"https:\/\/www.abrima.com\/blog\/el-ano-2013-en-twitter\/#respond\"]}]},{\"@type\":\"Person\",\"@id\":\"https:\/\/www.abrima.com\/blog\/#\/schema\/person\/70ccd8d5617e3a3d6d5121086c3bb00f\",\"name\":\"Ana Lucia Marrou\",\"image\":{\"@type\":\"ImageObject\",\"inLanguage\":\"es\",\"@id\":\"https:\/\/www.abrima.com\/blog\/#\/schema\/person\/image\/\",\"url\":\"https:\/\/secure.gravatar.com\/avatar\/90bc8b721d14c58be266256fd3396265?s=96&d=mm&r=g\",\"contentUrl\":\"https:\/\/secure.gravatar.com\/avatar\/90bc8b721d14c58be266256fd3396265?s=96&d=mm&r=g\",\"caption\":\"Ana Lucia Marrou\"},\"url\":\"https:\/\/www.abrima.com\/blog\/author\/anilu\/\"}]}<\/script>\n<!-- \/ Yoast SEO plugin. -->","yoast_head_json":{"title":"El a\u00f1o 2013 en Twitter - Blog de Tecnolog\u00eda - Abrima","robots":{"index":"index","follow":"follow","max-snippet":"max-snippet:-1","max-image-preview":"max-image-preview:large","max-video-preview":"max-video-preview:-1"},"canonical":"https:\/\/www.abrima.com\/blog\/el-ano-2013-en-twitter\/","og_locale":"es_ES","og_type":"article","og_title":"El a\u00f1o 2013 en Twitter - Blog de Tecnolog\u00eda - Abrima","og_description":"Estamos a muy pocos d\u00edas de que 2013 llegue a su fin. Ha sido un a\u00f1o intenso durante el que han pasado muchas cosas, y [&hellip;]","og_url":"https:\/\/www.abrima.com\/blog\/el-ano-2013-en-twitter\/","og_site_name":"Blog de Tecnolog\u00eda - Abrima","article_publisher":"https:\/\/www.facebook.com\/abrimawebs\/","article_published_time":"2013-12-13T23:43:44+00:00","og_image":[{"url":"http:\/\/cdn3.ticbeat.com\/wp-content\/uploads\/2013\/12\/twitter2013-590x260.jpg"}],"twitter_misc":{"Escrito por":"Ana Lucia Marrou","Tiempo de lectura":"4 minutos"},"schema":{"@context":"https:\/\/schema.org","@graph":[{"@type":"Organization","@id":"https:\/\/www.abrima.com\/blog\/#organization","name":"Abrima","url":"https:\/\/www.abrima.com\/blog\/","sameAs":["https:\/\/www.linkedin.com\/company\/abrima-soluciones-web\/","https:\/\/www.youtube.com\/user\/abrimawebs","https:\/\/www.facebook.com\/abrimawebs\/","https:\/\/twitter.com\/abrimaweb"],"logo":{"@type":"ImageObject","inLanguage":"es","@id":"https:\/\/www.abrima.com\/blog\/#\/schema\/logo\/image\/","url":"https:\/\/www.abrima.com\/blog\/wp-content\/uploads\/2018\/03\/abrima-logo.png","contentUrl":"https:\/\/www.abrima.com\/blog\/wp-content\/uploads\/2018\/03\/abrima-logo.png","width":700,"height":700,"caption":"Abrima"},"image":{"@id":"https:\/\/www.abrima.com\/blog\/#\/schema\/logo\/image\/"}},{"@type":"WebSite","@id":"https:\/\/www.abrima.com\/blog\/#website","url":"https:\/\/www.abrima.com\/blog\/","name":"Blog de Tecnolog\u00eda - Abrima","description":"Blog sobre todo lo relacionado con Cloud, Marketing Digital y Web","publisher":{"@id":"https:\/\/www.abrima.com\/blog\/#organization"},"potentialAction":[{"@type":"SearchAction","target":{"@type":"EntryPoint","urlTemplate":"https:\/\/www.abrima.com\/blog\/?s={search_term_string}"},"query-input":"required name=search_term_string"}],"inLanguage":"es"},{"@type":"ImageObject","inLanguage":"es","@id":"https:\/\/www.abrima.com\/blog\/el-ano-2013-en-twitter\/#primaryimage","url":"http:\/\/cdn3.ticbeat.com\/wp-content\/uploads\/2013\/12\/twitter2013-590x260.jpg","contentUrl":"http:\/\/cdn3.ticbeat.com\/wp-content\/uploads\/2013\/12\/twitter2013-590x260.jpg"},{"@type":"WebPage","@id":"https:\/\/www.abrima.com\/blog\/el-ano-2013-en-twitter\/#webpage","url":"https:\/\/www.abrima.com\/blog\/el-ano-2013-en-twitter\/","name":"El a\u00f1o 2013 en Twitter - Blog de Tecnolog\u00eda - Abrima","isPartOf":{"@id":"https:\/\/www.abrima.com\/blog\/#website"},"primaryImageOfPage":{"@id":"https:\/\/www.abrima.com\/blog\/el-ano-2013-en-twitter\/#primaryimage"},"datePublished":"2013-12-13T23:43:44+00:00","dateModified":"2013-12-13T23:43:44+00:00","breadcrumb":{"@id":"https:\/\/www.abrima.com\/blog\/el-ano-2013-en-twitter\/#breadcrumb"},"inLanguage":"es","potentialAction":[{"@type":"ReadAction","target":["https:\/\/www.abrima.com\/blog\/el-ano-2013-en-twitter\/"]}]},{"@type":"BreadcrumbList","@id":"https:\/\/www.abrima.com\/blog\/el-ano-2013-en-twitter\/#breadcrumb","itemListElement":[{"@type":"ListItem","position":1,"name":"Portada","item":"https:\/\/www.abrima.com\/blog\/"},{"@type":"ListItem","position":2,"name":"El a\u00f1o 2013 en Twitter"}]},{"@type":"Article","@id":"https:\/\/www.abrima.com\/blog\/el-ano-2013-en-twitter\/#article","isPartOf":{"@id":"https:\/\/www.abrima.com\/blog\/el-ano-2013-en-twitter\/#webpage"},"author":{"@id":"https:\/\/www.abrima.com\/blog\/#\/schema\/person\/70ccd8d5617e3a3d6d5121086c3bb00f"},"headline":"El a\u00f1o 2013 en Twitter","datePublished":"2013-12-13T23:43:44+00:00","dateModified":"2013-12-13T23:43:44+00:00","mainEntityOfPage":{"@id":"https:\/\/www.abrima.com\/blog\/el-ano-2013-en-twitter\/#webpage"},"wordCount":762,"commentCount":0,"publisher":{"@id":"https:\/\/www.abrima.com\/blog\/#organization"},"image":{"@id":"https:\/\/www.abrima.com\/blog\/el-ano-2013-en-twitter\/#primaryimage"},"thumbnailUrl":"http:\/\/cdn3.ticbeat.com\/wp-content\/uploads\/2013\/12\/twitter2013-590x260.jpg","inLanguage":"es","potentialAction":[{"@type":"CommentAction","name":"Comment","target":["https:\/\/www.abrima.com\/blog\/el-ano-2013-en-twitter\/#respond"]}]},{"@type":"Person","@id":"https:\/\/www.abrima.com\/blog\/#\/schema\/person\/70ccd8d5617e3a3d6d5121086c3bb00f","name":"Ana Lucia Marrou","image":{"@type":"ImageObject","inLanguage":"es","@id":"https:\/\/www.abrima.com\/blog\/#\/schema\/person\/image\/","url":"https:\/\/secure.gravatar.com\/avatar\/90bc8b721d14c58be266256fd3396265?s=96&d=mm&r=g","contentUrl":"https:\/\/secure.gravatar.com\/avatar\/90bc8b721d14c58be266256fd3396265?s=96&d=mm&r=g","caption":"Ana Lucia Marrou"},"url":"https:\/\/www.abrima.com\/blog\/author\/anilu\/"}]}},"amp_enabled":true,"_links":{"self":[{"href":"https:\/\/www.abrima.com\/blog\/wp-json\/wp\/v2\/posts\/779"}],"collection":[{"href":"https:\/\/www.abrima.com\/blog\/wp-json\/wp\/v2\/posts"}],"about":[{"href":"https:\/\/www.abrima.com\/blog\/wp-json\/wp\/v2\/types\/post"}],"author":[{"embeddable":true,"href":"https:\/\/www.abrima.com\/blog\/wp-json\/wp\/v2\/users\/2"}],"replies":[{"embeddable":true,"href":"https:\/\/www.abrima.com\/blog\/wp-json\/wp\/v2\/comments?post=779"}],"version-history":[{"count":1,"href":"https:\/\/www.abrima.com\/blog\/wp-json\/wp\/v2\/posts\/779\/revisions"}],"predecessor-version":[{"id":780,"href":"https:\/\/www.abrima.com\/blog\/wp-json\/wp\/v2\/posts\/779\/revisions\/780"}],"wp:attachment":[{"href":"https:\/\/www.abrima.com\/blog\/wp-json\/wp\/v2\/media?parent=779"}],"wp:term":[{"taxonomy":"category","embeddable":true,"href":"https:\/\/www.abrima.com\/blog\/wp-json\/wp\/v2\/categories?post=779"},{"taxonomy":"post_tag","embeddable":true,"href":"https:\/\/www.abrima.com\/blog\/wp-json\/wp\/v2\/tags?post=779"}],"curies":[{"name":"wp","href":"https:\/\/api.w.org\/{rel}","templated":true}]}}