{"id":775,"date":"2013-12-13T23:38:01","date_gmt":"2013-12-13T23:38:01","guid":{"rendered":"http:\/\/www.abrima.com\/blog\/?p=775"},"modified":"2013-12-13T23:38:01","modified_gmt":"2013-12-13T23:38:01","slug":"adios-carteros-canada-eliminara-el-reparto-de-correo-domicilio","status":"publish","type":"post","link":"https:\/\/www.abrima.com\/blog\/adios-carteros-canada-eliminara-el-reparto-de-correo-domicilio\/","title":{"rendered":"Adi\u00f3s a carteros: Canad\u00e1 eliminar\u00e1 el reparto de correo a domicilio"},"content":{"rendered":"<p>El servicio postal de Canad\u00e1 eliminar\u00e1 de manera paulatina el reparto urbano de correo a domicilio dentro de cinco a\u00f1os y aumentar\u00e1 el costo de los sellos para tratar de frenar las p\u00e9rdidas.<\/p>\n<p>La oficina de correos Canada Post, como el Servicio Postal de Estados Unidos, sufre a medida que los clientes se cambian a las comunicaciones digitales.<\/p>\n<p>A mediados de este a\u00f1o se inform\u00f3 del riesgo de quedar sin liquidez a mediados de 2014 a menos que se hicieran cambios importantes.<\/p>\n<p>La corporaci\u00f3n propiedad del gobierno, que tiene la obligaci\u00f3n de autofinanciarse, report\u00f3 el mes pasado unas p\u00e9rdidas de 109 millones de d\u00f3lares canadienses antes de impuestos en el tercer trimestre y dijo que el volumen de correo hab\u00eda ca\u00eddo un 7,3 por ciento respecto al mismo periodo de 2012.<\/p>\n<p>Seg\u00fan el plan, se ir\u00e1 eliminando poco a poco y ser\u00e1 sustituido por un sistema de buzones comunitarios.<\/p>\n<p><b>\u00abCon el actual declive del correo escrito -entregamos mil millones menos de correos en 2012 que en 2006- ten\u00edamos que hacer cambios\u00bb,\u00a0<\/b>dijo el portavoz John Hamilton.<\/p>\n<p>El partido de oposici\u00f3n New Democratic Party (NDP)\u00a0<b id=\"aui_3_2_0_1467\">dijo que los cambios afectar\u00edan a los jubilados, que dependen de la entrega del correo a domicilio en los meses de invierno.<\/b><\/p>\n<p>Los cambios implicar\u00e1n el recorte de entre 6.000 y 8.000 empleos.<\/p>\n<p>FUENTE: <a href=\"http:\/\/diariocorreo.pe\/movil\/ultimas\/noticias\/7594163\/edicion+lima\/adios-a-carteros-canada-eliminara-el-repart\">diariocorreo.pe<\/a><\/p>\n","protected":false},"excerpt":{"rendered":"<p>El servicio postal de Canad\u00e1 eliminar\u00e1 de manera paulatina el reparto urbano de correo a domicilio dentro de cinco a\u00f1os y aumentar\u00e1 el costo de [&hellip;]<\/p>\n","protected":false},"author":2,"featured_media":0,"comment_status":"open","ping_status":"open","sticky":false,"template":"","format":"standard","meta":{"_monsterinsights_skip_tracking":false,"_monsterinsights_sitenote_active":false,"_monsterinsights_sitenote_note":"","_monsterinsights_sitenote_category":0},"categories":[],"tags":[],"yoast_head":"<!-- This site is optimized with the Yoast SEO plugin v19.1 - https:\/\/yoast.com\/wordpress\/plugins\/seo\/ -->\n<title>Adi\u00f3s a carteros: Canad\u00e1 eliminar\u00e1 el reparto de correo a domicilio - Blog de Tecnolog\u00eda - Abrima<\/title>\n<meta name=\"robots\" content=\"index, follow, max-snippet:-1, max-image-preview:large, max-video-preview:-1\" \/>\n<link rel=\"canonical\" href=\"https:\/\/www.abrima.com\/blog\/adios-carteros-canada-eliminara-el-reparto-de-correo-domicilio\/\" \/>\n<meta property=\"og:locale\" content=\"es_ES\" \/>\n<meta property=\"og:type\" content=\"article\" \/>\n<meta property=\"og:title\" content=\"Adi\u00f3s a carteros: Canad\u00e1 eliminar\u00e1 el reparto de correo a domicilio - Blog de Tecnolog\u00eda - Abrima\" \/>\n<meta property=\"og:description\" content=\"El servicio postal de Canad\u00e1 eliminar\u00e1 de manera paulatina el reparto urbano de correo a domicilio dentro de cinco a\u00f1os y aumentar\u00e1 el costo de [&hellip;]\" \/>\n<meta property=\"og:url\" content=\"https:\/\/www.abrima.com\/blog\/adios-carteros-canada-eliminara-el-reparto-de-correo-domicilio\/\" \/>\n<meta property=\"og:site_name\" content=\"Blog de Tecnolog\u00eda - Abrima\" \/>\n<meta property=\"article:publisher\" content=\"https:\/\/www.facebook.com\/abrimawebs\/\" \/>\n<meta property=\"article:published_time\" content=\"2013-12-13T23:38:01+00:00\" \/>\n<meta name=\"twitter:label1\" content=\"Escrito por\" \/>\n\t<meta name=\"twitter:data1\" content=\"Ana Lucia Marrou\" \/>\n\t<meta name=\"twitter:label2\" content=\"Tiempo de lectura\" \/>\n\t<meta name=\"twitter:data2\" content=\"1 minuto\" \/>\n<script type=\"application\/ld+json\" class=\"yoast-schema-graph\">{\"@context\":\"https:\/\/schema.org\",\"@graph\":[{\"@type\":\"Organization\",\"@id\":\"https:\/\/www.abrima.com\/blog\/#organization\",\"name\":\"Abrima\",\"url\":\"https:\/\/www.abrima.com\/blog\/\",\"sameAs\":[\"https:\/\/www.linkedin.com\/company\/abrima-soluciones-web\/\",\"https:\/\/www.youtube.com\/user\/abrimawebs\",\"https:\/\/www.facebook.com\/abrimawebs\/\",\"https:\/\/twitter.com\/abrimaweb\"],\"logo\":{\"@type\":\"ImageObject\",\"inLanguage\":\"es\",\"@id\":\"https:\/\/www.abrima.com\/blog\/#\/schema\/logo\/image\/\",\"url\":\"https:\/\/www.abrima.com\/blog\/wp-content\/uploads\/2018\/03\/abrima-logo.png\",\"contentUrl\":\"https:\/\/www.abrima.com\/blog\/wp-content\/uploads\/2018\/03\/abrima-logo.png\",\"width\":700,\"height\":700,\"caption\":\"Abrima\"},\"image\":{\"@id\":\"https:\/\/www.abrima.com\/blog\/#\/schema\/logo\/image\/\"}},{\"@type\":\"WebSite\",\"@id\":\"https:\/\/www.abrima.com\/blog\/#website\",\"url\":\"https:\/\/www.abrima.com\/blog\/\",\"name\":\"Blog de Tecnolog\u00eda - Abrima\",\"description\":\"Blog sobre todo lo relacionado con Cloud, Marketing Digital y Web\",\"publisher\":{\"@id\":\"https:\/\/www.abrima.com\/blog\/#organization\"},\"potentialAction\":[{\"@type\":\"SearchAction\",\"target\":{\"@type\":\"EntryPoint\",\"urlTemplate\":\"https:\/\/www.abrima.com\/blog\/?s={search_term_string}\"},\"query-input\":\"required name=search_term_string\"}],\"inLanguage\":\"es\"},{\"@type\":\"WebPage\",\"@id\":\"https:\/\/www.abrima.com\/blog\/adios-carteros-canada-eliminara-el-reparto-de-correo-domicilio\/#webpage\",\"url\":\"https:\/\/www.abrima.com\/blog\/adios-carteros-canada-eliminara-el-reparto-de-correo-domicilio\/\",\"name\":\"Adi\u00f3s a carteros: Canad\u00e1 eliminar\u00e1 el reparto de correo a domicilio - Blog de Tecnolog\u00eda - Abrima\",\"isPartOf\":{\"@id\":\"https:\/\/www.abrima.com\/blog\/#website\"},\"datePublished\":\"2013-12-13T23:38:01+00:00\",\"dateModified\":\"2013-12-13T23:38:01+00:00\",\"breadcrumb\":{\"@id\":\"https:\/\/www.abrima.com\/blog\/adios-carteros-canada-eliminara-el-reparto-de-correo-domicilio\/#breadcrumb\"},\"inLanguage\":\"es\",\"potentialAction\":[{\"@type\":\"ReadAction\",\"target\":[\"https:\/\/www.abrima.com\/blog\/adios-carteros-canada-eliminara-el-reparto-de-correo-domicilio\/\"]}]},{\"@type\":\"BreadcrumbList\",\"@id\":\"https:\/\/www.abrima.com\/blog\/adios-carteros-canada-eliminara-el-reparto-de-correo-domicilio\/#breadcrumb\",\"itemListElement\":[{\"@type\":\"ListItem\",\"position\":1,\"name\":\"Portada\",\"item\":\"https:\/\/www.abrima.com\/blog\/\"},{\"@type\":\"ListItem\",\"position\":2,\"name\":\"Adi\u00f3s a carteros: Canad\u00e1 eliminar\u00e1 el reparto de correo a domicilio\"}]},{\"@type\":\"Article\",\"@id\":\"https:\/\/www.abrima.com\/blog\/adios-carteros-canada-eliminara-el-reparto-de-correo-domicilio\/#article\",\"isPartOf\":{\"@id\":\"https:\/\/www.abrima.com\/blog\/adios-carteros-canada-eliminara-el-reparto-de-correo-domicilio\/#webpage\"},\"author\":{\"@id\":\"https:\/\/www.abrima.com\/blog\/#\/schema\/person\/70ccd8d5617e3a3d6d5121086c3bb00f\"},\"headline\":\"Adi\u00f3s a carteros: Canad\u00e1 eliminar\u00e1 el reparto de correo a domicilio\",\"datePublished\":\"2013-12-13T23:38:01+00:00\",\"dateModified\":\"2013-12-13T23:38:01+00:00\",\"mainEntityOfPage\":{\"@id\":\"https:\/\/www.abrima.com\/blog\/adios-carteros-canada-eliminara-el-reparto-de-correo-domicilio\/#webpage\"},\"wordCount\":239,\"commentCount\":0,\"publisher\":{\"@id\":\"https:\/\/www.abrima.com\/blog\/#organization\"},\"inLanguage\":\"es\",\"potentialAction\":[{\"@type\":\"CommentAction\",\"name\":\"Comment\",\"target\":[\"https:\/\/www.abrima.com\/blog\/adios-carteros-canada-eliminara-el-reparto-de-correo-domicilio\/#respond\"]}]},{\"@type\":\"Person\",\"@id\":\"https:\/\/www.abrima.com\/blog\/#\/schema\/person\/70ccd8d5617e3a3d6d5121086c3bb00f\",\"name\":\"Ana Lucia Marrou\",\"image\":{\"@type\":\"ImageObject\",\"inLanguage\":\"es\",\"@id\":\"https:\/\/www.abrima.com\/blog\/#\/schema\/person\/image\/\",\"url\":\"https:\/\/secure.gravatar.com\/avatar\/90bc8b721d14c58be266256fd3396265?s=96&d=mm&r=g\",\"contentUrl\":\"https:\/\/secure.gravatar.com\/avatar\/90bc8b721d14c58be266256fd3396265?s=96&d=mm&r=g\",\"caption\":\"Ana Lucia Marrou\"},\"url\":\"https:\/\/www.abrima.com\/blog\/author\/anilu\/\"}]}<\/script>\n<!-- \/ Yoast SEO plugin. -->","yoast_head_json":{"title":"Adi\u00f3s a carteros: Canad\u00e1 eliminar\u00e1 el reparto de correo a domicilio - Blog de Tecnolog\u00eda - Abrima","robots":{"index":"index","follow":"follow","max-snippet":"max-snippet:-1","max-image-preview":"max-image-preview:large","max-video-preview":"max-video-preview:-1"},"canonical":"https:\/\/www.abrima.com\/blog\/adios-carteros-canada-eliminara-el-reparto-de-correo-domicilio\/","og_locale":"es_ES","og_type":"article","og_title":"Adi\u00f3s a carteros: Canad\u00e1 eliminar\u00e1 el reparto de correo a domicilio - Blog de Tecnolog\u00eda - Abrima","og_description":"El servicio postal de Canad\u00e1 eliminar\u00e1 de manera paulatina el reparto urbano de correo a domicilio dentro de cinco a\u00f1os y aumentar\u00e1 el costo de [&hellip;]","og_url":"https:\/\/www.abrima.com\/blog\/adios-carteros-canada-eliminara-el-reparto-de-correo-domicilio\/","og_site_name":"Blog de Tecnolog\u00eda - Abrima","article_publisher":"https:\/\/www.facebook.com\/abrimawebs\/","article_published_time":"2013-12-13T23:38:01+00:00","twitter_misc":{"Escrito por":"Ana Lucia Marrou","Tiempo de lectura":"1 minuto"},"schema":{"@context":"https:\/\/schema.org","@graph":[{"@type":"Organization","@id":"https:\/\/www.abrima.com\/blog\/#organization","name":"Abrima","url":"https:\/\/www.abrima.com\/blog\/","sameAs":["https:\/\/www.linkedin.com\/company\/abrima-soluciones-web\/","https:\/\/www.youtube.com\/user\/abrimawebs","https:\/\/www.facebook.com\/abrimawebs\/","https:\/\/twitter.com\/abrimaweb"],"logo":{"@type":"ImageObject","inLanguage":"es","@id":"https:\/\/www.abrima.com\/blog\/#\/schema\/logo\/image\/","url":"https:\/\/www.abrima.com\/blog\/wp-content\/uploads\/2018\/03\/abrima-logo.png","contentUrl":"https:\/\/www.abrima.com\/blog\/wp-content\/uploads\/2018\/03\/abrima-logo.png","width":700,"height":700,"caption":"Abrima"},"image":{"@id":"https:\/\/www.abrima.com\/blog\/#\/schema\/logo\/image\/"}},{"@type":"WebSite","@id":"https:\/\/www.abrima.com\/blog\/#website","url":"https:\/\/www.abrima.com\/blog\/","name":"Blog de Tecnolog\u00eda - Abrima","description":"Blog sobre todo lo relacionado con Cloud, Marketing Digital y Web","publisher":{"@id":"https:\/\/www.abrima.com\/blog\/#organization"},"potentialAction":[{"@type":"SearchAction","target":{"@type":"EntryPoint","urlTemplate":"https:\/\/www.abrima.com\/blog\/?s={search_term_string}"},"query-input":"required name=search_term_string"}],"inLanguage":"es"},{"@type":"WebPage","@id":"https:\/\/www.abrima.com\/blog\/adios-carteros-canada-eliminara-el-reparto-de-correo-domicilio\/#webpage","url":"https:\/\/www.abrima.com\/blog\/adios-carteros-canada-eliminara-el-reparto-de-correo-domicilio\/","name":"Adi\u00f3s a carteros: Canad\u00e1 eliminar\u00e1 el reparto de correo a domicilio - Blog de Tecnolog\u00eda - Abrima","isPartOf":{"@id":"https:\/\/www.abrima.com\/blog\/#website"},"datePublished":"2013-12-13T23:38:01+00:00","dateModified":"2013-12-13T23:38:01+00:00","breadcrumb":{"@id":"https:\/\/www.abrima.com\/blog\/adios-carteros-canada-eliminara-el-reparto-de-correo-domicilio\/#breadcrumb"},"inLanguage":"es","potentialAction":[{"@type":"ReadAction","target":["https:\/\/www.abrima.com\/blog\/adios-carteros-canada-eliminara-el-reparto-de-correo-domicilio\/"]}]},{"@type":"BreadcrumbList","@id":"https:\/\/www.abrima.com\/blog\/adios-carteros-canada-eliminara-el-reparto-de-correo-domicilio\/#breadcrumb","itemListElement":[{"@type":"ListItem","position":1,"name":"Portada","item":"https:\/\/www.abrima.com\/blog\/"},{"@type":"ListItem","position":2,"name":"Adi\u00f3s a carteros: Canad\u00e1 eliminar\u00e1 el reparto de correo a domicilio"}]},{"@type":"Article","@id":"https:\/\/www.abrima.com\/blog\/adios-carteros-canada-eliminara-el-reparto-de-correo-domicilio\/#article","isPartOf":{"@id":"https:\/\/www.abrima.com\/blog\/adios-carteros-canada-eliminara-el-reparto-de-correo-domicilio\/#webpage"},"author":{"@id":"https:\/\/www.abrima.com\/blog\/#\/schema\/person\/70ccd8d5617e3a3d6d5121086c3bb00f"},"headline":"Adi\u00f3s a carteros: Canad\u00e1 eliminar\u00e1 el reparto de correo a domicilio","datePublished":"2013-12-13T23:38:01+00:00","dateModified":"2013-12-13T23:38:01+00:00","mainEntityOfPage":{"@id":"https:\/\/www.abrima.com\/blog\/adios-carteros-canada-eliminara-el-reparto-de-correo-domicilio\/#webpage"},"wordCount":239,"commentCount":0,"publisher":{"@id":"https:\/\/www.abrima.com\/blog\/#organization"},"inLanguage":"es","potentialAction":[{"@type":"CommentAction","name":"Comment","target":["https:\/\/www.abrima.com\/blog\/adios-carteros-canada-eliminara-el-reparto-de-correo-domicilio\/#respond"]}]},{"@type":"Person","@id":"https:\/\/www.abrima.com\/blog\/#\/schema\/person\/70ccd8d5617e3a3d6d5121086c3bb00f","name":"Ana Lucia Marrou","image":{"@type":"ImageObject","inLanguage":"es","@id":"https:\/\/www.abrima.com\/blog\/#\/schema\/person\/image\/","url":"https:\/\/secure.gravatar.com\/avatar\/90bc8b721d14c58be266256fd3396265?s=96&d=mm&r=g","contentUrl":"https:\/\/secure.gravatar.com\/avatar\/90bc8b721d14c58be266256fd3396265?s=96&d=mm&r=g","caption":"Ana Lucia Marrou"},"url":"https:\/\/www.abrima.com\/blog\/author\/anilu\/"}]}},"amp_enabled":true,"_links":{"self":[{"href":"https:\/\/www.abrima.com\/blog\/wp-json\/wp\/v2\/posts\/775"}],"collection":[{"href":"https:\/\/www.abrima.com\/blog\/wp-json\/wp\/v2\/posts"}],"about":[{"href":"https:\/\/www.abrima.com\/blog\/wp-json\/wp\/v2\/types\/post"}],"author":[{"embeddable":true,"href":"https:\/\/www.abrima.com\/blog\/wp-json\/wp\/v2\/users\/2"}],"replies":[{"embeddable":true,"href":"https:\/\/www.abrima.com\/blog\/wp-json\/wp\/v2\/comments?post=775"}],"version-history":[{"count":1,"href":"https:\/\/www.abrima.com\/blog\/wp-json\/wp\/v2\/posts\/775\/revisions"}],"predecessor-version":[{"id":776,"href":"https:\/\/www.abrima.com\/blog\/wp-json\/wp\/v2\/posts\/775\/revisions\/776"}],"wp:attachment":[{"href":"https:\/\/www.abrima.com\/blog\/wp-json\/wp\/v2\/media?parent=775"}],"wp:term":[{"taxonomy":"category","embeddable":true,"href":"https:\/\/www.abrima.com\/blog\/wp-json\/wp\/v2\/categories?post=775"},{"taxonomy":"post_tag","embeddable":true,"href":"https:\/\/www.abrima.com\/blog\/wp-json\/wp\/v2\/tags?post=775"}],"curies":[{"name":"wp","href":"https:\/\/api.w.org\/{rel}","templated":true}]}}