{"id":754,"date":"2013-12-11T19:43:20","date_gmt":"2013-12-11T19:43:20","guid":{"rendered":"http:\/\/www.abrima.com\/blog\/?p=754"},"modified":"2013-12-11T19:43:20","modified_gmt":"2013-12-11T19:43:20","slug":"como-compartimos-las-noticias-en-las-redes-sociales","status":"publish","type":"post","link":"https:\/\/www.abrima.com\/blog\/como-compartimos-las-noticias-en-las-redes-sociales\/","title":{"rendered":"\u00bfC\u00f3mo compartimos las noticias en las redes sociales?"},"content":{"rendered":"<p><a href=\"http:\/\/www.trecebits.com\/wp-content\/uploads\/2013\/12\/Gigya-Social-Share-Graph.png\"><img loading=\"lazy\" alt=\"Gigya-Social-Share-Graph\" src=\"http:\/\/www.trecebits.com\/wp-content\/uploads\/2013\/12\/Gigya-Social-Share-Graph.png\" width=\"347\" height=\"332\" \/><\/a><\/p>\n<p>\u00bfEn qu\u00e9 red social se comparten m\u00e1s noticias e informaciones? La respuesta es en Facebook.<\/p>\n<p>Seg\u00fan un estudio elaborado por Gigya, tomando como referencia las noticias publicadas en redes sociales en Estados Unidos, el 40% de ellas se comparten en Facebook. La red social de Zuckerberg se convertir\u00eda as\u00ed en el medio \u201cde informaci\u00f3n\u201d preferido por los estadounidenses.<\/p>\n<p>Aunque los resultados del informe no sean extrapolables a todos los mercados s\u00ed que\u00a0<strong>nos dan una idea de c\u00f3mo est\u00e1 evolucionando el papel de las redes sociales en la difusi\u00f3n de contenidos<\/strong>\u00a0de los medios de comunicaci\u00f3n.<\/p>\n<blockquote><p>El 40% de las noticias se comparten en Facebook y el 30% en Twitter<\/p><\/blockquote>\n<p>Tras Facebook, Twitter es la red social preferida por el 30% de los usuarios para compartir en ella las noticias de su inter\u00e9s. Lo que sorprende es que, en el tercer trimestre del a\u00f1o, Pinterest se haya situado ya como la tercera plataforma en la que los usuarios comparten noticias.<\/p>\n<p>Concretamente Pinterest ya es el lugar en el que se comparte el 20% de las informaciones. Tan s\u00f3lo tres meses antes, el porcentaje de esta red social era del 18%.<\/p>\n<p><strong>Por detr\u00e1s de Pinterest se sit\u00faan LinkedIn<\/strong>, donde se comparten el 5% de las noticias y Google+, que se queda con un escaso 3%.<\/p>\n<p>FUENTE: <a href=\"http:\/\/www.trecebits.com\/2013\/12\/10\/como-compartimos-las-noticias-en-las-redes-sociales\/?utm_source=feedburner&amp;utm_medium=feed&amp;utm_campaign=Feed%3A+Trecebits+%28TreceBits%29\">\u00a0trecebits.com<\/a><\/p>\n","protected":false},"excerpt":{"rendered":"<p>\u00bfEn qu\u00e9 red social se comparten m\u00e1s noticias e informaciones? La respuesta es en Facebook. Seg\u00fan un estudio elaborado por Gigya, tomando como referencia las [&hellip;]<\/p>\n","protected":false},"author":2,"featured_media":0,"comment_status":"open","ping_status":"open","sticky":false,"template":"","format":"standard","meta":{"_monsterinsights_skip_tracking":false,"_monsterinsights_sitenote_active":false,"_monsterinsights_sitenote_note":"","_monsterinsights_sitenote_category":0},"categories":[],"tags":[],"yoast_head":"<!-- This site is optimized with the Yoast SEO plugin v19.1 - https:\/\/yoast.com\/wordpress\/plugins\/seo\/ -->\n<title>\u00bfC\u00f3mo compartimos las noticias en las redes sociales? - Blog de Tecnolog\u00eda - Abrima<\/title>\n<meta name=\"robots\" content=\"index, follow, max-snippet:-1, max-image-preview:large, max-video-preview:-1\" \/>\n<link rel=\"canonical\" href=\"https:\/\/www.abrima.com\/blog\/como-compartimos-las-noticias-en-las-redes-sociales\/\" \/>\n<meta property=\"og:locale\" content=\"es_ES\" \/>\n<meta property=\"og:type\" content=\"article\" \/>\n<meta property=\"og:title\" content=\"\u00bfC\u00f3mo compartimos las noticias en las redes sociales? - Blog de Tecnolog\u00eda - Abrima\" \/>\n<meta property=\"og:description\" content=\"\u00bfEn qu\u00e9 red social se comparten m\u00e1s noticias e informaciones? La respuesta es en Facebook. Seg\u00fan un estudio elaborado por Gigya, tomando como referencia las [&hellip;]\" \/>\n<meta property=\"og:url\" content=\"https:\/\/www.abrima.com\/blog\/como-compartimos-las-noticias-en-las-redes-sociales\/\" \/>\n<meta property=\"og:site_name\" content=\"Blog de Tecnolog\u00eda - Abrima\" \/>\n<meta property=\"article:publisher\" content=\"https:\/\/www.facebook.com\/abrimawebs\/\" \/>\n<meta property=\"article:published_time\" content=\"2013-12-11T19:43:20+00:00\" \/>\n<meta property=\"og:image\" content=\"http:\/\/www.trecebits.com\/wp-content\/uploads\/2013\/12\/Gigya-Social-Share-Graph.png\" \/>\n<meta name=\"twitter:label1\" content=\"Escrito por\" \/>\n\t<meta name=\"twitter:data1\" content=\"Ana Lucia Marrou\" \/>\n\t<meta name=\"twitter:label2\" content=\"Tiempo de lectura\" \/>\n\t<meta name=\"twitter:data2\" content=\"1 minuto\" \/>\n<script type=\"application\/ld+json\" class=\"yoast-schema-graph\">{\"@context\":\"https:\/\/schema.org\",\"@graph\":[{\"@type\":\"Organization\",\"@id\":\"https:\/\/www.abrima.com\/blog\/#organization\",\"name\":\"Abrima\",\"url\":\"https:\/\/www.abrima.com\/blog\/\",\"sameAs\":[\"https:\/\/www.linkedin.com\/company\/abrima-soluciones-web\/\",\"https:\/\/www.youtube.com\/user\/abrimawebs\",\"https:\/\/www.facebook.com\/abrimawebs\/\",\"https:\/\/twitter.com\/abrimaweb\"],\"logo\":{\"@type\":\"ImageObject\",\"inLanguage\":\"es\",\"@id\":\"https:\/\/www.abrima.com\/blog\/#\/schema\/logo\/image\/\",\"url\":\"https:\/\/www.abrima.com\/blog\/wp-content\/uploads\/2018\/03\/abrima-logo.png\",\"contentUrl\":\"https:\/\/www.abrima.com\/blog\/wp-content\/uploads\/2018\/03\/abrima-logo.png\",\"width\":700,\"height\":700,\"caption\":\"Abrima\"},\"image\":{\"@id\":\"https:\/\/www.abrima.com\/blog\/#\/schema\/logo\/image\/\"}},{\"@type\":\"WebSite\",\"@id\":\"https:\/\/www.abrima.com\/blog\/#website\",\"url\":\"https:\/\/www.abrima.com\/blog\/\",\"name\":\"Blog de Tecnolog\u00eda - Abrima\",\"description\":\"Blog sobre todo lo relacionado con Cloud, Marketing Digital y Web\",\"publisher\":{\"@id\":\"https:\/\/www.abrima.com\/blog\/#organization\"},\"potentialAction\":[{\"@type\":\"SearchAction\",\"target\":{\"@type\":\"EntryPoint\",\"urlTemplate\":\"https:\/\/www.abrima.com\/blog\/?s={search_term_string}\"},\"query-input\":\"required name=search_term_string\"}],\"inLanguage\":\"es\"},{\"@type\":\"ImageObject\",\"inLanguage\":\"es\",\"@id\":\"https:\/\/www.abrima.com\/blog\/como-compartimos-las-noticias-en-las-redes-sociales\/#primaryimage\",\"url\":\"http:\/\/www.trecebits.com\/wp-content\/uploads\/2013\/12\/Gigya-Social-Share-Graph.png\",\"contentUrl\":\"http:\/\/www.trecebits.com\/wp-content\/uploads\/2013\/12\/Gigya-Social-Share-Graph.png\"},{\"@type\":\"WebPage\",\"@id\":\"https:\/\/www.abrima.com\/blog\/como-compartimos-las-noticias-en-las-redes-sociales\/#webpage\",\"url\":\"https:\/\/www.abrima.com\/blog\/como-compartimos-las-noticias-en-las-redes-sociales\/\",\"name\":\"\u00bfC\u00f3mo compartimos las noticias en las redes sociales? - Blog de Tecnolog\u00eda - Abrima\",\"isPartOf\":{\"@id\":\"https:\/\/www.abrima.com\/blog\/#website\"},\"primaryImageOfPage\":{\"@id\":\"https:\/\/www.abrima.com\/blog\/como-compartimos-las-noticias-en-las-redes-sociales\/#primaryimage\"},\"datePublished\":\"2013-12-11T19:43:20+00:00\",\"dateModified\":\"2013-12-11T19:43:20+00:00\",\"breadcrumb\":{\"@id\":\"https:\/\/www.abrima.com\/blog\/como-compartimos-las-noticias-en-las-redes-sociales\/#breadcrumb\"},\"inLanguage\":\"es\",\"potentialAction\":[{\"@type\":\"ReadAction\",\"target\":[\"https:\/\/www.abrima.com\/blog\/como-compartimos-las-noticias-en-las-redes-sociales\/\"]}]},{\"@type\":\"BreadcrumbList\",\"@id\":\"https:\/\/www.abrima.com\/blog\/como-compartimos-las-noticias-en-las-redes-sociales\/#breadcrumb\",\"itemListElement\":[{\"@type\":\"ListItem\",\"position\":1,\"name\":\"Portada\",\"item\":\"https:\/\/www.abrima.com\/blog\/\"},{\"@type\":\"ListItem\",\"position\":2,\"name\":\"\u00bfC\u00f3mo compartimos las noticias en las redes sociales?\"}]},{\"@type\":\"Article\",\"@id\":\"https:\/\/www.abrima.com\/blog\/como-compartimos-las-noticias-en-las-redes-sociales\/#article\",\"isPartOf\":{\"@id\":\"https:\/\/www.abrima.com\/blog\/como-compartimos-las-noticias-en-las-redes-sociales\/#webpage\"},\"author\":{\"@id\":\"https:\/\/www.abrima.com\/blog\/#\/schema\/person\/70ccd8d5617e3a3d6d5121086c3bb00f\"},\"headline\":\"\u00bfC\u00f3mo compartimos las noticias en las redes sociales?\",\"datePublished\":\"2013-12-11T19:43:20+00:00\",\"dateModified\":\"2013-12-11T19:43:20+00:00\",\"mainEntityOfPage\":{\"@id\":\"https:\/\/www.abrima.com\/blog\/como-compartimos-las-noticias-en-las-redes-sociales\/#webpage\"},\"wordCount\":230,\"commentCount\":0,\"publisher\":{\"@id\":\"https:\/\/www.abrima.com\/blog\/#organization\"},\"image\":{\"@id\":\"https:\/\/www.abrima.com\/blog\/como-compartimos-las-noticias-en-las-redes-sociales\/#primaryimage\"},\"thumbnailUrl\":\"http:\/\/www.trecebits.com\/wp-content\/uploads\/2013\/12\/Gigya-Social-Share-Graph.png\",\"inLanguage\":\"es\",\"potentialAction\":[{\"@type\":\"CommentAction\",\"name\":\"Comment\",\"target\":[\"https:\/\/www.abrima.com\/blog\/como-compartimos-las-noticias-en-las-redes-sociales\/#respond\"]}]},{\"@type\":\"Person\",\"@id\":\"https:\/\/www.abrima.com\/blog\/#\/schema\/person\/70ccd8d5617e3a3d6d5121086c3bb00f\",\"name\":\"Ana Lucia Marrou\",\"image\":{\"@type\":\"ImageObject\",\"inLanguage\":\"es\",\"@id\":\"https:\/\/www.abrima.com\/blog\/#\/schema\/person\/image\/\",\"url\":\"https:\/\/secure.gravatar.com\/avatar\/90bc8b721d14c58be266256fd3396265?s=96&d=mm&r=g\",\"contentUrl\":\"https:\/\/secure.gravatar.com\/avatar\/90bc8b721d14c58be266256fd3396265?s=96&d=mm&r=g\",\"caption\":\"Ana Lucia Marrou\"},\"url\":\"https:\/\/www.abrima.com\/blog\/author\/anilu\/\"}]}<\/script>\n<!-- \/ Yoast SEO plugin. -->","yoast_head_json":{"title":"\u00bfC\u00f3mo compartimos las noticias en las redes sociales? - Blog de Tecnolog\u00eda - Abrima","robots":{"index":"index","follow":"follow","max-snippet":"max-snippet:-1","max-image-preview":"max-image-preview:large","max-video-preview":"max-video-preview:-1"},"canonical":"https:\/\/www.abrima.com\/blog\/como-compartimos-las-noticias-en-las-redes-sociales\/","og_locale":"es_ES","og_type":"article","og_title":"\u00bfC\u00f3mo compartimos las noticias en las redes sociales? - Blog de Tecnolog\u00eda - Abrima","og_description":"\u00bfEn qu\u00e9 red social se comparten m\u00e1s noticias e informaciones? La respuesta es en Facebook. Seg\u00fan un estudio elaborado por Gigya, tomando como referencia las [&hellip;]","og_url":"https:\/\/www.abrima.com\/blog\/como-compartimos-las-noticias-en-las-redes-sociales\/","og_site_name":"Blog de Tecnolog\u00eda - Abrima","article_publisher":"https:\/\/www.facebook.com\/abrimawebs\/","article_published_time":"2013-12-11T19:43:20+00:00","og_image":[{"url":"http:\/\/www.trecebits.com\/wp-content\/uploads\/2013\/12\/Gigya-Social-Share-Graph.png"}],"twitter_misc":{"Escrito por":"Ana Lucia Marrou","Tiempo de lectura":"1 minuto"},"schema":{"@context":"https:\/\/schema.org","@graph":[{"@type":"Organization","@id":"https:\/\/www.abrima.com\/blog\/#organization","name":"Abrima","url":"https:\/\/www.abrima.com\/blog\/","sameAs":["https:\/\/www.linkedin.com\/company\/abrima-soluciones-web\/","https:\/\/www.youtube.com\/user\/abrimawebs","https:\/\/www.facebook.com\/abrimawebs\/","https:\/\/twitter.com\/abrimaweb"],"logo":{"@type":"ImageObject","inLanguage":"es","@id":"https:\/\/www.abrima.com\/blog\/#\/schema\/logo\/image\/","url":"https:\/\/www.abrima.com\/blog\/wp-content\/uploads\/2018\/03\/abrima-logo.png","contentUrl":"https:\/\/www.abrima.com\/blog\/wp-content\/uploads\/2018\/03\/abrima-logo.png","width":700,"height":700,"caption":"Abrima"},"image":{"@id":"https:\/\/www.abrima.com\/blog\/#\/schema\/logo\/image\/"}},{"@type":"WebSite","@id":"https:\/\/www.abrima.com\/blog\/#website","url":"https:\/\/www.abrima.com\/blog\/","name":"Blog de Tecnolog\u00eda - Abrima","description":"Blog sobre todo lo relacionado con Cloud, Marketing Digital y Web","publisher":{"@id":"https:\/\/www.abrima.com\/blog\/#organization"},"potentialAction":[{"@type":"SearchAction","target":{"@type":"EntryPoint","urlTemplate":"https:\/\/www.abrima.com\/blog\/?s={search_term_string}"},"query-input":"required name=search_term_string"}],"inLanguage":"es"},{"@type":"ImageObject","inLanguage":"es","@id":"https:\/\/www.abrima.com\/blog\/como-compartimos-las-noticias-en-las-redes-sociales\/#primaryimage","url":"http:\/\/www.trecebits.com\/wp-content\/uploads\/2013\/12\/Gigya-Social-Share-Graph.png","contentUrl":"http:\/\/www.trecebits.com\/wp-content\/uploads\/2013\/12\/Gigya-Social-Share-Graph.png"},{"@type":"WebPage","@id":"https:\/\/www.abrima.com\/blog\/como-compartimos-las-noticias-en-las-redes-sociales\/#webpage","url":"https:\/\/www.abrima.com\/blog\/como-compartimos-las-noticias-en-las-redes-sociales\/","name":"\u00bfC\u00f3mo compartimos las noticias en las redes sociales? - Blog de Tecnolog\u00eda - Abrima","isPartOf":{"@id":"https:\/\/www.abrima.com\/blog\/#website"},"primaryImageOfPage":{"@id":"https:\/\/www.abrima.com\/blog\/como-compartimos-las-noticias-en-las-redes-sociales\/#primaryimage"},"datePublished":"2013-12-11T19:43:20+00:00","dateModified":"2013-12-11T19:43:20+00:00","breadcrumb":{"@id":"https:\/\/www.abrima.com\/blog\/como-compartimos-las-noticias-en-las-redes-sociales\/#breadcrumb"},"inLanguage":"es","potentialAction":[{"@type":"ReadAction","target":["https:\/\/www.abrima.com\/blog\/como-compartimos-las-noticias-en-las-redes-sociales\/"]}]},{"@type":"BreadcrumbList","@id":"https:\/\/www.abrima.com\/blog\/como-compartimos-las-noticias-en-las-redes-sociales\/#breadcrumb","itemListElement":[{"@type":"ListItem","position":1,"name":"Portada","item":"https:\/\/www.abrima.com\/blog\/"},{"@type":"ListItem","position":2,"name":"\u00bfC\u00f3mo compartimos las noticias en las redes sociales?"}]},{"@type":"Article","@id":"https:\/\/www.abrima.com\/blog\/como-compartimos-las-noticias-en-las-redes-sociales\/#article","isPartOf":{"@id":"https:\/\/www.abrima.com\/blog\/como-compartimos-las-noticias-en-las-redes-sociales\/#webpage"},"author":{"@id":"https:\/\/www.abrima.com\/blog\/#\/schema\/person\/70ccd8d5617e3a3d6d5121086c3bb00f"},"headline":"\u00bfC\u00f3mo compartimos las noticias en las redes sociales?","datePublished":"2013-12-11T19:43:20+00:00","dateModified":"2013-12-11T19:43:20+00:00","mainEntityOfPage":{"@id":"https:\/\/www.abrima.com\/blog\/como-compartimos-las-noticias-en-las-redes-sociales\/#webpage"},"wordCount":230,"commentCount":0,"publisher":{"@id":"https:\/\/www.abrima.com\/blog\/#organization"},"image":{"@id":"https:\/\/www.abrima.com\/blog\/como-compartimos-las-noticias-en-las-redes-sociales\/#primaryimage"},"thumbnailUrl":"http:\/\/www.trecebits.com\/wp-content\/uploads\/2013\/12\/Gigya-Social-Share-Graph.png","inLanguage":"es","potentialAction":[{"@type":"CommentAction","name":"Comment","target":["https:\/\/www.abrima.com\/blog\/como-compartimos-las-noticias-en-las-redes-sociales\/#respond"]}]},{"@type":"Person","@id":"https:\/\/www.abrima.com\/blog\/#\/schema\/person\/70ccd8d5617e3a3d6d5121086c3bb00f","name":"Ana Lucia Marrou","image":{"@type":"ImageObject","inLanguage":"es","@id":"https:\/\/www.abrima.com\/blog\/#\/schema\/person\/image\/","url":"https:\/\/secure.gravatar.com\/avatar\/90bc8b721d14c58be266256fd3396265?s=96&d=mm&r=g","contentUrl":"https:\/\/secure.gravatar.com\/avatar\/90bc8b721d14c58be266256fd3396265?s=96&d=mm&r=g","caption":"Ana Lucia Marrou"},"url":"https:\/\/www.abrima.com\/blog\/author\/anilu\/"}]}},"amp_enabled":true,"_links":{"self":[{"href":"https:\/\/www.abrima.com\/blog\/wp-json\/wp\/v2\/posts\/754"}],"collection":[{"href":"https:\/\/www.abrima.com\/blog\/wp-json\/wp\/v2\/posts"}],"about":[{"href":"https:\/\/www.abrima.com\/blog\/wp-json\/wp\/v2\/types\/post"}],"author":[{"embeddable":true,"href":"https:\/\/www.abrima.com\/blog\/wp-json\/wp\/v2\/users\/2"}],"replies":[{"embeddable":true,"href":"https:\/\/www.abrima.com\/blog\/wp-json\/wp\/v2\/comments?post=754"}],"version-history":[{"count":1,"href":"https:\/\/www.abrima.com\/blog\/wp-json\/wp\/v2\/posts\/754\/revisions"}],"predecessor-version":[{"id":755,"href":"https:\/\/www.abrima.com\/blog\/wp-json\/wp\/v2\/posts\/754\/revisions\/755"}],"wp:attachment":[{"href":"https:\/\/www.abrima.com\/blog\/wp-json\/wp\/v2\/media?parent=754"}],"wp:term":[{"taxonomy":"category","embeddable":true,"href":"https:\/\/www.abrima.com\/blog\/wp-json\/wp\/v2\/categories?post=754"},{"taxonomy":"post_tag","embeddable":true,"href":"https:\/\/www.abrima.com\/blog\/wp-json\/wp\/v2\/tags?post=754"}],"curies":[{"name":"wp","href":"https:\/\/api.w.org\/{rel}","templated":true}]}}