{"id":749,"date":"2013-12-11T19:26:14","date_gmt":"2013-12-11T19:26:14","guid":{"rendered":"http:\/\/www.abrima.com\/blog\/?p=749"},"modified":"2013-12-11T19:26:14","modified_gmt":"2013-12-11T19:26:14","slug":"cual-es-la-tableta-que-mas-se-adapta-tus-necesidades","status":"publish","type":"post","link":"https:\/\/www.abrima.com\/blog\/cual-es-la-tableta-que-mas-se-adapta-tus-necesidades\/","title":{"rendered":"\u00bfCu\u00e1l es la tableta que m\u00e1s se adapta a tus necesidades?"},"content":{"rendered":"<p dir=\"ltr\">\n<p dir=\"ltr\"><img loading=\"lazy\" alt=\"tablet_group_test_206pca_206_photoshoot-212.jpg IPO\" src=\"http:\/\/img2.meristation.com\/files\/imagecache\/inline\/imagenes\/general\/tablet_group_test_206pca_206_photoshoot-212.jpg?1372937566\" width=\"422\" height=\"281\" \/><\/p>\n<p dir=\"ltr\">En los \u00faltimos a\u00f1os, las<i>\u00a0tablets<\/i>\u00a0se han convertido en uno de los dispositivos m\u00e1s demandados y exitosos del mercado. En este sentido,\u00a0<b>estos aparatos superan ya la producci\u00f3n de los ordenadores<\/b>,\u00a0<a href=\"http:\/\/www.ticbeat.com\/economia\/produccion-tabletas-superaran-pc-este-trimestre\/\" target=\"_blank\">tal y como lo muestran los \u00faltimos datos de la consultora IDC<\/a>\u00a0y\u00a0<a href=\"http:\/\/www.ticbeat.com\/tecnologias\/2014-el-ano-de-las-tabletas-predicciones-canalys\/\" target=\"_blank\">tambi\u00e9n los m\u00e1s recientes de Canalys, que apuntan que\u00a0<\/a><b><a href=\"http:\/\/www.ticbeat.com\/tecnologias\/2014-el-ano-de-las-tabletas-predicciones-canalys\/\" target=\"_blank\">las tabletas se har\u00e1n con la mitad del mercado mundial de PC en 2014<\/a><\/b>. No en vano, el pr\u00f3ximo a\u00f1o, seg\u00fan las estimaciones de la citada consultora,\u00a0<b>se vender\u00e1n unos 285 millones de unidades de estos dispositivos y de cara a 2017 se espera que la cifra siga creciendo hasta los 396 millones de unidades.<\/b><\/p>\n<p dir=\"ltr\">Debido a su car\u00e1cter vers\u00e1til y funcional, cada vez m\u00e1s gente utiliza la\u00a0<i>tablet\u00a0<\/i>como una herramienta de trabajo, l\u00fadica e incluso como c\u00e1mara de fotos. Asimismo, los grandes fabricantes se esmeran por crear distintos tama\u00f1os, formatos, colores y ofrecer diferentes prestaciones innovadoras que los diferencien de la competencia.<\/p>\n<p dir=\"ltr\">Ante tanta variedad, en muchas ocasiones, nos colapsamos y no sabemos cual es la opci\u00f3n que m\u00e1s nos conviene. \u00a0A continuaci\u00f3n, te presentamos una infograf\u00eda elaborada por\u00a0<a href=\"http:\/\/mashable.com\/category\/mashable-infographics\/\" target=\"_blank\"><i>Mashable<\/i><\/a>\u00a0que te ayudar\u00e1 a encontrar el mejor dispositivo en funci\u00f3n de tus necesidades (trabajo, ocio, etc.), tu presupuesto y tus gustos personales (tama\u00f1o, etc.). En concreto, el gr\u00e1fico define para qu\u00e9 tipo de usuario es mejor optar por los siguientes dispositivos:\u00a0<a href=\"http:\/\/www.ticbeat.com\/tecnologias\/apple-lanza-el-ipad-air-la-tableta-mas-fina-ligera-del-mercado\/\" target=\"_blank\">iPad Air<\/a>, iPad Mini,\u00a0<a href=\"http:\/\/www.ticbeat.com\/tecnologias\/probamos-el-samsung-galaxy-note-3-el-reloj-galaxy-gear\/\" target=\"_blank\">Galaxy Note<\/a>, iPad Mini con pantalla Retina, Kindle Fire HDX 8.9, Google Nexus 7,\u00a0<a href=\"http:\/\/www.ticbeat.com\/tecnologias\/amazon-renueva-el-kindle-fire-hd-presenta-su-nueva-tableta-kindle-fire-hdx\/\" target=\"_blank\">Kindle Fire HD 8.9 y\u00a0Kindle Fire HDX<\/a>.<\/p>\n<p>&nbsp;<\/p>\n","protected":false},"excerpt":{"rendered":"<p>En los \u00faltimos a\u00f1os, las\u00a0tablets\u00a0se han convertido en uno de los dispositivos m\u00e1s demandados y exitosos del mercado. En este sentido,\u00a0estos aparatos superan ya la [&hellip;]<\/p>\n","protected":false},"author":2,"featured_media":0,"comment_status":"open","ping_status":"open","sticky":false,"template":"","format":"standard","meta":{"_monsterinsights_skip_tracking":false,"_monsterinsights_sitenote_active":false,"_monsterinsights_sitenote_note":"","_monsterinsights_sitenote_category":0},"categories":[],"tags":[],"yoast_head":"<!-- This site is optimized with the Yoast SEO plugin v19.1 - https:\/\/yoast.com\/wordpress\/plugins\/seo\/ -->\n<title>\u00bfCu\u00e1l es la tableta que m\u00e1s se adapta a tus necesidades? - Blog de Tecnolog\u00eda - Abrima<\/title>\n<meta name=\"robots\" content=\"index, follow, max-snippet:-1, max-image-preview:large, max-video-preview:-1\" \/>\n<link rel=\"canonical\" href=\"https:\/\/www.abrima.com\/blog\/cual-es-la-tableta-que-mas-se-adapta-tus-necesidades\/\" \/>\n<meta property=\"og:locale\" content=\"es_ES\" \/>\n<meta property=\"og:type\" content=\"article\" \/>\n<meta property=\"og:title\" content=\"\u00bfCu\u00e1l es la tableta que m\u00e1s se adapta a tus necesidades? - Blog de Tecnolog\u00eda - Abrima\" \/>\n<meta property=\"og:description\" content=\"En los \u00faltimos a\u00f1os, las\u00a0tablets\u00a0se han convertido en uno de los dispositivos m\u00e1s demandados y exitosos del mercado. En este sentido,\u00a0estos aparatos superan ya la [&hellip;]\" \/>\n<meta property=\"og:url\" content=\"https:\/\/www.abrima.com\/blog\/cual-es-la-tableta-que-mas-se-adapta-tus-necesidades\/\" \/>\n<meta property=\"og:site_name\" content=\"Blog de Tecnolog\u00eda - Abrima\" \/>\n<meta property=\"article:publisher\" content=\"https:\/\/www.facebook.com\/abrimawebs\/\" \/>\n<meta property=\"article:published_time\" content=\"2013-12-11T19:26:14+00:00\" \/>\n<meta property=\"og:image\" content=\"http:\/\/img2.meristation.com\/files\/imagecache\/inline\/imagenes\/general\/tablet_group_test_206pca_206_photoshoot-212.jpg?1372937566\" \/>\n<meta name=\"twitter:label1\" content=\"Escrito por\" \/>\n\t<meta name=\"twitter:data1\" content=\"Ana Lucia Marrou\" \/>\n\t<meta name=\"twitter:label2\" content=\"Tiempo de lectura\" \/>\n\t<meta name=\"twitter:data2\" content=\"1 minuto\" \/>\n<script type=\"application\/ld+json\" class=\"yoast-schema-graph\">{\"@context\":\"https:\/\/schema.org\",\"@graph\":[{\"@type\":\"Organization\",\"@id\":\"https:\/\/www.abrima.com\/blog\/#organization\",\"name\":\"Abrima\",\"url\":\"https:\/\/www.abrima.com\/blog\/\",\"sameAs\":[\"https:\/\/www.linkedin.com\/company\/abrima-soluciones-web\/\",\"https:\/\/www.youtube.com\/user\/abrimawebs\",\"https:\/\/www.facebook.com\/abrimawebs\/\",\"https:\/\/twitter.com\/abrimaweb\"],\"logo\":{\"@type\":\"ImageObject\",\"inLanguage\":\"es\",\"@id\":\"https:\/\/www.abrima.com\/blog\/#\/schema\/logo\/image\/\",\"url\":\"https:\/\/www.abrima.com\/blog\/wp-content\/uploads\/2018\/03\/abrima-logo.png\",\"contentUrl\":\"https:\/\/www.abrima.com\/blog\/wp-content\/uploads\/2018\/03\/abrima-logo.png\",\"width\":700,\"height\":700,\"caption\":\"Abrima\"},\"image\":{\"@id\":\"https:\/\/www.abrima.com\/blog\/#\/schema\/logo\/image\/\"}},{\"@type\":\"WebSite\",\"@id\":\"https:\/\/www.abrima.com\/blog\/#website\",\"url\":\"https:\/\/www.abrima.com\/blog\/\",\"name\":\"Blog de Tecnolog\u00eda - Abrima\",\"description\":\"Blog sobre todo lo relacionado con Cloud, Marketing Digital y Web\",\"publisher\":{\"@id\":\"https:\/\/www.abrima.com\/blog\/#organization\"},\"potentialAction\":[{\"@type\":\"SearchAction\",\"target\":{\"@type\":\"EntryPoint\",\"urlTemplate\":\"https:\/\/www.abrima.com\/blog\/?s={search_term_string}\"},\"query-input\":\"required name=search_term_string\"}],\"inLanguage\":\"es\"},{\"@type\":\"ImageObject\",\"inLanguage\":\"es\",\"@id\":\"https:\/\/www.abrima.com\/blog\/cual-es-la-tableta-que-mas-se-adapta-tus-necesidades\/#primaryimage\",\"url\":\"http:\/\/img2.meristation.com\/files\/imagecache\/inline\/imagenes\/general\/tablet_group_test_206pca_206_photoshoot-212.jpg?1372937566\",\"contentUrl\":\"http:\/\/img2.meristation.com\/files\/imagecache\/inline\/imagenes\/general\/tablet_group_test_206pca_206_photoshoot-212.jpg?1372937566\"},{\"@type\":\"WebPage\",\"@id\":\"https:\/\/www.abrima.com\/blog\/cual-es-la-tableta-que-mas-se-adapta-tus-necesidades\/#webpage\",\"url\":\"https:\/\/www.abrima.com\/blog\/cual-es-la-tableta-que-mas-se-adapta-tus-necesidades\/\",\"name\":\"\u00bfCu\u00e1l es la tableta que m\u00e1s se adapta a tus necesidades? - Blog de Tecnolog\u00eda - Abrima\",\"isPartOf\":{\"@id\":\"https:\/\/www.abrima.com\/blog\/#website\"},\"primaryImageOfPage\":{\"@id\":\"https:\/\/www.abrima.com\/blog\/cual-es-la-tableta-que-mas-se-adapta-tus-necesidades\/#primaryimage\"},\"datePublished\":\"2013-12-11T19:26:14+00:00\",\"dateModified\":\"2013-12-11T19:26:14+00:00\",\"breadcrumb\":{\"@id\":\"https:\/\/www.abrima.com\/blog\/cual-es-la-tableta-que-mas-se-adapta-tus-necesidades\/#breadcrumb\"},\"inLanguage\":\"es\",\"potentialAction\":[{\"@type\":\"ReadAction\",\"target\":[\"https:\/\/www.abrima.com\/blog\/cual-es-la-tableta-que-mas-se-adapta-tus-necesidades\/\"]}]},{\"@type\":\"BreadcrumbList\",\"@id\":\"https:\/\/www.abrima.com\/blog\/cual-es-la-tableta-que-mas-se-adapta-tus-necesidades\/#breadcrumb\",\"itemListElement\":[{\"@type\":\"ListItem\",\"position\":1,\"name\":\"Portada\",\"item\":\"https:\/\/www.abrima.com\/blog\/\"},{\"@type\":\"ListItem\",\"position\":2,\"name\":\"\u00bfCu\u00e1l es la tableta que m\u00e1s se adapta a tus necesidades?\"}]},{\"@type\":\"Article\",\"@id\":\"https:\/\/www.abrima.com\/blog\/cual-es-la-tableta-que-mas-se-adapta-tus-necesidades\/#article\",\"isPartOf\":{\"@id\":\"https:\/\/www.abrima.com\/blog\/cual-es-la-tableta-que-mas-se-adapta-tus-necesidades\/#webpage\"},\"author\":{\"@id\":\"https:\/\/www.abrima.com\/blog\/#\/schema\/person\/70ccd8d5617e3a3d6d5121086c3bb00f\"},\"headline\":\"\u00bfCu\u00e1l es la tableta que m\u00e1s se adapta a tus necesidades?\",\"datePublished\":\"2013-12-11T19:26:14+00:00\",\"dateModified\":\"2013-12-11T19:26:14+00:00\",\"mainEntityOfPage\":{\"@id\":\"https:\/\/www.abrima.com\/blog\/cual-es-la-tableta-que-mas-se-adapta-tus-necesidades\/#webpage\"},\"wordCount\":283,\"commentCount\":0,\"publisher\":{\"@id\":\"https:\/\/www.abrima.com\/blog\/#organization\"},\"image\":{\"@id\":\"https:\/\/www.abrima.com\/blog\/cual-es-la-tableta-que-mas-se-adapta-tus-necesidades\/#primaryimage\"},\"thumbnailUrl\":\"http:\/\/img2.meristation.com\/files\/imagecache\/inline\/imagenes\/general\/tablet_group_test_206pca_206_photoshoot-212.jpg?1372937566\",\"inLanguage\":\"es\",\"potentialAction\":[{\"@type\":\"CommentAction\",\"name\":\"Comment\",\"target\":[\"https:\/\/www.abrima.com\/blog\/cual-es-la-tableta-que-mas-se-adapta-tus-necesidades\/#respond\"]}]},{\"@type\":\"Person\",\"@id\":\"https:\/\/www.abrima.com\/blog\/#\/schema\/person\/70ccd8d5617e3a3d6d5121086c3bb00f\",\"name\":\"Ana Lucia Marrou\",\"image\":{\"@type\":\"ImageObject\",\"inLanguage\":\"es\",\"@id\":\"https:\/\/www.abrima.com\/blog\/#\/schema\/person\/image\/\",\"url\":\"https:\/\/secure.gravatar.com\/avatar\/90bc8b721d14c58be266256fd3396265?s=96&d=mm&r=g\",\"contentUrl\":\"https:\/\/secure.gravatar.com\/avatar\/90bc8b721d14c58be266256fd3396265?s=96&d=mm&r=g\",\"caption\":\"Ana Lucia Marrou\"},\"url\":\"https:\/\/www.abrima.com\/blog\/author\/anilu\/\"}]}<\/script>\n<!-- \/ Yoast SEO plugin. -->","yoast_head_json":{"title":"\u00bfCu\u00e1l es la tableta que m\u00e1s se adapta a tus necesidades? - Blog de Tecnolog\u00eda - Abrima","robots":{"index":"index","follow":"follow","max-snippet":"max-snippet:-1","max-image-preview":"max-image-preview:large","max-video-preview":"max-video-preview:-1"},"canonical":"https:\/\/www.abrima.com\/blog\/cual-es-la-tableta-que-mas-se-adapta-tus-necesidades\/","og_locale":"es_ES","og_type":"article","og_title":"\u00bfCu\u00e1l es la tableta que m\u00e1s se adapta a tus necesidades? - Blog de Tecnolog\u00eda - Abrima","og_description":"En los \u00faltimos a\u00f1os, las\u00a0tablets\u00a0se han convertido en uno de los dispositivos m\u00e1s demandados y exitosos del mercado. En este sentido,\u00a0estos aparatos superan ya la [&hellip;]","og_url":"https:\/\/www.abrima.com\/blog\/cual-es-la-tableta-que-mas-se-adapta-tus-necesidades\/","og_site_name":"Blog de Tecnolog\u00eda - Abrima","article_publisher":"https:\/\/www.facebook.com\/abrimawebs\/","article_published_time":"2013-12-11T19:26:14+00:00","og_image":[{"url":"http:\/\/img2.meristation.com\/files\/imagecache\/inline\/imagenes\/general\/tablet_group_test_206pca_206_photoshoot-212.jpg?1372937566"}],"twitter_misc":{"Escrito por":"Ana Lucia Marrou","Tiempo de lectura":"1 minuto"},"schema":{"@context":"https:\/\/schema.org","@graph":[{"@type":"Organization","@id":"https:\/\/www.abrima.com\/blog\/#organization","name":"Abrima","url":"https:\/\/www.abrima.com\/blog\/","sameAs":["https:\/\/www.linkedin.com\/company\/abrima-soluciones-web\/","https:\/\/www.youtube.com\/user\/abrimawebs","https:\/\/www.facebook.com\/abrimawebs\/","https:\/\/twitter.com\/abrimaweb"],"logo":{"@type":"ImageObject","inLanguage":"es","@id":"https:\/\/www.abrima.com\/blog\/#\/schema\/logo\/image\/","url":"https:\/\/www.abrima.com\/blog\/wp-content\/uploads\/2018\/03\/abrima-logo.png","contentUrl":"https:\/\/www.abrima.com\/blog\/wp-content\/uploads\/2018\/03\/abrima-logo.png","width":700,"height":700,"caption":"Abrima"},"image":{"@id":"https:\/\/www.abrima.com\/blog\/#\/schema\/logo\/image\/"}},{"@type":"WebSite","@id":"https:\/\/www.abrima.com\/blog\/#website","url":"https:\/\/www.abrima.com\/blog\/","name":"Blog de Tecnolog\u00eda - Abrima","description":"Blog sobre todo lo relacionado con Cloud, Marketing Digital y Web","publisher":{"@id":"https:\/\/www.abrima.com\/blog\/#organization"},"potentialAction":[{"@type":"SearchAction","target":{"@type":"EntryPoint","urlTemplate":"https:\/\/www.abrima.com\/blog\/?s={search_term_string}"},"query-input":"required name=search_term_string"}],"inLanguage":"es"},{"@type":"ImageObject","inLanguage":"es","@id":"https:\/\/www.abrima.com\/blog\/cual-es-la-tableta-que-mas-se-adapta-tus-necesidades\/#primaryimage","url":"http:\/\/img2.meristation.com\/files\/imagecache\/inline\/imagenes\/general\/tablet_group_test_206pca_206_photoshoot-212.jpg?1372937566","contentUrl":"http:\/\/img2.meristation.com\/files\/imagecache\/inline\/imagenes\/general\/tablet_group_test_206pca_206_photoshoot-212.jpg?1372937566"},{"@type":"WebPage","@id":"https:\/\/www.abrima.com\/blog\/cual-es-la-tableta-que-mas-se-adapta-tus-necesidades\/#webpage","url":"https:\/\/www.abrima.com\/blog\/cual-es-la-tableta-que-mas-se-adapta-tus-necesidades\/","name":"\u00bfCu\u00e1l es la tableta que m\u00e1s se adapta a tus necesidades? - Blog de Tecnolog\u00eda - Abrima","isPartOf":{"@id":"https:\/\/www.abrima.com\/blog\/#website"},"primaryImageOfPage":{"@id":"https:\/\/www.abrima.com\/blog\/cual-es-la-tableta-que-mas-se-adapta-tus-necesidades\/#primaryimage"},"datePublished":"2013-12-11T19:26:14+00:00","dateModified":"2013-12-11T19:26:14+00:00","breadcrumb":{"@id":"https:\/\/www.abrima.com\/blog\/cual-es-la-tableta-que-mas-se-adapta-tus-necesidades\/#breadcrumb"},"inLanguage":"es","potentialAction":[{"@type":"ReadAction","target":["https:\/\/www.abrima.com\/blog\/cual-es-la-tableta-que-mas-se-adapta-tus-necesidades\/"]}]},{"@type":"BreadcrumbList","@id":"https:\/\/www.abrima.com\/blog\/cual-es-la-tableta-que-mas-se-adapta-tus-necesidades\/#breadcrumb","itemListElement":[{"@type":"ListItem","position":1,"name":"Portada","item":"https:\/\/www.abrima.com\/blog\/"},{"@type":"ListItem","position":2,"name":"\u00bfCu\u00e1l es la tableta que m\u00e1s se adapta a tus necesidades?"}]},{"@type":"Article","@id":"https:\/\/www.abrima.com\/blog\/cual-es-la-tableta-que-mas-se-adapta-tus-necesidades\/#article","isPartOf":{"@id":"https:\/\/www.abrima.com\/blog\/cual-es-la-tableta-que-mas-se-adapta-tus-necesidades\/#webpage"},"author":{"@id":"https:\/\/www.abrima.com\/blog\/#\/schema\/person\/70ccd8d5617e3a3d6d5121086c3bb00f"},"headline":"\u00bfCu\u00e1l es la tableta que m\u00e1s se adapta a tus necesidades?","datePublished":"2013-12-11T19:26:14+00:00","dateModified":"2013-12-11T19:26:14+00:00","mainEntityOfPage":{"@id":"https:\/\/www.abrima.com\/blog\/cual-es-la-tableta-que-mas-se-adapta-tus-necesidades\/#webpage"},"wordCount":283,"commentCount":0,"publisher":{"@id":"https:\/\/www.abrima.com\/blog\/#organization"},"image":{"@id":"https:\/\/www.abrima.com\/blog\/cual-es-la-tableta-que-mas-se-adapta-tus-necesidades\/#primaryimage"},"thumbnailUrl":"http:\/\/img2.meristation.com\/files\/imagecache\/inline\/imagenes\/general\/tablet_group_test_206pca_206_photoshoot-212.jpg?1372937566","inLanguage":"es","potentialAction":[{"@type":"CommentAction","name":"Comment","target":["https:\/\/www.abrima.com\/blog\/cual-es-la-tableta-que-mas-se-adapta-tus-necesidades\/#respond"]}]},{"@type":"Person","@id":"https:\/\/www.abrima.com\/blog\/#\/schema\/person\/70ccd8d5617e3a3d6d5121086c3bb00f","name":"Ana Lucia Marrou","image":{"@type":"ImageObject","inLanguage":"es","@id":"https:\/\/www.abrima.com\/blog\/#\/schema\/person\/image\/","url":"https:\/\/secure.gravatar.com\/avatar\/90bc8b721d14c58be266256fd3396265?s=96&d=mm&r=g","contentUrl":"https:\/\/secure.gravatar.com\/avatar\/90bc8b721d14c58be266256fd3396265?s=96&d=mm&r=g","caption":"Ana Lucia Marrou"},"url":"https:\/\/www.abrima.com\/blog\/author\/anilu\/"}]}},"amp_enabled":true,"_links":{"self":[{"href":"https:\/\/www.abrima.com\/blog\/wp-json\/wp\/v2\/posts\/749"}],"collection":[{"href":"https:\/\/www.abrima.com\/blog\/wp-json\/wp\/v2\/posts"}],"about":[{"href":"https:\/\/www.abrima.com\/blog\/wp-json\/wp\/v2\/types\/post"}],"author":[{"embeddable":true,"href":"https:\/\/www.abrima.com\/blog\/wp-json\/wp\/v2\/users\/2"}],"replies":[{"embeddable":true,"href":"https:\/\/www.abrima.com\/blog\/wp-json\/wp\/v2\/comments?post=749"}],"version-history":[{"count":2,"href":"https:\/\/www.abrima.com\/blog\/wp-json\/wp\/v2\/posts\/749\/revisions"}],"predecessor-version":[{"id":751,"href":"https:\/\/www.abrima.com\/blog\/wp-json\/wp\/v2\/posts\/749\/revisions\/751"}],"wp:attachment":[{"href":"https:\/\/www.abrima.com\/blog\/wp-json\/wp\/v2\/media?parent=749"}],"wp:term":[{"taxonomy":"category","embeddable":true,"href":"https:\/\/www.abrima.com\/blog\/wp-json\/wp\/v2\/categories?post=749"},{"taxonomy":"post_tag","embeddable":true,"href":"https:\/\/www.abrima.com\/blog\/wp-json\/wp\/v2\/tags?post=749"}],"curies":[{"name":"wp","href":"https:\/\/api.w.org\/{rel}","templated":true}]}}