{"id":693,"date":"2013-12-02T22:41:13","date_gmt":"2013-12-02T22:41:13","guid":{"rendered":"http:\/\/www.abrima.com\/blog\/?p=693"},"modified":"2013-12-02T22:41:13","modified_gmt":"2013-12-02T22:41:13","slug":"5-anos-de-historia-de-las-redes-sociales-en-resumen-infografia","status":"publish","type":"post","link":"https:\/\/www.abrima.com\/blog\/5-anos-de-historia-de-las-redes-sociales-en-resumen-infografia\/","title":{"rendered":"5 a\u00f1os de historia de las redes sociales en resumen [Infograf\u00eda]"},"content":{"rendered":"<p>Celebrando los 5 primeros a\u00f1os de existencia de Hootsuite, la popular aplicaci\u00f3n para\u00a0<a title=\"10 aplicaciones para gestionar varias cuentas de redes sociales simult\u00e1neamente\" href=\"http:\/\/wwwhatsnew.com\/2012\/01\/10\/10-aplicaciones-para-gestionar-varias-cuentas-de-redes-sociales-simultaneamente\/\">gestionar m\u00faltiples cuentas de redes sociales<\/a>\u00a0simult\u00e1neamente, ha sido publicada en su\u00a0<a href=\"http:\/\/blog.hootsuite.com\/evolution-of-social-media-infographic\/\">blog oficial<\/a>\u00a0una excelente infograf\u00eda con datos interesantes que han impactado las redes sociales durante el mismo reciente periodo. Igualmente se\u00f1alan algunos hechos relevantes relacionados a la evoluci\u00f3n de su producto.<\/p>\n<p>El cambio en el n\u00famero de usuarios, el valor de la m\u00e1s populares en la bolsa de valores, su impacto en el mundo real (sucesos econ\u00f3micos, pol\u00edticos y sociales tan importantes como el\u00a0<a title=\"\u201cMi empresa no necesita Twitter\u201d\" href=\"http:\/\/wwwhatsnew.com\/2013\/07\/08\/mi-empresa-no-necesita-twitter\/\">haber sido el medio<\/a>\u00a0de las nuevas revoluciones globales para llegar a tumbar incluso gobiernos) y en general el alcance que han tenido y siguen teniendo desde aproximadamente un lustro atr\u00e1s, son algunos de los detalles m\u00e1s importantes de las redes sociales que son resumidos gr\u00e1ficamente gracias a Hootsuite.<\/p>\n<p>No se dejan atr\u00e1s protagonistas pues es mencionado hasta \u201cel Facebook de anta\u00f1o\u201d, Myspace, el cual por cierto este a\u00f1o ha sufrido importantes cambios que le han convertido en un referente -otrora su t\u00edtulo- respecto a sitios para conectarse con artistas musicales y su contenido multimedia, tanto canciones como fotos y videos. En fin, aqu\u00ed compartimos la infograf\u00eda:<\/p>\n<p><a href=\"http:\/\/wwwhatsnew.com\/wp-content\/uploads\/2013\/11\/infografia-social-media-2013-grande.jpg\">INFOGRAF\u00cdA AQU\u00cd<\/a><\/p>\n<p>FUENTE: <a href=\"http:\/\/wwwhatsnew.com\/2013\/12\/01\/5-anos-de-historia-de-las-redes-sociales-en-resumen-infografia\/\">wwwhatsnew.com<\/a><\/p>\n","protected":false},"excerpt":{"rendered":"<p>Celebrando los 5 primeros a\u00f1os de existencia de Hootsuite, la popular aplicaci\u00f3n para\u00a0gestionar m\u00faltiples cuentas de redes sociales\u00a0simult\u00e1neamente, ha sido publicada en su\u00a0blog oficial\u00a0una excelente [&hellip;]<\/p>\n","protected":false},"author":2,"featured_media":0,"comment_status":"open","ping_status":"open","sticky":false,"template":"","format":"standard","meta":{"_monsterinsights_skip_tracking":false,"_monsterinsights_sitenote_active":false,"_monsterinsights_sitenote_note":"","_monsterinsights_sitenote_category":0},"categories":[],"tags":[],"yoast_head":"<!-- This site is optimized with the Yoast SEO plugin v19.1 - https:\/\/yoast.com\/wordpress\/plugins\/seo\/ -->\n<title>5 a\u00f1os de historia de las redes sociales en resumen [Infograf\u00eda] - Blog de Tecnolog\u00eda - Abrima<\/title>\n<meta name=\"robots\" content=\"index, follow, max-snippet:-1, max-image-preview:large, max-video-preview:-1\" \/>\n<link rel=\"canonical\" href=\"https:\/\/www.abrima.com\/blog\/5-anos-de-historia-de-las-redes-sociales-en-resumen-infografia\/\" \/>\n<meta property=\"og:locale\" content=\"es_ES\" \/>\n<meta property=\"og:type\" content=\"article\" \/>\n<meta property=\"og:title\" content=\"5 a\u00f1os de historia de las redes sociales en resumen [Infograf\u00eda] - Blog de Tecnolog\u00eda - Abrima\" \/>\n<meta property=\"og:description\" content=\"Celebrando los 5 primeros a\u00f1os de existencia de Hootsuite, la popular aplicaci\u00f3n para\u00a0gestionar m\u00faltiples cuentas de redes sociales\u00a0simult\u00e1neamente, ha sido publicada en su\u00a0blog oficial\u00a0una excelente [&hellip;]\" \/>\n<meta property=\"og:url\" content=\"https:\/\/www.abrima.com\/blog\/5-anos-de-historia-de-las-redes-sociales-en-resumen-infografia\/\" \/>\n<meta property=\"og:site_name\" content=\"Blog de Tecnolog\u00eda - Abrima\" \/>\n<meta property=\"article:publisher\" content=\"https:\/\/www.facebook.com\/abrimawebs\/\" \/>\n<meta property=\"article:published_time\" content=\"2013-12-02T22:41:13+00:00\" \/>\n<meta name=\"twitter:label1\" content=\"Escrito por\" \/>\n\t<meta name=\"twitter:data1\" content=\"Ana Lucia Marrou\" \/>\n\t<meta name=\"twitter:label2\" content=\"Tiempo de lectura\" \/>\n\t<meta name=\"twitter:data2\" content=\"1 minuto\" \/>\n<script type=\"application\/ld+json\" class=\"yoast-schema-graph\">{\"@context\":\"https:\/\/schema.org\",\"@graph\":[{\"@type\":\"Organization\",\"@id\":\"https:\/\/www.abrima.com\/blog\/#organization\",\"name\":\"Abrima\",\"url\":\"https:\/\/www.abrima.com\/blog\/\",\"sameAs\":[\"https:\/\/www.linkedin.com\/company\/abrima-soluciones-web\/\",\"https:\/\/www.youtube.com\/user\/abrimawebs\",\"https:\/\/www.facebook.com\/abrimawebs\/\",\"https:\/\/twitter.com\/abrimaweb\"],\"logo\":{\"@type\":\"ImageObject\",\"inLanguage\":\"es\",\"@id\":\"https:\/\/www.abrima.com\/blog\/#\/schema\/logo\/image\/\",\"url\":\"https:\/\/www.abrima.com\/blog\/wp-content\/uploads\/2018\/03\/abrima-logo.png\",\"contentUrl\":\"https:\/\/www.abrima.com\/blog\/wp-content\/uploads\/2018\/03\/abrima-logo.png\",\"width\":700,\"height\":700,\"caption\":\"Abrima\"},\"image\":{\"@id\":\"https:\/\/www.abrima.com\/blog\/#\/schema\/logo\/image\/\"}},{\"@type\":\"WebSite\",\"@id\":\"https:\/\/www.abrima.com\/blog\/#website\",\"url\":\"https:\/\/www.abrima.com\/blog\/\",\"name\":\"Blog de Tecnolog\u00eda - Abrima\",\"description\":\"Blog sobre todo lo relacionado con Cloud, Marketing Digital y Web\",\"publisher\":{\"@id\":\"https:\/\/www.abrima.com\/blog\/#organization\"},\"potentialAction\":[{\"@type\":\"SearchAction\",\"target\":{\"@type\":\"EntryPoint\",\"urlTemplate\":\"https:\/\/www.abrima.com\/blog\/?s={search_term_string}\"},\"query-input\":\"required name=search_term_string\"}],\"inLanguage\":\"es\"},{\"@type\":\"WebPage\",\"@id\":\"https:\/\/www.abrima.com\/blog\/5-anos-de-historia-de-las-redes-sociales-en-resumen-infografia\/#webpage\",\"url\":\"https:\/\/www.abrima.com\/blog\/5-anos-de-historia-de-las-redes-sociales-en-resumen-infografia\/\",\"name\":\"5 a\u00f1os de historia de las redes sociales en resumen [Infograf\u00eda] - Blog de Tecnolog\u00eda - Abrima\",\"isPartOf\":{\"@id\":\"https:\/\/www.abrima.com\/blog\/#website\"},\"datePublished\":\"2013-12-02T22:41:13+00:00\",\"dateModified\":\"2013-12-02T22:41:13+00:00\",\"breadcrumb\":{\"@id\":\"https:\/\/www.abrima.com\/blog\/5-anos-de-historia-de-las-redes-sociales-en-resumen-infografia\/#breadcrumb\"},\"inLanguage\":\"es\",\"potentialAction\":[{\"@type\":\"ReadAction\",\"target\":[\"https:\/\/www.abrima.com\/blog\/5-anos-de-historia-de-las-redes-sociales-en-resumen-infografia\/\"]}]},{\"@type\":\"BreadcrumbList\",\"@id\":\"https:\/\/www.abrima.com\/blog\/5-anos-de-historia-de-las-redes-sociales-en-resumen-infografia\/#breadcrumb\",\"itemListElement\":[{\"@type\":\"ListItem\",\"position\":1,\"name\":\"Portada\",\"item\":\"https:\/\/www.abrima.com\/blog\/\"},{\"@type\":\"ListItem\",\"position\":2,\"name\":\"5 a\u00f1os de historia de las redes sociales en resumen [Infograf\u00eda]\"}]},{\"@type\":\"Article\",\"@id\":\"https:\/\/www.abrima.com\/blog\/5-anos-de-historia-de-las-redes-sociales-en-resumen-infografia\/#article\",\"isPartOf\":{\"@id\":\"https:\/\/www.abrima.com\/blog\/5-anos-de-historia-de-las-redes-sociales-en-resumen-infografia\/#webpage\"},\"author\":{\"@id\":\"https:\/\/www.abrima.com\/blog\/#\/schema\/person\/70ccd8d5617e3a3d6d5121086c3bb00f\"},\"headline\":\"5 a\u00f1os de historia de las redes sociales en resumen [Infograf\u00eda]\",\"datePublished\":\"2013-12-02T22:41:13+00:00\",\"dateModified\":\"2013-12-02T22:41:13+00:00\",\"mainEntityOfPage\":{\"@id\":\"https:\/\/www.abrima.com\/blog\/5-anos-de-historia-de-las-redes-sociales-en-resumen-infografia\/#webpage\"},\"wordCount\":232,\"commentCount\":0,\"publisher\":{\"@id\":\"https:\/\/www.abrima.com\/blog\/#organization\"},\"inLanguage\":\"es\",\"potentialAction\":[{\"@type\":\"CommentAction\",\"name\":\"Comment\",\"target\":[\"https:\/\/www.abrima.com\/blog\/5-anos-de-historia-de-las-redes-sociales-en-resumen-infografia\/#respond\"]}]},{\"@type\":\"Person\",\"@id\":\"https:\/\/www.abrima.com\/blog\/#\/schema\/person\/70ccd8d5617e3a3d6d5121086c3bb00f\",\"name\":\"Ana Lucia Marrou\",\"image\":{\"@type\":\"ImageObject\",\"inLanguage\":\"es\",\"@id\":\"https:\/\/www.abrima.com\/blog\/#\/schema\/person\/image\/\",\"url\":\"https:\/\/secure.gravatar.com\/avatar\/90bc8b721d14c58be266256fd3396265?s=96&d=mm&r=g\",\"contentUrl\":\"https:\/\/secure.gravatar.com\/avatar\/90bc8b721d14c58be266256fd3396265?s=96&d=mm&r=g\",\"caption\":\"Ana Lucia Marrou\"},\"url\":\"https:\/\/www.abrima.com\/blog\/author\/anilu\/\"}]}<\/script>\n<!-- \/ Yoast SEO plugin. -->","yoast_head_json":{"title":"5 a\u00f1os de historia de las redes sociales en resumen [Infograf\u00eda] - Blog de Tecnolog\u00eda - Abrima","robots":{"index":"index","follow":"follow","max-snippet":"max-snippet:-1","max-image-preview":"max-image-preview:large","max-video-preview":"max-video-preview:-1"},"canonical":"https:\/\/www.abrima.com\/blog\/5-anos-de-historia-de-las-redes-sociales-en-resumen-infografia\/","og_locale":"es_ES","og_type":"article","og_title":"5 a\u00f1os de historia de las redes sociales en resumen [Infograf\u00eda] - Blog de Tecnolog\u00eda - Abrima","og_description":"Celebrando los 5 primeros a\u00f1os de existencia de Hootsuite, la popular aplicaci\u00f3n para\u00a0gestionar m\u00faltiples cuentas de redes sociales\u00a0simult\u00e1neamente, ha sido publicada en su\u00a0blog oficial\u00a0una excelente [&hellip;]","og_url":"https:\/\/www.abrima.com\/blog\/5-anos-de-historia-de-las-redes-sociales-en-resumen-infografia\/","og_site_name":"Blog de Tecnolog\u00eda - Abrima","article_publisher":"https:\/\/www.facebook.com\/abrimawebs\/","article_published_time":"2013-12-02T22:41:13+00:00","twitter_misc":{"Escrito por":"Ana Lucia Marrou","Tiempo de lectura":"1 minuto"},"schema":{"@context":"https:\/\/schema.org","@graph":[{"@type":"Organization","@id":"https:\/\/www.abrima.com\/blog\/#organization","name":"Abrima","url":"https:\/\/www.abrima.com\/blog\/","sameAs":["https:\/\/www.linkedin.com\/company\/abrima-soluciones-web\/","https:\/\/www.youtube.com\/user\/abrimawebs","https:\/\/www.facebook.com\/abrimawebs\/","https:\/\/twitter.com\/abrimaweb"],"logo":{"@type":"ImageObject","inLanguage":"es","@id":"https:\/\/www.abrima.com\/blog\/#\/schema\/logo\/image\/","url":"https:\/\/www.abrima.com\/blog\/wp-content\/uploads\/2018\/03\/abrima-logo.png","contentUrl":"https:\/\/www.abrima.com\/blog\/wp-content\/uploads\/2018\/03\/abrima-logo.png","width":700,"height":700,"caption":"Abrima"},"image":{"@id":"https:\/\/www.abrima.com\/blog\/#\/schema\/logo\/image\/"}},{"@type":"WebSite","@id":"https:\/\/www.abrima.com\/blog\/#website","url":"https:\/\/www.abrima.com\/blog\/","name":"Blog de Tecnolog\u00eda - Abrima","description":"Blog sobre todo lo relacionado con Cloud, Marketing Digital y Web","publisher":{"@id":"https:\/\/www.abrima.com\/blog\/#organization"},"potentialAction":[{"@type":"SearchAction","target":{"@type":"EntryPoint","urlTemplate":"https:\/\/www.abrima.com\/blog\/?s={search_term_string}"},"query-input":"required name=search_term_string"}],"inLanguage":"es"},{"@type":"WebPage","@id":"https:\/\/www.abrima.com\/blog\/5-anos-de-historia-de-las-redes-sociales-en-resumen-infografia\/#webpage","url":"https:\/\/www.abrima.com\/blog\/5-anos-de-historia-de-las-redes-sociales-en-resumen-infografia\/","name":"5 a\u00f1os de historia de las redes sociales en resumen [Infograf\u00eda] - Blog de Tecnolog\u00eda - Abrima","isPartOf":{"@id":"https:\/\/www.abrima.com\/blog\/#website"},"datePublished":"2013-12-02T22:41:13+00:00","dateModified":"2013-12-02T22:41:13+00:00","breadcrumb":{"@id":"https:\/\/www.abrima.com\/blog\/5-anos-de-historia-de-las-redes-sociales-en-resumen-infografia\/#breadcrumb"},"inLanguage":"es","potentialAction":[{"@type":"ReadAction","target":["https:\/\/www.abrima.com\/blog\/5-anos-de-historia-de-las-redes-sociales-en-resumen-infografia\/"]}]},{"@type":"BreadcrumbList","@id":"https:\/\/www.abrima.com\/blog\/5-anos-de-historia-de-las-redes-sociales-en-resumen-infografia\/#breadcrumb","itemListElement":[{"@type":"ListItem","position":1,"name":"Portada","item":"https:\/\/www.abrima.com\/blog\/"},{"@type":"ListItem","position":2,"name":"5 a\u00f1os de historia de las redes sociales en resumen [Infograf\u00eda]"}]},{"@type":"Article","@id":"https:\/\/www.abrima.com\/blog\/5-anos-de-historia-de-las-redes-sociales-en-resumen-infografia\/#article","isPartOf":{"@id":"https:\/\/www.abrima.com\/blog\/5-anos-de-historia-de-las-redes-sociales-en-resumen-infografia\/#webpage"},"author":{"@id":"https:\/\/www.abrima.com\/blog\/#\/schema\/person\/70ccd8d5617e3a3d6d5121086c3bb00f"},"headline":"5 a\u00f1os de historia de las redes sociales en resumen [Infograf\u00eda]","datePublished":"2013-12-02T22:41:13+00:00","dateModified":"2013-12-02T22:41:13+00:00","mainEntityOfPage":{"@id":"https:\/\/www.abrima.com\/blog\/5-anos-de-historia-de-las-redes-sociales-en-resumen-infografia\/#webpage"},"wordCount":232,"commentCount":0,"publisher":{"@id":"https:\/\/www.abrima.com\/blog\/#organization"},"inLanguage":"es","potentialAction":[{"@type":"CommentAction","name":"Comment","target":["https:\/\/www.abrima.com\/blog\/5-anos-de-historia-de-las-redes-sociales-en-resumen-infografia\/#respond"]}]},{"@type":"Person","@id":"https:\/\/www.abrima.com\/blog\/#\/schema\/person\/70ccd8d5617e3a3d6d5121086c3bb00f","name":"Ana Lucia Marrou","image":{"@type":"ImageObject","inLanguage":"es","@id":"https:\/\/www.abrima.com\/blog\/#\/schema\/person\/image\/","url":"https:\/\/secure.gravatar.com\/avatar\/90bc8b721d14c58be266256fd3396265?s=96&d=mm&r=g","contentUrl":"https:\/\/secure.gravatar.com\/avatar\/90bc8b721d14c58be266256fd3396265?s=96&d=mm&r=g","caption":"Ana Lucia Marrou"},"url":"https:\/\/www.abrima.com\/blog\/author\/anilu\/"}]}},"amp_enabled":true,"_links":{"self":[{"href":"https:\/\/www.abrima.com\/blog\/wp-json\/wp\/v2\/posts\/693"}],"collection":[{"href":"https:\/\/www.abrima.com\/blog\/wp-json\/wp\/v2\/posts"}],"about":[{"href":"https:\/\/www.abrima.com\/blog\/wp-json\/wp\/v2\/types\/post"}],"author":[{"embeddable":true,"href":"https:\/\/www.abrima.com\/blog\/wp-json\/wp\/v2\/users\/2"}],"replies":[{"embeddable":true,"href":"https:\/\/www.abrima.com\/blog\/wp-json\/wp\/v2\/comments?post=693"}],"version-history":[{"count":1,"href":"https:\/\/www.abrima.com\/blog\/wp-json\/wp\/v2\/posts\/693\/revisions"}],"predecessor-version":[{"id":694,"href":"https:\/\/www.abrima.com\/blog\/wp-json\/wp\/v2\/posts\/693\/revisions\/694"}],"wp:attachment":[{"href":"https:\/\/www.abrima.com\/blog\/wp-json\/wp\/v2\/media?parent=693"}],"wp:term":[{"taxonomy":"category","embeddable":true,"href":"https:\/\/www.abrima.com\/blog\/wp-json\/wp\/v2\/categories?post=693"},{"taxonomy":"post_tag","embeddable":true,"href":"https:\/\/www.abrima.com\/blog\/wp-json\/wp\/v2\/tags?post=693"}],"curies":[{"name":"wp","href":"https:\/\/api.w.org\/{rel}","templated":true}]}}