{"id":675,"date":"2013-12-01T18:50:47","date_gmt":"2013-12-01T18:50:47","guid":{"rendered":"http:\/\/www.abrima.com\/blog\/?p=675"},"modified":"2013-12-01T18:50:47","modified_gmt":"2013-12-01T18:50:47","slug":"los-marcadores-de-google-chrome-podran-ordenarse-en-carpetas","status":"publish","type":"post","link":"https:\/\/www.abrima.com\/blog\/los-marcadores-de-google-chrome-podran-ordenarse-en-carpetas\/","title":{"rendered":"Los marcadores de Google Chrome podr\u00e1n ordenarse en carpetas"},"content":{"rendered":"<div><img alt=\"Los marcadores de Google Chrome podr\u00e1n ordenarse en carpetas\" src=\"http:\/\/cdn3.ticbeat.com\/wp-content\/uploads\/2013\/11\/folders-590x260.jpg\" \/><\/div>\n<p align=\"center\">Por fin.\u00a0<strong>Google<\/strong>\u00a0ha decidido satisfacer esta semana\u00a0<strong>una petici\u00f3n que los usuarios de Chrome ven\u00edan realizando desde 2009: que los enlaces guardados en\u00a0<\/strong><strong>\u2018<\/strong><strong>marcadores<\/strong><strong>\u2019<\/strong><strong>\u00a0pudieran, adem\u00e1s, ser organizados en distintas carpetas<\/strong>. De momento, la compa\u00f1\u00eda\u00a0<strong>solo ha incorporado esta funci\u00f3n a Chromium, su plataforma de c\u00f3digo abierto,<\/strong>\u00a0pero la l\u00f3gica nos lleva a pensar que no tardar\u00e1 en llegar al navegador Chrome.<\/p>\n<p>Como recoge\u00a0<a href=\"http:\/\/thenextweb.com\/google\/2013\/11\/27\/google-adds-folders-bookmarks-search-latest-chromium-build-feature-request-back-2009\/\" target=\"_blank\">The Next Web<\/a>, el primero en darse cuenta de esta actualizaci\u00f3n ha sido el desarrollador\u00a0<a href=\"https:\/\/plus.google.com\/u\/0\/+FrancoisBeaufort\/posts\/EpU8LEjwFTW\">Fran\u00e7ois Beaufort<\/a>, uno de los t\u00f3tems del c\u00f3digo abierto de Chromium, que ha explicado, desde su propio perfil en Google Plus, que\u00a0<strong>la \u00faltima revisi\u00f3n de c\u00f3digo del gigante de Internet ya permite la existencia de carpetas dentro de los favoritos<\/strong>, y, adem\u00e1s -ojo, esto es muy interesante-, posibilita que dichas carpetas aparezcan en los resultados de b\u00fasqueda que los usuarios realicen, para que as\u00ed se pueda establecer una navegaci\u00f3n dentro de p\u00e1ginas que ellos mismos hayan organizado y guardado en su equipo.<\/p>\n<p><center><\/p>\n<div><\/div>\n<div id=\"ebzNative\">\u00a0Desde 2009 hasta ahora ha llovido mucho. En concreto,\u00a0<strong>29 versiones de Chrome, que es lo que ha tardado Google en dar los primeros pasos<\/strong>\u00a0para incluir una petici\u00f3n que sus usuarios vienen haci\u00e9ndole desde la tercera versi\u00f3n de su navegador.<\/div>\n<p><\/center>De acuerdo con The Next Web, la aportaci\u00f3n ni siquiera habr\u00eda sido realizada por un empleado o ingeniero de Google, sino que\u00a0<strong>proceder\u00eda de alguien externo a la compa\u00f1\u00eda, alg\u00fan desarrollador que ha decidido que ya era hora<\/strong>\u00a0de satisfacer una reclamaci\u00f3n de hace a\u00f1os.<\/p>\n<p><strong>Chromium<\/strong>, el proyecto de navegador de c\u00f3digo abierto de Google,\u00a0<strong>comparte casi la totalidad de su c\u00f3digo con Chrome<\/strong>, y lo habitual es que las nuevas funcionalidades de este \u00faltimo navegador aparezcan siempre, en una versi\u00f3n preliminar, en su alter ego\u00a0<em>open source<\/em>.<\/p>\n<p>FUENTE:<a href=\"http:\/\/www.ticbeat.com\/tecnologias\/los-marcadores-de-google-chrome-podran-ordenarse-en-carpetas\/\"> ticbeat.com<\/a><\/p>\n","protected":false},"excerpt":{"rendered":"<p>Por fin.\u00a0Google\u00a0ha decidido satisfacer esta semana\u00a0una petici\u00f3n que los usuarios de Chrome ven\u00edan realizando desde 2009: que los enlaces guardados en\u00a0\u2018marcadores\u2019\u00a0pudieran, adem\u00e1s, ser organizados en [&hellip;]<\/p>\n","protected":false},"author":2,"featured_media":0,"comment_status":"open","ping_status":"open","sticky":false,"template":"","format":"standard","meta":{"_monsterinsights_skip_tracking":false,"_monsterinsights_sitenote_active":false,"_monsterinsights_sitenote_note":"","_monsterinsights_sitenote_category":0},"categories":[],"tags":[],"yoast_head":"<!-- This site is optimized with the Yoast SEO plugin v19.1 - https:\/\/yoast.com\/wordpress\/plugins\/seo\/ -->\n<title>Los marcadores de Google Chrome podr\u00e1n ordenarse en carpetas - Blog de Tecnolog\u00eda - Abrima<\/title>\n<meta name=\"robots\" content=\"index, follow, max-snippet:-1, max-image-preview:large, max-video-preview:-1\" \/>\n<link rel=\"canonical\" href=\"https:\/\/www.abrima.com\/blog\/los-marcadores-de-google-chrome-podran-ordenarse-en-carpetas\/\" \/>\n<meta property=\"og:locale\" content=\"es_ES\" \/>\n<meta property=\"og:type\" content=\"article\" \/>\n<meta property=\"og:title\" content=\"Los marcadores de Google Chrome podr\u00e1n ordenarse en carpetas - Blog de Tecnolog\u00eda - Abrima\" \/>\n<meta property=\"og:description\" content=\"Por fin.\u00a0Google\u00a0ha decidido satisfacer esta semana\u00a0una petici\u00f3n que los usuarios de Chrome ven\u00edan realizando desde 2009: que los enlaces guardados en\u00a0\u2018marcadores\u2019\u00a0pudieran, adem\u00e1s, ser organizados en [&hellip;]\" \/>\n<meta property=\"og:url\" content=\"https:\/\/www.abrima.com\/blog\/los-marcadores-de-google-chrome-podran-ordenarse-en-carpetas\/\" \/>\n<meta property=\"og:site_name\" content=\"Blog de Tecnolog\u00eda - Abrima\" \/>\n<meta property=\"article:publisher\" content=\"https:\/\/www.facebook.com\/abrimawebs\/\" \/>\n<meta property=\"article:published_time\" content=\"2013-12-01T18:50:47+00:00\" \/>\n<meta property=\"og:image\" content=\"http:\/\/cdn3.ticbeat.com\/wp-content\/uploads\/2013\/11\/folders-590x260.jpg\" \/>\n<meta name=\"twitter:label1\" content=\"Escrito por\" \/>\n\t<meta name=\"twitter:data1\" content=\"Ana Lucia Marrou\" \/>\n\t<meta name=\"twitter:label2\" content=\"Tiempo de lectura\" \/>\n\t<meta name=\"twitter:data2\" content=\"2 minutos\" \/>\n<script type=\"application\/ld+json\" class=\"yoast-schema-graph\">{\"@context\":\"https:\/\/schema.org\",\"@graph\":[{\"@type\":\"Organization\",\"@id\":\"https:\/\/www.abrima.com\/blog\/#organization\",\"name\":\"Abrima\",\"url\":\"https:\/\/www.abrima.com\/blog\/\",\"sameAs\":[\"https:\/\/www.linkedin.com\/company\/abrima-soluciones-web\/\",\"https:\/\/www.youtube.com\/user\/abrimawebs\",\"https:\/\/www.facebook.com\/abrimawebs\/\",\"https:\/\/twitter.com\/abrimaweb\"],\"logo\":{\"@type\":\"ImageObject\",\"inLanguage\":\"es\",\"@id\":\"https:\/\/www.abrima.com\/blog\/#\/schema\/logo\/image\/\",\"url\":\"https:\/\/www.abrima.com\/blog\/wp-content\/uploads\/2018\/03\/abrima-logo.png\",\"contentUrl\":\"https:\/\/www.abrima.com\/blog\/wp-content\/uploads\/2018\/03\/abrima-logo.png\",\"width\":700,\"height\":700,\"caption\":\"Abrima\"},\"image\":{\"@id\":\"https:\/\/www.abrima.com\/blog\/#\/schema\/logo\/image\/\"}},{\"@type\":\"WebSite\",\"@id\":\"https:\/\/www.abrima.com\/blog\/#website\",\"url\":\"https:\/\/www.abrima.com\/blog\/\",\"name\":\"Blog de Tecnolog\u00eda - Abrima\",\"description\":\"Blog sobre todo lo relacionado con Cloud, Marketing Digital y Web\",\"publisher\":{\"@id\":\"https:\/\/www.abrima.com\/blog\/#organization\"},\"potentialAction\":[{\"@type\":\"SearchAction\",\"target\":{\"@type\":\"EntryPoint\",\"urlTemplate\":\"https:\/\/www.abrima.com\/blog\/?s={search_term_string}\"},\"query-input\":\"required name=search_term_string\"}],\"inLanguage\":\"es\"},{\"@type\":\"ImageObject\",\"inLanguage\":\"es\",\"@id\":\"https:\/\/www.abrima.com\/blog\/los-marcadores-de-google-chrome-podran-ordenarse-en-carpetas\/#primaryimage\",\"url\":\"http:\/\/cdn3.ticbeat.com\/wp-content\/uploads\/2013\/11\/folders-590x260.jpg\",\"contentUrl\":\"http:\/\/cdn3.ticbeat.com\/wp-content\/uploads\/2013\/11\/folders-590x260.jpg\"},{\"@type\":\"WebPage\",\"@id\":\"https:\/\/www.abrima.com\/blog\/los-marcadores-de-google-chrome-podran-ordenarse-en-carpetas\/#webpage\",\"url\":\"https:\/\/www.abrima.com\/blog\/los-marcadores-de-google-chrome-podran-ordenarse-en-carpetas\/\",\"name\":\"Los marcadores de Google Chrome podr\u00e1n ordenarse en carpetas - Blog de Tecnolog\u00eda - Abrima\",\"isPartOf\":{\"@id\":\"https:\/\/www.abrima.com\/blog\/#website\"},\"primaryImageOfPage\":{\"@id\":\"https:\/\/www.abrima.com\/blog\/los-marcadores-de-google-chrome-podran-ordenarse-en-carpetas\/#primaryimage\"},\"datePublished\":\"2013-12-01T18:50:47+00:00\",\"dateModified\":\"2013-12-01T18:50:47+00:00\",\"breadcrumb\":{\"@id\":\"https:\/\/www.abrima.com\/blog\/los-marcadores-de-google-chrome-podran-ordenarse-en-carpetas\/#breadcrumb\"},\"inLanguage\":\"es\",\"potentialAction\":[{\"@type\":\"ReadAction\",\"target\":[\"https:\/\/www.abrima.com\/blog\/los-marcadores-de-google-chrome-podran-ordenarse-en-carpetas\/\"]}]},{\"@type\":\"BreadcrumbList\",\"@id\":\"https:\/\/www.abrima.com\/blog\/los-marcadores-de-google-chrome-podran-ordenarse-en-carpetas\/#breadcrumb\",\"itemListElement\":[{\"@type\":\"ListItem\",\"position\":1,\"name\":\"Portada\",\"item\":\"https:\/\/www.abrima.com\/blog\/\"},{\"@type\":\"ListItem\",\"position\":2,\"name\":\"Los marcadores de Google Chrome podr\u00e1n ordenarse en carpetas\"}]},{\"@type\":\"Article\",\"@id\":\"https:\/\/www.abrima.com\/blog\/los-marcadores-de-google-chrome-podran-ordenarse-en-carpetas\/#article\",\"isPartOf\":{\"@id\":\"https:\/\/www.abrima.com\/blog\/los-marcadores-de-google-chrome-podran-ordenarse-en-carpetas\/#webpage\"},\"author\":{\"@id\":\"https:\/\/www.abrima.com\/blog\/#\/schema\/person\/70ccd8d5617e3a3d6d5121086c3bb00f\"},\"headline\":\"Los marcadores de Google Chrome podr\u00e1n ordenarse en carpetas\",\"datePublished\":\"2013-12-01T18:50:47+00:00\",\"dateModified\":\"2013-12-01T18:50:47+00:00\",\"mainEntityOfPage\":{\"@id\":\"https:\/\/www.abrima.com\/blog\/los-marcadores-de-google-chrome-podran-ordenarse-en-carpetas\/#webpage\"},\"wordCount\":332,\"commentCount\":0,\"publisher\":{\"@id\":\"https:\/\/www.abrima.com\/blog\/#organization\"},\"image\":{\"@id\":\"https:\/\/www.abrima.com\/blog\/los-marcadores-de-google-chrome-podran-ordenarse-en-carpetas\/#primaryimage\"},\"thumbnailUrl\":\"http:\/\/cdn3.ticbeat.com\/wp-content\/uploads\/2013\/11\/folders-590x260.jpg\",\"inLanguage\":\"es\",\"potentialAction\":[{\"@type\":\"CommentAction\",\"name\":\"Comment\",\"target\":[\"https:\/\/www.abrima.com\/blog\/los-marcadores-de-google-chrome-podran-ordenarse-en-carpetas\/#respond\"]}]},{\"@type\":\"Person\",\"@id\":\"https:\/\/www.abrima.com\/blog\/#\/schema\/person\/70ccd8d5617e3a3d6d5121086c3bb00f\",\"name\":\"Ana Lucia Marrou\",\"image\":{\"@type\":\"ImageObject\",\"inLanguage\":\"es\",\"@id\":\"https:\/\/www.abrima.com\/blog\/#\/schema\/person\/image\/\",\"url\":\"https:\/\/secure.gravatar.com\/avatar\/90bc8b721d14c58be266256fd3396265?s=96&d=mm&r=g\",\"contentUrl\":\"https:\/\/secure.gravatar.com\/avatar\/90bc8b721d14c58be266256fd3396265?s=96&d=mm&r=g\",\"caption\":\"Ana Lucia Marrou\"},\"url\":\"https:\/\/www.abrima.com\/blog\/author\/anilu\/\"}]}<\/script>\n<!-- \/ Yoast SEO plugin. -->","yoast_head_json":{"title":"Los marcadores de Google Chrome podr\u00e1n ordenarse en carpetas - Blog de Tecnolog\u00eda - Abrima","robots":{"index":"index","follow":"follow","max-snippet":"max-snippet:-1","max-image-preview":"max-image-preview:large","max-video-preview":"max-video-preview:-1"},"canonical":"https:\/\/www.abrima.com\/blog\/los-marcadores-de-google-chrome-podran-ordenarse-en-carpetas\/","og_locale":"es_ES","og_type":"article","og_title":"Los marcadores de Google Chrome podr\u00e1n ordenarse en carpetas - Blog de Tecnolog\u00eda - Abrima","og_description":"Por fin.\u00a0Google\u00a0ha decidido satisfacer esta semana\u00a0una petici\u00f3n que los usuarios de Chrome ven\u00edan realizando desde 2009: que los enlaces guardados en\u00a0\u2018marcadores\u2019\u00a0pudieran, adem\u00e1s, ser organizados en [&hellip;]","og_url":"https:\/\/www.abrima.com\/blog\/los-marcadores-de-google-chrome-podran-ordenarse-en-carpetas\/","og_site_name":"Blog de Tecnolog\u00eda - Abrima","article_publisher":"https:\/\/www.facebook.com\/abrimawebs\/","article_published_time":"2013-12-01T18:50:47+00:00","og_image":[{"url":"http:\/\/cdn3.ticbeat.com\/wp-content\/uploads\/2013\/11\/folders-590x260.jpg"}],"twitter_misc":{"Escrito por":"Ana Lucia Marrou","Tiempo de lectura":"2 minutos"},"schema":{"@context":"https:\/\/schema.org","@graph":[{"@type":"Organization","@id":"https:\/\/www.abrima.com\/blog\/#organization","name":"Abrima","url":"https:\/\/www.abrima.com\/blog\/","sameAs":["https:\/\/www.linkedin.com\/company\/abrima-soluciones-web\/","https:\/\/www.youtube.com\/user\/abrimawebs","https:\/\/www.facebook.com\/abrimawebs\/","https:\/\/twitter.com\/abrimaweb"],"logo":{"@type":"ImageObject","inLanguage":"es","@id":"https:\/\/www.abrima.com\/blog\/#\/schema\/logo\/image\/","url":"https:\/\/www.abrima.com\/blog\/wp-content\/uploads\/2018\/03\/abrima-logo.png","contentUrl":"https:\/\/www.abrima.com\/blog\/wp-content\/uploads\/2018\/03\/abrima-logo.png","width":700,"height":700,"caption":"Abrima"},"image":{"@id":"https:\/\/www.abrima.com\/blog\/#\/schema\/logo\/image\/"}},{"@type":"WebSite","@id":"https:\/\/www.abrima.com\/blog\/#website","url":"https:\/\/www.abrima.com\/blog\/","name":"Blog de Tecnolog\u00eda - Abrima","description":"Blog sobre todo lo relacionado con Cloud, Marketing Digital y Web","publisher":{"@id":"https:\/\/www.abrima.com\/blog\/#organization"},"potentialAction":[{"@type":"SearchAction","target":{"@type":"EntryPoint","urlTemplate":"https:\/\/www.abrima.com\/blog\/?s={search_term_string}"},"query-input":"required name=search_term_string"}],"inLanguage":"es"},{"@type":"ImageObject","inLanguage":"es","@id":"https:\/\/www.abrima.com\/blog\/los-marcadores-de-google-chrome-podran-ordenarse-en-carpetas\/#primaryimage","url":"http:\/\/cdn3.ticbeat.com\/wp-content\/uploads\/2013\/11\/folders-590x260.jpg","contentUrl":"http:\/\/cdn3.ticbeat.com\/wp-content\/uploads\/2013\/11\/folders-590x260.jpg"},{"@type":"WebPage","@id":"https:\/\/www.abrima.com\/blog\/los-marcadores-de-google-chrome-podran-ordenarse-en-carpetas\/#webpage","url":"https:\/\/www.abrima.com\/blog\/los-marcadores-de-google-chrome-podran-ordenarse-en-carpetas\/","name":"Los marcadores de Google Chrome podr\u00e1n ordenarse en carpetas - Blog de Tecnolog\u00eda - Abrima","isPartOf":{"@id":"https:\/\/www.abrima.com\/blog\/#website"},"primaryImageOfPage":{"@id":"https:\/\/www.abrima.com\/blog\/los-marcadores-de-google-chrome-podran-ordenarse-en-carpetas\/#primaryimage"},"datePublished":"2013-12-01T18:50:47+00:00","dateModified":"2013-12-01T18:50:47+00:00","breadcrumb":{"@id":"https:\/\/www.abrima.com\/blog\/los-marcadores-de-google-chrome-podran-ordenarse-en-carpetas\/#breadcrumb"},"inLanguage":"es","potentialAction":[{"@type":"ReadAction","target":["https:\/\/www.abrima.com\/blog\/los-marcadores-de-google-chrome-podran-ordenarse-en-carpetas\/"]}]},{"@type":"BreadcrumbList","@id":"https:\/\/www.abrima.com\/blog\/los-marcadores-de-google-chrome-podran-ordenarse-en-carpetas\/#breadcrumb","itemListElement":[{"@type":"ListItem","position":1,"name":"Portada","item":"https:\/\/www.abrima.com\/blog\/"},{"@type":"ListItem","position":2,"name":"Los marcadores de Google Chrome podr\u00e1n ordenarse en carpetas"}]},{"@type":"Article","@id":"https:\/\/www.abrima.com\/blog\/los-marcadores-de-google-chrome-podran-ordenarse-en-carpetas\/#article","isPartOf":{"@id":"https:\/\/www.abrima.com\/blog\/los-marcadores-de-google-chrome-podran-ordenarse-en-carpetas\/#webpage"},"author":{"@id":"https:\/\/www.abrima.com\/blog\/#\/schema\/person\/70ccd8d5617e3a3d6d5121086c3bb00f"},"headline":"Los marcadores de Google Chrome podr\u00e1n ordenarse en carpetas","datePublished":"2013-12-01T18:50:47+00:00","dateModified":"2013-12-01T18:50:47+00:00","mainEntityOfPage":{"@id":"https:\/\/www.abrima.com\/blog\/los-marcadores-de-google-chrome-podran-ordenarse-en-carpetas\/#webpage"},"wordCount":332,"commentCount":0,"publisher":{"@id":"https:\/\/www.abrima.com\/blog\/#organization"},"image":{"@id":"https:\/\/www.abrima.com\/blog\/los-marcadores-de-google-chrome-podran-ordenarse-en-carpetas\/#primaryimage"},"thumbnailUrl":"http:\/\/cdn3.ticbeat.com\/wp-content\/uploads\/2013\/11\/folders-590x260.jpg","inLanguage":"es","potentialAction":[{"@type":"CommentAction","name":"Comment","target":["https:\/\/www.abrima.com\/blog\/los-marcadores-de-google-chrome-podran-ordenarse-en-carpetas\/#respond"]}]},{"@type":"Person","@id":"https:\/\/www.abrima.com\/blog\/#\/schema\/person\/70ccd8d5617e3a3d6d5121086c3bb00f","name":"Ana Lucia Marrou","image":{"@type":"ImageObject","inLanguage":"es","@id":"https:\/\/www.abrima.com\/blog\/#\/schema\/person\/image\/","url":"https:\/\/secure.gravatar.com\/avatar\/90bc8b721d14c58be266256fd3396265?s=96&d=mm&r=g","contentUrl":"https:\/\/secure.gravatar.com\/avatar\/90bc8b721d14c58be266256fd3396265?s=96&d=mm&r=g","caption":"Ana Lucia Marrou"},"url":"https:\/\/www.abrima.com\/blog\/author\/anilu\/"}]}},"amp_enabled":true,"_links":{"self":[{"href":"https:\/\/www.abrima.com\/blog\/wp-json\/wp\/v2\/posts\/675"}],"collection":[{"href":"https:\/\/www.abrima.com\/blog\/wp-json\/wp\/v2\/posts"}],"about":[{"href":"https:\/\/www.abrima.com\/blog\/wp-json\/wp\/v2\/types\/post"}],"author":[{"embeddable":true,"href":"https:\/\/www.abrima.com\/blog\/wp-json\/wp\/v2\/users\/2"}],"replies":[{"embeddable":true,"href":"https:\/\/www.abrima.com\/blog\/wp-json\/wp\/v2\/comments?post=675"}],"version-history":[{"count":2,"href":"https:\/\/www.abrima.com\/blog\/wp-json\/wp\/v2\/posts\/675\/revisions"}],"predecessor-version":[{"id":677,"href":"https:\/\/www.abrima.com\/blog\/wp-json\/wp\/v2\/posts\/675\/revisions\/677"}],"wp:attachment":[{"href":"https:\/\/www.abrima.com\/blog\/wp-json\/wp\/v2\/media?parent=675"}],"wp:term":[{"taxonomy":"category","embeddable":true,"href":"https:\/\/www.abrima.com\/blog\/wp-json\/wp\/v2\/categories?post=675"},{"taxonomy":"post_tag","embeddable":true,"href":"https:\/\/www.abrima.com\/blog\/wp-json\/wp\/v2\/tags?post=675"}],"curies":[{"name":"wp","href":"https:\/\/api.w.org\/{rel}","templated":true}]}}