{"id":6647,"date":"2018-03-14T17:12:58","date_gmt":"2018-03-14T17:12:58","guid":{"rendered":"http:\/\/www.abrima.com\/blog\/?p=6647"},"modified":"2018-03-14T17:12:58","modified_gmt":"2018-03-14T17:12:58","slug":"como-deben-ser-los-videos-en-facebook","status":"publish","type":"post","link":"https:\/\/www.abrima.com\/blog\/como-deben-ser-los-videos-en-facebook\/","title":{"rendered":"\u00bfC\u00f3mo deben ser los v\u00eddeos en Facebook?"},"content":{"rendered":"<p><a href=\"http:\/\/www.agenciamktdigital.com\/marketing-digital\/index.html\"><img loading=\"lazy\" class=\"alignnone size-full wp-image-6648\" src=\"http:\/\/www.abrima.com\/blog\/wp-content\/uploads\/2018\/03\/Como-deben-ser-los-videos-en-Facebook.png\" alt=\"\" width=\"1200\" height=\"630\" srcset=\"https:\/\/www.abrima.com\/blog\/wp-content\/uploads\/2018\/03\/Como-deben-ser-los-videos-en-Facebook.png 1200w, https:\/\/www.abrima.com\/blog\/wp-content\/uploads\/2018\/03\/Como-deben-ser-los-videos-en-Facebook-300x158.png 300w, https:\/\/www.abrima.com\/blog\/wp-content\/uploads\/2018\/03\/Como-deben-ser-los-videos-en-Facebook-768x403.png 768w, https:\/\/www.abrima.com\/blog\/wp-content\/uploads\/2018\/03\/Como-deben-ser-los-videos-en-Facebook-1024x538.png 1024w, https:\/\/www.abrima.com\/blog\/wp-content\/uploads\/2018\/03\/Como-deben-ser-los-videos-en-Facebook-100x53.png 100w, https:\/\/www.abrima.com\/blog\/wp-content\/uploads\/2018\/03\/Como-deben-ser-los-videos-en-Facebook-150x79.png 150w, https:\/\/www.abrima.com\/blog\/wp-content\/uploads\/2018\/03\/Como-deben-ser-los-videos-en-Facebook-200x105.png 200w, https:\/\/www.abrima.com\/blog\/wp-content\/uploads\/2018\/03\/Como-deben-ser-los-videos-en-Facebook-450x236.png 450w, https:\/\/www.abrima.com\/blog\/wp-content\/uploads\/2018\/03\/Como-deben-ser-los-videos-en-Facebook-600x315.png 600w, https:\/\/www.abrima.com\/blog\/wp-content\/uploads\/2018\/03\/Como-deben-ser-los-videos-en-Facebook-900x473.png 900w\" sizes=\"(max-width: 1200px) 100vw, 1200px\" \/><\/a><\/p>\n<h2>Consejos para que maximices tu alcance en Facebook<\/h2>\n<p>Si alguna vez te preguntaste\u00a0\u00bfC\u00f3mo deben ser los v\u00eddeos en Facebook? estas en el lugar indicado. Durante los \u00faltimos a\u00f1os el contenido audiovisual, es decir, los v\u00eddeos, ha crecido en todas las <a href=\"http:\/\/www.agenciamktdigital.com\/redes-sociales\/index.html\">redes sociales<\/a>. Con \u00e9l\u00a0 se genera mayor engagement, principalmente en la red m\u00e1s famosa de todas, <a href=\"http:\/\/www.agenciamktdigital.com\/publicidad-web\/facebook.html\">Facebook<\/a>.<\/p>\n<p>Hace poco est\u00e1bamos debatiendo en la oficina respecto a una publicaci\u00f3n muy interesante sobre el engagement en v\u00eddeos de Facebook. Ante esta amplia conversaci\u00f3n decidimos dejarte algunas de nuestras apreciaciones.<\/p>\n<p>Durante el verano del 2017, el equipo de Buzzsumo analiz\u00f3 100 millones de v\u00eddeos publicados en Facebook. Los resultados arrojaron 7 puntos interesantes:<\/p>\n<ol>\n<li>Cu\u00e1les son los temas que obtienen mayor interacci\u00f3n<\/li>\n<li>La duraci\u00f3n optima de v\u00eddeos<\/li>\n<li>Cu\u00e1l deber\u00eda ser la duraci\u00f3n en las transmisiones en vivo<\/li>\n<li>Cuales son las reacciones (me gusta, me encanta, me divierte, etc) m\u00e1s usadas<\/li>\n<li>Cu\u00e1l es el rendimiento de las transmisiones en vivo y de los v\u00eddeos<\/li>\n<li>Cu\u00e1l es la cantidad recomendada de texto para la descripci\u00f3n<\/li>\n<li>Cuales son las caracter\u00edsticas de los v\u00eddeos m\u00e1s interesantes<\/li>\n<\/ol>\n<p>Hay estudios que indican que de la audiencia total de una pagina, ya sean o no seguidores el contenido en v\u00eddeo impacta a un 12.05%.\u00a0 Seguidamente est\u00e1n las fotos con un 11.63%, los enlaces con 7.81% y las actualizaciones de estado 4.56%.<\/p>\n<h3>\u00bfC\u00f3mo deben ser los v\u00eddeos en Facebook?<\/h3>\n<p>Sabemos que en la actualidad, el v\u00eddeo es el formato estrella del a\u00f1o, el cual es utilizado en diversas redes. Podemos encontrar buenos ejemplos en <a href=\"http:\/\/www.agenciamktdigital.com\/publicidad-web\/instagram.html\">Instagram<\/a>, algunos en <a href=\"http:\/\/www.agenciamktdigital.com\/publicidad-web\/twitter.html\">Twitter<\/a>, los de Coach y empoderamiento est\u00e1n dando la hora en <a href=\"http:\/\/www.agenciamktdigital.com\/publicidad-web\/linkedin.html\">LinkedIn<\/a>.<\/p>\n<p>Es decir, lo leemos en art\u00edculos pero tambi\u00e9n lo vemos reflejado en nuestras redes desde hace tiempo, pero siempre la gran pregunta\u00a0\u00bfC\u00f3mo deben ser los v\u00eddeos? Atento a los siguientes tips:<\/p>\n<ul>\n<li>V\u00eddeos cortos, que tegan una duraci\u00f3n de 115 segundos y una media de 65&#8242;.<\/li>\n<li>Descripci\u00f3n corta, de unos 61 caracteres.<\/li>\n<li><strong>Transmisiones en<\/strong>\u00a0<strong>Vivo<\/strong>: como Facebook los promueve, pueden ser m\u00e1s largos y durar hasta <strong>entre 15 a 20 minutos<\/strong>.<\/li>\n<li>V\u00eddeos de humor, que inspiren o que nos ense\u00f1en a hacer algo, son los que mejor funcionan.<\/li>\n<li>Crear contenido que se pueda compartir, que nos provoque compartir. Estudios indican que los v\u00eddeos que m\u00e1s se comparten son los que nos entretienen y aportan valor.<\/li>\n<\/ul>\n<p>Ya tienes los puntos claves, hazlo y cu\u00e9ntanos c\u00f3mo te fue.<\/p>\n<p><a href=\"http:\/\/www.abrima.com\/\">Abrima Soluciones Web<\/a>\u00a0es\u00a0<a href=\"http:\/\/www.abrima.com\/marketing_digital.html\">Agencia de Marketing Digital en el Peru<\/a>\u00a0m\u00e1s detalles en\u00a0<a href=\"http:\/\/www.abrima.com\/marketing_digital.html\">www.abrima.com\/marketing_digital.html<\/a><\/p>\n","protected":false},"excerpt":{"rendered":"<p>Consejos para que maximices tu alcance en Facebook Si alguna vez te preguntaste\u00a0\u00bfC\u00f3mo deben ser los v\u00eddeos en Facebook? estas en el lugar indicado. Durante [&hellip;]<\/p>\n","protected":false},"author":4,"featured_media":0,"comment_status":"open","ping_status":"open","sticky":false,"template":"","format":"standard","meta":{"_monsterinsights_skip_tracking":false,"_monsterinsights_sitenote_active":false,"_monsterinsights_sitenote_note":"","_monsterinsights_sitenote_category":0},"categories":[9,31,25,15,16,21],"tags":[],"yoast_head":"<!-- This site is optimized with the Yoast SEO plugin v19.1 - https:\/\/yoast.com\/wordpress\/plugins\/seo\/ -->\n<title>\u00bfC\u00f3mo deben ser los v\u00eddeos en Facebook? - Blog de Tecnolog\u00eda - Abrima<\/title>\n<meta name=\"robots\" content=\"index, follow, max-snippet:-1, max-image-preview:large, max-video-preview:-1\" \/>\n<link rel=\"canonical\" href=\"https:\/\/www.abrima.com\/blog\/como-deben-ser-los-videos-en-facebook\/\" \/>\n<meta property=\"og:locale\" content=\"es_ES\" \/>\n<meta property=\"og:type\" content=\"article\" \/>\n<meta property=\"og:title\" content=\"\u00bfC\u00f3mo deben ser los v\u00eddeos en Facebook? - Blog de Tecnolog\u00eda - Abrima\" \/>\n<meta property=\"og:description\" content=\"Consejos para que maximices tu alcance en Facebook Si alguna vez te preguntaste\u00a0\u00bfC\u00f3mo deben ser los v\u00eddeos en Facebook? estas en el lugar indicado. Durante [&hellip;]\" \/>\n<meta property=\"og:url\" content=\"https:\/\/www.abrima.com\/blog\/como-deben-ser-los-videos-en-facebook\/\" \/>\n<meta property=\"og:site_name\" content=\"Blog de Tecnolog\u00eda - Abrima\" \/>\n<meta property=\"article:publisher\" content=\"https:\/\/www.facebook.com\/abrimawebs\/\" \/>\n<meta property=\"article:published_time\" content=\"2018-03-14T17:12:58+00:00\" \/>\n<meta property=\"og:image\" content=\"http:\/\/www.abrima.com\/blog\/wp-content\/uploads\/2018\/03\/Como-deben-ser-los-videos-en-Facebook.png\" \/>\n<meta name=\"twitter:label1\" content=\"Escrito por\" \/>\n\t<meta name=\"twitter:data1\" content=\"Piero Pascual\" \/>\n\t<meta name=\"twitter:label2\" content=\"Tiempo de lectura\" \/>\n\t<meta name=\"twitter:data2\" content=\"2 minutos\" \/>\n<script type=\"application\/ld+json\" class=\"yoast-schema-graph\">{\"@context\":\"https:\/\/schema.org\",\"@graph\":[{\"@type\":\"Organization\",\"@id\":\"https:\/\/www.abrima.com\/blog\/#organization\",\"name\":\"Abrima\",\"url\":\"https:\/\/www.abrima.com\/blog\/\",\"sameAs\":[\"https:\/\/www.linkedin.com\/company\/abrima-soluciones-web\/\",\"https:\/\/www.youtube.com\/user\/abrimawebs\",\"https:\/\/www.facebook.com\/abrimawebs\/\",\"https:\/\/twitter.com\/abrimaweb\"],\"logo\":{\"@type\":\"ImageObject\",\"inLanguage\":\"es\",\"@id\":\"https:\/\/www.abrima.com\/blog\/#\/schema\/logo\/image\/\",\"url\":\"https:\/\/www.abrima.com\/blog\/wp-content\/uploads\/2018\/03\/abrima-logo.png\",\"contentUrl\":\"https:\/\/www.abrima.com\/blog\/wp-content\/uploads\/2018\/03\/abrima-logo.png\",\"width\":700,\"height\":700,\"caption\":\"Abrima\"},\"image\":{\"@id\":\"https:\/\/www.abrima.com\/blog\/#\/schema\/logo\/image\/\"}},{\"@type\":\"WebSite\",\"@id\":\"https:\/\/www.abrima.com\/blog\/#website\",\"url\":\"https:\/\/www.abrima.com\/blog\/\",\"name\":\"Blog de Tecnolog\u00eda - Abrima\",\"description\":\"Blog sobre todo lo relacionado con Cloud, Marketing Digital y Web\",\"publisher\":{\"@id\":\"https:\/\/www.abrima.com\/blog\/#organization\"},\"potentialAction\":[{\"@type\":\"SearchAction\",\"target\":{\"@type\":\"EntryPoint\",\"urlTemplate\":\"https:\/\/www.abrima.com\/blog\/?s={search_term_string}\"},\"query-input\":\"required name=search_term_string\"}],\"inLanguage\":\"es\"},{\"@type\":\"ImageObject\",\"inLanguage\":\"es\",\"@id\":\"https:\/\/www.abrima.com\/blog\/como-deben-ser-los-videos-en-facebook\/#primaryimage\",\"url\":\"http:\/\/www.abrima.com\/blog\/wp-content\/uploads\/2018\/03\/Como-deben-ser-los-videos-en-Facebook.png\",\"contentUrl\":\"http:\/\/www.abrima.com\/blog\/wp-content\/uploads\/2018\/03\/Como-deben-ser-los-videos-en-Facebook.png\"},{\"@type\":\"WebPage\",\"@id\":\"https:\/\/www.abrima.com\/blog\/como-deben-ser-los-videos-en-facebook\/#webpage\",\"url\":\"https:\/\/www.abrima.com\/blog\/como-deben-ser-los-videos-en-facebook\/\",\"name\":\"\u00bfC\u00f3mo deben ser los v\u00eddeos en Facebook? - Blog de Tecnolog\u00eda - Abrima\",\"isPartOf\":{\"@id\":\"https:\/\/www.abrima.com\/blog\/#website\"},\"primaryImageOfPage\":{\"@id\":\"https:\/\/www.abrima.com\/blog\/como-deben-ser-los-videos-en-facebook\/#primaryimage\"},\"datePublished\":\"2018-03-14T17:12:58+00:00\",\"dateModified\":\"2018-03-14T17:12:58+00:00\",\"breadcrumb\":{\"@id\":\"https:\/\/www.abrima.com\/blog\/como-deben-ser-los-videos-en-facebook\/#breadcrumb\"},\"inLanguage\":\"es\",\"potentialAction\":[{\"@type\":\"ReadAction\",\"target\":[\"https:\/\/www.abrima.com\/blog\/como-deben-ser-los-videos-en-facebook\/\"]}]},{\"@type\":\"BreadcrumbList\",\"@id\":\"https:\/\/www.abrima.com\/blog\/como-deben-ser-los-videos-en-facebook\/#breadcrumb\",\"itemListElement\":[{\"@type\":\"ListItem\",\"position\":1,\"name\":\"Portada\",\"item\":\"https:\/\/www.abrima.com\/blog\/\"},{\"@type\":\"ListItem\",\"position\":2,\"name\":\"\u00bfC\u00f3mo deben ser los v\u00eddeos en Facebook?\"}]},{\"@type\":\"Article\",\"@id\":\"https:\/\/www.abrima.com\/blog\/como-deben-ser-los-videos-en-facebook\/#article\",\"isPartOf\":{\"@id\":\"https:\/\/www.abrima.com\/blog\/como-deben-ser-los-videos-en-facebook\/#webpage\"},\"author\":{\"@id\":\"https:\/\/www.abrima.com\/blog\/#\/schema\/person\/737782c1bd830490042dc008c1c2e1a4\"},\"headline\":\"\u00bfC\u00f3mo deben ser los v\u00eddeos en Facebook?\",\"datePublished\":\"2018-03-14T17:12:58+00:00\",\"dateModified\":\"2018-03-14T17:12:58+00:00\",\"mainEntityOfPage\":{\"@id\":\"https:\/\/www.abrima.com\/blog\/como-deben-ser-los-videos-en-facebook\/#webpage\"},\"wordCount\":459,\"commentCount\":0,\"publisher\":{\"@id\":\"https:\/\/www.abrima.com\/blog\/#organization\"},\"image\":{\"@id\":\"https:\/\/www.abrima.com\/blog\/como-deben-ser-los-videos-en-facebook\/#primaryimage\"},\"thumbnailUrl\":\"http:\/\/www.abrima.com\/blog\/wp-content\/uploads\/2018\/03\/Como-deben-ser-los-videos-en-Facebook.png\",\"articleSection\":[\"Facebook\",\"Instagram\",\"Linkedin\",\"Marketing Digital\",\"Redes Sociales\",\"Twitter\"],\"inLanguage\":\"es\",\"potentialAction\":[{\"@type\":\"CommentAction\",\"name\":\"Comment\",\"target\":[\"https:\/\/www.abrima.com\/blog\/como-deben-ser-los-videos-en-facebook\/#respond\"]}]},{\"@type\":\"Person\",\"@id\":\"https:\/\/www.abrima.com\/blog\/#\/schema\/person\/737782c1bd830490042dc008c1c2e1a4\",\"name\":\"Piero Pascual\",\"image\":{\"@type\":\"ImageObject\",\"inLanguage\":\"es\",\"@id\":\"https:\/\/www.abrima.com\/blog\/#\/schema\/person\/image\/\",\"url\":\"https:\/\/secure.gravatar.com\/avatar\/5aa6097e0ae98bad776a620177cace10?s=96&d=mm&r=g\",\"contentUrl\":\"https:\/\/secure.gravatar.com\/avatar\/5aa6097e0ae98bad776a620177cace10?s=96&d=mm&r=g\",\"caption\":\"Piero Pascual\"},\"sameAs\":[\"http:\/\/www.abrima.com\"],\"url\":\"https:\/\/www.abrima.com\/blog\/author\/piero-pascual\/\"}]}<\/script>\n<!-- \/ Yoast SEO plugin. -->","yoast_head_json":{"title":"\u00bfC\u00f3mo deben ser los v\u00eddeos en Facebook? - Blog de Tecnolog\u00eda - Abrima","robots":{"index":"index","follow":"follow","max-snippet":"max-snippet:-1","max-image-preview":"max-image-preview:large","max-video-preview":"max-video-preview:-1"},"canonical":"https:\/\/www.abrima.com\/blog\/como-deben-ser-los-videos-en-facebook\/","og_locale":"es_ES","og_type":"article","og_title":"\u00bfC\u00f3mo deben ser los v\u00eddeos en Facebook? - Blog de Tecnolog\u00eda - Abrima","og_description":"Consejos para que maximices tu alcance en Facebook Si alguna vez te preguntaste\u00a0\u00bfC\u00f3mo deben ser los v\u00eddeos en Facebook? estas en el lugar indicado. Durante [&hellip;]","og_url":"https:\/\/www.abrima.com\/blog\/como-deben-ser-los-videos-en-facebook\/","og_site_name":"Blog de Tecnolog\u00eda - Abrima","article_publisher":"https:\/\/www.facebook.com\/abrimawebs\/","article_published_time":"2018-03-14T17:12:58+00:00","og_image":[{"url":"http:\/\/www.abrima.com\/blog\/wp-content\/uploads\/2018\/03\/Como-deben-ser-los-videos-en-Facebook.png"}],"twitter_misc":{"Escrito por":"Piero Pascual","Tiempo de lectura":"2 minutos"},"schema":{"@context":"https:\/\/schema.org","@graph":[{"@type":"Organization","@id":"https:\/\/www.abrima.com\/blog\/#organization","name":"Abrima","url":"https:\/\/www.abrima.com\/blog\/","sameAs":["https:\/\/www.linkedin.com\/company\/abrima-soluciones-web\/","https:\/\/www.youtube.com\/user\/abrimawebs","https:\/\/www.facebook.com\/abrimawebs\/","https:\/\/twitter.com\/abrimaweb"],"logo":{"@type":"ImageObject","inLanguage":"es","@id":"https:\/\/www.abrima.com\/blog\/#\/schema\/logo\/image\/","url":"https:\/\/www.abrima.com\/blog\/wp-content\/uploads\/2018\/03\/abrima-logo.png","contentUrl":"https:\/\/www.abrima.com\/blog\/wp-content\/uploads\/2018\/03\/abrima-logo.png","width":700,"height":700,"caption":"Abrima"},"image":{"@id":"https:\/\/www.abrima.com\/blog\/#\/schema\/logo\/image\/"}},{"@type":"WebSite","@id":"https:\/\/www.abrima.com\/blog\/#website","url":"https:\/\/www.abrima.com\/blog\/","name":"Blog de Tecnolog\u00eda - Abrima","description":"Blog sobre todo lo relacionado con Cloud, Marketing Digital y Web","publisher":{"@id":"https:\/\/www.abrima.com\/blog\/#organization"},"potentialAction":[{"@type":"SearchAction","target":{"@type":"EntryPoint","urlTemplate":"https:\/\/www.abrima.com\/blog\/?s={search_term_string}"},"query-input":"required name=search_term_string"}],"inLanguage":"es"},{"@type":"ImageObject","inLanguage":"es","@id":"https:\/\/www.abrima.com\/blog\/como-deben-ser-los-videos-en-facebook\/#primaryimage","url":"http:\/\/www.abrima.com\/blog\/wp-content\/uploads\/2018\/03\/Como-deben-ser-los-videos-en-Facebook.png","contentUrl":"http:\/\/www.abrima.com\/blog\/wp-content\/uploads\/2018\/03\/Como-deben-ser-los-videos-en-Facebook.png"},{"@type":"WebPage","@id":"https:\/\/www.abrima.com\/blog\/como-deben-ser-los-videos-en-facebook\/#webpage","url":"https:\/\/www.abrima.com\/blog\/como-deben-ser-los-videos-en-facebook\/","name":"\u00bfC\u00f3mo deben ser los v\u00eddeos en Facebook? - Blog de Tecnolog\u00eda - Abrima","isPartOf":{"@id":"https:\/\/www.abrima.com\/blog\/#website"},"primaryImageOfPage":{"@id":"https:\/\/www.abrima.com\/blog\/como-deben-ser-los-videos-en-facebook\/#primaryimage"},"datePublished":"2018-03-14T17:12:58+00:00","dateModified":"2018-03-14T17:12:58+00:00","breadcrumb":{"@id":"https:\/\/www.abrima.com\/blog\/como-deben-ser-los-videos-en-facebook\/#breadcrumb"},"inLanguage":"es","potentialAction":[{"@type":"ReadAction","target":["https:\/\/www.abrima.com\/blog\/como-deben-ser-los-videos-en-facebook\/"]}]},{"@type":"BreadcrumbList","@id":"https:\/\/www.abrima.com\/blog\/como-deben-ser-los-videos-en-facebook\/#breadcrumb","itemListElement":[{"@type":"ListItem","position":1,"name":"Portada","item":"https:\/\/www.abrima.com\/blog\/"},{"@type":"ListItem","position":2,"name":"\u00bfC\u00f3mo deben ser los v\u00eddeos en Facebook?"}]},{"@type":"Article","@id":"https:\/\/www.abrima.com\/blog\/como-deben-ser-los-videos-en-facebook\/#article","isPartOf":{"@id":"https:\/\/www.abrima.com\/blog\/como-deben-ser-los-videos-en-facebook\/#webpage"},"author":{"@id":"https:\/\/www.abrima.com\/blog\/#\/schema\/person\/737782c1bd830490042dc008c1c2e1a4"},"headline":"\u00bfC\u00f3mo deben ser los v\u00eddeos en Facebook?","datePublished":"2018-03-14T17:12:58+00:00","dateModified":"2018-03-14T17:12:58+00:00","mainEntityOfPage":{"@id":"https:\/\/www.abrima.com\/blog\/como-deben-ser-los-videos-en-facebook\/#webpage"},"wordCount":459,"commentCount":0,"publisher":{"@id":"https:\/\/www.abrima.com\/blog\/#organization"},"image":{"@id":"https:\/\/www.abrima.com\/blog\/como-deben-ser-los-videos-en-facebook\/#primaryimage"},"thumbnailUrl":"http:\/\/www.abrima.com\/blog\/wp-content\/uploads\/2018\/03\/Como-deben-ser-los-videos-en-Facebook.png","articleSection":["Facebook","Instagram","Linkedin","Marketing Digital","Redes Sociales","Twitter"],"inLanguage":"es","potentialAction":[{"@type":"CommentAction","name":"Comment","target":["https:\/\/www.abrima.com\/blog\/como-deben-ser-los-videos-en-facebook\/#respond"]}]},{"@type":"Person","@id":"https:\/\/www.abrima.com\/blog\/#\/schema\/person\/737782c1bd830490042dc008c1c2e1a4","name":"Piero Pascual","image":{"@type":"ImageObject","inLanguage":"es","@id":"https:\/\/www.abrima.com\/blog\/#\/schema\/person\/image\/","url":"https:\/\/secure.gravatar.com\/avatar\/5aa6097e0ae98bad776a620177cace10?s=96&d=mm&r=g","contentUrl":"https:\/\/secure.gravatar.com\/avatar\/5aa6097e0ae98bad776a620177cace10?s=96&d=mm&r=g","caption":"Piero Pascual"},"sameAs":["http:\/\/www.abrima.com"],"url":"https:\/\/www.abrima.com\/blog\/author\/piero-pascual\/"}]}},"amp_enabled":true,"_links":{"self":[{"href":"https:\/\/www.abrima.com\/blog\/wp-json\/wp\/v2\/posts\/6647"}],"collection":[{"href":"https:\/\/www.abrima.com\/blog\/wp-json\/wp\/v2\/posts"}],"about":[{"href":"https:\/\/www.abrima.com\/blog\/wp-json\/wp\/v2\/types\/post"}],"author":[{"embeddable":true,"href":"https:\/\/www.abrima.com\/blog\/wp-json\/wp\/v2\/users\/4"}],"replies":[{"embeddable":true,"href":"https:\/\/www.abrima.com\/blog\/wp-json\/wp\/v2\/comments?post=6647"}],"version-history":[{"count":1,"href":"https:\/\/www.abrima.com\/blog\/wp-json\/wp\/v2\/posts\/6647\/revisions"}],"predecessor-version":[{"id":6649,"href":"https:\/\/www.abrima.com\/blog\/wp-json\/wp\/v2\/posts\/6647\/revisions\/6649"}],"wp:attachment":[{"href":"https:\/\/www.abrima.com\/blog\/wp-json\/wp\/v2\/media?parent=6647"}],"wp:term":[{"taxonomy":"category","embeddable":true,"href":"https:\/\/www.abrima.com\/blog\/wp-json\/wp\/v2\/categories?post=6647"},{"taxonomy":"post_tag","embeddable":true,"href":"https:\/\/www.abrima.com\/blog\/wp-json\/wp\/v2\/tags?post=6647"}],"curies":[{"name":"wp","href":"https:\/\/api.w.org\/{rel}","templated":true}]}}