{"id":65,"date":"2013-09-18T19:24:12","date_gmt":"2013-09-18T19:24:12","guid":{"rendered":"http:\/\/abrima.com\/blog\/?p=65"},"modified":"2013-10-19T04:49:20","modified_gmt":"2013-10-19T04:49:20","slug":"la-colaboracion-empresarial-entra-en-un-nuevo-estadio","status":"publish","type":"post","link":"https:\/\/www.abrima.com\/blog\/la-colaboracion-empresarial-entra-en-un-nuevo-estadio\/","title":{"rendered":"La colaboraci\u00f3n empresarial entra en un nuevo estadio"},"content":{"rendered":"<div><img alt=\"\" src=\"http:\/\/cdn3.ticbeat.com\/wp-content\/uploads\/2013\/09\/colaboracion1-590x260.jpg\" \/><\/div>\n<p>La irrupci\u00f3n del concepto de movilidad ha permitido que muchas empresas ganen en productividad al poder seguir trabajando desde cualquier parte. Sin embargo, el escenario sigue sin ser perfecto por cuestiones de\u00a0<strong>colaboraci\u00f3n, ya que \u00e9sta se reduce, en estos momentos, a conversaciones telef\u00f3nicas para comentar y acometer cambios o a trav\u00e9s de mensajes de m\u00f3vil<\/strong>\u00a0(ya sean los tradicionales SMS o a trav\u00e9s de aplicaciones de mensajer\u00eda instant\u00e1nea como Whatsapp).<\/p>\n<p>Sin embargo, el escenario de la colaboraci\u00f3n m\u00f3vil est\u00e1 a punto de cambiar y, adem\u00e1s, para bien. La mayor\u00eda de las aplicaciones corporativas, especialmente las que implican alg\u00fan tipo de colaboraci\u00f3n entre los empleados, estar\u00e1n, en el a\u00f1o 2016, disponibles, accesibles y con las mismas prestaciones en ordenadores de sobremesa,\u00a0<em>smartphones<\/em>, tabletas y navegadores, de manera que\u00a0<strong>no importe el dispositivo desde el que accedamos a la aplicaci\u00f3n, ya que siempre tendremos las mismas herramientas y posibilidades a nuestro alcance<\/strong>. As\u00ed al menos lo pronostica la consultora Gartner, que vuelve a se\u00f1alar la nube como la tecnolog\u00eda facilitadora de este hito.<\/p>\n<p>Aunque en la actualidad existen muchas aplicaciones y servicios que\u00a0 permiten que puedas acceder al contenido, modificarlo o crearlo, lo cierto es que, seg\u00fan la consultora,\u00a0<strong>las herramientas de colaboraci\u00f3n y productividad son las que permiten que los empleados trabajen en tiempo real y ganen en productividad<\/strong>. El problema reside, seg\u00fan Gartner, en que ahora mismo estas opciones no est\u00e1n unificadas, lo que complica las tareas, adem\u00e1s de suponer un reto para los responsables de la infraestructura tecnol\u00f3gica.<\/p>\n<p><strong>Colaboraci\u00f3n m\u00f3vil<\/strong><\/p>\n<p>Pero lo cierto es que se espera que para dentro de dos a\u00f1os y medio la mayor\u00eda de estas herramientas colaborativas saquen tambi\u00e9n partido de las pantallas t\u00e1ctiles, las mejoras en conectividad de banda ancha, las c\u00e1maras o las posibilidades de Voz sobre IP de los dispositivos m\u00f3viles, lo que redundar\u00e1 en una mejor y m\u00e1s productiva colaboraci\u00f3n.<\/p>\n<p>Adem\u00e1s,\u00a0<strong>estas herramientas de colaboraci\u00f3n m\u00f3vil ser\u00e1n multitarea<\/strong>, en el sentido de que no s\u00f3lo solventar\u00e1n una problem\u00e1tica concreta, sino que ser\u00e1n capaces de reunir en un \u00fanico punto las diferentes necesidades empresariales.<\/p>\n<p>Tanto es as\u00ed que la consultora Gartner asegura que todo este proceso madurar\u00e1 muy r\u00e1pido, ya que dentro de tres o cinco a\u00f1os todas las empresas utilizar\u00e1n herramientas de colaboraci\u00f3n m\u00f3vil y \u00e9stas estar\u00e1n disponibles para sus\u00a0<strong>empleados, quienes lograr\u00e1n ser m\u00e1s productivos y conectar mejor con sus clientes<\/strong>.<\/p>\n<p>FUENTE: <a href=\"http:\/\/pymes.ticbeat.com\/la-colaboracion-empresarial-entra-en-nuevo-estadio\/\">pymes.ticbeat.com<\/a><\/p>\n","protected":false},"excerpt":{"rendered":"<p>La irrupci\u00f3n del concepto de movilidad ha permitido que muchas empresas ganen en productividad al poder seguir trabajando desde cualquier parte. Sin embargo, el escenario [&hellip;]<\/p>\n","protected":false},"author":2,"featured_media":0,"comment_status":"open","ping_status":"open","sticky":false,"template":"","format":"standard","meta":{"_monsterinsights_skip_tracking":false,"_monsterinsights_sitenote_active":false,"_monsterinsights_sitenote_note":"","_monsterinsights_sitenote_category":0},"categories":[1],"tags":[],"yoast_head":"<!-- This site is optimized with the Yoast SEO plugin v19.1 - https:\/\/yoast.com\/wordpress\/plugins\/seo\/ -->\n<title>La colaboraci\u00f3n empresarial entra en un nuevo estadio - Blog de Tecnolog\u00eda - Abrima<\/title>\n<meta name=\"robots\" content=\"index, follow, max-snippet:-1, max-image-preview:large, max-video-preview:-1\" \/>\n<link rel=\"canonical\" href=\"https:\/\/www.abrima.com\/blog\/la-colaboracion-empresarial-entra-en-un-nuevo-estadio\/\" \/>\n<meta property=\"og:locale\" content=\"es_ES\" \/>\n<meta property=\"og:type\" content=\"article\" \/>\n<meta property=\"og:title\" content=\"La colaboraci\u00f3n empresarial entra en un nuevo estadio - Blog de Tecnolog\u00eda - Abrima\" \/>\n<meta property=\"og:description\" content=\"La irrupci\u00f3n del concepto de movilidad ha permitido que muchas empresas ganen en productividad al poder seguir trabajando desde cualquier parte. Sin embargo, el escenario [&hellip;]\" \/>\n<meta property=\"og:url\" content=\"https:\/\/www.abrima.com\/blog\/la-colaboracion-empresarial-entra-en-un-nuevo-estadio\/\" \/>\n<meta property=\"og:site_name\" content=\"Blog de Tecnolog\u00eda - Abrima\" \/>\n<meta property=\"article:publisher\" content=\"https:\/\/www.facebook.com\/abrimawebs\/\" \/>\n<meta property=\"article:published_time\" content=\"2013-09-18T19:24:12+00:00\" \/>\n<meta property=\"article:modified_time\" content=\"2013-10-19T04:49:20+00:00\" \/>\n<meta property=\"og:image\" content=\"http:\/\/cdn3.ticbeat.com\/wp-content\/uploads\/2013\/09\/colaboracion1-590x260.jpg\" \/>\n<meta name=\"twitter:label1\" content=\"Escrito por\" \/>\n\t<meta name=\"twitter:data1\" content=\"Ana Lucia Marrou\" \/>\n\t<meta name=\"twitter:label2\" content=\"Tiempo de lectura\" \/>\n\t<meta name=\"twitter:data2\" content=\"2 minutos\" \/>\n<script type=\"application\/ld+json\" class=\"yoast-schema-graph\">{\"@context\":\"https:\/\/schema.org\",\"@graph\":[{\"@type\":\"Organization\",\"@id\":\"https:\/\/www.abrima.com\/blog\/#organization\",\"name\":\"Abrima\",\"url\":\"https:\/\/www.abrima.com\/blog\/\",\"sameAs\":[\"https:\/\/www.linkedin.com\/company\/abrima-soluciones-web\/\",\"https:\/\/www.youtube.com\/user\/abrimawebs\",\"https:\/\/www.facebook.com\/abrimawebs\/\",\"https:\/\/twitter.com\/abrimaweb\"],\"logo\":{\"@type\":\"ImageObject\",\"inLanguage\":\"es\",\"@id\":\"https:\/\/www.abrima.com\/blog\/#\/schema\/logo\/image\/\",\"url\":\"https:\/\/www.abrima.com\/blog\/wp-content\/uploads\/2018\/03\/abrima-logo.png\",\"contentUrl\":\"https:\/\/www.abrima.com\/blog\/wp-content\/uploads\/2018\/03\/abrima-logo.png\",\"width\":700,\"height\":700,\"caption\":\"Abrima\"},\"image\":{\"@id\":\"https:\/\/www.abrima.com\/blog\/#\/schema\/logo\/image\/\"}},{\"@type\":\"WebSite\",\"@id\":\"https:\/\/www.abrima.com\/blog\/#website\",\"url\":\"https:\/\/www.abrima.com\/blog\/\",\"name\":\"Blog de Tecnolog\u00eda - Abrima\",\"description\":\"Blog sobre todo lo relacionado con Cloud, Marketing Digital y Web\",\"publisher\":{\"@id\":\"https:\/\/www.abrima.com\/blog\/#organization\"},\"potentialAction\":[{\"@type\":\"SearchAction\",\"target\":{\"@type\":\"EntryPoint\",\"urlTemplate\":\"https:\/\/www.abrima.com\/blog\/?s={search_term_string}\"},\"query-input\":\"required name=search_term_string\"}],\"inLanguage\":\"es\"},{\"@type\":\"ImageObject\",\"inLanguage\":\"es\",\"@id\":\"https:\/\/www.abrima.com\/blog\/la-colaboracion-empresarial-entra-en-un-nuevo-estadio\/#primaryimage\",\"url\":\"http:\/\/cdn3.ticbeat.com\/wp-content\/uploads\/2013\/09\/colaboracion1-590x260.jpg\",\"contentUrl\":\"http:\/\/cdn3.ticbeat.com\/wp-content\/uploads\/2013\/09\/colaboracion1-590x260.jpg\"},{\"@type\":\"WebPage\",\"@id\":\"https:\/\/www.abrima.com\/blog\/la-colaboracion-empresarial-entra-en-un-nuevo-estadio\/#webpage\",\"url\":\"https:\/\/www.abrima.com\/blog\/la-colaboracion-empresarial-entra-en-un-nuevo-estadio\/\",\"name\":\"La colaboraci\u00f3n empresarial entra en un nuevo estadio - Blog de Tecnolog\u00eda - Abrima\",\"isPartOf\":{\"@id\":\"https:\/\/www.abrima.com\/blog\/#website\"},\"primaryImageOfPage\":{\"@id\":\"https:\/\/www.abrima.com\/blog\/la-colaboracion-empresarial-entra-en-un-nuevo-estadio\/#primaryimage\"},\"datePublished\":\"2013-09-18T19:24:12+00:00\",\"dateModified\":\"2013-10-19T04:49:20+00:00\",\"breadcrumb\":{\"@id\":\"https:\/\/www.abrima.com\/blog\/la-colaboracion-empresarial-entra-en-un-nuevo-estadio\/#breadcrumb\"},\"inLanguage\":\"es\",\"potentialAction\":[{\"@type\":\"ReadAction\",\"target\":[\"https:\/\/www.abrima.com\/blog\/la-colaboracion-empresarial-entra-en-un-nuevo-estadio\/\"]}]},{\"@type\":\"BreadcrumbList\",\"@id\":\"https:\/\/www.abrima.com\/blog\/la-colaboracion-empresarial-entra-en-un-nuevo-estadio\/#breadcrumb\",\"itemListElement\":[{\"@type\":\"ListItem\",\"position\":1,\"name\":\"Portada\",\"item\":\"https:\/\/www.abrima.com\/blog\/\"},{\"@type\":\"ListItem\",\"position\":2,\"name\":\"La colaboraci\u00f3n empresarial entra en un nuevo estadio\"}]},{\"@type\":\"Article\",\"@id\":\"https:\/\/www.abrima.com\/blog\/la-colaboracion-empresarial-entra-en-un-nuevo-estadio\/#article\",\"isPartOf\":{\"@id\":\"https:\/\/www.abrima.com\/blog\/la-colaboracion-empresarial-entra-en-un-nuevo-estadio\/#webpage\"},\"author\":{\"@id\":\"https:\/\/www.abrima.com\/blog\/#\/schema\/person\/70ccd8d5617e3a3d6d5121086c3bb00f\"},\"headline\":\"La colaboraci\u00f3n empresarial entra en un nuevo estadio\",\"datePublished\":\"2013-09-18T19:24:12+00:00\",\"dateModified\":\"2013-10-19T04:49:20+00:00\",\"mainEntityOfPage\":{\"@id\":\"https:\/\/www.abrima.com\/blog\/la-colaboracion-empresarial-entra-en-un-nuevo-estadio\/#webpage\"},\"wordCount\":455,\"commentCount\":0,\"publisher\":{\"@id\":\"https:\/\/www.abrima.com\/blog\/#organization\"},\"image\":{\"@id\":\"https:\/\/www.abrima.com\/blog\/la-colaboracion-empresarial-entra-en-un-nuevo-estadio\/#primaryimage\"},\"thumbnailUrl\":\"http:\/\/cdn3.ticbeat.com\/wp-content\/uploads\/2013\/09\/colaboracion1-590x260.jpg\",\"articleSection\":[\"Otros\"],\"inLanguage\":\"es\",\"potentialAction\":[{\"@type\":\"CommentAction\",\"name\":\"Comment\",\"target\":[\"https:\/\/www.abrima.com\/blog\/la-colaboracion-empresarial-entra-en-un-nuevo-estadio\/#respond\"]}]},{\"@type\":\"Person\",\"@id\":\"https:\/\/www.abrima.com\/blog\/#\/schema\/person\/70ccd8d5617e3a3d6d5121086c3bb00f\",\"name\":\"Ana Lucia Marrou\",\"image\":{\"@type\":\"ImageObject\",\"inLanguage\":\"es\",\"@id\":\"https:\/\/www.abrima.com\/blog\/#\/schema\/person\/image\/\",\"url\":\"https:\/\/secure.gravatar.com\/avatar\/90bc8b721d14c58be266256fd3396265?s=96&d=mm&r=g\",\"contentUrl\":\"https:\/\/secure.gravatar.com\/avatar\/90bc8b721d14c58be266256fd3396265?s=96&d=mm&r=g\",\"caption\":\"Ana Lucia Marrou\"},\"url\":\"https:\/\/www.abrima.com\/blog\/author\/anilu\/\"}]}<\/script>\n<!-- \/ Yoast SEO plugin. -->","yoast_head_json":{"title":"La colaboraci\u00f3n empresarial entra en un nuevo estadio - Blog de Tecnolog\u00eda - Abrima","robots":{"index":"index","follow":"follow","max-snippet":"max-snippet:-1","max-image-preview":"max-image-preview:large","max-video-preview":"max-video-preview:-1"},"canonical":"https:\/\/www.abrima.com\/blog\/la-colaboracion-empresarial-entra-en-un-nuevo-estadio\/","og_locale":"es_ES","og_type":"article","og_title":"La colaboraci\u00f3n empresarial entra en un nuevo estadio - Blog de Tecnolog\u00eda - Abrima","og_description":"La irrupci\u00f3n del concepto de movilidad ha permitido que muchas empresas ganen en productividad al poder seguir trabajando desde cualquier parte. Sin embargo, el escenario [&hellip;]","og_url":"https:\/\/www.abrima.com\/blog\/la-colaboracion-empresarial-entra-en-un-nuevo-estadio\/","og_site_name":"Blog de Tecnolog\u00eda - Abrima","article_publisher":"https:\/\/www.facebook.com\/abrimawebs\/","article_published_time":"2013-09-18T19:24:12+00:00","article_modified_time":"2013-10-19T04:49:20+00:00","og_image":[{"url":"http:\/\/cdn3.ticbeat.com\/wp-content\/uploads\/2013\/09\/colaboracion1-590x260.jpg"}],"twitter_misc":{"Escrito por":"Ana Lucia Marrou","Tiempo de lectura":"2 minutos"},"schema":{"@context":"https:\/\/schema.org","@graph":[{"@type":"Organization","@id":"https:\/\/www.abrima.com\/blog\/#organization","name":"Abrima","url":"https:\/\/www.abrima.com\/blog\/","sameAs":["https:\/\/www.linkedin.com\/company\/abrima-soluciones-web\/","https:\/\/www.youtube.com\/user\/abrimawebs","https:\/\/www.facebook.com\/abrimawebs\/","https:\/\/twitter.com\/abrimaweb"],"logo":{"@type":"ImageObject","inLanguage":"es","@id":"https:\/\/www.abrima.com\/blog\/#\/schema\/logo\/image\/","url":"https:\/\/www.abrima.com\/blog\/wp-content\/uploads\/2018\/03\/abrima-logo.png","contentUrl":"https:\/\/www.abrima.com\/blog\/wp-content\/uploads\/2018\/03\/abrima-logo.png","width":700,"height":700,"caption":"Abrima"},"image":{"@id":"https:\/\/www.abrima.com\/blog\/#\/schema\/logo\/image\/"}},{"@type":"WebSite","@id":"https:\/\/www.abrima.com\/blog\/#website","url":"https:\/\/www.abrima.com\/blog\/","name":"Blog de Tecnolog\u00eda - Abrima","description":"Blog sobre todo lo relacionado con Cloud, Marketing Digital y Web","publisher":{"@id":"https:\/\/www.abrima.com\/blog\/#organization"},"potentialAction":[{"@type":"SearchAction","target":{"@type":"EntryPoint","urlTemplate":"https:\/\/www.abrima.com\/blog\/?s={search_term_string}"},"query-input":"required name=search_term_string"}],"inLanguage":"es"},{"@type":"ImageObject","inLanguage":"es","@id":"https:\/\/www.abrima.com\/blog\/la-colaboracion-empresarial-entra-en-un-nuevo-estadio\/#primaryimage","url":"http:\/\/cdn3.ticbeat.com\/wp-content\/uploads\/2013\/09\/colaboracion1-590x260.jpg","contentUrl":"http:\/\/cdn3.ticbeat.com\/wp-content\/uploads\/2013\/09\/colaboracion1-590x260.jpg"},{"@type":"WebPage","@id":"https:\/\/www.abrima.com\/blog\/la-colaboracion-empresarial-entra-en-un-nuevo-estadio\/#webpage","url":"https:\/\/www.abrima.com\/blog\/la-colaboracion-empresarial-entra-en-un-nuevo-estadio\/","name":"La colaboraci\u00f3n empresarial entra en un nuevo estadio - Blog de Tecnolog\u00eda - Abrima","isPartOf":{"@id":"https:\/\/www.abrima.com\/blog\/#website"},"primaryImageOfPage":{"@id":"https:\/\/www.abrima.com\/blog\/la-colaboracion-empresarial-entra-en-un-nuevo-estadio\/#primaryimage"},"datePublished":"2013-09-18T19:24:12+00:00","dateModified":"2013-10-19T04:49:20+00:00","breadcrumb":{"@id":"https:\/\/www.abrima.com\/blog\/la-colaboracion-empresarial-entra-en-un-nuevo-estadio\/#breadcrumb"},"inLanguage":"es","potentialAction":[{"@type":"ReadAction","target":["https:\/\/www.abrima.com\/blog\/la-colaboracion-empresarial-entra-en-un-nuevo-estadio\/"]}]},{"@type":"BreadcrumbList","@id":"https:\/\/www.abrima.com\/blog\/la-colaboracion-empresarial-entra-en-un-nuevo-estadio\/#breadcrumb","itemListElement":[{"@type":"ListItem","position":1,"name":"Portada","item":"https:\/\/www.abrima.com\/blog\/"},{"@type":"ListItem","position":2,"name":"La colaboraci\u00f3n empresarial entra en un nuevo estadio"}]},{"@type":"Article","@id":"https:\/\/www.abrima.com\/blog\/la-colaboracion-empresarial-entra-en-un-nuevo-estadio\/#article","isPartOf":{"@id":"https:\/\/www.abrima.com\/blog\/la-colaboracion-empresarial-entra-en-un-nuevo-estadio\/#webpage"},"author":{"@id":"https:\/\/www.abrima.com\/blog\/#\/schema\/person\/70ccd8d5617e3a3d6d5121086c3bb00f"},"headline":"La colaboraci\u00f3n empresarial entra en un nuevo estadio","datePublished":"2013-09-18T19:24:12+00:00","dateModified":"2013-10-19T04:49:20+00:00","mainEntityOfPage":{"@id":"https:\/\/www.abrima.com\/blog\/la-colaboracion-empresarial-entra-en-un-nuevo-estadio\/#webpage"},"wordCount":455,"commentCount":0,"publisher":{"@id":"https:\/\/www.abrima.com\/blog\/#organization"},"image":{"@id":"https:\/\/www.abrima.com\/blog\/la-colaboracion-empresarial-entra-en-un-nuevo-estadio\/#primaryimage"},"thumbnailUrl":"http:\/\/cdn3.ticbeat.com\/wp-content\/uploads\/2013\/09\/colaboracion1-590x260.jpg","articleSection":["Otros"],"inLanguage":"es","potentialAction":[{"@type":"CommentAction","name":"Comment","target":["https:\/\/www.abrima.com\/blog\/la-colaboracion-empresarial-entra-en-un-nuevo-estadio\/#respond"]}]},{"@type":"Person","@id":"https:\/\/www.abrima.com\/blog\/#\/schema\/person\/70ccd8d5617e3a3d6d5121086c3bb00f","name":"Ana Lucia Marrou","image":{"@type":"ImageObject","inLanguage":"es","@id":"https:\/\/www.abrima.com\/blog\/#\/schema\/person\/image\/","url":"https:\/\/secure.gravatar.com\/avatar\/90bc8b721d14c58be266256fd3396265?s=96&d=mm&r=g","contentUrl":"https:\/\/secure.gravatar.com\/avatar\/90bc8b721d14c58be266256fd3396265?s=96&d=mm&r=g","caption":"Ana Lucia Marrou"},"url":"https:\/\/www.abrima.com\/blog\/author\/anilu\/"}]}},"amp_enabled":true,"_links":{"self":[{"href":"https:\/\/www.abrima.com\/blog\/wp-json\/wp\/v2\/posts\/65"}],"collection":[{"href":"https:\/\/www.abrima.com\/blog\/wp-json\/wp\/v2\/posts"}],"about":[{"href":"https:\/\/www.abrima.com\/blog\/wp-json\/wp\/v2\/types\/post"}],"author":[{"embeddable":true,"href":"https:\/\/www.abrima.com\/blog\/wp-json\/wp\/v2\/users\/2"}],"replies":[{"embeddable":true,"href":"https:\/\/www.abrima.com\/blog\/wp-json\/wp\/v2\/comments?post=65"}],"version-history":[{"count":1,"href":"https:\/\/www.abrima.com\/blog\/wp-json\/wp\/v2\/posts\/65\/revisions"}],"predecessor-version":[{"id":66,"href":"https:\/\/www.abrima.com\/blog\/wp-json\/wp\/v2\/posts\/65\/revisions\/66"}],"wp:attachment":[{"href":"https:\/\/www.abrima.com\/blog\/wp-json\/wp\/v2\/media?parent=65"}],"wp:term":[{"taxonomy":"category","embeddable":true,"href":"https:\/\/www.abrima.com\/blog\/wp-json\/wp\/v2\/categories?post=65"},{"taxonomy":"post_tag","embeddable":true,"href":"https:\/\/www.abrima.com\/blog\/wp-json\/wp\/v2\/tags?post=65"}],"curies":[{"name":"wp","href":"https:\/\/api.w.org\/{rel}","templated":true}]}}