{"id":5214,"date":"2017-02-02T01:56:20","date_gmt":"2017-02-02T01:56:20","guid":{"rendered":"http:\/\/www.abrima.com\/blog\/?p=5214"},"modified":"2017-02-02T01:56:20","modified_gmt":"2017-02-02T01:56:20","slug":"optimizar-pagina-facebook","status":"publish","type":"post","link":"https:\/\/www.abrima.com\/blog\/optimizar-pagina-facebook\/","title":{"rendered":"C\u00f3mo optimizar tu p\u00e1gina de Facebook"},"content":{"rendered":"<p><img loading=\"lazy\" class=\"aligncenter size-full wp-image-283291\" src=\"http:\/\/wwwhatsnew.com\/wp-content\/uploads\/2017\/01\/sshot-512.jpg\" alt=\"facebook\" width=\"702\" height=\"450\" \/><\/p>\n<p>Facebook ofrece la posibilidad de crear una p\u00e1gina para interactuar con distintos usuarios. Esta opci\u00f3n es muy factible si tenemos una empresa, tienda o cualquier otra causa para difundir nuestros mensajes y noticias, pero muchos usuarios no saben aprovechar al m\u00e1ximo su P\u00e1gina de Facebook. A continuaci\u00f3n, te mostramos c\u00f3mo optimizarla y sacarle el m\u00e1ximo partido:<\/p>\n<p>1. <strong>Elegir un buen nombre para tu \u201cFanPage\u201d<\/strong><\/p>\n<p>Elegir un nombre adecuado para tu p\u00e1gina de Facebook es lo m\u00e1s importante. Lo m\u00e1s recomendable es que pongas el nombre de tu marca o tu nombre art\u00edstico para que las personas te puedan encontrar m\u00e1s f\u00e1cilmente. Es muy importante, (sobre todo si es una empresa o negocio) no poner otro nombre que no sea el de la marca, esto lo \u00fanico que har\u00e1 es dificultar la b\u00fasqueda a los usuarios que quieren seguirte.<span id=\"more-283290\"><\/span><\/p>\n<p>2. <strong>URL personalizada<\/strong><\/p>\n<p>Para que los dem\u00e1s usuarios te puedan encontrar es necesario que la URL personalizada tambi\u00e9n incluya el nombre de tu marca, o tu nombre art\u00edstico. Cuando tengas m\u00e1s de 25 Me gusta, podr\u00e1s a\u00f1adir esta URL Personalizada directamente desde la secci\u00f3n de configuraci\u00f3n. Por lo general, las URL de facebook tienen el formato <em>facebook.com\/nombredeusuario<\/em>, por lo que evita dejarla mucho tiempo con n\u00fameros y guiones, as\u00ed ser\u00e1 m\u00e1s sencillo para los dem\u00e1s usuarios.<\/p>\n<p>3. <strong>Rellenar bien la informaci\u00f3n<\/strong><\/p>\n<p>Este paso tambi\u00e9n es muy importante para tu p\u00e1gina de Facebook. La informaci\u00f3n de tu empresa o negocio se mostrar\u00e1 a primera vista, cuando los usuarios entren a tu p\u00e1gina. Es recomendable poner la p\u00e1gina web, n\u00famero de tel\u00e9fono y direcci\u00f3n, adem\u00e1s de una descripci\u00f3n breve y f\u00e1cil de entender, siempre con informaci\u00f3n verdadera. Tambi\u00e9n es importante a\u00f1adir un horario de atenci\u00f3n al cliente, o un horario de atenci\u00f3n por chat.<\/p>\n<p>4. <strong>Buena imagen de perfil y de portada<\/strong><\/p>\n<p>Lo recomendable es poner el logo de tu empresa o negocio en la p\u00e1gina de perfil, a no ser que se trate de un personaje p\u00fablico. Es muy importante que la imagen tenga las medidas de 180 x 180 p\u00edxeles. Para que se pueda ver correctamente.<\/p>\n<p>La imagen de portada es lo que causa m\u00e1s impresi\u00f3n al entrar en una p\u00e1gina de Facebook. Lo recomendable es no volver a poner el logotipo de la marca si este ya est\u00e1 en la imagen de perfil. Podemos poner una portada con el lema de la empresa, una imagen del negocio o algo que guste a los usuarios. Facebook recomienda las medidas de 820 x 310 p\u00edxeles para que se pueda ver correctamente. Es posible crear una desde canva.com, por ejemplo.<\/p>\n<p>5. <strong>Vincular tu p\u00e1gina de Facebook<\/strong><\/p>\n<p>Vincular tu p\u00e1gina de Facebook en otros post relacionados con la actividad de tu empresa, o incluso, en tu p\u00e1gina web, te ayudar\u00e1 a conseguir m\u00e1s visitas y un buen posicionamiento en Google.<\/p>\n<p>6. <strong>A\u00f1adir bot\u00f3n llamada a la acci\u00f3n<\/strong><\/p>\n<p>Esta opci\u00f3n hace que los usuarios de Facebook puedan realizar distintas opciones en tu p\u00e1gina. Por ejemplo, si se trata de una p\u00e1gina de viajes, puedes a\u00f1adir un bot\u00f3n para reservar un vuelo, o incluir opciones como ver el v\u00eddeo promocional de tu empresa. Esta opci\u00f3n es muy interesante dependiendo del tipo de p\u00e1gina. Debemos mencionar que esta opci\u00f3n no est\u00e1 disponible para todo tipo de negocios, por lo que es posible que, dependiendo de su categor\u00eda, no se vean todas las opciones.<\/p>\n<p>7. <strong>Examina a tu p\u00fablico<\/strong><\/p>\n<p>Ver las estad\u00edsticas de tu p\u00e1gina de Facebook es muy importante, sobre todo para saber lo que les gusta a tus usuarios y lo que no. De esta forma podr\u00e1s ofrecerles el contenido que m\u00e1s les guste sin equivocarte. Tambi\u00e9n puedes observar cu\u00e1ntas veces le dan clic al bot\u00f3n \u201cLlamada a la acci\u00f3n\u201d, al n\u00famero de tel\u00e9fono o a tu p\u00e1gina web enlazada.<\/p>\n<p>8 <strong>Pesta\u00f1as en tu p\u00e1gina de Facebook<\/strong><\/p>\n<p>Facebook te permite a\u00f1adir distintas pesta\u00f1as en tu p\u00e1gina para que los usuarios puedan interactuar con distinto contenido. Puedes a\u00f1adir una pesta\u00f1a para realizar un concurso, un juego, o distintas ofertas. Adem\u00e1s, si eres desarrollador, Facebook te da la posibilidad de crear pesta\u00f1as desde cero.<\/p>\n<p>Lo m\u00e1s importante es interactuar y apuntar siempre los resultados para que se vaya conociendo, poco a poco, a la comunidad, adapt\u00e1ndonos a lo que quieren ver en una p\u00e1gina como la nuestra.<\/p>\n<p>Fuente: <a href=\"http:\/\/wwwhatsnew.com\/2017\/02\/01\/como-optimizar-tu-pagina-de-facebook\/\">WWWhatsNew<\/a><\/p>\n","protected":false},"excerpt":{"rendered":"<p>Facebook ofrece la posibilidad de crear una p\u00e1gina para interactuar con distintos usuarios. Esta opci\u00f3n es muy factible si tenemos una empresa, tienda o cualquier [&hellip;]<\/p>\n","protected":false},"author":1,"featured_media":0,"comment_status":"open","ping_status":"open","sticky":false,"template":"","format":"standard","meta":{"_monsterinsights_skip_tracking":false,"_monsterinsights_sitenote_active":false,"_monsterinsights_sitenote_note":"","_monsterinsights_sitenote_category":0},"categories":[9],"tags":[],"yoast_head":"<!-- This site is optimized with the Yoast SEO plugin v19.1 - https:\/\/yoast.com\/wordpress\/plugins\/seo\/ -->\n<title>C\u00f3mo optimizar tu p\u00e1gina de Facebook - Blog de Tecnolog\u00eda - Abrima<\/title>\n<meta name=\"robots\" content=\"index, follow, max-snippet:-1, max-image-preview:large, max-video-preview:-1\" \/>\n<link rel=\"canonical\" href=\"https:\/\/www.abrima.com\/blog\/optimizar-pagina-facebook\/\" \/>\n<meta property=\"og:locale\" content=\"es_ES\" \/>\n<meta property=\"og:type\" content=\"article\" \/>\n<meta property=\"og:title\" content=\"C\u00f3mo optimizar tu p\u00e1gina de Facebook - Blog de Tecnolog\u00eda - Abrima\" \/>\n<meta property=\"og:description\" content=\"Facebook ofrece la posibilidad de crear una p\u00e1gina para interactuar con distintos usuarios. Esta opci\u00f3n es muy factible si tenemos una empresa, tienda o cualquier [&hellip;]\" \/>\n<meta property=\"og:url\" content=\"https:\/\/www.abrima.com\/blog\/optimizar-pagina-facebook\/\" \/>\n<meta property=\"og:site_name\" content=\"Blog de Tecnolog\u00eda - Abrima\" \/>\n<meta property=\"article:publisher\" content=\"https:\/\/www.facebook.com\/abrimawebs\/\" \/>\n<meta property=\"article:published_time\" content=\"2017-02-02T01:56:20+00:00\" \/>\n<meta property=\"og:image\" content=\"http:\/\/wwwhatsnew.com\/wp-content\/uploads\/2017\/01\/sshot-512.jpg\" \/>\n<meta name=\"twitter:label1\" content=\"Escrito por\" \/>\n\t<meta name=\"twitter:data1\" content=\"Abrima\" \/>\n\t<meta name=\"twitter:label2\" content=\"Tiempo de lectura\" \/>\n\t<meta name=\"twitter:data2\" content=\"4 minutos\" \/>\n<script type=\"application\/ld+json\" class=\"yoast-schema-graph\">{\"@context\":\"https:\/\/schema.org\",\"@graph\":[{\"@type\":\"Organization\",\"@id\":\"https:\/\/www.abrima.com\/blog\/#organization\",\"name\":\"Abrima\",\"url\":\"https:\/\/www.abrima.com\/blog\/\",\"sameAs\":[\"https:\/\/www.linkedin.com\/company\/abrima-soluciones-web\/\",\"https:\/\/www.youtube.com\/user\/abrimawebs\",\"https:\/\/www.facebook.com\/abrimawebs\/\",\"https:\/\/twitter.com\/abrimaweb\"],\"logo\":{\"@type\":\"ImageObject\",\"inLanguage\":\"es\",\"@id\":\"https:\/\/www.abrima.com\/blog\/#\/schema\/logo\/image\/\",\"url\":\"https:\/\/www.abrima.com\/blog\/wp-content\/uploads\/2018\/03\/abrima-logo.png\",\"contentUrl\":\"https:\/\/www.abrima.com\/blog\/wp-content\/uploads\/2018\/03\/abrima-logo.png\",\"width\":700,\"height\":700,\"caption\":\"Abrima\"},\"image\":{\"@id\":\"https:\/\/www.abrima.com\/blog\/#\/schema\/logo\/image\/\"}},{\"@type\":\"WebSite\",\"@id\":\"https:\/\/www.abrima.com\/blog\/#website\",\"url\":\"https:\/\/www.abrima.com\/blog\/\",\"name\":\"Blog de Tecnolog\u00eda - Abrima\",\"description\":\"Blog sobre todo lo relacionado con Cloud, Marketing Digital y Web\",\"publisher\":{\"@id\":\"https:\/\/www.abrima.com\/blog\/#organization\"},\"potentialAction\":[{\"@type\":\"SearchAction\",\"target\":{\"@type\":\"EntryPoint\",\"urlTemplate\":\"https:\/\/www.abrima.com\/blog\/?s={search_term_string}\"},\"query-input\":\"required name=search_term_string\"}],\"inLanguage\":\"es\"},{\"@type\":\"ImageObject\",\"inLanguage\":\"es\",\"@id\":\"https:\/\/www.abrima.com\/blog\/optimizar-pagina-facebook\/#primaryimage\",\"url\":\"http:\/\/wwwhatsnew.com\/wp-content\/uploads\/2017\/01\/sshot-512.jpg\",\"contentUrl\":\"http:\/\/wwwhatsnew.com\/wp-content\/uploads\/2017\/01\/sshot-512.jpg\"},{\"@type\":\"WebPage\",\"@id\":\"https:\/\/www.abrima.com\/blog\/optimizar-pagina-facebook\/#webpage\",\"url\":\"https:\/\/www.abrima.com\/blog\/optimizar-pagina-facebook\/\",\"name\":\"C\u00f3mo optimizar tu p\u00e1gina de Facebook - Blog de Tecnolog\u00eda - Abrima\",\"isPartOf\":{\"@id\":\"https:\/\/www.abrima.com\/blog\/#website\"},\"primaryImageOfPage\":{\"@id\":\"https:\/\/www.abrima.com\/blog\/optimizar-pagina-facebook\/#primaryimage\"},\"datePublished\":\"2017-02-02T01:56:20+00:00\",\"dateModified\":\"2017-02-02T01:56:20+00:00\",\"breadcrumb\":{\"@id\":\"https:\/\/www.abrima.com\/blog\/optimizar-pagina-facebook\/#breadcrumb\"},\"inLanguage\":\"es\",\"potentialAction\":[{\"@type\":\"ReadAction\",\"target\":[\"https:\/\/www.abrima.com\/blog\/optimizar-pagina-facebook\/\"]}]},{\"@type\":\"BreadcrumbList\",\"@id\":\"https:\/\/www.abrima.com\/blog\/optimizar-pagina-facebook\/#breadcrumb\",\"itemListElement\":[{\"@type\":\"ListItem\",\"position\":1,\"name\":\"Portada\",\"item\":\"https:\/\/www.abrima.com\/blog\/\"},{\"@type\":\"ListItem\",\"position\":2,\"name\":\"C\u00f3mo optimizar tu p\u00e1gina de Facebook\"}]},{\"@type\":\"Article\",\"@id\":\"https:\/\/www.abrima.com\/blog\/optimizar-pagina-facebook\/#article\",\"isPartOf\":{\"@id\":\"https:\/\/www.abrima.com\/blog\/optimizar-pagina-facebook\/#webpage\"},\"author\":{\"@id\":\"https:\/\/www.abrima.com\/blog\/#\/schema\/person\/b768d5411164cb8b8d58f72cdf4e11e8\"},\"headline\":\"C\u00f3mo optimizar tu p\u00e1gina de Facebook\",\"datePublished\":\"2017-02-02T01:56:20+00:00\",\"dateModified\":\"2017-02-02T01:56:20+00:00\",\"mainEntityOfPage\":{\"@id\":\"https:\/\/www.abrima.com\/blog\/optimizar-pagina-facebook\/#webpage\"},\"wordCount\":798,\"commentCount\":0,\"publisher\":{\"@id\":\"https:\/\/www.abrima.com\/blog\/#organization\"},\"image\":{\"@id\":\"https:\/\/www.abrima.com\/blog\/optimizar-pagina-facebook\/#primaryimage\"},\"thumbnailUrl\":\"http:\/\/wwwhatsnew.com\/wp-content\/uploads\/2017\/01\/sshot-512.jpg\",\"articleSection\":[\"Facebook\"],\"inLanguage\":\"es\",\"potentialAction\":[{\"@type\":\"CommentAction\",\"name\":\"Comment\",\"target\":[\"https:\/\/www.abrima.com\/blog\/optimizar-pagina-facebook\/#respond\"]}]},{\"@type\":\"Person\",\"@id\":\"https:\/\/www.abrima.com\/blog\/#\/schema\/person\/b768d5411164cb8b8d58f72cdf4e11e8\",\"name\":\"Abrima\",\"image\":{\"@type\":\"ImageObject\",\"inLanguage\":\"es\",\"@id\":\"https:\/\/www.abrima.com\/blog\/#\/schema\/person\/image\/\",\"url\":\"https:\/\/secure.gravatar.com\/avatar\/5cc72c9c6b371583c943a070dff20409?s=96&d=mm&r=g\",\"contentUrl\":\"https:\/\/secure.gravatar.com\/avatar\/5cc72c9c6b371583c943a070dff20409?s=96&d=mm&r=g\",\"caption\":\"Abrima\"},\"url\":\"https:\/\/www.abrima.com\/blog\/author\/abrima\/\"}]}<\/script>\n<!-- \/ Yoast SEO plugin. -->","yoast_head_json":{"title":"C\u00f3mo optimizar tu p\u00e1gina de Facebook - Blog de Tecnolog\u00eda - Abrima","robots":{"index":"index","follow":"follow","max-snippet":"max-snippet:-1","max-image-preview":"max-image-preview:large","max-video-preview":"max-video-preview:-1"},"canonical":"https:\/\/www.abrima.com\/blog\/optimizar-pagina-facebook\/","og_locale":"es_ES","og_type":"article","og_title":"C\u00f3mo optimizar tu p\u00e1gina de Facebook - Blog de Tecnolog\u00eda - Abrima","og_description":"Facebook ofrece la posibilidad de crear una p\u00e1gina para interactuar con distintos usuarios. Esta opci\u00f3n es muy factible si tenemos una empresa, tienda o cualquier [&hellip;]","og_url":"https:\/\/www.abrima.com\/blog\/optimizar-pagina-facebook\/","og_site_name":"Blog de Tecnolog\u00eda - Abrima","article_publisher":"https:\/\/www.facebook.com\/abrimawebs\/","article_published_time":"2017-02-02T01:56:20+00:00","og_image":[{"url":"http:\/\/wwwhatsnew.com\/wp-content\/uploads\/2017\/01\/sshot-512.jpg"}],"twitter_misc":{"Escrito por":"Abrima","Tiempo de lectura":"4 minutos"},"schema":{"@context":"https:\/\/schema.org","@graph":[{"@type":"Organization","@id":"https:\/\/www.abrima.com\/blog\/#organization","name":"Abrima","url":"https:\/\/www.abrima.com\/blog\/","sameAs":["https:\/\/www.linkedin.com\/company\/abrima-soluciones-web\/","https:\/\/www.youtube.com\/user\/abrimawebs","https:\/\/www.facebook.com\/abrimawebs\/","https:\/\/twitter.com\/abrimaweb"],"logo":{"@type":"ImageObject","inLanguage":"es","@id":"https:\/\/www.abrima.com\/blog\/#\/schema\/logo\/image\/","url":"https:\/\/www.abrima.com\/blog\/wp-content\/uploads\/2018\/03\/abrima-logo.png","contentUrl":"https:\/\/www.abrima.com\/blog\/wp-content\/uploads\/2018\/03\/abrima-logo.png","width":700,"height":700,"caption":"Abrima"},"image":{"@id":"https:\/\/www.abrima.com\/blog\/#\/schema\/logo\/image\/"}},{"@type":"WebSite","@id":"https:\/\/www.abrima.com\/blog\/#website","url":"https:\/\/www.abrima.com\/blog\/","name":"Blog de Tecnolog\u00eda - Abrima","description":"Blog sobre todo lo relacionado con Cloud, Marketing Digital y Web","publisher":{"@id":"https:\/\/www.abrima.com\/blog\/#organization"},"potentialAction":[{"@type":"SearchAction","target":{"@type":"EntryPoint","urlTemplate":"https:\/\/www.abrima.com\/blog\/?s={search_term_string}"},"query-input":"required name=search_term_string"}],"inLanguage":"es"},{"@type":"ImageObject","inLanguage":"es","@id":"https:\/\/www.abrima.com\/blog\/optimizar-pagina-facebook\/#primaryimage","url":"http:\/\/wwwhatsnew.com\/wp-content\/uploads\/2017\/01\/sshot-512.jpg","contentUrl":"http:\/\/wwwhatsnew.com\/wp-content\/uploads\/2017\/01\/sshot-512.jpg"},{"@type":"WebPage","@id":"https:\/\/www.abrima.com\/blog\/optimizar-pagina-facebook\/#webpage","url":"https:\/\/www.abrima.com\/blog\/optimizar-pagina-facebook\/","name":"C\u00f3mo optimizar tu p\u00e1gina de Facebook - Blog de Tecnolog\u00eda - Abrima","isPartOf":{"@id":"https:\/\/www.abrima.com\/blog\/#website"},"primaryImageOfPage":{"@id":"https:\/\/www.abrima.com\/blog\/optimizar-pagina-facebook\/#primaryimage"},"datePublished":"2017-02-02T01:56:20+00:00","dateModified":"2017-02-02T01:56:20+00:00","breadcrumb":{"@id":"https:\/\/www.abrima.com\/blog\/optimizar-pagina-facebook\/#breadcrumb"},"inLanguage":"es","potentialAction":[{"@type":"ReadAction","target":["https:\/\/www.abrima.com\/blog\/optimizar-pagina-facebook\/"]}]},{"@type":"BreadcrumbList","@id":"https:\/\/www.abrima.com\/blog\/optimizar-pagina-facebook\/#breadcrumb","itemListElement":[{"@type":"ListItem","position":1,"name":"Portada","item":"https:\/\/www.abrima.com\/blog\/"},{"@type":"ListItem","position":2,"name":"C\u00f3mo optimizar tu p\u00e1gina de Facebook"}]},{"@type":"Article","@id":"https:\/\/www.abrima.com\/blog\/optimizar-pagina-facebook\/#article","isPartOf":{"@id":"https:\/\/www.abrima.com\/blog\/optimizar-pagina-facebook\/#webpage"},"author":{"@id":"https:\/\/www.abrima.com\/blog\/#\/schema\/person\/b768d5411164cb8b8d58f72cdf4e11e8"},"headline":"C\u00f3mo optimizar tu p\u00e1gina de Facebook","datePublished":"2017-02-02T01:56:20+00:00","dateModified":"2017-02-02T01:56:20+00:00","mainEntityOfPage":{"@id":"https:\/\/www.abrima.com\/blog\/optimizar-pagina-facebook\/#webpage"},"wordCount":798,"commentCount":0,"publisher":{"@id":"https:\/\/www.abrima.com\/blog\/#organization"},"image":{"@id":"https:\/\/www.abrima.com\/blog\/optimizar-pagina-facebook\/#primaryimage"},"thumbnailUrl":"http:\/\/wwwhatsnew.com\/wp-content\/uploads\/2017\/01\/sshot-512.jpg","articleSection":["Facebook"],"inLanguage":"es","potentialAction":[{"@type":"CommentAction","name":"Comment","target":["https:\/\/www.abrima.com\/blog\/optimizar-pagina-facebook\/#respond"]}]},{"@type":"Person","@id":"https:\/\/www.abrima.com\/blog\/#\/schema\/person\/b768d5411164cb8b8d58f72cdf4e11e8","name":"Abrima","image":{"@type":"ImageObject","inLanguage":"es","@id":"https:\/\/www.abrima.com\/blog\/#\/schema\/person\/image\/","url":"https:\/\/secure.gravatar.com\/avatar\/5cc72c9c6b371583c943a070dff20409?s=96&d=mm&r=g","contentUrl":"https:\/\/secure.gravatar.com\/avatar\/5cc72c9c6b371583c943a070dff20409?s=96&d=mm&r=g","caption":"Abrima"},"url":"https:\/\/www.abrima.com\/blog\/author\/abrima\/"}]}},"amp_enabled":true,"_links":{"self":[{"href":"https:\/\/www.abrima.com\/blog\/wp-json\/wp\/v2\/posts\/5214"}],"collection":[{"href":"https:\/\/www.abrima.com\/blog\/wp-json\/wp\/v2\/posts"}],"about":[{"href":"https:\/\/www.abrima.com\/blog\/wp-json\/wp\/v2\/types\/post"}],"author":[{"embeddable":true,"href":"https:\/\/www.abrima.com\/blog\/wp-json\/wp\/v2\/users\/1"}],"replies":[{"embeddable":true,"href":"https:\/\/www.abrima.com\/blog\/wp-json\/wp\/v2\/comments?post=5214"}],"version-history":[{"count":1,"href":"https:\/\/www.abrima.com\/blog\/wp-json\/wp\/v2\/posts\/5214\/revisions"}],"predecessor-version":[{"id":5215,"href":"https:\/\/www.abrima.com\/blog\/wp-json\/wp\/v2\/posts\/5214\/revisions\/5215"}],"wp:attachment":[{"href":"https:\/\/www.abrima.com\/blog\/wp-json\/wp\/v2\/media?parent=5214"}],"wp:term":[{"taxonomy":"category","embeddable":true,"href":"https:\/\/www.abrima.com\/blog\/wp-json\/wp\/v2\/categories?post=5214"},{"taxonomy":"post_tag","embeddable":true,"href":"https:\/\/www.abrima.com\/blog\/wp-json\/wp\/v2\/tags?post=5214"}],"curies":[{"name":"wp","href":"https:\/\/api.w.org\/{rel}","templated":true}]}}