{"id":47,"date":"2013-09-16T12:16:10","date_gmt":"2013-09-16T12:16:10","guid":{"rendered":"http:\/\/abrima.com\/blog\/?p=47"},"modified":"2013-10-19T04:51:27","modified_gmt":"2013-10-19T04:51:27","slug":"cuales-son-los-errores-mas-comunes-de-las-pymes-con-presencia-online","status":"publish","type":"post","link":"https:\/\/www.abrima.com\/blog\/cuales-son-los-errores-mas-comunes-de-las-pymes-con-presencia-online\/","title":{"rendered":"\u00bfCu\u00e1les son los errores m\u00e1s comunes de las pymes con presencia online?"},"content":{"rendered":"<p>Aunque algunas empresas peruanas se resisten a ingresar en el terreno online, otras ya han dado el gran salto al mundo 2.0, sin embargo, este paso no ha ido precisamente de la mano con el uso apropiado de herramientas digitales: portales web y redes sociales (<a href=\"http:\/\/gestion.pe\/noticias-de-facebook-101?href=nota_tag\" target=\"_blank\">Facebook<\/a>,\u00a0<a href=\"http:\/\/gestion.pe\/noticias-de-twitter-450?href=nota_tag\" target=\"_blank\">Twitter<\/a>, etc.)<\/p>\n<p>Para\u00a0<a href=\"http:\/\/gestion.pe\/noticias-de-graciela-rubina-14785?href=nota_tag\" target=\"_blank\">Graciela Rubina<\/a>, directora ejecutiva de\u00a0<a href=\"http:\/\/gestion.pe\/noticias-de-iab-peru-5783?href=nota_tag\" target=\"_blank\">IAB\u00a0Per\u00fa<\/a>, en el peor de los casos, las\u00a0<a href=\"http:\/\/gestion.pe\/noticias-de-pymes-3994?href=nota_tag\" target=\"_blank\">pymes<\/a>\u00a0no tienen ni un portal web ni una cuenta de red social. Su \u00fanico v\u00ednculo con el cliente o distribuidor es un correo electr\u00f3nico, el cual es revisado espor\u00e1dicamente.<\/p>\n<p>Otro error com\u00fan tiene que ver con el empleo de\u00a0<a href=\"http:\/\/gestion.pe\/noticias-de-red-social-103?href=nota_tag\" target=\"_blank\">redes sociales<\/a>\u00a0-Facebook y Twitter, espec\u00edficamente- como canales de venta. La situaci\u00f3n es peor cuando la peque\u00f1a o mediana empresa no cuenta siquiera con un portal web, de manera que usa las citadas redes para -exclusivamente- vender. \u201cUna red social no est\u00e1 hecha para esto. Si comienzas a hacerlo, la gente te va a rechazar\u201d, advirti\u00f3.<\/p>\n<p>Empero, algunas empresas que s\u00ed cuentan con un portal web caen en el error de no colocar informaci\u00f3n correspondiente al producto o servicio que ofrecen -se\u00f1al\u00f3-. Mientras tanto, en otros sitios se detectan problemas de dise\u00f1o, tambi\u00e9n es usual encontrar avisos sobre \u201cestamos en mantenimiento\u201d.<\/p>\n<p>La especialista reconoci\u00f3 que muchas veces el acercamiento a Internet se realiza de manera casi emp\u00edrica. \u201cLo bueno de esto es que hay un gran inter\u00e9s por parte de los peque\u00f1os y medianos empresarios por ingresar a Internet, por comenzar a promocionarse y a vender por esta v\u00eda\u201d.<\/p>\n<p>Rubina indic\u00f3 que la clave est\u00e1 en aprovechar la informaci\u00f3n colocada en el sitio web de la empresa, para difundirla a trav\u00e9s de medios sociales y generar, desde ah\u00ed, tr\u00e1fico. Toda esa informaci\u00f3n -recalc\u00f3- debe obedecer a los objetivos planteados por la pyme.<\/p>\n<p>\u201cSe debe tener un gran eje que es la p\u00e1gina web desde donde vas a generar un tr\u00e1fico sea de las redes sociales u otros canales de comunicaci\u00f3n digitales\u201d, sugiri\u00f3. Es necesario tener en cuenta que los usuarios emplean las redes sociales no para encontrar ofertas todo el tiempo, ellos \u201cquieren leer cosas que les afecten\u201d y las pymes deben aprender a vincular su informaci\u00f3n con este punto.<\/p>\n<p><strong>EL\u00a0DATO<\/strong><br \/>\nIAB\u00a0Per\u00fa llevar\u00e1 a cabo el primer Digital Day descentralizado el pr\u00f3ximo 20 de setiembre, en Trujillo. El objetivo es instruir a la peque\u00f1a y mediana empresa en el uso correcto de las herramientas digitales para promover su marca y fomentar el\u00a0<a href=\"http:\/\/gestion.pe\/noticias-de-commerce-113?href=nota_tag\" target=\"_blank\">comercio online<\/a>.<\/p>\n<p>FUENTE: <a href=\"http:\/\/gestion.pe\/empresas\/cuales-son-errores-mas-comunes-pymes-que-tienen-presencia-online-2075824?href=mas_leidas\">gestion.pe<\/a><\/p>\n","protected":false},"excerpt":{"rendered":"<p>Aunque algunas empresas peruanas se resisten a ingresar en el terreno online, otras ya han dado el gran salto al mundo 2.0, sin embargo, este [&hellip;]<\/p>\n","protected":false},"author":2,"featured_media":0,"comment_status":"open","ping_status":"open","sticky":false,"template":"","format":"standard","meta":{"_monsterinsights_skip_tracking":false,"_monsterinsights_sitenote_active":false,"_monsterinsights_sitenote_note":"","_monsterinsights_sitenote_category":0},"categories":[18],"tags":[],"yoast_head":"<!-- This site is optimized with the Yoast SEO plugin v19.1 - https:\/\/yoast.com\/wordpress\/plugins\/seo\/ -->\n<title>\u00bfCu\u00e1les son los errores m\u00e1s comunes de las pymes con presencia online? - Blog de Tecnolog\u00eda - Abrima<\/title>\n<meta name=\"robots\" content=\"index, follow, max-snippet:-1, max-image-preview:large, max-video-preview:-1\" \/>\n<link rel=\"canonical\" href=\"https:\/\/www.abrima.com\/blog\/cuales-son-los-errores-mas-comunes-de-las-pymes-con-presencia-online\/\" \/>\n<meta property=\"og:locale\" content=\"es_ES\" \/>\n<meta property=\"og:type\" content=\"article\" \/>\n<meta property=\"og:title\" content=\"\u00bfCu\u00e1les son los errores m\u00e1s comunes de las pymes con presencia online? - Blog de Tecnolog\u00eda - Abrima\" \/>\n<meta property=\"og:description\" content=\"Aunque algunas empresas peruanas se resisten a ingresar en el terreno online, otras ya han dado el gran salto al mundo 2.0, sin embargo, este [&hellip;]\" \/>\n<meta property=\"og:url\" content=\"https:\/\/www.abrima.com\/blog\/cuales-son-los-errores-mas-comunes-de-las-pymes-con-presencia-online\/\" \/>\n<meta property=\"og:site_name\" content=\"Blog de Tecnolog\u00eda - Abrima\" \/>\n<meta property=\"article:publisher\" content=\"https:\/\/www.facebook.com\/abrimawebs\/\" \/>\n<meta property=\"article:published_time\" content=\"2013-09-16T12:16:10+00:00\" \/>\n<meta property=\"article:modified_time\" content=\"2013-10-19T04:51:27+00:00\" \/>\n<meta name=\"twitter:label1\" content=\"Escrito por\" \/>\n\t<meta name=\"twitter:data1\" content=\"Ana Lucia Marrou\" \/>\n\t<meta name=\"twitter:label2\" content=\"Tiempo de lectura\" \/>\n\t<meta name=\"twitter:data2\" content=\"2 minutos\" \/>\n<script type=\"application\/ld+json\" class=\"yoast-schema-graph\">{\"@context\":\"https:\/\/schema.org\",\"@graph\":[{\"@type\":\"Organization\",\"@id\":\"https:\/\/www.abrima.com\/blog\/#organization\",\"name\":\"Abrima\",\"url\":\"https:\/\/www.abrima.com\/blog\/\",\"sameAs\":[\"https:\/\/www.linkedin.com\/company\/abrima-soluciones-web\/\",\"https:\/\/www.youtube.com\/user\/abrimawebs\",\"https:\/\/www.facebook.com\/abrimawebs\/\",\"https:\/\/twitter.com\/abrimaweb\"],\"logo\":{\"@type\":\"ImageObject\",\"inLanguage\":\"es\",\"@id\":\"https:\/\/www.abrima.com\/blog\/#\/schema\/logo\/image\/\",\"url\":\"https:\/\/www.abrima.com\/blog\/wp-content\/uploads\/2018\/03\/abrima-logo.png\",\"contentUrl\":\"https:\/\/www.abrima.com\/blog\/wp-content\/uploads\/2018\/03\/abrima-logo.png\",\"width\":700,\"height\":700,\"caption\":\"Abrima\"},\"image\":{\"@id\":\"https:\/\/www.abrima.com\/blog\/#\/schema\/logo\/image\/\"}},{\"@type\":\"WebSite\",\"@id\":\"https:\/\/www.abrima.com\/blog\/#website\",\"url\":\"https:\/\/www.abrima.com\/blog\/\",\"name\":\"Blog de Tecnolog\u00eda - Abrima\",\"description\":\"Blog sobre todo lo relacionado con Cloud, Marketing Digital y Web\",\"publisher\":{\"@id\":\"https:\/\/www.abrima.com\/blog\/#organization\"},\"potentialAction\":[{\"@type\":\"SearchAction\",\"target\":{\"@type\":\"EntryPoint\",\"urlTemplate\":\"https:\/\/www.abrima.com\/blog\/?s={search_term_string}\"},\"query-input\":\"required name=search_term_string\"}],\"inLanguage\":\"es\"},{\"@type\":\"WebPage\",\"@id\":\"https:\/\/www.abrima.com\/blog\/cuales-son-los-errores-mas-comunes-de-las-pymes-con-presencia-online\/#webpage\",\"url\":\"https:\/\/www.abrima.com\/blog\/cuales-son-los-errores-mas-comunes-de-las-pymes-con-presencia-online\/\",\"name\":\"\u00bfCu\u00e1les son los errores m\u00e1s comunes de las pymes con presencia online? - Blog de Tecnolog\u00eda - Abrima\",\"isPartOf\":{\"@id\":\"https:\/\/www.abrima.com\/blog\/#website\"},\"datePublished\":\"2013-09-16T12:16:10+00:00\",\"dateModified\":\"2013-10-19T04:51:27+00:00\",\"breadcrumb\":{\"@id\":\"https:\/\/www.abrima.com\/blog\/cuales-son-los-errores-mas-comunes-de-las-pymes-con-presencia-online\/#breadcrumb\"},\"inLanguage\":\"es\",\"potentialAction\":[{\"@type\":\"ReadAction\",\"target\":[\"https:\/\/www.abrima.com\/blog\/cuales-son-los-errores-mas-comunes-de-las-pymes-con-presencia-online\/\"]}]},{\"@type\":\"BreadcrumbList\",\"@id\":\"https:\/\/www.abrima.com\/blog\/cuales-son-los-errores-mas-comunes-de-las-pymes-con-presencia-online\/#breadcrumb\",\"itemListElement\":[{\"@type\":\"ListItem\",\"position\":1,\"name\":\"Portada\",\"item\":\"https:\/\/www.abrima.com\/blog\/\"},{\"@type\":\"ListItem\",\"position\":2,\"name\":\"\u00bfCu\u00e1les son los errores m\u00e1s comunes de las pymes con presencia online?\"}]},{\"@type\":\"Article\",\"@id\":\"https:\/\/www.abrima.com\/blog\/cuales-son-los-errores-mas-comunes-de-las-pymes-con-presencia-online\/#article\",\"isPartOf\":{\"@id\":\"https:\/\/www.abrima.com\/blog\/cuales-son-los-errores-mas-comunes-de-las-pymes-con-presencia-online\/#webpage\"},\"author\":{\"@id\":\"https:\/\/www.abrima.com\/blog\/#\/schema\/person\/70ccd8d5617e3a3d6d5121086c3bb00f\"},\"headline\":\"\u00bfCu\u00e1les son los errores m\u00e1s comunes de las pymes con presencia online?\",\"datePublished\":\"2013-09-16T12:16:10+00:00\",\"dateModified\":\"2013-10-19T04:51:27+00:00\",\"mainEntityOfPage\":{\"@id\":\"https:\/\/www.abrima.com\/blog\/cuales-son-los-errores-mas-comunes-de-las-pymes-con-presencia-online\/#webpage\"},\"wordCount\":451,\"commentCount\":0,\"publisher\":{\"@id\":\"https:\/\/www.abrima.com\/blog\/#organization\"},\"articleSection\":[\"Pymes\"],\"inLanguage\":\"es\",\"potentialAction\":[{\"@type\":\"CommentAction\",\"name\":\"Comment\",\"target\":[\"https:\/\/www.abrima.com\/blog\/cuales-son-los-errores-mas-comunes-de-las-pymes-con-presencia-online\/#respond\"]}]},{\"@type\":\"Person\",\"@id\":\"https:\/\/www.abrima.com\/blog\/#\/schema\/person\/70ccd8d5617e3a3d6d5121086c3bb00f\",\"name\":\"Ana Lucia Marrou\",\"image\":{\"@type\":\"ImageObject\",\"inLanguage\":\"es\",\"@id\":\"https:\/\/www.abrima.com\/blog\/#\/schema\/person\/image\/\",\"url\":\"https:\/\/secure.gravatar.com\/avatar\/90bc8b721d14c58be266256fd3396265?s=96&d=mm&r=g\",\"contentUrl\":\"https:\/\/secure.gravatar.com\/avatar\/90bc8b721d14c58be266256fd3396265?s=96&d=mm&r=g\",\"caption\":\"Ana Lucia Marrou\"},\"url\":\"https:\/\/www.abrima.com\/blog\/author\/anilu\/\"}]}<\/script>\n<!-- \/ Yoast SEO plugin. -->","yoast_head_json":{"title":"\u00bfCu\u00e1les son los errores m\u00e1s comunes de las pymes con presencia online? - Blog de Tecnolog\u00eda - Abrima","robots":{"index":"index","follow":"follow","max-snippet":"max-snippet:-1","max-image-preview":"max-image-preview:large","max-video-preview":"max-video-preview:-1"},"canonical":"https:\/\/www.abrima.com\/blog\/cuales-son-los-errores-mas-comunes-de-las-pymes-con-presencia-online\/","og_locale":"es_ES","og_type":"article","og_title":"\u00bfCu\u00e1les son los errores m\u00e1s comunes de las pymes con presencia online? - Blog de Tecnolog\u00eda - Abrima","og_description":"Aunque algunas empresas peruanas se resisten a ingresar en el terreno online, otras ya han dado el gran salto al mundo 2.0, sin embargo, este [&hellip;]","og_url":"https:\/\/www.abrima.com\/blog\/cuales-son-los-errores-mas-comunes-de-las-pymes-con-presencia-online\/","og_site_name":"Blog de Tecnolog\u00eda - Abrima","article_publisher":"https:\/\/www.facebook.com\/abrimawebs\/","article_published_time":"2013-09-16T12:16:10+00:00","article_modified_time":"2013-10-19T04:51:27+00:00","twitter_misc":{"Escrito por":"Ana Lucia Marrou","Tiempo de lectura":"2 minutos"},"schema":{"@context":"https:\/\/schema.org","@graph":[{"@type":"Organization","@id":"https:\/\/www.abrima.com\/blog\/#organization","name":"Abrima","url":"https:\/\/www.abrima.com\/blog\/","sameAs":["https:\/\/www.linkedin.com\/company\/abrima-soluciones-web\/","https:\/\/www.youtube.com\/user\/abrimawebs","https:\/\/www.facebook.com\/abrimawebs\/","https:\/\/twitter.com\/abrimaweb"],"logo":{"@type":"ImageObject","inLanguage":"es","@id":"https:\/\/www.abrima.com\/blog\/#\/schema\/logo\/image\/","url":"https:\/\/www.abrima.com\/blog\/wp-content\/uploads\/2018\/03\/abrima-logo.png","contentUrl":"https:\/\/www.abrima.com\/blog\/wp-content\/uploads\/2018\/03\/abrima-logo.png","width":700,"height":700,"caption":"Abrima"},"image":{"@id":"https:\/\/www.abrima.com\/blog\/#\/schema\/logo\/image\/"}},{"@type":"WebSite","@id":"https:\/\/www.abrima.com\/blog\/#website","url":"https:\/\/www.abrima.com\/blog\/","name":"Blog de Tecnolog\u00eda - Abrima","description":"Blog sobre todo lo relacionado con Cloud, Marketing Digital y Web","publisher":{"@id":"https:\/\/www.abrima.com\/blog\/#organization"},"potentialAction":[{"@type":"SearchAction","target":{"@type":"EntryPoint","urlTemplate":"https:\/\/www.abrima.com\/blog\/?s={search_term_string}"},"query-input":"required name=search_term_string"}],"inLanguage":"es"},{"@type":"WebPage","@id":"https:\/\/www.abrima.com\/blog\/cuales-son-los-errores-mas-comunes-de-las-pymes-con-presencia-online\/#webpage","url":"https:\/\/www.abrima.com\/blog\/cuales-son-los-errores-mas-comunes-de-las-pymes-con-presencia-online\/","name":"\u00bfCu\u00e1les son los errores m\u00e1s comunes de las pymes con presencia online? - Blog de Tecnolog\u00eda - Abrima","isPartOf":{"@id":"https:\/\/www.abrima.com\/blog\/#website"},"datePublished":"2013-09-16T12:16:10+00:00","dateModified":"2013-10-19T04:51:27+00:00","breadcrumb":{"@id":"https:\/\/www.abrima.com\/blog\/cuales-son-los-errores-mas-comunes-de-las-pymes-con-presencia-online\/#breadcrumb"},"inLanguage":"es","potentialAction":[{"@type":"ReadAction","target":["https:\/\/www.abrima.com\/blog\/cuales-son-los-errores-mas-comunes-de-las-pymes-con-presencia-online\/"]}]},{"@type":"BreadcrumbList","@id":"https:\/\/www.abrima.com\/blog\/cuales-son-los-errores-mas-comunes-de-las-pymes-con-presencia-online\/#breadcrumb","itemListElement":[{"@type":"ListItem","position":1,"name":"Portada","item":"https:\/\/www.abrima.com\/blog\/"},{"@type":"ListItem","position":2,"name":"\u00bfCu\u00e1les son los errores m\u00e1s comunes de las pymes con presencia online?"}]},{"@type":"Article","@id":"https:\/\/www.abrima.com\/blog\/cuales-son-los-errores-mas-comunes-de-las-pymes-con-presencia-online\/#article","isPartOf":{"@id":"https:\/\/www.abrima.com\/blog\/cuales-son-los-errores-mas-comunes-de-las-pymes-con-presencia-online\/#webpage"},"author":{"@id":"https:\/\/www.abrima.com\/blog\/#\/schema\/person\/70ccd8d5617e3a3d6d5121086c3bb00f"},"headline":"\u00bfCu\u00e1les son los errores m\u00e1s comunes de las pymes con presencia online?","datePublished":"2013-09-16T12:16:10+00:00","dateModified":"2013-10-19T04:51:27+00:00","mainEntityOfPage":{"@id":"https:\/\/www.abrima.com\/blog\/cuales-son-los-errores-mas-comunes-de-las-pymes-con-presencia-online\/#webpage"},"wordCount":451,"commentCount":0,"publisher":{"@id":"https:\/\/www.abrima.com\/blog\/#organization"},"articleSection":["Pymes"],"inLanguage":"es","potentialAction":[{"@type":"CommentAction","name":"Comment","target":["https:\/\/www.abrima.com\/blog\/cuales-son-los-errores-mas-comunes-de-las-pymes-con-presencia-online\/#respond"]}]},{"@type":"Person","@id":"https:\/\/www.abrima.com\/blog\/#\/schema\/person\/70ccd8d5617e3a3d6d5121086c3bb00f","name":"Ana Lucia Marrou","image":{"@type":"ImageObject","inLanguage":"es","@id":"https:\/\/www.abrima.com\/blog\/#\/schema\/person\/image\/","url":"https:\/\/secure.gravatar.com\/avatar\/90bc8b721d14c58be266256fd3396265?s=96&d=mm&r=g","contentUrl":"https:\/\/secure.gravatar.com\/avatar\/90bc8b721d14c58be266256fd3396265?s=96&d=mm&r=g","caption":"Ana Lucia Marrou"},"url":"https:\/\/www.abrima.com\/blog\/author\/anilu\/"}]}},"amp_enabled":true,"_links":{"self":[{"href":"https:\/\/www.abrima.com\/blog\/wp-json\/wp\/v2\/posts\/47"}],"collection":[{"href":"https:\/\/www.abrima.com\/blog\/wp-json\/wp\/v2\/posts"}],"about":[{"href":"https:\/\/www.abrima.com\/blog\/wp-json\/wp\/v2\/types\/post"}],"author":[{"embeddable":true,"href":"https:\/\/www.abrima.com\/blog\/wp-json\/wp\/v2\/users\/2"}],"replies":[{"embeddable":true,"href":"https:\/\/www.abrima.com\/blog\/wp-json\/wp\/v2\/comments?post=47"}],"version-history":[{"count":1,"href":"https:\/\/www.abrima.com\/blog\/wp-json\/wp\/v2\/posts\/47\/revisions"}],"predecessor-version":[{"id":48,"href":"https:\/\/www.abrima.com\/blog\/wp-json\/wp\/v2\/posts\/47\/revisions\/48"}],"wp:attachment":[{"href":"https:\/\/www.abrima.com\/blog\/wp-json\/wp\/v2\/media?parent=47"}],"wp:term":[{"taxonomy":"category","embeddable":true,"href":"https:\/\/www.abrima.com\/blog\/wp-json\/wp\/v2\/categories?post=47"},{"taxonomy":"post_tag","embeddable":true,"href":"https:\/\/www.abrima.com\/blog\/wp-json\/wp\/v2\/tags?post=47"}],"curies":[{"name":"wp","href":"https:\/\/api.w.org\/{rel}","templated":true}]}}