{"id":4690,"date":"2016-09-20T21:21:08","date_gmt":"2016-09-20T21:21:08","guid":{"rendered":"http:\/\/www.abrima.com\/blog\/?p=4690"},"modified":"2016-09-20T21:21:08","modified_gmt":"2016-09-20T21:21:08","slug":"las-experiencias-negativas-facebook-consecuencias-reales","status":"publish","type":"post","link":"https:\/\/www.abrima.com\/blog\/las-experiencias-negativas-facebook-consecuencias-reales\/","title":{"rendered":"Las experiencias negativas en Facebook y sus consecuencias reales"},"content":{"rendered":"<p><img src=\"http:\/\/cdn3.ticbeat.com\/src\/uploads\/2016\/09\/facebook-redes-sociales-indicadores-depresion-810x541.jpg\" alt=\"Un estudio reciente revela que las experiencias negativas en Facebook afectan a los usuarios\" \/><\/p>\n<p>Las plataformas sociales son instrumentos que las personas utilizan en la realidad para volcar sus inquietudes, emociones y recuerdos, funcionando tambi\u00e9n como elementos para plasmar la propia personalidad y medidores para la autoestima y la socializaci\u00f3n. <strong>Un estudio reciente de la Universidad de Brown ha analizado las consecuencias que las malas experiencias en Facebook tienen en los usuarios<\/strong>, incluyendo los sucesos de acoso, los malentendidos las ofensas o los encuentros no deseados.<\/p>\n<p>La principal conclusi\u00f3n de este estudio es que <strong>dichas experiencias negativas incrementan los riesgos de sufrir depresi\u00f3n en la vida real<\/strong>, y por tanto, muestran que la interacci\u00f3n en la red social tiene un efecto en la vida real o no digital de las personas.<\/p>\n<p><em>\u201cEs un foro diferente que tiene consecuencias emocionales reales\u201d<\/em>, ha declarado la responsable del estudio, Samantha Rosenthal. En las encuestas destinadas a su elaboraci\u00f3n participaron 264 usuarios de la plataforma, de los cuales<strong> el 82% asegur\u00f3 haber sufrido al menos una experiencia negativa en la red social, el 55% en el anterior a\u00f1o a su participaci\u00f3n en la investigaci\u00f3n<\/strong>. El 63%, adem\u00e1s, ha contado haber tenido cuatro o m\u00e1s experiencias negativas durante su juventud.<\/p>\n<h3>La depresi\u00f3n, ligada a las experiencias negativas de Facebook<\/h3>\n<p>Este estudio muestra que aquellas personas que experimentan alg\u00fan tipo de suceso negativo en Facebook <strong>tienen 3,2 veces m\u00e1s de posibilidades de padecer s\u00edntomas de depresi\u00f3n respecto a aquellas que no han tenido estas experiencias<\/strong>.<\/p>\n<p>No obstante, el tipo concreto de experiencia hace, a su vez, que el riesgo de tener depresi\u00f3n sea mayor o menor, siendo mayor en <strong>el caso del acoso o de los comportamientos mezquinos (3,5 veces) que en los encuentros no deseados (2,5 veces).<\/strong><\/p>\n<p>Lo m\u00e1s interesante de este estudio es que est\u00e1 centrado en la frecuencia, la<strong>prevalencia, la severidad y el tipo de experiencias malas<\/strong> que se tienen en la red social. Adem\u00e1s, los participantes, j\u00f3venes adultos en 2013\/2014, <strong>ya fueron entrevistados en 2002, antes de la llegada de Facebook.<\/strong><\/p>\n<p>El prop\u00f3sito de este an\u00e1lisis es\u00a0<strong>descubrir los efectos reales que tienen las experiencias negativas en Facebook sobre las personas<\/strong>, adem\u00e1s de <a href=\"http:\/\/www.ticbeat.com\/lab\/8-consejos-mejorar-privacidad-perfil-facebook\/\">advertir en torno a los riesgos<\/a> de las redes sociales.<em> \u201cEsta investigaci\u00f3n muestra que la gente tiende a sentirse con m\u00e1s derecho a acosar \u2018online\u2019 que en persona o a implicarse en contactos \u2018online\u2019 no deseados de lo que har\u00eda en persona\u201d, ha declarado la responsable del estudio. \u201cEn algunos sentidos, es un riesgo m\u00e1s alto. La gente merece ser consciente de ese riesgo<\/em>\u201c.<\/p>\n<p>V\u00eda | <a href=\"https:\/\/www.engadget.com\/2016\/09\/12\/bad-experiences-on-facebook-have-real-world-consequences\/\">Engadget<\/a><\/p>\n","protected":false},"excerpt":{"rendered":"<p>Las plataformas sociales son instrumentos que las personas utilizan en la realidad para volcar sus inquietudes, emociones y recuerdos, funcionando tambi\u00e9n como elementos para plasmar [&hellip;]<\/p>\n","protected":false},"author":1,"featured_media":0,"comment_status":"open","ping_status":"open","sticky":false,"template":"","format":"standard","meta":{"_monsterinsights_skip_tracking":false,"_monsterinsights_sitenote_active":false,"_monsterinsights_sitenote_note":"","_monsterinsights_sitenote_category":0},"categories":[9],"tags":[],"yoast_head":"<!-- This site is optimized with the Yoast SEO plugin v19.1 - https:\/\/yoast.com\/wordpress\/plugins\/seo\/ -->\n<title>Las experiencias negativas en Facebook y sus consecuencias reales - Blog de Tecnolog\u00eda - Abrima<\/title>\n<meta name=\"robots\" content=\"index, follow, max-snippet:-1, max-image-preview:large, max-video-preview:-1\" \/>\n<link rel=\"canonical\" href=\"https:\/\/www.abrima.com\/blog\/las-experiencias-negativas-facebook-consecuencias-reales\/\" \/>\n<meta property=\"og:locale\" content=\"es_ES\" \/>\n<meta property=\"og:type\" content=\"article\" \/>\n<meta property=\"og:title\" content=\"Las experiencias negativas en Facebook y sus consecuencias reales - Blog de Tecnolog\u00eda - Abrima\" \/>\n<meta property=\"og:description\" content=\"Las plataformas sociales son instrumentos que las personas utilizan en la realidad para volcar sus inquietudes, emociones y recuerdos, funcionando tambi\u00e9n como elementos para plasmar [&hellip;]\" \/>\n<meta property=\"og:url\" content=\"https:\/\/www.abrima.com\/blog\/las-experiencias-negativas-facebook-consecuencias-reales\/\" \/>\n<meta property=\"og:site_name\" content=\"Blog de Tecnolog\u00eda - Abrima\" \/>\n<meta property=\"article:publisher\" content=\"https:\/\/www.facebook.com\/abrimawebs\/\" \/>\n<meta property=\"article:published_time\" content=\"2016-09-20T21:21:08+00:00\" \/>\n<meta property=\"og:image\" content=\"http:\/\/cdn3.ticbeat.com\/src\/uploads\/2016\/09\/facebook-redes-sociales-indicadores-depresion-810x541.jpg\" \/>\n<meta name=\"twitter:label1\" content=\"Escrito por\" \/>\n\t<meta name=\"twitter:data1\" content=\"Abrima\" \/>\n\t<meta name=\"twitter:label2\" content=\"Tiempo de lectura\" \/>\n\t<meta name=\"twitter:data2\" content=\"2 minutos\" \/>\n<script type=\"application\/ld+json\" class=\"yoast-schema-graph\">{\"@context\":\"https:\/\/schema.org\",\"@graph\":[{\"@type\":\"Organization\",\"@id\":\"https:\/\/www.abrima.com\/blog\/#organization\",\"name\":\"Abrima\",\"url\":\"https:\/\/www.abrima.com\/blog\/\",\"sameAs\":[\"https:\/\/www.linkedin.com\/company\/abrima-soluciones-web\/\",\"https:\/\/www.youtube.com\/user\/abrimawebs\",\"https:\/\/www.facebook.com\/abrimawebs\/\",\"https:\/\/twitter.com\/abrimaweb\"],\"logo\":{\"@type\":\"ImageObject\",\"inLanguage\":\"es\",\"@id\":\"https:\/\/www.abrima.com\/blog\/#\/schema\/logo\/image\/\",\"url\":\"https:\/\/www.abrima.com\/blog\/wp-content\/uploads\/2018\/03\/abrima-logo.png\",\"contentUrl\":\"https:\/\/www.abrima.com\/blog\/wp-content\/uploads\/2018\/03\/abrima-logo.png\",\"width\":700,\"height\":700,\"caption\":\"Abrima\"},\"image\":{\"@id\":\"https:\/\/www.abrima.com\/blog\/#\/schema\/logo\/image\/\"}},{\"@type\":\"WebSite\",\"@id\":\"https:\/\/www.abrima.com\/blog\/#website\",\"url\":\"https:\/\/www.abrima.com\/blog\/\",\"name\":\"Blog de Tecnolog\u00eda - Abrima\",\"description\":\"Blog sobre todo lo relacionado con Cloud, Marketing Digital y Web\",\"publisher\":{\"@id\":\"https:\/\/www.abrima.com\/blog\/#organization\"},\"potentialAction\":[{\"@type\":\"SearchAction\",\"target\":{\"@type\":\"EntryPoint\",\"urlTemplate\":\"https:\/\/www.abrima.com\/blog\/?s={search_term_string}\"},\"query-input\":\"required name=search_term_string\"}],\"inLanguage\":\"es\"},{\"@type\":\"ImageObject\",\"inLanguage\":\"es\",\"@id\":\"https:\/\/www.abrima.com\/blog\/las-experiencias-negativas-facebook-consecuencias-reales\/#primaryimage\",\"url\":\"http:\/\/cdn3.ticbeat.com\/src\/uploads\/2016\/09\/facebook-redes-sociales-indicadores-depresion-810x541.jpg\",\"contentUrl\":\"http:\/\/cdn3.ticbeat.com\/src\/uploads\/2016\/09\/facebook-redes-sociales-indicadores-depresion-810x541.jpg\"},{\"@type\":\"WebPage\",\"@id\":\"https:\/\/www.abrima.com\/blog\/las-experiencias-negativas-facebook-consecuencias-reales\/#webpage\",\"url\":\"https:\/\/www.abrima.com\/blog\/las-experiencias-negativas-facebook-consecuencias-reales\/\",\"name\":\"Las experiencias negativas en Facebook y sus consecuencias reales - Blog de Tecnolog\u00eda - Abrima\",\"isPartOf\":{\"@id\":\"https:\/\/www.abrima.com\/blog\/#website\"},\"primaryImageOfPage\":{\"@id\":\"https:\/\/www.abrima.com\/blog\/las-experiencias-negativas-facebook-consecuencias-reales\/#primaryimage\"},\"datePublished\":\"2016-09-20T21:21:08+00:00\",\"dateModified\":\"2016-09-20T21:21:08+00:00\",\"breadcrumb\":{\"@id\":\"https:\/\/www.abrima.com\/blog\/las-experiencias-negativas-facebook-consecuencias-reales\/#breadcrumb\"},\"inLanguage\":\"es\",\"potentialAction\":[{\"@type\":\"ReadAction\",\"target\":[\"https:\/\/www.abrima.com\/blog\/las-experiencias-negativas-facebook-consecuencias-reales\/\"]}]},{\"@type\":\"BreadcrumbList\",\"@id\":\"https:\/\/www.abrima.com\/blog\/las-experiencias-negativas-facebook-consecuencias-reales\/#breadcrumb\",\"itemListElement\":[{\"@type\":\"ListItem\",\"position\":1,\"name\":\"Portada\",\"item\":\"https:\/\/www.abrima.com\/blog\/\"},{\"@type\":\"ListItem\",\"position\":2,\"name\":\"Las experiencias negativas en Facebook y sus consecuencias reales\"}]},{\"@type\":\"Article\",\"@id\":\"https:\/\/www.abrima.com\/blog\/las-experiencias-negativas-facebook-consecuencias-reales\/#article\",\"isPartOf\":{\"@id\":\"https:\/\/www.abrima.com\/blog\/las-experiencias-negativas-facebook-consecuencias-reales\/#webpage\"},\"author\":{\"@id\":\"https:\/\/www.abrima.com\/blog\/#\/schema\/person\/b768d5411164cb8b8d58f72cdf4e11e8\"},\"headline\":\"Las experiencias negativas en Facebook y sus consecuencias reales\",\"datePublished\":\"2016-09-20T21:21:08+00:00\",\"dateModified\":\"2016-09-20T21:21:08+00:00\",\"mainEntityOfPage\":{\"@id\":\"https:\/\/www.abrima.com\/blog\/las-experiencias-negativas-facebook-consecuencias-reales\/#webpage\"},\"wordCount\":441,\"commentCount\":0,\"publisher\":{\"@id\":\"https:\/\/www.abrima.com\/blog\/#organization\"},\"image\":{\"@id\":\"https:\/\/www.abrima.com\/blog\/las-experiencias-negativas-facebook-consecuencias-reales\/#primaryimage\"},\"thumbnailUrl\":\"http:\/\/cdn3.ticbeat.com\/src\/uploads\/2016\/09\/facebook-redes-sociales-indicadores-depresion-810x541.jpg\",\"articleSection\":[\"Facebook\"],\"inLanguage\":\"es\",\"potentialAction\":[{\"@type\":\"CommentAction\",\"name\":\"Comment\",\"target\":[\"https:\/\/www.abrima.com\/blog\/las-experiencias-negativas-facebook-consecuencias-reales\/#respond\"]}]},{\"@type\":\"Person\",\"@id\":\"https:\/\/www.abrima.com\/blog\/#\/schema\/person\/b768d5411164cb8b8d58f72cdf4e11e8\",\"name\":\"Abrima\",\"image\":{\"@type\":\"ImageObject\",\"inLanguage\":\"es\",\"@id\":\"https:\/\/www.abrima.com\/blog\/#\/schema\/person\/image\/\",\"url\":\"https:\/\/secure.gravatar.com\/avatar\/5cc72c9c6b371583c943a070dff20409?s=96&d=mm&r=g\",\"contentUrl\":\"https:\/\/secure.gravatar.com\/avatar\/5cc72c9c6b371583c943a070dff20409?s=96&d=mm&r=g\",\"caption\":\"Abrima\"},\"url\":\"https:\/\/www.abrima.com\/blog\/author\/abrima\/\"}]}<\/script>\n<!-- \/ Yoast SEO plugin. -->","yoast_head_json":{"title":"Las experiencias negativas en Facebook y sus consecuencias reales - Blog de Tecnolog\u00eda - Abrima","robots":{"index":"index","follow":"follow","max-snippet":"max-snippet:-1","max-image-preview":"max-image-preview:large","max-video-preview":"max-video-preview:-1"},"canonical":"https:\/\/www.abrima.com\/blog\/las-experiencias-negativas-facebook-consecuencias-reales\/","og_locale":"es_ES","og_type":"article","og_title":"Las experiencias negativas en Facebook y sus consecuencias reales - Blog de Tecnolog\u00eda - Abrima","og_description":"Las plataformas sociales son instrumentos que las personas utilizan en la realidad para volcar sus inquietudes, emociones y recuerdos, funcionando tambi\u00e9n como elementos para plasmar [&hellip;]","og_url":"https:\/\/www.abrima.com\/blog\/las-experiencias-negativas-facebook-consecuencias-reales\/","og_site_name":"Blog de Tecnolog\u00eda - Abrima","article_publisher":"https:\/\/www.facebook.com\/abrimawebs\/","article_published_time":"2016-09-20T21:21:08+00:00","og_image":[{"url":"http:\/\/cdn3.ticbeat.com\/src\/uploads\/2016\/09\/facebook-redes-sociales-indicadores-depresion-810x541.jpg"}],"twitter_misc":{"Escrito por":"Abrima","Tiempo de lectura":"2 minutos"},"schema":{"@context":"https:\/\/schema.org","@graph":[{"@type":"Organization","@id":"https:\/\/www.abrima.com\/blog\/#organization","name":"Abrima","url":"https:\/\/www.abrima.com\/blog\/","sameAs":["https:\/\/www.linkedin.com\/company\/abrima-soluciones-web\/","https:\/\/www.youtube.com\/user\/abrimawebs","https:\/\/www.facebook.com\/abrimawebs\/","https:\/\/twitter.com\/abrimaweb"],"logo":{"@type":"ImageObject","inLanguage":"es","@id":"https:\/\/www.abrima.com\/blog\/#\/schema\/logo\/image\/","url":"https:\/\/www.abrima.com\/blog\/wp-content\/uploads\/2018\/03\/abrima-logo.png","contentUrl":"https:\/\/www.abrima.com\/blog\/wp-content\/uploads\/2018\/03\/abrima-logo.png","width":700,"height":700,"caption":"Abrima"},"image":{"@id":"https:\/\/www.abrima.com\/blog\/#\/schema\/logo\/image\/"}},{"@type":"WebSite","@id":"https:\/\/www.abrima.com\/blog\/#website","url":"https:\/\/www.abrima.com\/blog\/","name":"Blog de Tecnolog\u00eda - Abrima","description":"Blog sobre todo lo relacionado con Cloud, Marketing Digital y Web","publisher":{"@id":"https:\/\/www.abrima.com\/blog\/#organization"},"potentialAction":[{"@type":"SearchAction","target":{"@type":"EntryPoint","urlTemplate":"https:\/\/www.abrima.com\/blog\/?s={search_term_string}"},"query-input":"required name=search_term_string"}],"inLanguage":"es"},{"@type":"ImageObject","inLanguage":"es","@id":"https:\/\/www.abrima.com\/blog\/las-experiencias-negativas-facebook-consecuencias-reales\/#primaryimage","url":"http:\/\/cdn3.ticbeat.com\/src\/uploads\/2016\/09\/facebook-redes-sociales-indicadores-depresion-810x541.jpg","contentUrl":"http:\/\/cdn3.ticbeat.com\/src\/uploads\/2016\/09\/facebook-redes-sociales-indicadores-depresion-810x541.jpg"},{"@type":"WebPage","@id":"https:\/\/www.abrima.com\/blog\/las-experiencias-negativas-facebook-consecuencias-reales\/#webpage","url":"https:\/\/www.abrima.com\/blog\/las-experiencias-negativas-facebook-consecuencias-reales\/","name":"Las experiencias negativas en Facebook y sus consecuencias reales - Blog de Tecnolog\u00eda - Abrima","isPartOf":{"@id":"https:\/\/www.abrima.com\/blog\/#website"},"primaryImageOfPage":{"@id":"https:\/\/www.abrima.com\/blog\/las-experiencias-negativas-facebook-consecuencias-reales\/#primaryimage"},"datePublished":"2016-09-20T21:21:08+00:00","dateModified":"2016-09-20T21:21:08+00:00","breadcrumb":{"@id":"https:\/\/www.abrima.com\/blog\/las-experiencias-negativas-facebook-consecuencias-reales\/#breadcrumb"},"inLanguage":"es","potentialAction":[{"@type":"ReadAction","target":["https:\/\/www.abrima.com\/blog\/las-experiencias-negativas-facebook-consecuencias-reales\/"]}]},{"@type":"BreadcrumbList","@id":"https:\/\/www.abrima.com\/blog\/las-experiencias-negativas-facebook-consecuencias-reales\/#breadcrumb","itemListElement":[{"@type":"ListItem","position":1,"name":"Portada","item":"https:\/\/www.abrima.com\/blog\/"},{"@type":"ListItem","position":2,"name":"Las experiencias negativas en Facebook y sus consecuencias reales"}]},{"@type":"Article","@id":"https:\/\/www.abrima.com\/blog\/las-experiencias-negativas-facebook-consecuencias-reales\/#article","isPartOf":{"@id":"https:\/\/www.abrima.com\/blog\/las-experiencias-negativas-facebook-consecuencias-reales\/#webpage"},"author":{"@id":"https:\/\/www.abrima.com\/blog\/#\/schema\/person\/b768d5411164cb8b8d58f72cdf4e11e8"},"headline":"Las experiencias negativas en Facebook y sus consecuencias reales","datePublished":"2016-09-20T21:21:08+00:00","dateModified":"2016-09-20T21:21:08+00:00","mainEntityOfPage":{"@id":"https:\/\/www.abrima.com\/blog\/las-experiencias-negativas-facebook-consecuencias-reales\/#webpage"},"wordCount":441,"commentCount":0,"publisher":{"@id":"https:\/\/www.abrima.com\/blog\/#organization"},"image":{"@id":"https:\/\/www.abrima.com\/blog\/las-experiencias-negativas-facebook-consecuencias-reales\/#primaryimage"},"thumbnailUrl":"http:\/\/cdn3.ticbeat.com\/src\/uploads\/2016\/09\/facebook-redes-sociales-indicadores-depresion-810x541.jpg","articleSection":["Facebook"],"inLanguage":"es","potentialAction":[{"@type":"CommentAction","name":"Comment","target":["https:\/\/www.abrima.com\/blog\/las-experiencias-negativas-facebook-consecuencias-reales\/#respond"]}]},{"@type":"Person","@id":"https:\/\/www.abrima.com\/blog\/#\/schema\/person\/b768d5411164cb8b8d58f72cdf4e11e8","name":"Abrima","image":{"@type":"ImageObject","inLanguage":"es","@id":"https:\/\/www.abrima.com\/blog\/#\/schema\/person\/image\/","url":"https:\/\/secure.gravatar.com\/avatar\/5cc72c9c6b371583c943a070dff20409?s=96&d=mm&r=g","contentUrl":"https:\/\/secure.gravatar.com\/avatar\/5cc72c9c6b371583c943a070dff20409?s=96&d=mm&r=g","caption":"Abrima"},"url":"https:\/\/www.abrima.com\/blog\/author\/abrima\/"}]}},"amp_enabled":true,"_links":{"self":[{"href":"https:\/\/www.abrima.com\/blog\/wp-json\/wp\/v2\/posts\/4690"}],"collection":[{"href":"https:\/\/www.abrima.com\/blog\/wp-json\/wp\/v2\/posts"}],"about":[{"href":"https:\/\/www.abrima.com\/blog\/wp-json\/wp\/v2\/types\/post"}],"author":[{"embeddable":true,"href":"https:\/\/www.abrima.com\/blog\/wp-json\/wp\/v2\/users\/1"}],"replies":[{"embeddable":true,"href":"https:\/\/www.abrima.com\/blog\/wp-json\/wp\/v2\/comments?post=4690"}],"version-history":[{"count":1,"href":"https:\/\/www.abrima.com\/blog\/wp-json\/wp\/v2\/posts\/4690\/revisions"}],"predecessor-version":[{"id":4691,"href":"https:\/\/www.abrima.com\/blog\/wp-json\/wp\/v2\/posts\/4690\/revisions\/4691"}],"wp:attachment":[{"href":"https:\/\/www.abrima.com\/blog\/wp-json\/wp\/v2\/media?parent=4690"}],"wp:term":[{"taxonomy":"category","embeddable":true,"href":"https:\/\/www.abrima.com\/blog\/wp-json\/wp\/v2\/categories?post=4690"},{"taxonomy":"post_tag","embeddable":true,"href":"https:\/\/www.abrima.com\/blog\/wp-json\/wp\/v2\/tags?post=4690"}],"curies":[{"name":"wp","href":"https:\/\/api.w.org\/{rel}","templated":true}]}}