{"id":4612,"date":"2016-08-31T02:26:34","date_gmt":"2016-08-31T02:26:34","guid":{"rendered":"http:\/\/www.abrima.com\/blog\/?p=4612"},"modified":"2016-08-31T02:26:34","modified_gmt":"2016-08-31T02:26:34","slug":"la-nueva-interfaz-google-llegara-todos-los-usuarios","status":"publish","type":"post","link":"https:\/\/www.abrima.com\/blog\/la-nueva-interfaz-google-llegara-todos-los-usuarios\/","title":{"rendered":"La nueva interfaz de Google+ llegar\u00e1 a todos los usuarios"},"content":{"rendered":"<p><img src=\"http:\/\/wwwhatsnew.com\/wp-content\/uploads\/2016\/08\/Google-1.jpg\" alt=\"Google+\" \/><\/p>\n<p>Fue a mediados del pasado mes de noviembre cuando <a href=\"http:\/\/wwwhatsnew.com\/2015\/11\/17\/google-presenta-un-nuevo-google-plus\/\">Google present\u00f3<\/a> la nueva interfaz de usuario en fase de vista previa de Google+. Hasta ahora, los usuarios pod\u00edan seguir usando la interfaz tradicional por defecto pudiendo cambiar opcionalmente al nuevo dise\u00f1o, el cual ha ido recibiendo una serie de mejoras y nuevas caracter\u00edsticas a lo largo de todo este tiempo.<\/p>\n<p>En los pr\u00f3ximos d\u00edas, <a href=\"https:\/\/plus.google.com\/+DanielleBuckley\/posts\/AnaA1XCANWm\" target=\"_blank\">esta situaci\u00f3n va a cambiar<\/a>, ya que los usuarios comenzar\u00e1n a tener por defecto el nuevo dise\u00f1o de Google+ en lugar del tradicional, aunque podr\u00e1n seguir optando por volver a la interfaz tradicional de manera opcional \u201cpor el momento\u201d, aunque desde Google no se ha desvelado por cu\u00e1nto tiempo se seguir\u00e1 manteniendo la opci\u00f3n de volver a la interfaz tradicional.<br \/>\n<span id=\"more-269787\"><\/span><br \/>\nAdem\u00e1s, Google ha desvelado tres nuevas caracter\u00edsticas para Google+ que llegar\u00e1n en las pr\u00f3ximas semanas a la web y a las aplicaciones m\u00f3viles para Android e iOS:<\/p>\n<ul>\n<li>Se podr\u00e1 a\u00f1adir enlaces y fotos en los comentarios, algo similar a lo que ya permite Facebook<\/li>\n<li>Los propietarios de comunidades y moderadores podr\u00e1n filtrar comentarios para que tengan m\u00e1s f\u00e1cil la aprobaci\u00f3n de comentarios<\/li>\n<li>Adem\u00e1s, se lanza un nuevo centro de notificaciones donde poder observar y gestionar la actividad realizada recientemente<\/li>\n<\/ul>\n<p>Por \u00faltimo, los usuarios empresariales de Google Apps que ya usen Google+ tambi\u00e9n tendr\u00e1n acceso a la nueva interfaz, empezado por los nuevos usuarios y llegando al resto de usuarios empresariales en las pr\u00f3ximas semanas.<\/p>\n<p>Fuente: <a href=\"http:\/\/wwwhatsnew.com\/2016\/08\/30\/la-nueva-interfaz-de-google-llegara-a-todos-los-usuarios\/\">WWWhatsNew<\/a><\/p>\n","protected":false},"excerpt":{"rendered":"<p>Fue a mediados del pasado mes de noviembre cuando Google present\u00f3 la nueva interfaz de usuario en fase de vista previa de Google+. Hasta ahora, [&hellip;]<\/p>\n","protected":false},"author":1,"featured_media":0,"comment_status":"open","ping_status":"open","sticky":false,"template":"","format":"standard","meta":{"_monsterinsights_skip_tracking":false,"_monsterinsights_sitenote_active":false,"_monsterinsights_sitenote_note":"","_monsterinsights_sitenote_category":0},"categories":[10],"tags":[],"yoast_head":"<!-- This site is optimized with the Yoast SEO plugin v19.1 - https:\/\/yoast.com\/wordpress\/plugins\/seo\/ -->\n<title>La nueva interfaz de Google+ llegar\u00e1 a todos los usuarios - Blog de Tecnolog\u00eda - Abrima<\/title>\n<meta name=\"robots\" content=\"index, follow, max-snippet:-1, max-image-preview:large, max-video-preview:-1\" \/>\n<link rel=\"canonical\" href=\"https:\/\/www.abrima.com\/blog\/la-nueva-interfaz-google-llegara-todos-los-usuarios\/\" \/>\n<meta property=\"og:locale\" content=\"es_ES\" \/>\n<meta property=\"og:type\" content=\"article\" \/>\n<meta property=\"og:title\" content=\"La nueva interfaz de Google+ llegar\u00e1 a todos los usuarios - Blog de Tecnolog\u00eda - Abrima\" \/>\n<meta property=\"og:description\" content=\"Fue a mediados del pasado mes de noviembre cuando Google present\u00f3 la nueva interfaz de usuario en fase de vista previa de Google+. Hasta ahora, [&hellip;]\" \/>\n<meta property=\"og:url\" content=\"https:\/\/www.abrima.com\/blog\/la-nueva-interfaz-google-llegara-todos-los-usuarios\/\" \/>\n<meta property=\"og:site_name\" content=\"Blog de Tecnolog\u00eda - Abrima\" \/>\n<meta property=\"article:publisher\" content=\"https:\/\/www.facebook.com\/abrimawebs\/\" \/>\n<meta property=\"article:published_time\" content=\"2016-08-31T02:26:34+00:00\" \/>\n<meta property=\"og:image\" content=\"http:\/\/wwwhatsnew.com\/wp-content\/uploads\/2016\/08\/Google-1.jpg\" \/>\n<meta name=\"twitter:label1\" content=\"Escrito por\" \/>\n\t<meta name=\"twitter:data1\" content=\"Abrima\" \/>\n\t<meta name=\"twitter:label2\" content=\"Tiempo de lectura\" \/>\n\t<meta name=\"twitter:data2\" content=\"1 minuto\" \/>\n<script type=\"application\/ld+json\" class=\"yoast-schema-graph\">{\"@context\":\"https:\/\/schema.org\",\"@graph\":[{\"@type\":\"Organization\",\"@id\":\"https:\/\/www.abrima.com\/blog\/#organization\",\"name\":\"Abrima\",\"url\":\"https:\/\/www.abrima.com\/blog\/\",\"sameAs\":[\"https:\/\/www.linkedin.com\/company\/abrima-soluciones-web\/\",\"https:\/\/www.youtube.com\/user\/abrimawebs\",\"https:\/\/www.facebook.com\/abrimawebs\/\",\"https:\/\/twitter.com\/abrimaweb\"],\"logo\":{\"@type\":\"ImageObject\",\"inLanguage\":\"es\",\"@id\":\"https:\/\/www.abrima.com\/blog\/#\/schema\/logo\/image\/\",\"url\":\"https:\/\/www.abrima.com\/blog\/wp-content\/uploads\/2018\/03\/abrima-logo.png\",\"contentUrl\":\"https:\/\/www.abrima.com\/blog\/wp-content\/uploads\/2018\/03\/abrima-logo.png\",\"width\":700,\"height\":700,\"caption\":\"Abrima\"},\"image\":{\"@id\":\"https:\/\/www.abrima.com\/blog\/#\/schema\/logo\/image\/\"}},{\"@type\":\"WebSite\",\"@id\":\"https:\/\/www.abrima.com\/blog\/#website\",\"url\":\"https:\/\/www.abrima.com\/blog\/\",\"name\":\"Blog de Tecnolog\u00eda - Abrima\",\"description\":\"Blog sobre todo lo relacionado con Cloud, Marketing Digital y Web\",\"publisher\":{\"@id\":\"https:\/\/www.abrima.com\/blog\/#organization\"},\"potentialAction\":[{\"@type\":\"SearchAction\",\"target\":{\"@type\":\"EntryPoint\",\"urlTemplate\":\"https:\/\/www.abrima.com\/blog\/?s={search_term_string}\"},\"query-input\":\"required name=search_term_string\"}],\"inLanguage\":\"es\"},{\"@type\":\"ImageObject\",\"inLanguage\":\"es\",\"@id\":\"https:\/\/www.abrima.com\/blog\/la-nueva-interfaz-google-llegara-todos-los-usuarios\/#primaryimage\",\"url\":\"http:\/\/wwwhatsnew.com\/wp-content\/uploads\/2016\/08\/Google-1.jpg\",\"contentUrl\":\"http:\/\/wwwhatsnew.com\/wp-content\/uploads\/2016\/08\/Google-1.jpg\"},{\"@type\":\"WebPage\",\"@id\":\"https:\/\/www.abrima.com\/blog\/la-nueva-interfaz-google-llegara-todos-los-usuarios\/#webpage\",\"url\":\"https:\/\/www.abrima.com\/blog\/la-nueva-interfaz-google-llegara-todos-los-usuarios\/\",\"name\":\"La nueva interfaz de Google+ llegar\u00e1 a todos los usuarios - Blog de Tecnolog\u00eda - Abrima\",\"isPartOf\":{\"@id\":\"https:\/\/www.abrima.com\/blog\/#website\"},\"primaryImageOfPage\":{\"@id\":\"https:\/\/www.abrima.com\/blog\/la-nueva-interfaz-google-llegara-todos-los-usuarios\/#primaryimage\"},\"datePublished\":\"2016-08-31T02:26:34+00:00\",\"dateModified\":\"2016-08-31T02:26:34+00:00\",\"breadcrumb\":{\"@id\":\"https:\/\/www.abrima.com\/blog\/la-nueva-interfaz-google-llegara-todos-los-usuarios\/#breadcrumb\"},\"inLanguage\":\"es\",\"potentialAction\":[{\"@type\":\"ReadAction\",\"target\":[\"https:\/\/www.abrima.com\/blog\/la-nueva-interfaz-google-llegara-todos-los-usuarios\/\"]}]},{\"@type\":\"BreadcrumbList\",\"@id\":\"https:\/\/www.abrima.com\/blog\/la-nueva-interfaz-google-llegara-todos-los-usuarios\/#breadcrumb\",\"itemListElement\":[{\"@type\":\"ListItem\",\"position\":1,\"name\":\"Portada\",\"item\":\"https:\/\/www.abrima.com\/blog\/\"},{\"@type\":\"ListItem\",\"position\":2,\"name\":\"La nueva interfaz de Google+ llegar\u00e1 a todos los usuarios\"}]},{\"@type\":\"Article\",\"@id\":\"https:\/\/www.abrima.com\/blog\/la-nueva-interfaz-google-llegara-todos-los-usuarios\/#article\",\"isPartOf\":{\"@id\":\"https:\/\/www.abrima.com\/blog\/la-nueva-interfaz-google-llegara-todos-los-usuarios\/#webpage\"},\"author\":{\"@id\":\"https:\/\/www.abrima.com\/blog\/#\/schema\/person\/b768d5411164cb8b8d58f72cdf4e11e8\"},\"headline\":\"La nueva interfaz de Google+ llegar\u00e1 a todos los usuarios\",\"datePublished\":\"2016-08-31T02:26:34+00:00\",\"dateModified\":\"2016-08-31T02:26:34+00:00\",\"mainEntityOfPage\":{\"@id\":\"https:\/\/www.abrima.com\/blog\/la-nueva-interfaz-google-llegara-todos-los-usuarios\/#webpage\"},\"wordCount\":275,\"commentCount\":0,\"publisher\":{\"@id\":\"https:\/\/www.abrima.com\/blog\/#organization\"},\"image\":{\"@id\":\"https:\/\/www.abrima.com\/blog\/la-nueva-interfaz-google-llegara-todos-los-usuarios\/#primaryimage\"},\"thumbnailUrl\":\"http:\/\/wwwhatsnew.com\/wp-content\/uploads\/2016\/08\/Google-1.jpg\",\"articleSection\":[\"Google\"],\"inLanguage\":\"es\",\"potentialAction\":[{\"@type\":\"CommentAction\",\"name\":\"Comment\",\"target\":[\"https:\/\/www.abrima.com\/blog\/la-nueva-interfaz-google-llegara-todos-los-usuarios\/#respond\"]}]},{\"@type\":\"Person\",\"@id\":\"https:\/\/www.abrima.com\/blog\/#\/schema\/person\/b768d5411164cb8b8d58f72cdf4e11e8\",\"name\":\"Abrima\",\"image\":{\"@type\":\"ImageObject\",\"inLanguage\":\"es\",\"@id\":\"https:\/\/www.abrima.com\/blog\/#\/schema\/person\/image\/\",\"url\":\"https:\/\/secure.gravatar.com\/avatar\/5cc72c9c6b371583c943a070dff20409?s=96&d=mm&r=g\",\"contentUrl\":\"https:\/\/secure.gravatar.com\/avatar\/5cc72c9c6b371583c943a070dff20409?s=96&d=mm&r=g\",\"caption\":\"Abrima\"},\"url\":\"https:\/\/www.abrima.com\/blog\/author\/abrima\/\"}]}<\/script>\n<!-- \/ Yoast SEO plugin. -->","yoast_head_json":{"title":"La nueva interfaz de Google+ llegar\u00e1 a todos los usuarios - Blog de Tecnolog\u00eda - Abrima","robots":{"index":"index","follow":"follow","max-snippet":"max-snippet:-1","max-image-preview":"max-image-preview:large","max-video-preview":"max-video-preview:-1"},"canonical":"https:\/\/www.abrima.com\/blog\/la-nueva-interfaz-google-llegara-todos-los-usuarios\/","og_locale":"es_ES","og_type":"article","og_title":"La nueva interfaz de Google+ llegar\u00e1 a todos los usuarios - Blog de Tecnolog\u00eda - Abrima","og_description":"Fue a mediados del pasado mes de noviembre cuando Google present\u00f3 la nueva interfaz de usuario en fase de vista previa de Google+. Hasta ahora, [&hellip;]","og_url":"https:\/\/www.abrima.com\/blog\/la-nueva-interfaz-google-llegara-todos-los-usuarios\/","og_site_name":"Blog de Tecnolog\u00eda - Abrima","article_publisher":"https:\/\/www.facebook.com\/abrimawebs\/","article_published_time":"2016-08-31T02:26:34+00:00","og_image":[{"url":"http:\/\/wwwhatsnew.com\/wp-content\/uploads\/2016\/08\/Google-1.jpg"}],"twitter_misc":{"Escrito por":"Abrima","Tiempo de lectura":"1 minuto"},"schema":{"@context":"https:\/\/schema.org","@graph":[{"@type":"Organization","@id":"https:\/\/www.abrima.com\/blog\/#organization","name":"Abrima","url":"https:\/\/www.abrima.com\/blog\/","sameAs":["https:\/\/www.linkedin.com\/company\/abrima-soluciones-web\/","https:\/\/www.youtube.com\/user\/abrimawebs","https:\/\/www.facebook.com\/abrimawebs\/","https:\/\/twitter.com\/abrimaweb"],"logo":{"@type":"ImageObject","inLanguage":"es","@id":"https:\/\/www.abrima.com\/blog\/#\/schema\/logo\/image\/","url":"https:\/\/www.abrima.com\/blog\/wp-content\/uploads\/2018\/03\/abrima-logo.png","contentUrl":"https:\/\/www.abrima.com\/blog\/wp-content\/uploads\/2018\/03\/abrima-logo.png","width":700,"height":700,"caption":"Abrima"},"image":{"@id":"https:\/\/www.abrima.com\/blog\/#\/schema\/logo\/image\/"}},{"@type":"WebSite","@id":"https:\/\/www.abrima.com\/blog\/#website","url":"https:\/\/www.abrima.com\/blog\/","name":"Blog de Tecnolog\u00eda - Abrima","description":"Blog sobre todo lo relacionado con Cloud, Marketing Digital y Web","publisher":{"@id":"https:\/\/www.abrima.com\/blog\/#organization"},"potentialAction":[{"@type":"SearchAction","target":{"@type":"EntryPoint","urlTemplate":"https:\/\/www.abrima.com\/blog\/?s={search_term_string}"},"query-input":"required name=search_term_string"}],"inLanguage":"es"},{"@type":"ImageObject","inLanguage":"es","@id":"https:\/\/www.abrima.com\/blog\/la-nueva-interfaz-google-llegara-todos-los-usuarios\/#primaryimage","url":"http:\/\/wwwhatsnew.com\/wp-content\/uploads\/2016\/08\/Google-1.jpg","contentUrl":"http:\/\/wwwhatsnew.com\/wp-content\/uploads\/2016\/08\/Google-1.jpg"},{"@type":"WebPage","@id":"https:\/\/www.abrima.com\/blog\/la-nueva-interfaz-google-llegara-todos-los-usuarios\/#webpage","url":"https:\/\/www.abrima.com\/blog\/la-nueva-interfaz-google-llegara-todos-los-usuarios\/","name":"La nueva interfaz de Google+ llegar\u00e1 a todos los usuarios - Blog de Tecnolog\u00eda - Abrima","isPartOf":{"@id":"https:\/\/www.abrima.com\/blog\/#website"},"primaryImageOfPage":{"@id":"https:\/\/www.abrima.com\/blog\/la-nueva-interfaz-google-llegara-todos-los-usuarios\/#primaryimage"},"datePublished":"2016-08-31T02:26:34+00:00","dateModified":"2016-08-31T02:26:34+00:00","breadcrumb":{"@id":"https:\/\/www.abrima.com\/blog\/la-nueva-interfaz-google-llegara-todos-los-usuarios\/#breadcrumb"},"inLanguage":"es","potentialAction":[{"@type":"ReadAction","target":["https:\/\/www.abrima.com\/blog\/la-nueva-interfaz-google-llegara-todos-los-usuarios\/"]}]},{"@type":"BreadcrumbList","@id":"https:\/\/www.abrima.com\/blog\/la-nueva-interfaz-google-llegara-todos-los-usuarios\/#breadcrumb","itemListElement":[{"@type":"ListItem","position":1,"name":"Portada","item":"https:\/\/www.abrima.com\/blog\/"},{"@type":"ListItem","position":2,"name":"La nueva interfaz de Google+ llegar\u00e1 a todos los usuarios"}]},{"@type":"Article","@id":"https:\/\/www.abrima.com\/blog\/la-nueva-interfaz-google-llegara-todos-los-usuarios\/#article","isPartOf":{"@id":"https:\/\/www.abrima.com\/blog\/la-nueva-interfaz-google-llegara-todos-los-usuarios\/#webpage"},"author":{"@id":"https:\/\/www.abrima.com\/blog\/#\/schema\/person\/b768d5411164cb8b8d58f72cdf4e11e8"},"headline":"La nueva interfaz de Google+ llegar\u00e1 a todos los usuarios","datePublished":"2016-08-31T02:26:34+00:00","dateModified":"2016-08-31T02:26:34+00:00","mainEntityOfPage":{"@id":"https:\/\/www.abrima.com\/blog\/la-nueva-interfaz-google-llegara-todos-los-usuarios\/#webpage"},"wordCount":275,"commentCount":0,"publisher":{"@id":"https:\/\/www.abrima.com\/blog\/#organization"},"image":{"@id":"https:\/\/www.abrima.com\/blog\/la-nueva-interfaz-google-llegara-todos-los-usuarios\/#primaryimage"},"thumbnailUrl":"http:\/\/wwwhatsnew.com\/wp-content\/uploads\/2016\/08\/Google-1.jpg","articleSection":["Google"],"inLanguage":"es","potentialAction":[{"@type":"CommentAction","name":"Comment","target":["https:\/\/www.abrima.com\/blog\/la-nueva-interfaz-google-llegara-todos-los-usuarios\/#respond"]}]},{"@type":"Person","@id":"https:\/\/www.abrima.com\/blog\/#\/schema\/person\/b768d5411164cb8b8d58f72cdf4e11e8","name":"Abrima","image":{"@type":"ImageObject","inLanguage":"es","@id":"https:\/\/www.abrima.com\/blog\/#\/schema\/person\/image\/","url":"https:\/\/secure.gravatar.com\/avatar\/5cc72c9c6b371583c943a070dff20409?s=96&d=mm&r=g","contentUrl":"https:\/\/secure.gravatar.com\/avatar\/5cc72c9c6b371583c943a070dff20409?s=96&d=mm&r=g","caption":"Abrima"},"url":"https:\/\/www.abrima.com\/blog\/author\/abrima\/"}]}},"amp_enabled":true,"_links":{"self":[{"href":"https:\/\/www.abrima.com\/blog\/wp-json\/wp\/v2\/posts\/4612"}],"collection":[{"href":"https:\/\/www.abrima.com\/blog\/wp-json\/wp\/v2\/posts"}],"about":[{"href":"https:\/\/www.abrima.com\/blog\/wp-json\/wp\/v2\/types\/post"}],"author":[{"embeddable":true,"href":"https:\/\/www.abrima.com\/blog\/wp-json\/wp\/v2\/users\/1"}],"replies":[{"embeddable":true,"href":"https:\/\/www.abrima.com\/blog\/wp-json\/wp\/v2\/comments?post=4612"}],"version-history":[{"count":1,"href":"https:\/\/www.abrima.com\/blog\/wp-json\/wp\/v2\/posts\/4612\/revisions"}],"predecessor-version":[{"id":4613,"href":"https:\/\/www.abrima.com\/blog\/wp-json\/wp\/v2\/posts\/4612\/revisions\/4613"}],"wp:attachment":[{"href":"https:\/\/www.abrima.com\/blog\/wp-json\/wp\/v2\/media?parent=4612"}],"wp:term":[{"taxonomy":"category","embeddable":true,"href":"https:\/\/www.abrima.com\/blog\/wp-json\/wp\/v2\/categories?post=4612"},{"taxonomy":"post_tag","embeddable":true,"href":"https:\/\/www.abrima.com\/blog\/wp-json\/wp\/v2\/tags?post=4612"}],"curies":[{"name":"wp","href":"https:\/\/api.w.org\/{rel}","templated":true}]}}