{"id":4608,"date":"2016-08-31T02:23:56","date_gmt":"2016-08-31T02:23:56","guid":{"rendered":"http:\/\/www.abrima.com\/blog\/?p=4608"},"modified":"2016-08-31T02:23:56","modified_gmt":"2016-08-31T02:23:56","slug":"negocios-lidiar-las-criticas-negativas-internet-infografia","status":"publish","type":"post","link":"https:\/\/www.abrima.com\/blog\/negocios-lidiar-las-criticas-negativas-internet-infografia\/","title":{"rendered":"Para negocios: C\u00f3mo lidiar con las cr\u00edticas negativas en Internet [Infograf\u00eda]"},"content":{"rendered":"<p><img loading=\"lazy\" class=\"aligncenter size-full wp-image-269702\" src=\"http:\/\/wwwhatsnew.com\/wp-content\/uploads\/2016\/08\/criticas-negativas-internet.jpg\" alt=\"criticas negativas internet\" width=\"670\" height=\"398\" \/><\/p>\n<p>No todo es color de rosa en la red, en particular, en lo que a rese\u00f1as se refiere, y el saber manejar objetiva e inteligentemente las cr\u00edticas, en especial, las negativas, puede definir si se mantiene el buen camino para el negocio o si por el contrario se acaba con\u00a0su\u00a0reputaci\u00f3n online en instantes.<\/p>\n<p>De nuevo, <a href=\"http:\/\/www.whoishostingthis.com\/blog\/2016\/08\/15\/negative-reviews\/\" rel=\"nofollow\">WhoIsHostingThis<\/a> nos deleita con una valiosa infograf\u00eda, esta vez, se\u00f1alando casos, estad\u00edsticas y consejos para convertir las rese\u00f1as negativas en oportunidades, y a los cr\u00edticos, hasta en nuevos seguidores de la marca.\u00a0Se\u00a0parte hablando de c\u00f3mo las rese\u00f1as manejan las decisiones de compra de la mayor\u00eda de usuarios y los errores comunes\u00a0cometidos al pretender que se controlan f\u00e1cilmente.<span id=\"more-269701\"><\/span><\/p>\n<p>Lo siguiente son casos de negocios, en particular, hoteles y restaurantes, que han querido pasar por encima de los clientes cobr\u00e1ndoles hasta multas por rese\u00f1as negativas en l\u00ednea y respondiendo a las reclamaciones de forma grosera.<\/p>\n<p>Eso s\u00ed, la contraparte est\u00e1 en quienes innovan al atenderlas, ejemplo de un restaurante mexicano y sus empleados en el \u00e1rea\u00a0de marketing\u00a0quienes tomaron el tweet de un cliente que se quejaba del volumen de la m\u00fasica en uno de sus locales, contactaron con el local, pidieron que la bajaran y le regalaron hasta una galleta al cliente por las molestias pues todo se hizo mientras dicho comensal a\u00fan estaba en la mesa. El cliente, por supuesto, no dudo en publicar\u00a0la pronta soluci\u00f3n recibida.<\/p>\n<p>El resto tiene que ver con consejos espec\u00edficos, hasta en el uso de herramientas online, para gestionar de forma positiva las reviews negativas. En fin, aqu\u00ed est\u00e1 la infograf\u00eda:<\/p>\n<p><img loading=\"lazy\" class=\"aligncenter size-full wp-image-269757\" src=\"http:\/\/wwwhatsnew.com\/wp-content\/uploads\/2016\/08\/rese%C3%B1as-negativas-reviews-criticas1.png\" alt=\"rese\u00f1as-negativas-reviews-criticas\" width=\"800\" height=\"10522\" \/><\/p>\n<footer class=\"entry-meta clearfix\">\n<div class=\"share-story-container\">\n<h4 class=\"muted pull-left\">Fuente: <a href=\"http:\/\/www.ticbeat.com\/tecnologias\/7-estrategias-convertir-interacciones-sociales-ventas\/\">WWWhatsNew<\/a><\/h4>\n<\/div>\n<\/footer>\n","protected":false},"excerpt":{"rendered":"<p>No todo es color de rosa en la red, en particular, en lo que a rese\u00f1as se refiere, y el saber manejar objetiva e inteligentemente [&hellip;]<\/p>\n","protected":false},"author":1,"featured_media":0,"comment_status":"open","ping_status":"open","sticky":false,"template":"","format":"standard","meta":{"_monsterinsights_skip_tracking":false,"_monsterinsights_sitenote_active":false,"_monsterinsights_sitenote_note":"","_monsterinsights_sitenote_category":0},"categories":[14],"tags":[],"yoast_head":"<!-- This site is optimized with the Yoast SEO plugin v19.1 - https:\/\/yoast.com\/wordpress\/plugins\/seo\/ -->\n<title>Para negocios: C\u00f3mo lidiar con las cr\u00edticas negativas en Internet [Infograf\u00eda] - Blog de Tecnolog\u00eda - Abrima<\/title>\n<meta name=\"robots\" content=\"index, follow, max-snippet:-1, max-image-preview:large, max-video-preview:-1\" \/>\n<link rel=\"canonical\" href=\"https:\/\/www.abrima.com\/blog\/negocios-lidiar-las-criticas-negativas-internet-infografia\/\" \/>\n<meta property=\"og:locale\" content=\"es_ES\" \/>\n<meta property=\"og:type\" content=\"article\" \/>\n<meta property=\"og:title\" content=\"Para negocios: C\u00f3mo lidiar con las cr\u00edticas negativas en Internet [Infograf\u00eda] - Blog de Tecnolog\u00eda - Abrima\" \/>\n<meta property=\"og:description\" content=\"No todo es color de rosa en la red, en particular, en lo que a rese\u00f1as se refiere, y el saber manejar objetiva e inteligentemente [&hellip;]\" \/>\n<meta property=\"og:url\" content=\"https:\/\/www.abrima.com\/blog\/negocios-lidiar-las-criticas-negativas-internet-infografia\/\" \/>\n<meta property=\"og:site_name\" content=\"Blog de Tecnolog\u00eda - Abrima\" \/>\n<meta property=\"article:publisher\" content=\"https:\/\/www.facebook.com\/abrimawebs\/\" \/>\n<meta property=\"article:published_time\" content=\"2016-08-31T02:23:56+00:00\" \/>\n<meta property=\"og:image\" content=\"http:\/\/wwwhatsnew.com\/wp-content\/uploads\/2016\/08\/criticas-negativas-internet.jpg\" \/>\n<meta name=\"twitter:label1\" content=\"Escrito por\" \/>\n\t<meta name=\"twitter:data1\" content=\"Abrima\" \/>\n\t<meta name=\"twitter:label2\" content=\"Tiempo de lectura\" \/>\n\t<meta name=\"twitter:data2\" content=\"1 minuto\" \/>\n<script type=\"application\/ld+json\" class=\"yoast-schema-graph\">{\"@context\":\"https:\/\/schema.org\",\"@graph\":[{\"@type\":\"Organization\",\"@id\":\"https:\/\/www.abrima.com\/blog\/#organization\",\"name\":\"Abrima\",\"url\":\"https:\/\/www.abrima.com\/blog\/\",\"sameAs\":[\"https:\/\/www.linkedin.com\/company\/abrima-soluciones-web\/\",\"https:\/\/www.youtube.com\/user\/abrimawebs\",\"https:\/\/www.facebook.com\/abrimawebs\/\",\"https:\/\/twitter.com\/abrimaweb\"],\"logo\":{\"@type\":\"ImageObject\",\"inLanguage\":\"es\",\"@id\":\"https:\/\/www.abrima.com\/blog\/#\/schema\/logo\/image\/\",\"url\":\"https:\/\/www.abrima.com\/blog\/wp-content\/uploads\/2018\/03\/abrima-logo.png\",\"contentUrl\":\"https:\/\/www.abrima.com\/blog\/wp-content\/uploads\/2018\/03\/abrima-logo.png\",\"width\":700,\"height\":700,\"caption\":\"Abrima\"},\"image\":{\"@id\":\"https:\/\/www.abrima.com\/blog\/#\/schema\/logo\/image\/\"}},{\"@type\":\"WebSite\",\"@id\":\"https:\/\/www.abrima.com\/blog\/#website\",\"url\":\"https:\/\/www.abrima.com\/blog\/\",\"name\":\"Blog de Tecnolog\u00eda - Abrima\",\"description\":\"Blog sobre todo lo relacionado con Cloud, Marketing Digital y Web\",\"publisher\":{\"@id\":\"https:\/\/www.abrima.com\/blog\/#organization\"},\"potentialAction\":[{\"@type\":\"SearchAction\",\"target\":{\"@type\":\"EntryPoint\",\"urlTemplate\":\"https:\/\/www.abrima.com\/blog\/?s={search_term_string}\"},\"query-input\":\"required name=search_term_string\"}],\"inLanguage\":\"es\"},{\"@type\":\"ImageObject\",\"inLanguage\":\"es\",\"@id\":\"https:\/\/www.abrima.com\/blog\/negocios-lidiar-las-criticas-negativas-internet-infografia\/#primaryimage\",\"url\":\"http:\/\/wwwhatsnew.com\/wp-content\/uploads\/2016\/08\/criticas-negativas-internet.jpg\",\"contentUrl\":\"http:\/\/wwwhatsnew.com\/wp-content\/uploads\/2016\/08\/criticas-negativas-internet.jpg\"},{\"@type\":\"WebPage\",\"@id\":\"https:\/\/www.abrima.com\/blog\/negocios-lidiar-las-criticas-negativas-internet-infografia\/#webpage\",\"url\":\"https:\/\/www.abrima.com\/blog\/negocios-lidiar-las-criticas-negativas-internet-infografia\/\",\"name\":\"Para negocios: C\u00f3mo lidiar con las cr\u00edticas negativas en Internet [Infograf\u00eda] - Blog de Tecnolog\u00eda - Abrima\",\"isPartOf\":{\"@id\":\"https:\/\/www.abrima.com\/blog\/#website\"},\"primaryImageOfPage\":{\"@id\":\"https:\/\/www.abrima.com\/blog\/negocios-lidiar-las-criticas-negativas-internet-infografia\/#primaryimage\"},\"datePublished\":\"2016-08-31T02:23:56+00:00\",\"dateModified\":\"2016-08-31T02:23:56+00:00\",\"breadcrumb\":{\"@id\":\"https:\/\/www.abrima.com\/blog\/negocios-lidiar-las-criticas-negativas-internet-infografia\/#breadcrumb\"},\"inLanguage\":\"es\",\"potentialAction\":[{\"@type\":\"ReadAction\",\"target\":[\"https:\/\/www.abrima.com\/blog\/negocios-lidiar-las-criticas-negativas-internet-infografia\/\"]}]},{\"@type\":\"BreadcrumbList\",\"@id\":\"https:\/\/www.abrima.com\/blog\/negocios-lidiar-las-criticas-negativas-internet-infografia\/#breadcrumb\",\"itemListElement\":[{\"@type\":\"ListItem\",\"position\":1,\"name\":\"Portada\",\"item\":\"https:\/\/www.abrima.com\/blog\/\"},{\"@type\":\"ListItem\",\"position\":2,\"name\":\"Para negocios: C\u00f3mo lidiar con las cr\u00edticas negativas en Internet [Infograf\u00eda]\"}]},{\"@type\":\"Article\",\"@id\":\"https:\/\/www.abrima.com\/blog\/negocios-lidiar-las-criticas-negativas-internet-infografia\/#article\",\"isPartOf\":{\"@id\":\"https:\/\/www.abrima.com\/blog\/negocios-lidiar-las-criticas-negativas-internet-infografia\/#webpage\"},\"author\":{\"@id\":\"https:\/\/www.abrima.com\/blog\/#\/schema\/person\/b768d5411164cb8b8d58f72cdf4e11e8\"},\"headline\":\"Para negocios: C\u00f3mo lidiar con las cr\u00edticas negativas en Internet [Infograf\u00eda]\",\"datePublished\":\"2016-08-31T02:23:56+00:00\",\"dateModified\":\"2016-08-31T02:23:56+00:00\",\"mainEntityOfPage\":{\"@id\":\"https:\/\/www.abrima.com\/blog\/negocios-lidiar-las-criticas-negativas-internet-infografia\/#webpage\"},\"wordCount\":304,\"commentCount\":0,\"publisher\":{\"@id\":\"https:\/\/www.abrima.com\/blog\/#organization\"},\"image\":{\"@id\":\"https:\/\/www.abrima.com\/blog\/negocios-lidiar-las-criticas-negativas-internet-infografia\/#primaryimage\"},\"thumbnailUrl\":\"http:\/\/wwwhatsnew.com\/wp-content\/uploads\/2016\/08\/criticas-negativas-internet.jpg\",\"articleSection\":[\"Internet\"],\"inLanguage\":\"es\",\"potentialAction\":[{\"@type\":\"CommentAction\",\"name\":\"Comment\",\"target\":[\"https:\/\/www.abrima.com\/blog\/negocios-lidiar-las-criticas-negativas-internet-infografia\/#respond\"]}]},{\"@type\":\"Person\",\"@id\":\"https:\/\/www.abrima.com\/blog\/#\/schema\/person\/b768d5411164cb8b8d58f72cdf4e11e8\",\"name\":\"Abrima\",\"image\":{\"@type\":\"ImageObject\",\"inLanguage\":\"es\",\"@id\":\"https:\/\/www.abrima.com\/blog\/#\/schema\/person\/image\/\",\"url\":\"https:\/\/secure.gravatar.com\/avatar\/5cc72c9c6b371583c943a070dff20409?s=96&d=mm&r=g\",\"contentUrl\":\"https:\/\/secure.gravatar.com\/avatar\/5cc72c9c6b371583c943a070dff20409?s=96&d=mm&r=g\",\"caption\":\"Abrima\"},\"url\":\"https:\/\/www.abrima.com\/blog\/author\/abrima\/\"}]}<\/script>\n<!-- \/ Yoast SEO plugin. -->","yoast_head_json":{"title":"Para negocios: C\u00f3mo lidiar con las cr\u00edticas negativas en Internet [Infograf\u00eda] - Blog de Tecnolog\u00eda - Abrima","robots":{"index":"index","follow":"follow","max-snippet":"max-snippet:-1","max-image-preview":"max-image-preview:large","max-video-preview":"max-video-preview:-1"},"canonical":"https:\/\/www.abrima.com\/blog\/negocios-lidiar-las-criticas-negativas-internet-infografia\/","og_locale":"es_ES","og_type":"article","og_title":"Para negocios: C\u00f3mo lidiar con las cr\u00edticas negativas en Internet [Infograf\u00eda] - Blog de Tecnolog\u00eda - Abrima","og_description":"No todo es color de rosa en la red, en particular, en lo que a rese\u00f1as se refiere, y el saber manejar objetiva e inteligentemente [&hellip;]","og_url":"https:\/\/www.abrima.com\/blog\/negocios-lidiar-las-criticas-negativas-internet-infografia\/","og_site_name":"Blog de Tecnolog\u00eda - Abrima","article_publisher":"https:\/\/www.facebook.com\/abrimawebs\/","article_published_time":"2016-08-31T02:23:56+00:00","og_image":[{"url":"http:\/\/wwwhatsnew.com\/wp-content\/uploads\/2016\/08\/criticas-negativas-internet.jpg"}],"twitter_misc":{"Escrito por":"Abrima","Tiempo de lectura":"1 minuto"},"schema":{"@context":"https:\/\/schema.org","@graph":[{"@type":"Organization","@id":"https:\/\/www.abrima.com\/blog\/#organization","name":"Abrima","url":"https:\/\/www.abrima.com\/blog\/","sameAs":["https:\/\/www.linkedin.com\/company\/abrima-soluciones-web\/","https:\/\/www.youtube.com\/user\/abrimawebs","https:\/\/www.facebook.com\/abrimawebs\/","https:\/\/twitter.com\/abrimaweb"],"logo":{"@type":"ImageObject","inLanguage":"es","@id":"https:\/\/www.abrima.com\/blog\/#\/schema\/logo\/image\/","url":"https:\/\/www.abrima.com\/blog\/wp-content\/uploads\/2018\/03\/abrima-logo.png","contentUrl":"https:\/\/www.abrima.com\/blog\/wp-content\/uploads\/2018\/03\/abrima-logo.png","width":700,"height":700,"caption":"Abrima"},"image":{"@id":"https:\/\/www.abrima.com\/blog\/#\/schema\/logo\/image\/"}},{"@type":"WebSite","@id":"https:\/\/www.abrima.com\/blog\/#website","url":"https:\/\/www.abrima.com\/blog\/","name":"Blog de Tecnolog\u00eda - Abrima","description":"Blog sobre todo lo relacionado con Cloud, Marketing Digital y Web","publisher":{"@id":"https:\/\/www.abrima.com\/blog\/#organization"},"potentialAction":[{"@type":"SearchAction","target":{"@type":"EntryPoint","urlTemplate":"https:\/\/www.abrima.com\/blog\/?s={search_term_string}"},"query-input":"required name=search_term_string"}],"inLanguage":"es"},{"@type":"ImageObject","inLanguage":"es","@id":"https:\/\/www.abrima.com\/blog\/negocios-lidiar-las-criticas-negativas-internet-infografia\/#primaryimage","url":"http:\/\/wwwhatsnew.com\/wp-content\/uploads\/2016\/08\/criticas-negativas-internet.jpg","contentUrl":"http:\/\/wwwhatsnew.com\/wp-content\/uploads\/2016\/08\/criticas-negativas-internet.jpg"},{"@type":"WebPage","@id":"https:\/\/www.abrima.com\/blog\/negocios-lidiar-las-criticas-negativas-internet-infografia\/#webpage","url":"https:\/\/www.abrima.com\/blog\/negocios-lidiar-las-criticas-negativas-internet-infografia\/","name":"Para negocios: C\u00f3mo lidiar con las cr\u00edticas negativas en Internet [Infograf\u00eda] - Blog de Tecnolog\u00eda - Abrima","isPartOf":{"@id":"https:\/\/www.abrima.com\/blog\/#website"},"primaryImageOfPage":{"@id":"https:\/\/www.abrima.com\/blog\/negocios-lidiar-las-criticas-negativas-internet-infografia\/#primaryimage"},"datePublished":"2016-08-31T02:23:56+00:00","dateModified":"2016-08-31T02:23:56+00:00","breadcrumb":{"@id":"https:\/\/www.abrima.com\/blog\/negocios-lidiar-las-criticas-negativas-internet-infografia\/#breadcrumb"},"inLanguage":"es","potentialAction":[{"@type":"ReadAction","target":["https:\/\/www.abrima.com\/blog\/negocios-lidiar-las-criticas-negativas-internet-infografia\/"]}]},{"@type":"BreadcrumbList","@id":"https:\/\/www.abrima.com\/blog\/negocios-lidiar-las-criticas-negativas-internet-infografia\/#breadcrumb","itemListElement":[{"@type":"ListItem","position":1,"name":"Portada","item":"https:\/\/www.abrima.com\/blog\/"},{"@type":"ListItem","position":2,"name":"Para negocios: C\u00f3mo lidiar con las cr\u00edticas negativas en Internet [Infograf\u00eda]"}]},{"@type":"Article","@id":"https:\/\/www.abrima.com\/blog\/negocios-lidiar-las-criticas-negativas-internet-infografia\/#article","isPartOf":{"@id":"https:\/\/www.abrima.com\/blog\/negocios-lidiar-las-criticas-negativas-internet-infografia\/#webpage"},"author":{"@id":"https:\/\/www.abrima.com\/blog\/#\/schema\/person\/b768d5411164cb8b8d58f72cdf4e11e8"},"headline":"Para negocios: C\u00f3mo lidiar con las cr\u00edticas negativas en Internet [Infograf\u00eda]","datePublished":"2016-08-31T02:23:56+00:00","dateModified":"2016-08-31T02:23:56+00:00","mainEntityOfPage":{"@id":"https:\/\/www.abrima.com\/blog\/negocios-lidiar-las-criticas-negativas-internet-infografia\/#webpage"},"wordCount":304,"commentCount":0,"publisher":{"@id":"https:\/\/www.abrima.com\/blog\/#organization"},"image":{"@id":"https:\/\/www.abrima.com\/blog\/negocios-lidiar-las-criticas-negativas-internet-infografia\/#primaryimage"},"thumbnailUrl":"http:\/\/wwwhatsnew.com\/wp-content\/uploads\/2016\/08\/criticas-negativas-internet.jpg","articleSection":["Internet"],"inLanguage":"es","potentialAction":[{"@type":"CommentAction","name":"Comment","target":["https:\/\/www.abrima.com\/blog\/negocios-lidiar-las-criticas-negativas-internet-infografia\/#respond"]}]},{"@type":"Person","@id":"https:\/\/www.abrima.com\/blog\/#\/schema\/person\/b768d5411164cb8b8d58f72cdf4e11e8","name":"Abrima","image":{"@type":"ImageObject","inLanguage":"es","@id":"https:\/\/www.abrima.com\/blog\/#\/schema\/person\/image\/","url":"https:\/\/secure.gravatar.com\/avatar\/5cc72c9c6b371583c943a070dff20409?s=96&d=mm&r=g","contentUrl":"https:\/\/secure.gravatar.com\/avatar\/5cc72c9c6b371583c943a070dff20409?s=96&d=mm&r=g","caption":"Abrima"},"url":"https:\/\/www.abrima.com\/blog\/author\/abrima\/"}]}},"amp_enabled":true,"_links":{"self":[{"href":"https:\/\/www.abrima.com\/blog\/wp-json\/wp\/v2\/posts\/4608"}],"collection":[{"href":"https:\/\/www.abrima.com\/blog\/wp-json\/wp\/v2\/posts"}],"about":[{"href":"https:\/\/www.abrima.com\/blog\/wp-json\/wp\/v2\/types\/post"}],"author":[{"embeddable":true,"href":"https:\/\/www.abrima.com\/blog\/wp-json\/wp\/v2\/users\/1"}],"replies":[{"embeddable":true,"href":"https:\/\/www.abrima.com\/blog\/wp-json\/wp\/v2\/comments?post=4608"}],"version-history":[{"count":1,"href":"https:\/\/www.abrima.com\/blog\/wp-json\/wp\/v2\/posts\/4608\/revisions"}],"predecessor-version":[{"id":4609,"href":"https:\/\/www.abrima.com\/blog\/wp-json\/wp\/v2\/posts\/4608\/revisions\/4609"}],"wp:attachment":[{"href":"https:\/\/www.abrima.com\/blog\/wp-json\/wp\/v2\/media?parent=4608"}],"wp:term":[{"taxonomy":"category","embeddable":true,"href":"https:\/\/www.abrima.com\/blog\/wp-json\/wp\/v2\/categories?post=4608"},{"taxonomy":"post_tag","embeddable":true,"href":"https:\/\/www.abrima.com\/blog\/wp-json\/wp\/v2\/tags?post=4608"}],"curies":[{"name":"wp","href":"https:\/\/api.w.org\/{rel}","templated":true}]}}