{"id":438,"date":"2013-10-28T23:04:31","date_gmt":"2013-10-28T23:04:31","guid":{"rendered":"http:\/\/www.abrima.com\/blog\/?p=438"},"modified":"2013-10-28T23:04:31","modified_gmt":"2013-10-28T23:04:31","slug":"el-38-de-los-ninos-menores-de-2-anos-ha-usado-alguna-vez-un-movil","status":"publish","type":"post","link":"https:\/\/www.abrima.com\/blog\/el-38-de-los-ninos-menores-de-2-anos-ha-usado-alguna-vez-un-movil\/","title":{"rendered":"El 38% de los ni\u00f1os menores de 2 a\u00f1os ha usado alguna vez un m\u00f3vil"},"content":{"rendered":"<p><a href=\"http:\/\/www.trecebits.com\/wp-content\/uploads\/2013\/10\/ni%C3%B1o_bebe_movil.jpg\"><img loading=\"lazy\" alt=\"ni\u00f1o_bebe_movil\" src=\"http:\/\/www.trecebits.com\/wp-content\/uploads\/2013\/10\/ni%C3%B1o_bebe_movil-595x396.jpg\" width=\"595\" height=\"396\" \/><\/a><\/p>\n<p>Nativos digitales. El concepto adquiere cada vez mayor sentido. Seg\u00fan un estudio realizado por la organizaci\u00f3n\u00a0<a href=\"http:\/\/www.commonsensemedia.org\/\" target=\"_blank\">Common Sense Media<\/a>, el 38% de los ni\u00f1os con menos de dos a\u00f1os han usado un m\u00f3vil o una tableta para jugar o para ver v\u00eddeos.<\/p>\n<p><strong>El porcentaje es muy alto, sobre todo compar\u00e1ndolo con el de hace dos a\u00f1os<\/strong>. En 2011, el 10% de los menores de 2 a\u00f1os hab\u00edan usado alg\u00fan dispositivo\u00a0 m\u00f3vil conectado a Internet.<\/p>\n<blockquote><p>El 72% de los menores de 8 a\u00f1os ha usado un m\u00f3vil o una tableta<\/p><\/blockquote>\n<p>Aun es mayor el porcentaje de ni\u00f1os menores de 2 a\u00f1os que han usado otros equipos. Por ejemplo, el 66% ha utilizado la televisi\u00f3n (el porcentaje se mantiene estable entre el dato de 2011 y el de 2013).<\/p>\n<p>El informe tambi\u00e9n se\u00f1ala que el uso de ordenadores entre los beb\u00e9s creci\u00f3 del 4% al 10% en estos dos a\u00f1os, mientras que ha bajado del 52% al 46% el n\u00famero de peque\u00f1os que vio contenidos en un DVD antes de cumplir los dos a\u00f1os.<\/p>\n<p>El estudio tambi\u00e9n se\u00f1ala que el 72% de los ni\u00f1os que tienen menos de 8 a\u00f1os han usado un m\u00f3vil o una tableta en alg\u00fan momento de su vida.<\/p>\n<p>El reto ahora es conseguir que ese tiempo que los ni\u00f1os pasan frente a las pantallas en movilidad s<strong>irva tanto para el ocio como para el aprendizaje<\/strong>.<\/p>\n<p>FUENTE:<a href=\"http:\/\/www.trecebits.com\/2013\/10\/28\/el-38-de-los-ninos-menores-de-2-anos-ha-usado-alguna-vez-un-movil\/\"> trecebits.com<\/a><\/p>\n","protected":false},"excerpt":{"rendered":"<p>Nativos digitales. El concepto adquiere cada vez mayor sentido. Seg\u00fan un estudio realizado por la organizaci\u00f3n\u00a0Common Sense Media, el 38% de los ni\u00f1os con menos [&hellip;]<\/p>\n","protected":false},"author":2,"featured_media":0,"comment_status":"open","ping_status":"open","sticky":false,"template":"","format":"standard","meta":{"_monsterinsights_skip_tracking":false,"_monsterinsights_sitenote_active":false,"_monsterinsights_sitenote_note":"","_monsterinsights_sitenote_category":0},"categories":[],"tags":[],"yoast_head":"<!-- This site is optimized with the Yoast SEO plugin v19.1 - https:\/\/yoast.com\/wordpress\/plugins\/seo\/ -->\n<title>El 38% de los ni\u00f1os menores de 2 a\u00f1os ha usado alguna vez un m\u00f3vil - Blog de Tecnolog\u00eda - Abrima<\/title>\n<meta name=\"robots\" content=\"index, follow, max-snippet:-1, max-image-preview:large, max-video-preview:-1\" \/>\n<link rel=\"canonical\" href=\"https:\/\/www.abrima.com\/blog\/el-38-de-los-ninos-menores-de-2-anos-ha-usado-alguna-vez-un-movil\/\" \/>\n<meta property=\"og:locale\" content=\"es_ES\" \/>\n<meta property=\"og:type\" content=\"article\" \/>\n<meta property=\"og:title\" content=\"El 38% de los ni\u00f1os menores de 2 a\u00f1os ha usado alguna vez un m\u00f3vil - Blog de Tecnolog\u00eda - Abrima\" \/>\n<meta property=\"og:description\" content=\"Nativos digitales. El concepto adquiere cada vez mayor sentido. Seg\u00fan un estudio realizado por la organizaci\u00f3n\u00a0Common Sense Media, el 38% de los ni\u00f1os con menos [&hellip;]\" \/>\n<meta property=\"og:url\" content=\"https:\/\/www.abrima.com\/blog\/el-38-de-los-ninos-menores-de-2-anos-ha-usado-alguna-vez-un-movil\/\" \/>\n<meta property=\"og:site_name\" content=\"Blog de Tecnolog\u00eda - Abrima\" \/>\n<meta property=\"article:publisher\" content=\"https:\/\/www.facebook.com\/abrimawebs\/\" \/>\n<meta property=\"article:published_time\" content=\"2013-10-28T23:04:31+00:00\" \/>\n<meta property=\"og:image\" content=\"http:\/\/www.trecebits.com\/wp-content\/uploads\/2013\/10\/ni%C3%B1o_bebe_movil-595x396.jpg\" \/>\n<meta name=\"twitter:label1\" content=\"Escrito por\" \/>\n\t<meta name=\"twitter:data1\" content=\"Ana Lucia Marrou\" \/>\n\t<meta name=\"twitter:label2\" content=\"Tiempo de lectura\" \/>\n\t<meta name=\"twitter:data2\" content=\"1 minuto\" \/>\n<script type=\"application\/ld+json\" class=\"yoast-schema-graph\">{\"@context\":\"https:\/\/schema.org\",\"@graph\":[{\"@type\":\"Organization\",\"@id\":\"https:\/\/www.abrima.com\/blog\/#organization\",\"name\":\"Abrima\",\"url\":\"https:\/\/www.abrima.com\/blog\/\",\"sameAs\":[\"https:\/\/www.linkedin.com\/company\/abrima-soluciones-web\/\",\"https:\/\/www.youtube.com\/user\/abrimawebs\",\"https:\/\/www.facebook.com\/abrimawebs\/\",\"https:\/\/twitter.com\/abrimaweb\"],\"logo\":{\"@type\":\"ImageObject\",\"inLanguage\":\"es\",\"@id\":\"https:\/\/www.abrima.com\/blog\/#\/schema\/logo\/image\/\",\"url\":\"https:\/\/www.abrima.com\/blog\/wp-content\/uploads\/2018\/03\/abrima-logo.png\",\"contentUrl\":\"https:\/\/www.abrima.com\/blog\/wp-content\/uploads\/2018\/03\/abrima-logo.png\",\"width\":700,\"height\":700,\"caption\":\"Abrima\"},\"image\":{\"@id\":\"https:\/\/www.abrima.com\/blog\/#\/schema\/logo\/image\/\"}},{\"@type\":\"WebSite\",\"@id\":\"https:\/\/www.abrima.com\/blog\/#website\",\"url\":\"https:\/\/www.abrima.com\/blog\/\",\"name\":\"Blog de Tecnolog\u00eda - Abrima\",\"description\":\"Blog sobre todo lo relacionado con Cloud, Marketing Digital y Web\",\"publisher\":{\"@id\":\"https:\/\/www.abrima.com\/blog\/#organization\"},\"potentialAction\":[{\"@type\":\"SearchAction\",\"target\":{\"@type\":\"EntryPoint\",\"urlTemplate\":\"https:\/\/www.abrima.com\/blog\/?s={search_term_string}\"},\"query-input\":\"required name=search_term_string\"}],\"inLanguage\":\"es\"},{\"@type\":\"ImageObject\",\"inLanguage\":\"es\",\"@id\":\"https:\/\/www.abrima.com\/blog\/el-38-de-los-ninos-menores-de-2-anos-ha-usado-alguna-vez-un-movil\/#primaryimage\",\"url\":\"http:\/\/www.trecebits.com\/wp-content\/uploads\/2013\/10\/ni%C3%B1o_bebe_movil-595x396.jpg\",\"contentUrl\":\"http:\/\/www.trecebits.com\/wp-content\/uploads\/2013\/10\/ni%C3%B1o_bebe_movil-595x396.jpg\"},{\"@type\":\"WebPage\",\"@id\":\"https:\/\/www.abrima.com\/blog\/el-38-de-los-ninos-menores-de-2-anos-ha-usado-alguna-vez-un-movil\/#webpage\",\"url\":\"https:\/\/www.abrima.com\/blog\/el-38-de-los-ninos-menores-de-2-anos-ha-usado-alguna-vez-un-movil\/\",\"name\":\"El 38% de los ni\u00f1os menores de 2 a\u00f1os ha usado alguna vez un m\u00f3vil - Blog de Tecnolog\u00eda - Abrima\",\"isPartOf\":{\"@id\":\"https:\/\/www.abrima.com\/blog\/#website\"},\"primaryImageOfPage\":{\"@id\":\"https:\/\/www.abrima.com\/blog\/el-38-de-los-ninos-menores-de-2-anos-ha-usado-alguna-vez-un-movil\/#primaryimage\"},\"datePublished\":\"2013-10-28T23:04:31+00:00\",\"dateModified\":\"2013-10-28T23:04:31+00:00\",\"breadcrumb\":{\"@id\":\"https:\/\/www.abrima.com\/blog\/el-38-de-los-ninos-menores-de-2-anos-ha-usado-alguna-vez-un-movil\/#breadcrumb\"},\"inLanguage\":\"es\",\"potentialAction\":[{\"@type\":\"ReadAction\",\"target\":[\"https:\/\/www.abrima.com\/blog\/el-38-de-los-ninos-menores-de-2-anos-ha-usado-alguna-vez-un-movil\/\"]}]},{\"@type\":\"BreadcrumbList\",\"@id\":\"https:\/\/www.abrima.com\/blog\/el-38-de-los-ninos-menores-de-2-anos-ha-usado-alguna-vez-un-movil\/#breadcrumb\",\"itemListElement\":[{\"@type\":\"ListItem\",\"position\":1,\"name\":\"Portada\",\"item\":\"https:\/\/www.abrima.com\/blog\/\"},{\"@type\":\"ListItem\",\"position\":2,\"name\":\"El 38% de los ni\u00f1os menores de 2 a\u00f1os ha usado alguna vez un m\u00f3vil\"}]},{\"@type\":\"Article\",\"@id\":\"https:\/\/www.abrima.com\/blog\/el-38-de-los-ninos-menores-de-2-anos-ha-usado-alguna-vez-un-movil\/#article\",\"isPartOf\":{\"@id\":\"https:\/\/www.abrima.com\/blog\/el-38-de-los-ninos-menores-de-2-anos-ha-usado-alguna-vez-un-movil\/#webpage\"},\"author\":{\"@id\":\"https:\/\/www.abrima.com\/blog\/#\/schema\/person\/70ccd8d5617e3a3d6d5121086c3bb00f\"},\"headline\":\"El 38% de los ni\u00f1os menores de 2 a\u00f1os ha usado alguna vez un m\u00f3vil\",\"datePublished\":\"2013-10-28T23:04:31+00:00\",\"dateModified\":\"2013-10-28T23:04:31+00:00\",\"mainEntityOfPage\":{\"@id\":\"https:\/\/www.abrima.com\/blog\/el-38-de-los-ninos-menores-de-2-anos-ha-usado-alguna-vez-un-movil\/#webpage\"},\"wordCount\":262,\"commentCount\":0,\"publisher\":{\"@id\":\"https:\/\/www.abrima.com\/blog\/#organization\"},\"image\":{\"@id\":\"https:\/\/www.abrima.com\/blog\/el-38-de-los-ninos-menores-de-2-anos-ha-usado-alguna-vez-un-movil\/#primaryimage\"},\"thumbnailUrl\":\"http:\/\/www.trecebits.com\/wp-content\/uploads\/2013\/10\/ni%C3%B1o_bebe_movil-595x396.jpg\",\"inLanguage\":\"es\",\"potentialAction\":[{\"@type\":\"CommentAction\",\"name\":\"Comment\",\"target\":[\"https:\/\/www.abrima.com\/blog\/el-38-de-los-ninos-menores-de-2-anos-ha-usado-alguna-vez-un-movil\/#respond\"]}]},{\"@type\":\"Person\",\"@id\":\"https:\/\/www.abrima.com\/blog\/#\/schema\/person\/70ccd8d5617e3a3d6d5121086c3bb00f\",\"name\":\"Ana Lucia Marrou\",\"image\":{\"@type\":\"ImageObject\",\"inLanguage\":\"es\",\"@id\":\"https:\/\/www.abrima.com\/blog\/#\/schema\/person\/image\/\",\"url\":\"https:\/\/secure.gravatar.com\/avatar\/90bc8b721d14c58be266256fd3396265?s=96&d=mm&r=g\",\"contentUrl\":\"https:\/\/secure.gravatar.com\/avatar\/90bc8b721d14c58be266256fd3396265?s=96&d=mm&r=g\",\"caption\":\"Ana Lucia Marrou\"},\"url\":\"https:\/\/www.abrima.com\/blog\/author\/anilu\/\"}]}<\/script>\n<!-- \/ Yoast SEO plugin. -->","yoast_head_json":{"title":"El 38% de los ni\u00f1os menores de 2 a\u00f1os ha usado alguna vez un m\u00f3vil - Blog de Tecnolog\u00eda - Abrima","robots":{"index":"index","follow":"follow","max-snippet":"max-snippet:-1","max-image-preview":"max-image-preview:large","max-video-preview":"max-video-preview:-1"},"canonical":"https:\/\/www.abrima.com\/blog\/el-38-de-los-ninos-menores-de-2-anos-ha-usado-alguna-vez-un-movil\/","og_locale":"es_ES","og_type":"article","og_title":"El 38% de los ni\u00f1os menores de 2 a\u00f1os ha usado alguna vez un m\u00f3vil - Blog de Tecnolog\u00eda - Abrima","og_description":"Nativos digitales. El concepto adquiere cada vez mayor sentido. Seg\u00fan un estudio realizado por la organizaci\u00f3n\u00a0Common Sense Media, el 38% de los ni\u00f1os con menos [&hellip;]","og_url":"https:\/\/www.abrima.com\/blog\/el-38-de-los-ninos-menores-de-2-anos-ha-usado-alguna-vez-un-movil\/","og_site_name":"Blog de Tecnolog\u00eda - Abrima","article_publisher":"https:\/\/www.facebook.com\/abrimawebs\/","article_published_time":"2013-10-28T23:04:31+00:00","og_image":[{"url":"http:\/\/www.trecebits.com\/wp-content\/uploads\/2013\/10\/ni%C3%B1o_bebe_movil-595x396.jpg"}],"twitter_misc":{"Escrito por":"Ana Lucia Marrou","Tiempo de lectura":"1 minuto"},"schema":{"@context":"https:\/\/schema.org","@graph":[{"@type":"Organization","@id":"https:\/\/www.abrima.com\/blog\/#organization","name":"Abrima","url":"https:\/\/www.abrima.com\/blog\/","sameAs":["https:\/\/www.linkedin.com\/company\/abrima-soluciones-web\/","https:\/\/www.youtube.com\/user\/abrimawebs","https:\/\/www.facebook.com\/abrimawebs\/","https:\/\/twitter.com\/abrimaweb"],"logo":{"@type":"ImageObject","inLanguage":"es","@id":"https:\/\/www.abrima.com\/blog\/#\/schema\/logo\/image\/","url":"https:\/\/www.abrima.com\/blog\/wp-content\/uploads\/2018\/03\/abrima-logo.png","contentUrl":"https:\/\/www.abrima.com\/blog\/wp-content\/uploads\/2018\/03\/abrima-logo.png","width":700,"height":700,"caption":"Abrima"},"image":{"@id":"https:\/\/www.abrima.com\/blog\/#\/schema\/logo\/image\/"}},{"@type":"WebSite","@id":"https:\/\/www.abrima.com\/blog\/#website","url":"https:\/\/www.abrima.com\/blog\/","name":"Blog de Tecnolog\u00eda - Abrima","description":"Blog sobre todo lo relacionado con Cloud, Marketing Digital y Web","publisher":{"@id":"https:\/\/www.abrima.com\/blog\/#organization"},"potentialAction":[{"@type":"SearchAction","target":{"@type":"EntryPoint","urlTemplate":"https:\/\/www.abrima.com\/blog\/?s={search_term_string}"},"query-input":"required name=search_term_string"}],"inLanguage":"es"},{"@type":"ImageObject","inLanguage":"es","@id":"https:\/\/www.abrima.com\/blog\/el-38-de-los-ninos-menores-de-2-anos-ha-usado-alguna-vez-un-movil\/#primaryimage","url":"http:\/\/www.trecebits.com\/wp-content\/uploads\/2013\/10\/ni%C3%B1o_bebe_movil-595x396.jpg","contentUrl":"http:\/\/www.trecebits.com\/wp-content\/uploads\/2013\/10\/ni%C3%B1o_bebe_movil-595x396.jpg"},{"@type":"WebPage","@id":"https:\/\/www.abrima.com\/blog\/el-38-de-los-ninos-menores-de-2-anos-ha-usado-alguna-vez-un-movil\/#webpage","url":"https:\/\/www.abrima.com\/blog\/el-38-de-los-ninos-menores-de-2-anos-ha-usado-alguna-vez-un-movil\/","name":"El 38% de los ni\u00f1os menores de 2 a\u00f1os ha usado alguna vez un m\u00f3vil - Blog de Tecnolog\u00eda - Abrima","isPartOf":{"@id":"https:\/\/www.abrima.com\/blog\/#website"},"primaryImageOfPage":{"@id":"https:\/\/www.abrima.com\/blog\/el-38-de-los-ninos-menores-de-2-anos-ha-usado-alguna-vez-un-movil\/#primaryimage"},"datePublished":"2013-10-28T23:04:31+00:00","dateModified":"2013-10-28T23:04:31+00:00","breadcrumb":{"@id":"https:\/\/www.abrima.com\/blog\/el-38-de-los-ninos-menores-de-2-anos-ha-usado-alguna-vez-un-movil\/#breadcrumb"},"inLanguage":"es","potentialAction":[{"@type":"ReadAction","target":["https:\/\/www.abrima.com\/blog\/el-38-de-los-ninos-menores-de-2-anos-ha-usado-alguna-vez-un-movil\/"]}]},{"@type":"BreadcrumbList","@id":"https:\/\/www.abrima.com\/blog\/el-38-de-los-ninos-menores-de-2-anos-ha-usado-alguna-vez-un-movil\/#breadcrumb","itemListElement":[{"@type":"ListItem","position":1,"name":"Portada","item":"https:\/\/www.abrima.com\/blog\/"},{"@type":"ListItem","position":2,"name":"El 38% de los ni\u00f1os menores de 2 a\u00f1os ha usado alguna vez un m\u00f3vil"}]},{"@type":"Article","@id":"https:\/\/www.abrima.com\/blog\/el-38-de-los-ninos-menores-de-2-anos-ha-usado-alguna-vez-un-movil\/#article","isPartOf":{"@id":"https:\/\/www.abrima.com\/blog\/el-38-de-los-ninos-menores-de-2-anos-ha-usado-alguna-vez-un-movil\/#webpage"},"author":{"@id":"https:\/\/www.abrima.com\/blog\/#\/schema\/person\/70ccd8d5617e3a3d6d5121086c3bb00f"},"headline":"El 38% de los ni\u00f1os menores de 2 a\u00f1os ha usado alguna vez un m\u00f3vil","datePublished":"2013-10-28T23:04:31+00:00","dateModified":"2013-10-28T23:04:31+00:00","mainEntityOfPage":{"@id":"https:\/\/www.abrima.com\/blog\/el-38-de-los-ninos-menores-de-2-anos-ha-usado-alguna-vez-un-movil\/#webpage"},"wordCount":262,"commentCount":0,"publisher":{"@id":"https:\/\/www.abrima.com\/blog\/#organization"},"image":{"@id":"https:\/\/www.abrima.com\/blog\/el-38-de-los-ninos-menores-de-2-anos-ha-usado-alguna-vez-un-movil\/#primaryimage"},"thumbnailUrl":"http:\/\/www.trecebits.com\/wp-content\/uploads\/2013\/10\/ni%C3%B1o_bebe_movil-595x396.jpg","inLanguage":"es","potentialAction":[{"@type":"CommentAction","name":"Comment","target":["https:\/\/www.abrima.com\/blog\/el-38-de-los-ninos-menores-de-2-anos-ha-usado-alguna-vez-un-movil\/#respond"]}]},{"@type":"Person","@id":"https:\/\/www.abrima.com\/blog\/#\/schema\/person\/70ccd8d5617e3a3d6d5121086c3bb00f","name":"Ana Lucia Marrou","image":{"@type":"ImageObject","inLanguage":"es","@id":"https:\/\/www.abrima.com\/blog\/#\/schema\/person\/image\/","url":"https:\/\/secure.gravatar.com\/avatar\/90bc8b721d14c58be266256fd3396265?s=96&d=mm&r=g","contentUrl":"https:\/\/secure.gravatar.com\/avatar\/90bc8b721d14c58be266256fd3396265?s=96&d=mm&r=g","caption":"Ana Lucia Marrou"},"url":"https:\/\/www.abrima.com\/blog\/author\/anilu\/"}]}},"amp_enabled":true,"_links":{"self":[{"href":"https:\/\/www.abrima.com\/blog\/wp-json\/wp\/v2\/posts\/438"}],"collection":[{"href":"https:\/\/www.abrima.com\/blog\/wp-json\/wp\/v2\/posts"}],"about":[{"href":"https:\/\/www.abrima.com\/blog\/wp-json\/wp\/v2\/types\/post"}],"author":[{"embeddable":true,"href":"https:\/\/www.abrima.com\/blog\/wp-json\/wp\/v2\/users\/2"}],"replies":[{"embeddable":true,"href":"https:\/\/www.abrima.com\/blog\/wp-json\/wp\/v2\/comments?post=438"}],"version-history":[{"count":1,"href":"https:\/\/www.abrima.com\/blog\/wp-json\/wp\/v2\/posts\/438\/revisions"}],"predecessor-version":[{"id":439,"href":"https:\/\/www.abrima.com\/blog\/wp-json\/wp\/v2\/posts\/438\/revisions\/439"}],"wp:attachment":[{"href":"https:\/\/www.abrima.com\/blog\/wp-json\/wp\/v2\/media?parent=438"}],"wp:term":[{"taxonomy":"category","embeddable":true,"href":"https:\/\/www.abrima.com\/blog\/wp-json\/wp\/v2\/categories?post=438"},{"taxonomy":"post_tag","embeddable":true,"href":"https:\/\/www.abrima.com\/blog\/wp-json\/wp\/v2\/tags?post=438"}],"curies":[{"name":"wp","href":"https:\/\/api.w.org\/{rel}","templated":true}]}}