{"id":4370,"date":"2016-06-08T21:09:00","date_gmt":"2016-06-08T21:09:00","guid":{"rendered":"http:\/\/www.abrima.com\/blog\/?p=4370"},"modified":"2016-06-08T21:09:00","modified_gmt":"2016-06-08T21:09:00","slug":"5-motivos-redisenar-la-web-empresa","status":"publish","type":"post","link":"https:\/\/www.abrima.com\/blog\/5-motivos-redisenar-la-web-empresa\/","title":{"rendered":"5 motivos para redise\u00f1ar la web de tu empresa"},"content":{"rendered":"<p><img src=\"http:\/\/cdn3.ticbeat.com\/src\/uploads\/2016\/06\/5-motivos-redise%C3%B1ar-web-corporativa-empresa-810x541.jpg\" alt=\"Te damos cinco motivos para redise\u00f1ar tu web de empresa\" \/><\/p>\n<p>Contar con un <strong>dise\u00f1o web s\u00f3lido, limpio, en consonancia con la imagen de tu empresa y que ofrezca un men\u00fa de navegaci\u00f3n c\u00f3modo e intuitivo<\/strong> para tus usuarios es fundamental. En muchos casos las pymes se sorprenden de lo r\u00e1pido y mal que envejecen sus p\u00e1ginas web, a pesar de haber invertido una considerable suma de dinero.<\/p>\n<p>Aunque parezca un proceso engorroso de pereza, <strong>es importante cuidar el dise\u00f1o de tu p\u00e1gina corporativa<\/strong>, tanto para mantener una reputaci\u00f3n online positiva como facilitar la consulta, la interacci\u00f3n o la compra online de los usuarios, construyendo un <strong>espacio digital que identifique a tu marca y contribuya a una potente estrategia de marketing y comunicaci\u00f3n<\/strong>.<\/p>\n<p>Te damos a continuaci\u00f3n cinco razones y momentos clave en los que debes<strong>apostar por redise\u00f1ar tu web corporativa.\u00a0<\/strong><\/p>\n<h3>5 indicadores que apuntan al redise\u00f1o de tu web de empresa<\/h3>\n<ol>\n<li><strong>Si modificas en gran medida los productos o servicios, as\u00ed como determinados aspectos del logotipo o la imagen corporativa<\/strong>, tu web est\u00e1 pidiendo a gritos un profundo lavado de cara.<\/li>\n<li>Si percibes una <strong>notable disminuci\u00f3n de las ventas, o recibes protestas y quejas en el feedback de tus cliente<\/strong>s con respecto a la est\u00e9tica o usabilidad de tu p\u00e1gina, deber\u00e1s modificar todos los aspectos posibles del dise\u00f1o para<strong>favorecer una experiencia de usuario positiva.<\/strong><\/li>\n<li>Si tus clientes no pueden acceder a la informaci\u00f3n que desean en tu nueva p\u00e1gina web -ya sea el contacto, el n\u00famero de tel\u00e9fono, los gastos de env\u00edo, la descripci\u00f3n de los servicios o la pol\u00edtica de devoluciones- <strong>puedes perder todo ese tr\u00e1fico potencial<\/strong>. Es importante <strong>identificar qu\u00e9 contenido es m\u00e1s relevante<\/strong>\u00a0y la distribuci\u00f3n de las secciones antes de comenzar el proceso de redise\u00f1o.<\/li>\n<li><strong>Si tu dise\u00f1o no es responsive<\/strong> -es decir, adaptando el dise\u00f1o a las pantallas de los diferentes <a href=\"http:\/\/www.ticbeat.com\/tecnologias\/usuarios-prefieren-smartphones-antes-que-tablets\/\">tipos de dispositivos como tablets y smartphones<\/a>, desde los que cada vez se consume m\u00e1s informaci\u00f3n-, soluciona este problema inmediatamente. Tambi\u00e9n debes tener en cuent<strong>a la velocidad del tiempo de carga y el buen funcionamiento de las herramientas y plugins<\/strong>, que deben estar permanentemente actualizados.<\/li>\n<li>Si comenzaste de una manera m\u00e1s amateur tu andadura, tu \u00e1mbito geogr\u00e1fico era menor o desbordaste las expectativas de tu negocio, s<strong>eguramente tu web necesite un redise\u00f1o para ser m\u00e1s potente y efectiva y tener una estrategia de contenidos m\u00e1s profesional<\/strong> y adaptada al rango de tu p\u00fablico.<\/li>\n<\/ol>\n<p>Fuente: <a href=\"http:\/\/www.ticbeat.com\/empresa-b2b\/5-motivos-redisenar-web-empresa\/\">Ticbeat<\/a><\/p>\n","protected":false},"excerpt":{"rendered":"<p>Contar con un dise\u00f1o web s\u00f3lido, limpio, en consonancia con la imagen de tu empresa y que ofrezca un men\u00fa de navegaci\u00f3n c\u00f3modo e intuitivo [&hellip;]<\/p>\n","protected":false},"author":1,"featured_media":0,"comment_status":"open","ping_status":"open","sticky":false,"template":"","format":"standard","meta":{"_monsterinsights_skip_tracking":false,"_monsterinsights_sitenote_active":false,"_monsterinsights_sitenote_note":"","_monsterinsights_sitenote_category":0},"categories":[14],"tags":[],"yoast_head":"<!-- This site is optimized with the Yoast SEO plugin v19.1 - https:\/\/yoast.com\/wordpress\/plugins\/seo\/ -->\n<title>5 motivos para redise\u00f1ar la web de tu empresa - Blog de Tecnolog\u00eda - Abrima<\/title>\n<meta name=\"robots\" content=\"index, follow, max-snippet:-1, max-image-preview:large, max-video-preview:-1\" \/>\n<link rel=\"canonical\" href=\"https:\/\/www.abrima.com\/blog\/5-motivos-redisenar-la-web-empresa\/\" \/>\n<meta property=\"og:locale\" content=\"es_ES\" \/>\n<meta property=\"og:type\" content=\"article\" \/>\n<meta property=\"og:title\" content=\"5 motivos para redise\u00f1ar la web de tu empresa - Blog de Tecnolog\u00eda - Abrima\" \/>\n<meta property=\"og:description\" content=\"Contar con un dise\u00f1o web s\u00f3lido, limpio, en consonancia con la imagen de tu empresa y que ofrezca un men\u00fa de navegaci\u00f3n c\u00f3modo e intuitivo [&hellip;]\" \/>\n<meta property=\"og:url\" content=\"https:\/\/www.abrima.com\/blog\/5-motivos-redisenar-la-web-empresa\/\" \/>\n<meta property=\"og:site_name\" content=\"Blog de Tecnolog\u00eda - Abrima\" \/>\n<meta property=\"article:publisher\" content=\"https:\/\/www.facebook.com\/abrimawebs\/\" \/>\n<meta property=\"article:published_time\" content=\"2016-06-08T21:09:00+00:00\" \/>\n<meta property=\"og:image\" content=\"http:\/\/cdn3.ticbeat.com\/src\/uploads\/2016\/06\/5-motivos-redise%C3%B1ar-web-corporativa-empresa-810x541.jpg\" \/>\n<meta name=\"twitter:label1\" content=\"Escrito por\" \/>\n\t<meta name=\"twitter:data1\" content=\"Abrima\" \/>\n\t<meta name=\"twitter:label2\" content=\"Tiempo de lectura\" \/>\n\t<meta name=\"twitter:data2\" content=\"2 minutos\" \/>\n<script type=\"application\/ld+json\" class=\"yoast-schema-graph\">{\"@context\":\"https:\/\/schema.org\",\"@graph\":[{\"@type\":\"Organization\",\"@id\":\"https:\/\/www.abrima.com\/blog\/#organization\",\"name\":\"Abrima\",\"url\":\"https:\/\/www.abrima.com\/blog\/\",\"sameAs\":[\"https:\/\/www.linkedin.com\/company\/abrima-soluciones-web\/\",\"https:\/\/www.youtube.com\/user\/abrimawebs\",\"https:\/\/www.facebook.com\/abrimawebs\/\",\"https:\/\/twitter.com\/abrimaweb\"],\"logo\":{\"@type\":\"ImageObject\",\"inLanguage\":\"es\",\"@id\":\"https:\/\/www.abrima.com\/blog\/#\/schema\/logo\/image\/\",\"url\":\"https:\/\/www.abrima.com\/blog\/wp-content\/uploads\/2018\/03\/abrima-logo.png\",\"contentUrl\":\"https:\/\/www.abrima.com\/blog\/wp-content\/uploads\/2018\/03\/abrima-logo.png\",\"width\":700,\"height\":700,\"caption\":\"Abrima\"},\"image\":{\"@id\":\"https:\/\/www.abrima.com\/blog\/#\/schema\/logo\/image\/\"}},{\"@type\":\"WebSite\",\"@id\":\"https:\/\/www.abrima.com\/blog\/#website\",\"url\":\"https:\/\/www.abrima.com\/blog\/\",\"name\":\"Blog de Tecnolog\u00eda - Abrima\",\"description\":\"Blog sobre todo lo relacionado con Cloud, Marketing Digital y Web\",\"publisher\":{\"@id\":\"https:\/\/www.abrima.com\/blog\/#organization\"},\"potentialAction\":[{\"@type\":\"SearchAction\",\"target\":{\"@type\":\"EntryPoint\",\"urlTemplate\":\"https:\/\/www.abrima.com\/blog\/?s={search_term_string}\"},\"query-input\":\"required name=search_term_string\"}],\"inLanguage\":\"es\"},{\"@type\":\"ImageObject\",\"inLanguage\":\"es\",\"@id\":\"https:\/\/www.abrima.com\/blog\/5-motivos-redisenar-la-web-empresa\/#primaryimage\",\"url\":\"http:\/\/cdn3.ticbeat.com\/src\/uploads\/2016\/06\/5-motivos-redise%C3%B1ar-web-corporativa-empresa-810x541.jpg\",\"contentUrl\":\"http:\/\/cdn3.ticbeat.com\/src\/uploads\/2016\/06\/5-motivos-redise%C3%B1ar-web-corporativa-empresa-810x541.jpg\"},{\"@type\":\"WebPage\",\"@id\":\"https:\/\/www.abrima.com\/blog\/5-motivos-redisenar-la-web-empresa\/#webpage\",\"url\":\"https:\/\/www.abrima.com\/blog\/5-motivos-redisenar-la-web-empresa\/\",\"name\":\"5 motivos para redise\u00f1ar la web de tu empresa - Blog de Tecnolog\u00eda - Abrima\",\"isPartOf\":{\"@id\":\"https:\/\/www.abrima.com\/blog\/#website\"},\"primaryImageOfPage\":{\"@id\":\"https:\/\/www.abrima.com\/blog\/5-motivos-redisenar-la-web-empresa\/#primaryimage\"},\"datePublished\":\"2016-06-08T21:09:00+00:00\",\"dateModified\":\"2016-06-08T21:09:00+00:00\",\"breadcrumb\":{\"@id\":\"https:\/\/www.abrima.com\/blog\/5-motivos-redisenar-la-web-empresa\/#breadcrumb\"},\"inLanguage\":\"es\",\"potentialAction\":[{\"@type\":\"ReadAction\",\"target\":[\"https:\/\/www.abrima.com\/blog\/5-motivos-redisenar-la-web-empresa\/\"]}]},{\"@type\":\"BreadcrumbList\",\"@id\":\"https:\/\/www.abrima.com\/blog\/5-motivos-redisenar-la-web-empresa\/#breadcrumb\",\"itemListElement\":[{\"@type\":\"ListItem\",\"position\":1,\"name\":\"Portada\",\"item\":\"https:\/\/www.abrima.com\/blog\/\"},{\"@type\":\"ListItem\",\"position\":2,\"name\":\"5 motivos para redise\u00f1ar la web de tu empresa\"}]},{\"@type\":\"Article\",\"@id\":\"https:\/\/www.abrima.com\/blog\/5-motivos-redisenar-la-web-empresa\/#article\",\"isPartOf\":{\"@id\":\"https:\/\/www.abrima.com\/blog\/5-motivos-redisenar-la-web-empresa\/#webpage\"},\"author\":{\"@id\":\"https:\/\/www.abrima.com\/blog\/#\/schema\/person\/b768d5411164cb8b8d58f72cdf4e11e8\"},\"headline\":\"5 motivos para redise\u00f1ar la web de tu empresa\",\"datePublished\":\"2016-06-08T21:09:00+00:00\",\"dateModified\":\"2016-06-08T21:09:00+00:00\",\"mainEntityOfPage\":{\"@id\":\"https:\/\/www.abrima.com\/blog\/5-motivos-redisenar-la-web-empresa\/#webpage\"},\"wordCount\":440,\"commentCount\":0,\"publisher\":{\"@id\":\"https:\/\/www.abrima.com\/blog\/#organization\"},\"image\":{\"@id\":\"https:\/\/www.abrima.com\/blog\/5-motivos-redisenar-la-web-empresa\/#primaryimage\"},\"thumbnailUrl\":\"http:\/\/cdn3.ticbeat.com\/src\/uploads\/2016\/06\/5-motivos-redise%C3%B1ar-web-corporativa-empresa-810x541.jpg\",\"articleSection\":[\"Internet\"],\"inLanguage\":\"es\",\"potentialAction\":[{\"@type\":\"CommentAction\",\"name\":\"Comment\",\"target\":[\"https:\/\/www.abrima.com\/blog\/5-motivos-redisenar-la-web-empresa\/#respond\"]}]},{\"@type\":\"Person\",\"@id\":\"https:\/\/www.abrima.com\/blog\/#\/schema\/person\/b768d5411164cb8b8d58f72cdf4e11e8\",\"name\":\"Abrima\",\"image\":{\"@type\":\"ImageObject\",\"inLanguage\":\"es\",\"@id\":\"https:\/\/www.abrima.com\/blog\/#\/schema\/person\/image\/\",\"url\":\"https:\/\/secure.gravatar.com\/avatar\/5cc72c9c6b371583c943a070dff20409?s=96&d=mm&r=g\",\"contentUrl\":\"https:\/\/secure.gravatar.com\/avatar\/5cc72c9c6b371583c943a070dff20409?s=96&d=mm&r=g\",\"caption\":\"Abrima\"},\"url\":\"https:\/\/www.abrima.com\/blog\/author\/abrima\/\"}]}<\/script>\n<!-- \/ Yoast SEO plugin. -->","yoast_head_json":{"title":"5 motivos para redise\u00f1ar la web de tu empresa - Blog de Tecnolog\u00eda - Abrima","robots":{"index":"index","follow":"follow","max-snippet":"max-snippet:-1","max-image-preview":"max-image-preview:large","max-video-preview":"max-video-preview:-1"},"canonical":"https:\/\/www.abrima.com\/blog\/5-motivos-redisenar-la-web-empresa\/","og_locale":"es_ES","og_type":"article","og_title":"5 motivos para redise\u00f1ar la web de tu empresa - Blog de Tecnolog\u00eda - Abrima","og_description":"Contar con un dise\u00f1o web s\u00f3lido, limpio, en consonancia con la imagen de tu empresa y que ofrezca un men\u00fa de navegaci\u00f3n c\u00f3modo e intuitivo [&hellip;]","og_url":"https:\/\/www.abrima.com\/blog\/5-motivos-redisenar-la-web-empresa\/","og_site_name":"Blog de Tecnolog\u00eda - Abrima","article_publisher":"https:\/\/www.facebook.com\/abrimawebs\/","article_published_time":"2016-06-08T21:09:00+00:00","og_image":[{"url":"http:\/\/cdn3.ticbeat.com\/src\/uploads\/2016\/06\/5-motivos-redise%C3%B1ar-web-corporativa-empresa-810x541.jpg"}],"twitter_misc":{"Escrito por":"Abrima","Tiempo de lectura":"2 minutos"},"schema":{"@context":"https:\/\/schema.org","@graph":[{"@type":"Organization","@id":"https:\/\/www.abrima.com\/blog\/#organization","name":"Abrima","url":"https:\/\/www.abrima.com\/blog\/","sameAs":["https:\/\/www.linkedin.com\/company\/abrima-soluciones-web\/","https:\/\/www.youtube.com\/user\/abrimawebs","https:\/\/www.facebook.com\/abrimawebs\/","https:\/\/twitter.com\/abrimaweb"],"logo":{"@type":"ImageObject","inLanguage":"es","@id":"https:\/\/www.abrima.com\/blog\/#\/schema\/logo\/image\/","url":"https:\/\/www.abrima.com\/blog\/wp-content\/uploads\/2018\/03\/abrima-logo.png","contentUrl":"https:\/\/www.abrima.com\/blog\/wp-content\/uploads\/2018\/03\/abrima-logo.png","width":700,"height":700,"caption":"Abrima"},"image":{"@id":"https:\/\/www.abrima.com\/blog\/#\/schema\/logo\/image\/"}},{"@type":"WebSite","@id":"https:\/\/www.abrima.com\/blog\/#website","url":"https:\/\/www.abrima.com\/blog\/","name":"Blog de Tecnolog\u00eda - Abrima","description":"Blog sobre todo lo relacionado con Cloud, Marketing Digital y Web","publisher":{"@id":"https:\/\/www.abrima.com\/blog\/#organization"},"potentialAction":[{"@type":"SearchAction","target":{"@type":"EntryPoint","urlTemplate":"https:\/\/www.abrima.com\/blog\/?s={search_term_string}"},"query-input":"required name=search_term_string"}],"inLanguage":"es"},{"@type":"ImageObject","inLanguage":"es","@id":"https:\/\/www.abrima.com\/blog\/5-motivos-redisenar-la-web-empresa\/#primaryimage","url":"http:\/\/cdn3.ticbeat.com\/src\/uploads\/2016\/06\/5-motivos-redise%C3%B1ar-web-corporativa-empresa-810x541.jpg","contentUrl":"http:\/\/cdn3.ticbeat.com\/src\/uploads\/2016\/06\/5-motivos-redise%C3%B1ar-web-corporativa-empresa-810x541.jpg"},{"@type":"WebPage","@id":"https:\/\/www.abrima.com\/blog\/5-motivos-redisenar-la-web-empresa\/#webpage","url":"https:\/\/www.abrima.com\/blog\/5-motivos-redisenar-la-web-empresa\/","name":"5 motivos para redise\u00f1ar la web de tu empresa - Blog de Tecnolog\u00eda - Abrima","isPartOf":{"@id":"https:\/\/www.abrima.com\/blog\/#website"},"primaryImageOfPage":{"@id":"https:\/\/www.abrima.com\/blog\/5-motivos-redisenar-la-web-empresa\/#primaryimage"},"datePublished":"2016-06-08T21:09:00+00:00","dateModified":"2016-06-08T21:09:00+00:00","breadcrumb":{"@id":"https:\/\/www.abrima.com\/blog\/5-motivos-redisenar-la-web-empresa\/#breadcrumb"},"inLanguage":"es","potentialAction":[{"@type":"ReadAction","target":["https:\/\/www.abrima.com\/blog\/5-motivos-redisenar-la-web-empresa\/"]}]},{"@type":"BreadcrumbList","@id":"https:\/\/www.abrima.com\/blog\/5-motivos-redisenar-la-web-empresa\/#breadcrumb","itemListElement":[{"@type":"ListItem","position":1,"name":"Portada","item":"https:\/\/www.abrima.com\/blog\/"},{"@type":"ListItem","position":2,"name":"5 motivos para redise\u00f1ar la web de tu empresa"}]},{"@type":"Article","@id":"https:\/\/www.abrima.com\/blog\/5-motivos-redisenar-la-web-empresa\/#article","isPartOf":{"@id":"https:\/\/www.abrima.com\/blog\/5-motivos-redisenar-la-web-empresa\/#webpage"},"author":{"@id":"https:\/\/www.abrima.com\/blog\/#\/schema\/person\/b768d5411164cb8b8d58f72cdf4e11e8"},"headline":"5 motivos para redise\u00f1ar la web de tu empresa","datePublished":"2016-06-08T21:09:00+00:00","dateModified":"2016-06-08T21:09:00+00:00","mainEntityOfPage":{"@id":"https:\/\/www.abrima.com\/blog\/5-motivos-redisenar-la-web-empresa\/#webpage"},"wordCount":440,"commentCount":0,"publisher":{"@id":"https:\/\/www.abrima.com\/blog\/#organization"},"image":{"@id":"https:\/\/www.abrima.com\/blog\/5-motivos-redisenar-la-web-empresa\/#primaryimage"},"thumbnailUrl":"http:\/\/cdn3.ticbeat.com\/src\/uploads\/2016\/06\/5-motivos-redise%C3%B1ar-web-corporativa-empresa-810x541.jpg","articleSection":["Internet"],"inLanguage":"es","potentialAction":[{"@type":"CommentAction","name":"Comment","target":["https:\/\/www.abrima.com\/blog\/5-motivos-redisenar-la-web-empresa\/#respond"]}]},{"@type":"Person","@id":"https:\/\/www.abrima.com\/blog\/#\/schema\/person\/b768d5411164cb8b8d58f72cdf4e11e8","name":"Abrima","image":{"@type":"ImageObject","inLanguage":"es","@id":"https:\/\/www.abrima.com\/blog\/#\/schema\/person\/image\/","url":"https:\/\/secure.gravatar.com\/avatar\/5cc72c9c6b371583c943a070dff20409?s=96&d=mm&r=g","contentUrl":"https:\/\/secure.gravatar.com\/avatar\/5cc72c9c6b371583c943a070dff20409?s=96&d=mm&r=g","caption":"Abrima"},"url":"https:\/\/www.abrima.com\/blog\/author\/abrima\/"}]}},"amp_enabled":true,"_links":{"self":[{"href":"https:\/\/www.abrima.com\/blog\/wp-json\/wp\/v2\/posts\/4370"}],"collection":[{"href":"https:\/\/www.abrima.com\/blog\/wp-json\/wp\/v2\/posts"}],"about":[{"href":"https:\/\/www.abrima.com\/blog\/wp-json\/wp\/v2\/types\/post"}],"author":[{"embeddable":true,"href":"https:\/\/www.abrima.com\/blog\/wp-json\/wp\/v2\/users\/1"}],"replies":[{"embeddable":true,"href":"https:\/\/www.abrima.com\/blog\/wp-json\/wp\/v2\/comments?post=4370"}],"version-history":[{"count":1,"href":"https:\/\/www.abrima.com\/blog\/wp-json\/wp\/v2\/posts\/4370\/revisions"}],"predecessor-version":[{"id":4371,"href":"https:\/\/www.abrima.com\/blog\/wp-json\/wp\/v2\/posts\/4370\/revisions\/4371"}],"wp:attachment":[{"href":"https:\/\/www.abrima.com\/blog\/wp-json\/wp\/v2\/media?parent=4370"}],"wp:term":[{"taxonomy":"category","embeddable":true,"href":"https:\/\/www.abrima.com\/blog\/wp-json\/wp\/v2\/categories?post=4370"},{"taxonomy":"post_tag","embeddable":true,"href":"https:\/\/www.abrima.com\/blog\/wp-json\/wp\/v2\/tags?post=4370"}],"curies":[{"name":"wp","href":"https:\/\/api.w.org\/{rel}","templated":true}]}}