{"id":4366,"date":"2016-06-07T18:57:24","date_gmt":"2016-06-07T18:57:24","guid":{"rendered":"http:\/\/www.abrima.com\/blog\/?p=4366"},"modified":"2016-06-07T18:57:24","modified_gmt":"2016-06-07T18:57:24","slug":"las-empresas-tienen-estar-las-redes-sociales","status":"publish","type":"post","link":"https:\/\/www.abrima.com\/blog\/las-empresas-tienen-estar-las-redes-sociales\/","title":{"rendered":"\u00bfPor qu\u00e9 las empresas tienen que estar en las redes sociales?"},"content":{"rendered":"<p><img src=\"http:\/\/www.trecebits.com\/wp-content\/uploads\/2016\/06\/shutterstock_156141602-595x397.jpg\" alt=\"shutterstock_156141602\" \/><\/p>\n<p>Tenemos que tener en cuenta que <strong>el 90% de los internautas est\u00e1 en al menos una red social<\/strong>, y el 70% lo est\u00e1 en al menos tres redes sociales. Es decir, los clientes y potenciales clientes de nuestra compa\u00f1\u00eda est\u00e1n en redes sociales, por lo que nosotros deber\u00edamos estar en ella.<\/p>\n<blockquote class=\"green\"><p>En redes sociales no se puede estar de cualquier manera<\/p><\/blockquote>\n<p>Algunas empresas se lo plantean s\u00f3lo porque otras compa\u00f1\u00edas de la competencia est\u00e1n en redes sociales y se lanzan a abrir perfiles en distintas plataformas s\u00f3lo \u201cporque hay que estar\u201d y lo hacen abriendo perfiles \u201ca lo loco\u201d, estando en redes sociales de cualquier manera. Eso es un error.<\/p>\n<p>Tambi\u00e9n lo es considerar que la presencia en redes sociales es algo banal, que puede gestionar cualquier persona, y que <strong>no requiere un esfuerzo<\/strong>.<\/p>\n<p>La empresa debe ser consciente de que estar en las redes sociales va a implicar un esfuerzo humano y econ\u00f3mico importante, por eso debe planificar convenientemente su presencia en las redes sociales.<\/p>\n<p>Esa planificaci\u00f3n ha de llevarse a cabo <strong>antes incluso de abrir los perfiles en las redes sociales<\/strong>.<\/p>\n<p>Se debe definir cu\u00e1l ser\u00e1 su estrategia en las redes sociales, es decir, se debe crear un\u00a0Social Media Plan donde se definan las l\u00edneas de actuaci\u00f3n de la compa\u00f1\u00eda en las plataformas 2.0 y que ser\u00e1 la herramienta de trabajo cotidiano para el <strong>Community Manager<\/strong> o quien gestione \u00a0los perfiles corporativos de la empresa.<\/p>\n<p>En grandes empresas el <strong>Social Media Plan<\/strong> ser\u00e1 un documento de gran tama\u00f1o, en otras peque\u00f1as quiz\u00e1 es s\u00f3lo una reflexi\u00f3n que debe realizar quien vaya a gestionar los perfiles corporativos de la empresa.<\/p>\n<p>Sea como sea, preguntarse si es necesario estar en las redes sociales o no, hoy d\u00eda ya no tiene sentido. Tenemos que estar donde est\u00e9n nuestros clientes pero, por supuesto, <strong>no de cualquier manera<\/strong>.<\/p>\n<p>Fuente: <a href=\"http:\/\/www.trecebits.com\/2016\/06\/07\/por-que-las-empresas-tienen-que-estar-en-las-redes-sociales\/\">Trecebits<\/a><\/p>\n","protected":false},"excerpt":{"rendered":"<p>Tenemos que tener en cuenta que el 90% de los internautas est\u00e1 en al menos una red social, y el 70% lo est\u00e1 en al [&hellip;]<\/p>\n","protected":false},"author":1,"featured_media":0,"comment_status":"open","ping_status":"open","sticky":false,"template":"","format":"standard","meta":{"_monsterinsights_skip_tracking":false,"_monsterinsights_sitenote_active":false,"_monsterinsights_sitenote_note":"","_monsterinsights_sitenote_category":0},"categories":[16],"tags":[],"yoast_head":"<!-- This site is optimized with the Yoast SEO plugin v19.1 - https:\/\/yoast.com\/wordpress\/plugins\/seo\/ -->\n<title>\u00bfPor qu\u00e9 las empresas tienen que estar en las redes sociales? - Blog de Tecnolog\u00eda - Abrima<\/title>\n<meta name=\"robots\" content=\"index, follow, max-snippet:-1, max-image-preview:large, max-video-preview:-1\" \/>\n<link rel=\"canonical\" href=\"https:\/\/www.abrima.com\/blog\/las-empresas-tienen-estar-las-redes-sociales\/\" \/>\n<meta property=\"og:locale\" content=\"es_ES\" \/>\n<meta property=\"og:type\" content=\"article\" \/>\n<meta property=\"og:title\" content=\"\u00bfPor qu\u00e9 las empresas tienen que estar en las redes sociales? - Blog de Tecnolog\u00eda - Abrima\" \/>\n<meta property=\"og:description\" content=\"Tenemos que tener en cuenta que el 90% de los internautas est\u00e1 en al menos una red social, y el 70% lo est\u00e1 en al [&hellip;]\" \/>\n<meta property=\"og:url\" content=\"https:\/\/www.abrima.com\/blog\/las-empresas-tienen-estar-las-redes-sociales\/\" \/>\n<meta property=\"og:site_name\" content=\"Blog de Tecnolog\u00eda - Abrima\" \/>\n<meta property=\"article:publisher\" content=\"https:\/\/www.facebook.com\/abrimawebs\/\" \/>\n<meta property=\"article:published_time\" content=\"2016-06-07T18:57:24+00:00\" \/>\n<meta property=\"og:image\" content=\"http:\/\/www.trecebits.com\/wp-content\/uploads\/2016\/06\/shutterstock_156141602-595x397.jpg\" \/>\n<meta name=\"twitter:label1\" content=\"Escrito por\" \/>\n\t<meta name=\"twitter:data1\" content=\"Abrima\" \/>\n\t<meta name=\"twitter:label2\" content=\"Tiempo de lectura\" \/>\n\t<meta name=\"twitter:data2\" content=\"2 minutos\" \/>\n<script type=\"application\/ld+json\" class=\"yoast-schema-graph\">{\"@context\":\"https:\/\/schema.org\",\"@graph\":[{\"@type\":\"Organization\",\"@id\":\"https:\/\/www.abrima.com\/blog\/#organization\",\"name\":\"Abrima\",\"url\":\"https:\/\/www.abrima.com\/blog\/\",\"sameAs\":[\"https:\/\/www.linkedin.com\/company\/abrima-soluciones-web\/\",\"https:\/\/www.youtube.com\/user\/abrimawebs\",\"https:\/\/www.facebook.com\/abrimawebs\/\",\"https:\/\/twitter.com\/abrimaweb\"],\"logo\":{\"@type\":\"ImageObject\",\"inLanguage\":\"es\",\"@id\":\"https:\/\/www.abrima.com\/blog\/#\/schema\/logo\/image\/\",\"url\":\"https:\/\/www.abrima.com\/blog\/wp-content\/uploads\/2018\/03\/abrima-logo.png\",\"contentUrl\":\"https:\/\/www.abrima.com\/blog\/wp-content\/uploads\/2018\/03\/abrima-logo.png\",\"width\":700,\"height\":700,\"caption\":\"Abrima\"},\"image\":{\"@id\":\"https:\/\/www.abrima.com\/blog\/#\/schema\/logo\/image\/\"}},{\"@type\":\"WebSite\",\"@id\":\"https:\/\/www.abrima.com\/blog\/#website\",\"url\":\"https:\/\/www.abrima.com\/blog\/\",\"name\":\"Blog de Tecnolog\u00eda - Abrima\",\"description\":\"Blog sobre todo lo relacionado con Cloud, Marketing Digital y Web\",\"publisher\":{\"@id\":\"https:\/\/www.abrima.com\/blog\/#organization\"},\"potentialAction\":[{\"@type\":\"SearchAction\",\"target\":{\"@type\":\"EntryPoint\",\"urlTemplate\":\"https:\/\/www.abrima.com\/blog\/?s={search_term_string}\"},\"query-input\":\"required name=search_term_string\"}],\"inLanguage\":\"es\"},{\"@type\":\"ImageObject\",\"inLanguage\":\"es\",\"@id\":\"https:\/\/www.abrima.com\/blog\/las-empresas-tienen-estar-las-redes-sociales\/#primaryimage\",\"url\":\"http:\/\/www.trecebits.com\/wp-content\/uploads\/2016\/06\/shutterstock_156141602-595x397.jpg\",\"contentUrl\":\"http:\/\/www.trecebits.com\/wp-content\/uploads\/2016\/06\/shutterstock_156141602-595x397.jpg\"},{\"@type\":\"WebPage\",\"@id\":\"https:\/\/www.abrima.com\/blog\/las-empresas-tienen-estar-las-redes-sociales\/#webpage\",\"url\":\"https:\/\/www.abrima.com\/blog\/las-empresas-tienen-estar-las-redes-sociales\/\",\"name\":\"\u00bfPor qu\u00e9 las empresas tienen que estar en las redes sociales? - Blog de Tecnolog\u00eda - Abrima\",\"isPartOf\":{\"@id\":\"https:\/\/www.abrima.com\/blog\/#website\"},\"primaryImageOfPage\":{\"@id\":\"https:\/\/www.abrima.com\/blog\/las-empresas-tienen-estar-las-redes-sociales\/#primaryimage\"},\"datePublished\":\"2016-06-07T18:57:24+00:00\",\"dateModified\":\"2016-06-07T18:57:24+00:00\",\"breadcrumb\":{\"@id\":\"https:\/\/www.abrima.com\/blog\/las-empresas-tienen-estar-las-redes-sociales\/#breadcrumb\"},\"inLanguage\":\"es\",\"potentialAction\":[{\"@type\":\"ReadAction\",\"target\":[\"https:\/\/www.abrima.com\/blog\/las-empresas-tienen-estar-las-redes-sociales\/\"]}]},{\"@type\":\"BreadcrumbList\",\"@id\":\"https:\/\/www.abrima.com\/blog\/las-empresas-tienen-estar-las-redes-sociales\/#breadcrumb\",\"itemListElement\":[{\"@type\":\"ListItem\",\"position\":1,\"name\":\"Portada\",\"item\":\"https:\/\/www.abrima.com\/blog\/\"},{\"@type\":\"ListItem\",\"position\":2,\"name\":\"\u00bfPor qu\u00e9 las empresas tienen que estar en las redes sociales?\"}]},{\"@type\":\"Article\",\"@id\":\"https:\/\/www.abrima.com\/blog\/las-empresas-tienen-estar-las-redes-sociales\/#article\",\"isPartOf\":{\"@id\":\"https:\/\/www.abrima.com\/blog\/las-empresas-tienen-estar-las-redes-sociales\/#webpage\"},\"author\":{\"@id\":\"https:\/\/www.abrima.com\/blog\/#\/schema\/person\/b768d5411164cb8b8d58f72cdf4e11e8\"},\"headline\":\"\u00bfPor qu\u00e9 las empresas tienen que estar en las redes sociales?\",\"datePublished\":\"2016-06-07T18:57:24+00:00\",\"dateModified\":\"2016-06-07T18:57:24+00:00\",\"mainEntityOfPage\":{\"@id\":\"https:\/\/www.abrima.com\/blog\/las-empresas-tienen-estar-las-redes-sociales\/#webpage\"},\"wordCount\":336,\"commentCount\":0,\"publisher\":{\"@id\":\"https:\/\/www.abrima.com\/blog\/#organization\"},\"image\":{\"@id\":\"https:\/\/www.abrima.com\/blog\/las-empresas-tienen-estar-las-redes-sociales\/#primaryimage\"},\"thumbnailUrl\":\"http:\/\/www.trecebits.com\/wp-content\/uploads\/2016\/06\/shutterstock_156141602-595x397.jpg\",\"articleSection\":[\"Redes Sociales\"],\"inLanguage\":\"es\",\"potentialAction\":[{\"@type\":\"CommentAction\",\"name\":\"Comment\",\"target\":[\"https:\/\/www.abrima.com\/blog\/las-empresas-tienen-estar-las-redes-sociales\/#respond\"]}]},{\"@type\":\"Person\",\"@id\":\"https:\/\/www.abrima.com\/blog\/#\/schema\/person\/b768d5411164cb8b8d58f72cdf4e11e8\",\"name\":\"Abrima\",\"image\":{\"@type\":\"ImageObject\",\"inLanguage\":\"es\",\"@id\":\"https:\/\/www.abrima.com\/blog\/#\/schema\/person\/image\/\",\"url\":\"https:\/\/secure.gravatar.com\/avatar\/5cc72c9c6b371583c943a070dff20409?s=96&d=mm&r=g\",\"contentUrl\":\"https:\/\/secure.gravatar.com\/avatar\/5cc72c9c6b371583c943a070dff20409?s=96&d=mm&r=g\",\"caption\":\"Abrima\"},\"url\":\"https:\/\/www.abrima.com\/blog\/author\/abrima\/\"}]}<\/script>\n<!-- \/ Yoast SEO plugin. -->","yoast_head_json":{"title":"\u00bfPor qu\u00e9 las empresas tienen que estar en las redes sociales? - Blog de Tecnolog\u00eda - Abrima","robots":{"index":"index","follow":"follow","max-snippet":"max-snippet:-1","max-image-preview":"max-image-preview:large","max-video-preview":"max-video-preview:-1"},"canonical":"https:\/\/www.abrima.com\/blog\/las-empresas-tienen-estar-las-redes-sociales\/","og_locale":"es_ES","og_type":"article","og_title":"\u00bfPor qu\u00e9 las empresas tienen que estar en las redes sociales? - Blog de Tecnolog\u00eda - Abrima","og_description":"Tenemos que tener en cuenta que el 90% de los internautas est\u00e1 en al menos una red social, y el 70% lo est\u00e1 en al [&hellip;]","og_url":"https:\/\/www.abrima.com\/blog\/las-empresas-tienen-estar-las-redes-sociales\/","og_site_name":"Blog de Tecnolog\u00eda - Abrima","article_publisher":"https:\/\/www.facebook.com\/abrimawebs\/","article_published_time":"2016-06-07T18:57:24+00:00","og_image":[{"url":"http:\/\/www.trecebits.com\/wp-content\/uploads\/2016\/06\/shutterstock_156141602-595x397.jpg"}],"twitter_misc":{"Escrito por":"Abrima","Tiempo de lectura":"2 minutos"},"schema":{"@context":"https:\/\/schema.org","@graph":[{"@type":"Organization","@id":"https:\/\/www.abrima.com\/blog\/#organization","name":"Abrima","url":"https:\/\/www.abrima.com\/blog\/","sameAs":["https:\/\/www.linkedin.com\/company\/abrima-soluciones-web\/","https:\/\/www.youtube.com\/user\/abrimawebs","https:\/\/www.facebook.com\/abrimawebs\/","https:\/\/twitter.com\/abrimaweb"],"logo":{"@type":"ImageObject","inLanguage":"es","@id":"https:\/\/www.abrima.com\/blog\/#\/schema\/logo\/image\/","url":"https:\/\/www.abrima.com\/blog\/wp-content\/uploads\/2018\/03\/abrima-logo.png","contentUrl":"https:\/\/www.abrima.com\/blog\/wp-content\/uploads\/2018\/03\/abrima-logo.png","width":700,"height":700,"caption":"Abrima"},"image":{"@id":"https:\/\/www.abrima.com\/blog\/#\/schema\/logo\/image\/"}},{"@type":"WebSite","@id":"https:\/\/www.abrima.com\/blog\/#website","url":"https:\/\/www.abrima.com\/blog\/","name":"Blog de Tecnolog\u00eda - Abrima","description":"Blog sobre todo lo relacionado con Cloud, Marketing Digital y Web","publisher":{"@id":"https:\/\/www.abrima.com\/blog\/#organization"},"potentialAction":[{"@type":"SearchAction","target":{"@type":"EntryPoint","urlTemplate":"https:\/\/www.abrima.com\/blog\/?s={search_term_string}"},"query-input":"required name=search_term_string"}],"inLanguage":"es"},{"@type":"ImageObject","inLanguage":"es","@id":"https:\/\/www.abrima.com\/blog\/las-empresas-tienen-estar-las-redes-sociales\/#primaryimage","url":"http:\/\/www.trecebits.com\/wp-content\/uploads\/2016\/06\/shutterstock_156141602-595x397.jpg","contentUrl":"http:\/\/www.trecebits.com\/wp-content\/uploads\/2016\/06\/shutterstock_156141602-595x397.jpg"},{"@type":"WebPage","@id":"https:\/\/www.abrima.com\/blog\/las-empresas-tienen-estar-las-redes-sociales\/#webpage","url":"https:\/\/www.abrima.com\/blog\/las-empresas-tienen-estar-las-redes-sociales\/","name":"\u00bfPor qu\u00e9 las empresas tienen que estar en las redes sociales? - Blog de Tecnolog\u00eda - Abrima","isPartOf":{"@id":"https:\/\/www.abrima.com\/blog\/#website"},"primaryImageOfPage":{"@id":"https:\/\/www.abrima.com\/blog\/las-empresas-tienen-estar-las-redes-sociales\/#primaryimage"},"datePublished":"2016-06-07T18:57:24+00:00","dateModified":"2016-06-07T18:57:24+00:00","breadcrumb":{"@id":"https:\/\/www.abrima.com\/blog\/las-empresas-tienen-estar-las-redes-sociales\/#breadcrumb"},"inLanguage":"es","potentialAction":[{"@type":"ReadAction","target":["https:\/\/www.abrima.com\/blog\/las-empresas-tienen-estar-las-redes-sociales\/"]}]},{"@type":"BreadcrumbList","@id":"https:\/\/www.abrima.com\/blog\/las-empresas-tienen-estar-las-redes-sociales\/#breadcrumb","itemListElement":[{"@type":"ListItem","position":1,"name":"Portada","item":"https:\/\/www.abrima.com\/blog\/"},{"@type":"ListItem","position":2,"name":"\u00bfPor qu\u00e9 las empresas tienen que estar en las redes sociales?"}]},{"@type":"Article","@id":"https:\/\/www.abrima.com\/blog\/las-empresas-tienen-estar-las-redes-sociales\/#article","isPartOf":{"@id":"https:\/\/www.abrima.com\/blog\/las-empresas-tienen-estar-las-redes-sociales\/#webpage"},"author":{"@id":"https:\/\/www.abrima.com\/blog\/#\/schema\/person\/b768d5411164cb8b8d58f72cdf4e11e8"},"headline":"\u00bfPor qu\u00e9 las empresas tienen que estar en las redes sociales?","datePublished":"2016-06-07T18:57:24+00:00","dateModified":"2016-06-07T18:57:24+00:00","mainEntityOfPage":{"@id":"https:\/\/www.abrima.com\/blog\/las-empresas-tienen-estar-las-redes-sociales\/#webpage"},"wordCount":336,"commentCount":0,"publisher":{"@id":"https:\/\/www.abrima.com\/blog\/#organization"},"image":{"@id":"https:\/\/www.abrima.com\/blog\/las-empresas-tienen-estar-las-redes-sociales\/#primaryimage"},"thumbnailUrl":"http:\/\/www.trecebits.com\/wp-content\/uploads\/2016\/06\/shutterstock_156141602-595x397.jpg","articleSection":["Redes Sociales"],"inLanguage":"es","potentialAction":[{"@type":"CommentAction","name":"Comment","target":["https:\/\/www.abrima.com\/blog\/las-empresas-tienen-estar-las-redes-sociales\/#respond"]}]},{"@type":"Person","@id":"https:\/\/www.abrima.com\/blog\/#\/schema\/person\/b768d5411164cb8b8d58f72cdf4e11e8","name":"Abrima","image":{"@type":"ImageObject","inLanguage":"es","@id":"https:\/\/www.abrima.com\/blog\/#\/schema\/person\/image\/","url":"https:\/\/secure.gravatar.com\/avatar\/5cc72c9c6b371583c943a070dff20409?s=96&d=mm&r=g","contentUrl":"https:\/\/secure.gravatar.com\/avatar\/5cc72c9c6b371583c943a070dff20409?s=96&d=mm&r=g","caption":"Abrima"},"url":"https:\/\/www.abrima.com\/blog\/author\/abrima\/"}]}},"amp_enabled":true,"_links":{"self":[{"href":"https:\/\/www.abrima.com\/blog\/wp-json\/wp\/v2\/posts\/4366"}],"collection":[{"href":"https:\/\/www.abrima.com\/blog\/wp-json\/wp\/v2\/posts"}],"about":[{"href":"https:\/\/www.abrima.com\/blog\/wp-json\/wp\/v2\/types\/post"}],"author":[{"embeddable":true,"href":"https:\/\/www.abrima.com\/blog\/wp-json\/wp\/v2\/users\/1"}],"replies":[{"embeddable":true,"href":"https:\/\/www.abrima.com\/blog\/wp-json\/wp\/v2\/comments?post=4366"}],"version-history":[{"count":1,"href":"https:\/\/www.abrima.com\/blog\/wp-json\/wp\/v2\/posts\/4366\/revisions"}],"predecessor-version":[{"id":4367,"href":"https:\/\/www.abrima.com\/blog\/wp-json\/wp\/v2\/posts\/4366\/revisions\/4367"}],"wp:attachment":[{"href":"https:\/\/www.abrima.com\/blog\/wp-json\/wp\/v2\/media?parent=4366"}],"wp:term":[{"taxonomy":"category","embeddable":true,"href":"https:\/\/www.abrima.com\/blog\/wp-json\/wp\/v2\/categories?post=4366"},{"taxonomy":"post_tag","embeddable":true,"href":"https:\/\/www.abrima.com\/blog\/wp-json\/wp\/v2\/tags?post=4366"}],"curies":[{"name":"wp","href":"https:\/\/api.w.org\/{rel}","templated":true}]}}