{"id":4357,"date":"2016-06-03T19:15:28","date_gmt":"2016-06-03T19:15:28","guid":{"rendered":"http:\/\/www.abrima.com\/blog\/?p=4357"},"modified":"2016-06-03T19:15:28","modified_gmt":"2016-06-03T19:15:28","slug":"actuar-metemos-la-pata-las-redes-sociales","status":"publish","type":"post","link":"https:\/\/www.abrima.com\/blog\/actuar-metemos-la-pata-las-redes-sociales\/","title":{"rendered":"C\u00f3mo actuar si metemos la pata en las redes sociales"},"content":{"rendered":"<p><img src=\"http:\/\/www.trecebits.com\/wp-content\/uploads\/2016\/06\/shutterstock_407020810-595x397.jpg\" alt=\"shutterstock_407020810\" \/><\/p>\n<p>Una crisis 2.0 no se diferencia mucho de las tradicionales. En definitiva, podemos decir que una crisis 2.0 es cuando \u201cmetemos la pata\u201d pero lo hacemos en una red social. Sin m\u00e1s.<\/p>\n<p>Tenemos que desdramatizar el error, hay quienes no quieren utilizar las redes sociales por miedo a equivocarse y que eso tenga mayores consecuencias. Bueno, estar\u00edamos perdiendo la oportunidad de usar unas herramientas que tenemos en la palma de nuestra mano y a las que podemos sacar mucho partido. \u00bfQu\u00e9 es lo que debemos hacer?<\/p>\n<p>Podemos distinguir dos tipos: errores en nuestras cuentas personales, que nos va a afectar a nuestra reputaci\u00f3n o a nuestra marca personal y errores cometidos en las cuentas corporativas. Aunque la manera de prevenir y actuar en una y otra son distintas, s\u00ed que hay ciertos elementos comunes.<\/p>\n<p>Nosotros hoy nos vamos a centrar en nuestras cuentas personales, \u00bfc\u00f3mo podemos hacer para no meter la pata en las redes sociales y qu\u00e9 podemos hacer si hemos cometido alg\u00fan error?<\/p>\n<ul>\n<li>\n<h2><strong>No tener miedo a las redes sociales. Usarlas con educaci\u00f3n.<\/strong><\/h2>\n<\/li>\n<\/ul>\n<p>Usarlas con responsabilidad y con sentido com\u00fan, siendo conscientes de lo que implica su uso, de c\u00f3mo puede afectar a nuestra reputaci\u00f3n y c\u00f3mo nos pueden ayudar a conseguir nuestros objetivos.<\/p>\n<p>Aprender a utilizar cada plataforma en la que nos damos de alta y conocer cu\u00e1les son peculiaridades. Hay redes que son p\u00fablicas, otras en las que podemos interactuar \u00fanicamente con nuestros amigos\u2026<\/p>\n<ul>\n<li>\n<h2><strong>Leer condiciones de uso y configurar el perfil<\/strong><\/h2>\n<\/li>\n<\/ul>\n<p>Leer las condiciones de uso que firmamos al darnos de alta en la red social para saber a qu\u00e9 nos comprometemos, de qui\u00e9n ser\u00e1<\/p>\n<p>As\u00ed sabremos en todo momento con qui\u00e9n estamos compartiendo nuestra informaci\u00f3n, podremos establecer grupos, etc<\/p>\n<ul>\n<li>\n<h2><strong>Prevenci\u00f3n<\/strong><\/h2>\n<\/li>\n<\/ul>\n<p>Antes de publicar un mensaje, una fotograf\u00eda, un v\u00eddeo\u2026 en una red social, antes de darle a publicar, da un paso atr\u00e1s y dedica un minuto a analizar qu\u00e9 implicaciones podr\u00eda tener para ti realizar esa publicaci\u00f3n. Analiza, con sentido com\u00fan, si pod\u00eda afectarte a tu trabajo si la leyera tu jefe, o si te est\u00e1s posicionando por ejemplo pol\u00edticamente y eso podr\u00eda tener consecuencias negativas para ti en un futuro.<\/p>\n<p>Se recomienda:<\/p>\n<ul>\n<li>No ofrecer informaci\u00f3n personal. Seguridad<\/li>\n<li>No hablar mal del trabajo o los superiores<\/li>\n<li>No discutir. Hablar siempre con respeto y educaci\u00f3n<\/li>\n<li>No pedir favores<\/li>\n<li>No actualizar constantemente<\/li>\n<li>No posicionarse pol\u00edticamente de forma extrema<\/li>\n<li>No subir fotograf\u00edas de ni\u00f1os (a no ser que sean tuyos)<\/li>\n<\/ul>\n<p>&nbsp;<\/p>\n<ul>\n<li>\n<h2><strong>Si hemos metido la pata en redes sociales<\/strong><\/h2>\n<\/li>\n<\/ul>\n<p>Depender\u00e1 mucho del tipo de error que hayamos cometido, pero s\u00ed que hay una serie de pasos b\u00e1sicos que nos van a ayudar a resolver una situaci\u00f3n de crisis. Este proceso debe ser muy r\u00e1pido porque cuando se produce un error lo mejor es ponerle soluci\u00f3n cuanto antes, el tiempo es oro. Pasos para reaccionar ante una crisis 2.0:<\/p>\n<p><strong>No precipitarse.<\/strong> No hay que precipitarse, hay que mantener la calma y la cabeza bien fr\u00eda para no dar un paso que pudiera ir en contra de nuestros intereses. Una mala respuesta va a agravar la situaci\u00f3n, efecto bola de nieve y que acabe viraliz\u00e1ndose el problema.<\/p>\n<p><strong>An\u00e1lisis de la situaci\u00f3n.<\/strong> A qui\u00e9n afecta, c\u00f3mo, si el error ocurri\u00f3 hace mucho tiempo y c\u00f3mo ha ido afectando a nuestra reputaci\u00f3n online\u2026<\/p>\n<p><strong>Ofrecer una respuesta con transparencia.<\/strong> Lo importante es siempre pedir disculpas, si por ejemplo, hemos tuiteado una informaci\u00f3n que no era verdadera, o hemos publicado una falta de ortograf\u00eda\u2026 Al final, las personas en redes sociales estamos siguiendo a otras personas y asumimos que se puede meter la pata, con esto se suele solucionar el problema.<\/p>\n<p>Esto vale tanto para perfiles personales como para empresas, al final detr\u00e1s de una cuenta de empresa tambi\u00e9n hay un community manager que ha podido cometer un error humano.<\/p>\n<p>Lo peor que podemos hacer es enfrentarnos a quien nos est\u00e1 recriminando que hemos metido la pata, siempre tenemos que tener capacidad de escucha y de reacci\u00f3n. O negar el problema, no podemos negar las cr\u00edticas y hay que dar la cara con honestidad.<\/p>\n<p>Al contrario, hay que agradecer las cr\u00edticas constructivas, tomarlas en cuenta\u2026 y buscar una relaci\u00f3n de confianza con los seguidores.<\/p>\n<p><strong>Control.<\/strong> Es fundamental monitorizar c\u00f3mo evoluciona la respuesta que se ha dado, para ver si ese problema que ten\u00edamos se ha resuelto o si hay que tomar alguna que otra medida.<\/p>\n<h2><strong>\u00bfConviene borrar los tuits?<\/strong><\/h2>\n<p>En l\u00edneas generales, la respuesta ser\u00eda que no. Si hemos publicado un tuit que no deb\u00edamos, lo mejor es pedir disculpas y seguir hacia adelante. Borrarlo suele carecer de sentido porque siempre habr\u00e1 quien haya podido hacer un pantallazo o quien est\u00e9 utilizando un gestor de redes sociales tipo hootsuite.<\/p>\n<p>Ahora bien, si hemos cometido una falta de ortograf\u00eda, o hemos dado una respuesta que nos puede perjudicar de alg\u00fan modo, pues lo quitamos pensando en esas personas que puedan llegar a nuestro perfil, pero siempre siendo conscientes de que alguien puede conservarlo.<\/p>\n<p>Fuente: <a href=\"http:\/\/www.trecebits.com\/2016\/06\/03\/como-actuar-si-metemos-la-pata-en-las-redes-sociales\/\">Trecebits<\/a><\/p>\n","protected":false},"excerpt":{"rendered":"<p>Una crisis 2.0 no se diferencia mucho de las tradicionales. En definitiva, podemos decir que una crisis 2.0 es cuando \u201cmetemos la pata\u201d pero lo [&hellip;]<\/p>\n","protected":false},"author":1,"featured_media":0,"comment_status":"open","ping_status":"open","sticky":false,"template":"","format":"standard","meta":{"_monsterinsights_skip_tracking":false,"_monsterinsights_sitenote_active":false,"_monsterinsights_sitenote_note":"","_monsterinsights_sitenote_category":0},"categories":[16],"tags":[],"yoast_head":"<!-- This site is optimized with the Yoast SEO plugin v19.1 - https:\/\/yoast.com\/wordpress\/plugins\/seo\/ -->\n<title>C\u00f3mo actuar si metemos la pata en las redes sociales - Blog de Tecnolog\u00eda - Abrima<\/title>\n<meta name=\"robots\" content=\"index, follow, max-snippet:-1, max-image-preview:large, max-video-preview:-1\" \/>\n<link rel=\"canonical\" href=\"https:\/\/www.abrima.com\/blog\/actuar-metemos-la-pata-las-redes-sociales\/\" \/>\n<meta property=\"og:locale\" content=\"es_ES\" \/>\n<meta property=\"og:type\" content=\"article\" \/>\n<meta property=\"og:title\" content=\"C\u00f3mo actuar si metemos la pata en las redes sociales - Blog de Tecnolog\u00eda - Abrima\" \/>\n<meta property=\"og:description\" content=\"Una crisis 2.0 no se diferencia mucho de las tradicionales. En definitiva, podemos decir que una crisis 2.0 es cuando \u201cmetemos la pata\u201d pero lo [&hellip;]\" \/>\n<meta property=\"og:url\" content=\"https:\/\/www.abrima.com\/blog\/actuar-metemos-la-pata-las-redes-sociales\/\" \/>\n<meta property=\"og:site_name\" content=\"Blog de Tecnolog\u00eda - Abrima\" \/>\n<meta property=\"article:publisher\" content=\"https:\/\/www.facebook.com\/abrimawebs\/\" \/>\n<meta property=\"article:published_time\" content=\"2016-06-03T19:15:28+00:00\" \/>\n<meta property=\"og:image\" content=\"http:\/\/www.trecebits.com\/wp-content\/uploads\/2016\/06\/shutterstock_407020810-595x397.jpg\" \/>\n<meta name=\"twitter:label1\" content=\"Escrito por\" \/>\n\t<meta name=\"twitter:data1\" content=\"Abrima\" \/>\n\t<meta name=\"twitter:label2\" content=\"Tiempo de lectura\" \/>\n\t<meta name=\"twitter:data2\" content=\"4 minutos\" \/>\n<script type=\"application\/ld+json\" class=\"yoast-schema-graph\">{\"@context\":\"https:\/\/schema.org\",\"@graph\":[{\"@type\":\"Organization\",\"@id\":\"https:\/\/www.abrima.com\/blog\/#organization\",\"name\":\"Abrima\",\"url\":\"https:\/\/www.abrima.com\/blog\/\",\"sameAs\":[\"https:\/\/www.linkedin.com\/company\/abrima-soluciones-web\/\",\"https:\/\/www.youtube.com\/user\/abrimawebs\",\"https:\/\/www.facebook.com\/abrimawebs\/\",\"https:\/\/twitter.com\/abrimaweb\"],\"logo\":{\"@type\":\"ImageObject\",\"inLanguage\":\"es\",\"@id\":\"https:\/\/www.abrima.com\/blog\/#\/schema\/logo\/image\/\",\"url\":\"https:\/\/www.abrima.com\/blog\/wp-content\/uploads\/2018\/03\/abrima-logo.png\",\"contentUrl\":\"https:\/\/www.abrima.com\/blog\/wp-content\/uploads\/2018\/03\/abrima-logo.png\",\"width\":700,\"height\":700,\"caption\":\"Abrima\"},\"image\":{\"@id\":\"https:\/\/www.abrima.com\/blog\/#\/schema\/logo\/image\/\"}},{\"@type\":\"WebSite\",\"@id\":\"https:\/\/www.abrima.com\/blog\/#website\",\"url\":\"https:\/\/www.abrima.com\/blog\/\",\"name\":\"Blog de Tecnolog\u00eda - Abrima\",\"description\":\"Blog sobre todo lo relacionado con Cloud, Marketing Digital y Web\",\"publisher\":{\"@id\":\"https:\/\/www.abrima.com\/blog\/#organization\"},\"potentialAction\":[{\"@type\":\"SearchAction\",\"target\":{\"@type\":\"EntryPoint\",\"urlTemplate\":\"https:\/\/www.abrima.com\/blog\/?s={search_term_string}\"},\"query-input\":\"required name=search_term_string\"}],\"inLanguage\":\"es\"},{\"@type\":\"ImageObject\",\"inLanguage\":\"es\",\"@id\":\"https:\/\/www.abrima.com\/blog\/actuar-metemos-la-pata-las-redes-sociales\/#primaryimage\",\"url\":\"http:\/\/www.trecebits.com\/wp-content\/uploads\/2016\/06\/shutterstock_407020810-595x397.jpg\",\"contentUrl\":\"http:\/\/www.trecebits.com\/wp-content\/uploads\/2016\/06\/shutterstock_407020810-595x397.jpg\"},{\"@type\":\"WebPage\",\"@id\":\"https:\/\/www.abrima.com\/blog\/actuar-metemos-la-pata-las-redes-sociales\/#webpage\",\"url\":\"https:\/\/www.abrima.com\/blog\/actuar-metemos-la-pata-las-redes-sociales\/\",\"name\":\"C\u00f3mo actuar si metemos la pata en las redes sociales - Blog de Tecnolog\u00eda - Abrima\",\"isPartOf\":{\"@id\":\"https:\/\/www.abrima.com\/blog\/#website\"},\"primaryImageOfPage\":{\"@id\":\"https:\/\/www.abrima.com\/blog\/actuar-metemos-la-pata-las-redes-sociales\/#primaryimage\"},\"datePublished\":\"2016-06-03T19:15:28+00:00\",\"dateModified\":\"2016-06-03T19:15:28+00:00\",\"breadcrumb\":{\"@id\":\"https:\/\/www.abrima.com\/blog\/actuar-metemos-la-pata-las-redes-sociales\/#breadcrumb\"},\"inLanguage\":\"es\",\"potentialAction\":[{\"@type\":\"ReadAction\",\"target\":[\"https:\/\/www.abrima.com\/blog\/actuar-metemos-la-pata-las-redes-sociales\/\"]}]},{\"@type\":\"BreadcrumbList\",\"@id\":\"https:\/\/www.abrima.com\/blog\/actuar-metemos-la-pata-las-redes-sociales\/#breadcrumb\",\"itemListElement\":[{\"@type\":\"ListItem\",\"position\":1,\"name\":\"Portada\",\"item\":\"https:\/\/www.abrima.com\/blog\/\"},{\"@type\":\"ListItem\",\"position\":2,\"name\":\"C\u00f3mo actuar si metemos la pata en las redes sociales\"}]},{\"@type\":\"Article\",\"@id\":\"https:\/\/www.abrima.com\/blog\/actuar-metemos-la-pata-las-redes-sociales\/#article\",\"isPartOf\":{\"@id\":\"https:\/\/www.abrima.com\/blog\/actuar-metemos-la-pata-las-redes-sociales\/#webpage\"},\"author\":{\"@id\":\"https:\/\/www.abrima.com\/blog\/#\/schema\/person\/b768d5411164cb8b8d58f72cdf4e11e8\"},\"headline\":\"C\u00f3mo actuar si metemos la pata en las redes sociales\",\"datePublished\":\"2016-06-03T19:15:28+00:00\",\"dateModified\":\"2016-06-03T19:15:28+00:00\",\"mainEntityOfPage\":{\"@id\":\"https:\/\/www.abrima.com\/blog\/actuar-metemos-la-pata-las-redes-sociales\/#webpage\"},\"wordCount\":888,\"commentCount\":0,\"publisher\":{\"@id\":\"https:\/\/www.abrima.com\/blog\/#organization\"},\"image\":{\"@id\":\"https:\/\/www.abrima.com\/blog\/actuar-metemos-la-pata-las-redes-sociales\/#primaryimage\"},\"thumbnailUrl\":\"http:\/\/www.trecebits.com\/wp-content\/uploads\/2016\/06\/shutterstock_407020810-595x397.jpg\",\"articleSection\":[\"Redes Sociales\"],\"inLanguage\":\"es\",\"potentialAction\":[{\"@type\":\"CommentAction\",\"name\":\"Comment\",\"target\":[\"https:\/\/www.abrima.com\/blog\/actuar-metemos-la-pata-las-redes-sociales\/#respond\"]}]},{\"@type\":\"Person\",\"@id\":\"https:\/\/www.abrima.com\/blog\/#\/schema\/person\/b768d5411164cb8b8d58f72cdf4e11e8\",\"name\":\"Abrima\",\"image\":{\"@type\":\"ImageObject\",\"inLanguage\":\"es\",\"@id\":\"https:\/\/www.abrima.com\/blog\/#\/schema\/person\/image\/\",\"url\":\"https:\/\/secure.gravatar.com\/avatar\/5cc72c9c6b371583c943a070dff20409?s=96&d=mm&r=g\",\"contentUrl\":\"https:\/\/secure.gravatar.com\/avatar\/5cc72c9c6b371583c943a070dff20409?s=96&d=mm&r=g\",\"caption\":\"Abrima\"},\"url\":\"https:\/\/www.abrima.com\/blog\/author\/abrima\/\"}]}<\/script>\n<!-- \/ Yoast SEO plugin. -->","yoast_head_json":{"title":"C\u00f3mo actuar si metemos la pata en las redes sociales - Blog de Tecnolog\u00eda - Abrima","robots":{"index":"index","follow":"follow","max-snippet":"max-snippet:-1","max-image-preview":"max-image-preview:large","max-video-preview":"max-video-preview:-1"},"canonical":"https:\/\/www.abrima.com\/blog\/actuar-metemos-la-pata-las-redes-sociales\/","og_locale":"es_ES","og_type":"article","og_title":"C\u00f3mo actuar si metemos la pata en las redes sociales - Blog de Tecnolog\u00eda - Abrima","og_description":"Una crisis 2.0 no se diferencia mucho de las tradicionales. En definitiva, podemos decir que una crisis 2.0 es cuando \u201cmetemos la pata\u201d pero lo [&hellip;]","og_url":"https:\/\/www.abrima.com\/blog\/actuar-metemos-la-pata-las-redes-sociales\/","og_site_name":"Blog de Tecnolog\u00eda - Abrima","article_publisher":"https:\/\/www.facebook.com\/abrimawebs\/","article_published_time":"2016-06-03T19:15:28+00:00","og_image":[{"url":"http:\/\/www.trecebits.com\/wp-content\/uploads\/2016\/06\/shutterstock_407020810-595x397.jpg"}],"twitter_misc":{"Escrito por":"Abrima","Tiempo de lectura":"4 minutos"},"schema":{"@context":"https:\/\/schema.org","@graph":[{"@type":"Organization","@id":"https:\/\/www.abrima.com\/blog\/#organization","name":"Abrima","url":"https:\/\/www.abrima.com\/blog\/","sameAs":["https:\/\/www.linkedin.com\/company\/abrima-soluciones-web\/","https:\/\/www.youtube.com\/user\/abrimawebs","https:\/\/www.facebook.com\/abrimawebs\/","https:\/\/twitter.com\/abrimaweb"],"logo":{"@type":"ImageObject","inLanguage":"es","@id":"https:\/\/www.abrima.com\/blog\/#\/schema\/logo\/image\/","url":"https:\/\/www.abrima.com\/blog\/wp-content\/uploads\/2018\/03\/abrima-logo.png","contentUrl":"https:\/\/www.abrima.com\/blog\/wp-content\/uploads\/2018\/03\/abrima-logo.png","width":700,"height":700,"caption":"Abrima"},"image":{"@id":"https:\/\/www.abrima.com\/blog\/#\/schema\/logo\/image\/"}},{"@type":"WebSite","@id":"https:\/\/www.abrima.com\/blog\/#website","url":"https:\/\/www.abrima.com\/blog\/","name":"Blog de Tecnolog\u00eda - Abrima","description":"Blog sobre todo lo relacionado con Cloud, Marketing Digital y Web","publisher":{"@id":"https:\/\/www.abrima.com\/blog\/#organization"},"potentialAction":[{"@type":"SearchAction","target":{"@type":"EntryPoint","urlTemplate":"https:\/\/www.abrima.com\/blog\/?s={search_term_string}"},"query-input":"required name=search_term_string"}],"inLanguage":"es"},{"@type":"ImageObject","inLanguage":"es","@id":"https:\/\/www.abrima.com\/blog\/actuar-metemos-la-pata-las-redes-sociales\/#primaryimage","url":"http:\/\/www.trecebits.com\/wp-content\/uploads\/2016\/06\/shutterstock_407020810-595x397.jpg","contentUrl":"http:\/\/www.trecebits.com\/wp-content\/uploads\/2016\/06\/shutterstock_407020810-595x397.jpg"},{"@type":"WebPage","@id":"https:\/\/www.abrima.com\/blog\/actuar-metemos-la-pata-las-redes-sociales\/#webpage","url":"https:\/\/www.abrima.com\/blog\/actuar-metemos-la-pata-las-redes-sociales\/","name":"C\u00f3mo actuar si metemos la pata en las redes sociales - Blog de Tecnolog\u00eda - Abrima","isPartOf":{"@id":"https:\/\/www.abrima.com\/blog\/#website"},"primaryImageOfPage":{"@id":"https:\/\/www.abrima.com\/blog\/actuar-metemos-la-pata-las-redes-sociales\/#primaryimage"},"datePublished":"2016-06-03T19:15:28+00:00","dateModified":"2016-06-03T19:15:28+00:00","breadcrumb":{"@id":"https:\/\/www.abrima.com\/blog\/actuar-metemos-la-pata-las-redes-sociales\/#breadcrumb"},"inLanguage":"es","potentialAction":[{"@type":"ReadAction","target":["https:\/\/www.abrima.com\/blog\/actuar-metemos-la-pata-las-redes-sociales\/"]}]},{"@type":"BreadcrumbList","@id":"https:\/\/www.abrima.com\/blog\/actuar-metemos-la-pata-las-redes-sociales\/#breadcrumb","itemListElement":[{"@type":"ListItem","position":1,"name":"Portada","item":"https:\/\/www.abrima.com\/blog\/"},{"@type":"ListItem","position":2,"name":"C\u00f3mo actuar si metemos la pata en las redes sociales"}]},{"@type":"Article","@id":"https:\/\/www.abrima.com\/blog\/actuar-metemos-la-pata-las-redes-sociales\/#article","isPartOf":{"@id":"https:\/\/www.abrima.com\/blog\/actuar-metemos-la-pata-las-redes-sociales\/#webpage"},"author":{"@id":"https:\/\/www.abrima.com\/blog\/#\/schema\/person\/b768d5411164cb8b8d58f72cdf4e11e8"},"headline":"C\u00f3mo actuar si metemos la pata en las redes sociales","datePublished":"2016-06-03T19:15:28+00:00","dateModified":"2016-06-03T19:15:28+00:00","mainEntityOfPage":{"@id":"https:\/\/www.abrima.com\/blog\/actuar-metemos-la-pata-las-redes-sociales\/#webpage"},"wordCount":888,"commentCount":0,"publisher":{"@id":"https:\/\/www.abrima.com\/blog\/#organization"},"image":{"@id":"https:\/\/www.abrima.com\/blog\/actuar-metemos-la-pata-las-redes-sociales\/#primaryimage"},"thumbnailUrl":"http:\/\/www.trecebits.com\/wp-content\/uploads\/2016\/06\/shutterstock_407020810-595x397.jpg","articleSection":["Redes Sociales"],"inLanguage":"es","potentialAction":[{"@type":"CommentAction","name":"Comment","target":["https:\/\/www.abrima.com\/blog\/actuar-metemos-la-pata-las-redes-sociales\/#respond"]}]},{"@type":"Person","@id":"https:\/\/www.abrima.com\/blog\/#\/schema\/person\/b768d5411164cb8b8d58f72cdf4e11e8","name":"Abrima","image":{"@type":"ImageObject","inLanguage":"es","@id":"https:\/\/www.abrima.com\/blog\/#\/schema\/person\/image\/","url":"https:\/\/secure.gravatar.com\/avatar\/5cc72c9c6b371583c943a070dff20409?s=96&d=mm&r=g","contentUrl":"https:\/\/secure.gravatar.com\/avatar\/5cc72c9c6b371583c943a070dff20409?s=96&d=mm&r=g","caption":"Abrima"},"url":"https:\/\/www.abrima.com\/blog\/author\/abrima\/"}]}},"amp_enabled":true,"_links":{"self":[{"href":"https:\/\/www.abrima.com\/blog\/wp-json\/wp\/v2\/posts\/4357"}],"collection":[{"href":"https:\/\/www.abrima.com\/blog\/wp-json\/wp\/v2\/posts"}],"about":[{"href":"https:\/\/www.abrima.com\/blog\/wp-json\/wp\/v2\/types\/post"}],"author":[{"embeddable":true,"href":"https:\/\/www.abrima.com\/blog\/wp-json\/wp\/v2\/users\/1"}],"replies":[{"embeddable":true,"href":"https:\/\/www.abrima.com\/blog\/wp-json\/wp\/v2\/comments?post=4357"}],"version-history":[{"count":1,"href":"https:\/\/www.abrima.com\/blog\/wp-json\/wp\/v2\/posts\/4357\/revisions"}],"predecessor-version":[{"id":4358,"href":"https:\/\/www.abrima.com\/blog\/wp-json\/wp\/v2\/posts\/4357\/revisions\/4358"}],"wp:attachment":[{"href":"https:\/\/www.abrima.com\/blog\/wp-json\/wp\/v2\/media?parent=4357"}],"wp:term":[{"taxonomy":"category","embeddable":true,"href":"https:\/\/www.abrima.com\/blog\/wp-json\/wp\/v2\/categories?post=4357"},{"taxonomy":"post_tag","embeddable":true,"href":"https:\/\/www.abrima.com\/blog\/wp-json\/wp\/v2\/tags?post=4357"}],"curies":[{"name":"wp","href":"https:\/\/api.w.org\/{rel}","templated":true}]}}