{"id":4343,"date":"2016-06-01T04:37:44","date_gmt":"2016-06-01T04:37:44","guid":{"rendered":"http:\/\/www.abrima.com\/blog\/?p=4343"},"modified":"2016-06-01T04:37:44","modified_gmt":"2016-06-01T04:37:44","slug":"usar-los-hashtags-red-social","status":"publish","type":"post","link":"https:\/\/www.abrima.com\/blog\/usar-los-hashtags-red-social\/","title":{"rendered":"C\u00f3mo usar los #hashtags en cada red social"},"content":{"rendered":"<p><a href=\"http:\/\/www.trecebits.com\/wp-content\/uploads\/2016\/05\/Hashtags-1.jpg\" rel=\"attachment wp-att-32515\"><img loading=\"lazy\" class=\"aligncenter wp-image-32515 size-large\" src=\"http:\/\/www.trecebits.com\/wp-content\/uploads\/2016\/05\/Hashtags-1-595x398.jpg\" sizes=\"(max-width: 595px) 100vw, 595px\" srcset=\"http:\/\/www.trecebits.com\/wp-content\/uploads\/2016\/05\/Hashtags-1-250x167.jpg 250w, http:\/\/www.trecebits.com\/wp-content\/uploads\/2016\/05\/Hashtags-1-768x514.jpg 768w, http:\/\/www.trecebits.com\/wp-content\/uploads\/2016\/05\/Hashtags-1-595x398.jpg 595w, http:\/\/www.trecebits.com\/wp-content\/uploads\/2016\/05\/Hashtags-1.jpg 1600w\" alt=\"\" width=\"595\" height=\"398\" \/><\/a><\/p>\n<p>Los <strong>hashtags (en castellano los llamar\u00edamos etiquetas) <\/strong>son tremendamente \u00fatiles para ordenar las conversaciones en las redes sociales y tambi\u00e9n para generar m\u00e1s interacciones (me gustas, m\u00e1s compartidos\u2026). No s\u00f3lo se usan en Twitter, aunque fue la primera red social en la que se comenzaron a usar.<\/p>\n<h2><strong>Un poco de historia\u2026<\/strong><\/h2>\n<p>La realidad es que el s\u00edmbolo del hashtag nos ha acompa\u00f1ado durante d\u00e9cadas en los tel\u00e9fonos fijos desde que se crearon los de tecla, pero nunca se ha conocido una utilidad real para la almohadilla. Tambi\u00e9n se utilizaban en programas de chat como IRC pero no fue hasta 2007 cuando Chris Messina, un trabajador de Google en aquel entonces, sugiri\u00f3 utilizarlos para crear grupos.<\/p>\n<p>No fue hasta tres a\u00f1os m\u00e1s tarde cuando comenzaron a popularizarse, ya en 2010. En castellano los traducir\u00edamos como \u201cetiquetas\u201d y con ellos se pone orden a la gran cantidad de contenido que se comparte en Twitter. Al anteponer el s\u00edmbolo de la almohadilla (#) a una palabra la convertimos en hashtag. As\u00ed permitimos que un usuario que pulse sobre ella acceda a una p\u00e1gina en la que se muestran otros tuits que tambi\u00e9n la incluyen.<\/p>\n<h2>Pistas para sacar m\u00e1s partido a los Hashtags<\/h2>\n<p>A pesar de que se han popularizado enormemente, a muchos usuarios les cuesta todav\u00eda utilizar los hashtags con correcci\u00f3n. Su uso es altamente recomendable, puesto que incrementan mucho la interacci\u00f3n. De hecho se calcula que <strong>hasta un 20% de los mensajes que incluyen hashtag son retuiteados<\/strong>.<\/p>\n<ol>\n<li><strong>Contextualiza<\/strong>. Incluye un hashtag para enmarcar tu contenido dentro de una tem\u00e1tica. Ayuda a quienes leen el tuit y sirve para que otras personas interesadas en ella puedan encontrarlos, lo que aportar\u00e1 m\u00e1s visibilidad a tus mensajes.<\/li>\n<li><strong>Utiliza hashtags ya populares<\/strong>. Antes de crear tu propio hashtag, busca en Twitter si los usuarios ya est\u00e1n utilizando alguno sobre este tema. Esto servir\u00e1 para enmarcar tu mensaje dentro de una conversaci\u00f3n ya existente y para que no quede aislado. Si todo el mundo usa el hashtag #LaLiga, deber\u00edas utilizar ese, porque si pones #LigadeF\u00fatbolProf.<\/li>\n<li><strong>Emplea hashtags oficiales<\/strong>. En eventos y conferencias es ya una pr\u00e1ctica com\u00fan establecer un hashtag Us\u00e1ndolo, lograr\u00e1s que tus mensajes obtengan mayor visibilidad, ya que podr\u00e1n llegar a personas que no te siguen pero que buscan el contenido que se publica bajo ese determinado hashtag.<\/li>\n<li><strong>Crea tus propios hashtags.<\/strong> Lo expuesto en los anteriores consejos no quiere decir que no nos sintamos libres de crear nuestros propios hashtags. Esto nos ser\u00e1 muy \u00fatil si estamos organizando un evento o queremos hablar de un determinado tema de actualidad. Si elegimos un hashtag adecuado, otros usuarios comenzar\u00e1n a utilizarlo.<\/li>\n<li><strong>Brevedad<\/strong>. Recuerda que los hashtag est\u00e1n compuestos por caracteres que se cuentan dentro de los 140 que tienes disponibles al enviar el mensaje, por eso se recomienda concisi\u00f3n y brevedad. #Laligadefutbolprofesional no ser\u00eda un hashtag recomendable, pues nos obligar\u00eda a emplear 26 caracteres de los 140 que tenemos, reduciendo el espacio para el mensaje en s\u00ed.<\/li>\n<li><strong>Usa <strong>may\u00fasculas y min\u00fasculas<\/strong><\/strong>: Cuando escribas un <em>hashtag<\/em> compuesto por dos palabras o m\u00e1s, es conveniente poner en may\u00fasculas la primera letra de cada palabra, pues as\u00ed facilitas la identificaci\u00f3n y la lectura a los usuarios.<\/li>\n<li><strong>No abuses de los hashtags.<\/strong> #No #uses #un #hashtag #para #cada #palabra. Util\u00edzalos \u00fanicamente cuando sea necesario y puedan aportar valor. En este ejemplo\u2026 \u00bfqu\u00e9 puede aportar el hashtag en la palabra \u00ab#para\u00bb? Nada. Como norma general, incluye un \u00fanico hashtag, como mucho, dos, en un mismo tuit. Si pones muchos en un mismo mensaje puedes llegar a confundir al usuario o lograr que se canse.<\/li>\n<li><strong>No utilices hashtags equ\u00edvocos. <\/strong>Si lo que vas a compartir no tiene relaci\u00f3n con la tem\u00e1tica de las etiquetas m\u00e1s populares en Twitter en un determinado momento, no las incluyas s\u00f3lo para que la gente que busca por esos t\u00e9rminos pueda encontrar tu mensaje. Esto puede enfadar a muchos usuarios e incluso alguno podr\u00eda denunciarte por spam.<\/li>\n<\/ol>\n<h2>Los hashtags en otras redes sociales<\/h2>\n<p>Estas recomendaciones son principalmente para Twitter pero tambi\u00e9n nos valen para otras redes sociales.\u00bfC\u00f3mo deber\u00edamos utilizarlos en cada una de ellas?<\/p>\n<p><strong>Hashtags en Instagram<br \/>\n<\/strong><\/p>\n<ul>\n<li>Son a mejor manera que tenemos para ordenar la conversaci\u00f3n pero tambi\u00e9n para dar m\u00e1s visibilidad a nuestras fotograf\u00edas y que la gente encuentre im\u00e1genes de temas que les interese.<\/li>\n<li>El aumento en n\u00famero de seguidores est\u00e1 muy relacionado con el uso de hashtags.<\/li>\n<li>Al contrario que en Twitter, donde se recomienda utilizar uno solo, aqu\u00ed podemos utilizar tantos cuantos queramos, sin pasarse, pero no hay que preocuparse si utilizamos 8 o 10. Eso s\u00ed, el l\u00edmite est\u00e1 en 30. Si nos pasamos, la foto se publicar\u00e1 sin un solo hashtag.<\/li>\n<li>Podemos usar variables en otros idiomas.<\/li>\n<li>Dejarnos guiar por el buscador de hashtags, que ofrece los resultados de cu\u00e1ntas im\u00e1genes hay etiquetadas con un determinado hashtag.<\/li>\n<\/ul>\n<p><strong>Hashtags en Facebook.<\/strong><\/p>\n<p>No muchos usuarios los utilizan todav\u00eda pero son \u00fatiles. Al a\u00f1adir el s\u00edmbolo # a una palabra se convierte en hashtag y se convierte en un enlace sobre el que los usuarios pueden hacer clic.<\/p>\n<p>Al pulsar sobre ellos ir\u00edamos a un listado de actualizaciones que incluyeran ese hashtag, pero s\u00f3lo ver\u00edamos aquellos que se han compartido con nosotros o que sean p\u00fablicos.<\/p>\n<p><strong>Hashtags en Pinterest<\/strong><\/p>\n<p>Como curiosidad, en Pinterest no funcionan los hashtags como en todas las redes sociales. No podemos ponerlos en la bio (en Twitter si) y cuando pulsas sobre ellos pueden aparecer fotos que incluyan esos hashtags pero tambi\u00e9n que incluyan esas palabras en su descripci\u00f3n a\u00fan sin ser hashtags. Adem\u00e1s no aparecen ordenados cronol\u00f3gicamente.<\/p>\n<p>Fuente: <a href=\"http:\/\/www.trecebits.com\/2016\/05\/31\/como-usar-los-hashtags-en-cada-red-social\/\">Trecebits<\/a><\/p>\n","protected":false},"excerpt":{"rendered":"<p>Los hashtags (en castellano los llamar\u00edamos etiquetas) son tremendamente \u00fatiles para ordenar las conversaciones en las redes sociales y tambi\u00e9n para generar m\u00e1s interacciones (me [&hellip;]<\/p>\n","protected":false},"author":1,"featured_media":0,"comment_status":"open","ping_status":"open","sticky":false,"template":"","format":"standard","meta":{"_monsterinsights_skip_tracking":false,"_monsterinsights_sitenote_active":false,"_monsterinsights_sitenote_note":"","_monsterinsights_sitenote_category":0},"categories":[16],"tags":[],"yoast_head":"<!-- This site is optimized with the Yoast SEO plugin v19.1 - https:\/\/yoast.com\/wordpress\/plugins\/seo\/ -->\n<title>C\u00f3mo usar los #hashtags en cada red social - Blog de Tecnolog\u00eda - Abrima<\/title>\n<meta name=\"robots\" content=\"index, follow, max-snippet:-1, max-image-preview:large, max-video-preview:-1\" \/>\n<link rel=\"canonical\" href=\"https:\/\/www.abrima.com\/blog\/usar-los-hashtags-red-social\/\" \/>\n<meta property=\"og:locale\" content=\"es_ES\" \/>\n<meta property=\"og:type\" content=\"article\" \/>\n<meta property=\"og:title\" content=\"C\u00f3mo usar los #hashtags en cada red social - Blog de Tecnolog\u00eda - Abrima\" \/>\n<meta property=\"og:description\" content=\"Los hashtags (en castellano los llamar\u00edamos etiquetas) son tremendamente \u00fatiles para ordenar las conversaciones en las redes sociales y tambi\u00e9n para generar m\u00e1s interacciones (me [&hellip;]\" \/>\n<meta property=\"og:url\" content=\"https:\/\/www.abrima.com\/blog\/usar-los-hashtags-red-social\/\" \/>\n<meta property=\"og:site_name\" content=\"Blog de Tecnolog\u00eda - Abrima\" \/>\n<meta property=\"article:publisher\" content=\"https:\/\/www.facebook.com\/abrimawebs\/\" \/>\n<meta property=\"article:published_time\" content=\"2016-06-01T04:37:44+00:00\" \/>\n<meta property=\"og:image\" content=\"http:\/\/www.trecebits.com\/wp-content\/uploads\/2016\/05\/Hashtags-1-595x398.jpg\" \/>\n<meta name=\"twitter:label1\" content=\"Escrito por\" \/>\n\t<meta name=\"twitter:data1\" content=\"Abrima\" \/>\n\t<meta name=\"twitter:label2\" content=\"Tiempo de lectura\" \/>\n\t<meta name=\"twitter:data2\" content=\"5 minutos\" \/>\n<script type=\"application\/ld+json\" class=\"yoast-schema-graph\">{\"@context\":\"https:\/\/schema.org\",\"@graph\":[{\"@type\":\"Organization\",\"@id\":\"https:\/\/www.abrima.com\/blog\/#organization\",\"name\":\"Abrima\",\"url\":\"https:\/\/www.abrima.com\/blog\/\",\"sameAs\":[\"https:\/\/www.linkedin.com\/company\/abrima-soluciones-web\/\",\"https:\/\/www.youtube.com\/user\/abrimawebs\",\"https:\/\/www.facebook.com\/abrimawebs\/\",\"https:\/\/twitter.com\/abrimaweb\"],\"logo\":{\"@type\":\"ImageObject\",\"inLanguage\":\"es\",\"@id\":\"https:\/\/www.abrima.com\/blog\/#\/schema\/logo\/image\/\",\"url\":\"https:\/\/www.abrima.com\/blog\/wp-content\/uploads\/2018\/03\/abrima-logo.png\",\"contentUrl\":\"https:\/\/www.abrima.com\/blog\/wp-content\/uploads\/2018\/03\/abrima-logo.png\",\"width\":700,\"height\":700,\"caption\":\"Abrima\"},\"image\":{\"@id\":\"https:\/\/www.abrima.com\/blog\/#\/schema\/logo\/image\/\"}},{\"@type\":\"WebSite\",\"@id\":\"https:\/\/www.abrima.com\/blog\/#website\",\"url\":\"https:\/\/www.abrima.com\/blog\/\",\"name\":\"Blog de Tecnolog\u00eda - Abrima\",\"description\":\"Blog sobre todo lo relacionado con Cloud, Marketing Digital y Web\",\"publisher\":{\"@id\":\"https:\/\/www.abrima.com\/blog\/#organization\"},\"potentialAction\":[{\"@type\":\"SearchAction\",\"target\":{\"@type\":\"EntryPoint\",\"urlTemplate\":\"https:\/\/www.abrima.com\/blog\/?s={search_term_string}\"},\"query-input\":\"required name=search_term_string\"}],\"inLanguage\":\"es\"},{\"@type\":\"ImageObject\",\"inLanguage\":\"es\",\"@id\":\"https:\/\/www.abrima.com\/blog\/usar-los-hashtags-red-social\/#primaryimage\",\"url\":\"http:\/\/www.trecebits.com\/wp-content\/uploads\/2016\/05\/Hashtags-1-595x398.jpg\",\"contentUrl\":\"http:\/\/www.trecebits.com\/wp-content\/uploads\/2016\/05\/Hashtags-1-595x398.jpg\"},{\"@type\":\"WebPage\",\"@id\":\"https:\/\/www.abrima.com\/blog\/usar-los-hashtags-red-social\/#webpage\",\"url\":\"https:\/\/www.abrima.com\/blog\/usar-los-hashtags-red-social\/\",\"name\":\"C\u00f3mo usar los #hashtags en cada red social - Blog de Tecnolog\u00eda - Abrima\",\"isPartOf\":{\"@id\":\"https:\/\/www.abrima.com\/blog\/#website\"},\"primaryImageOfPage\":{\"@id\":\"https:\/\/www.abrima.com\/blog\/usar-los-hashtags-red-social\/#primaryimage\"},\"datePublished\":\"2016-06-01T04:37:44+00:00\",\"dateModified\":\"2016-06-01T04:37:44+00:00\",\"breadcrumb\":{\"@id\":\"https:\/\/www.abrima.com\/blog\/usar-los-hashtags-red-social\/#breadcrumb\"},\"inLanguage\":\"es\",\"potentialAction\":[{\"@type\":\"ReadAction\",\"target\":[\"https:\/\/www.abrima.com\/blog\/usar-los-hashtags-red-social\/\"]}]},{\"@type\":\"BreadcrumbList\",\"@id\":\"https:\/\/www.abrima.com\/blog\/usar-los-hashtags-red-social\/#breadcrumb\",\"itemListElement\":[{\"@type\":\"ListItem\",\"position\":1,\"name\":\"Portada\",\"item\":\"https:\/\/www.abrima.com\/blog\/\"},{\"@type\":\"ListItem\",\"position\":2,\"name\":\"C\u00f3mo usar los #hashtags en cada red social\"}]},{\"@type\":\"Article\",\"@id\":\"https:\/\/www.abrima.com\/blog\/usar-los-hashtags-red-social\/#article\",\"isPartOf\":{\"@id\":\"https:\/\/www.abrima.com\/blog\/usar-los-hashtags-red-social\/#webpage\"},\"author\":{\"@id\":\"https:\/\/www.abrima.com\/blog\/#\/schema\/person\/b768d5411164cb8b8d58f72cdf4e11e8\"},\"headline\":\"C\u00f3mo usar los #hashtags en cada red social\",\"datePublished\":\"2016-06-01T04:37:44+00:00\",\"dateModified\":\"2016-06-01T04:37:44+00:00\",\"mainEntityOfPage\":{\"@id\":\"https:\/\/www.abrima.com\/blog\/usar-los-hashtags-red-social\/#webpage\"},\"wordCount\":993,\"commentCount\":0,\"publisher\":{\"@id\":\"https:\/\/www.abrima.com\/blog\/#organization\"},\"image\":{\"@id\":\"https:\/\/www.abrima.com\/blog\/usar-los-hashtags-red-social\/#primaryimage\"},\"thumbnailUrl\":\"http:\/\/www.trecebits.com\/wp-content\/uploads\/2016\/05\/Hashtags-1-595x398.jpg\",\"articleSection\":[\"Redes Sociales\"],\"inLanguage\":\"es\",\"potentialAction\":[{\"@type\":\"CommentAction\",\"name\":\"Comment\",\"target\":[\"https:\/\/www.abrima.com\/blog\/usar-los-hashtags-red-social\/#respond\"]}]},{\"@type\":\"Person\",\"@id\":\"https:\/\/www.abrima.com\/blog\/#\/schema\/person\/b768d5411164cb8b8d58f72cdf4e11e8\",\"name\":\"Abrima\",\"image\":{\"@type\":\"ImageObject\",\"inLanguage\":\"es\",\"@id\":\"https:\/\/www.abrima.com\/blog\/#\/schema\/person\/image\/\",\"url\":\"https:\/\/secure.gravatar.com\/avatar\/5cc72c9c6b371583c943a070dff20409?s=96&d=mm&r=g\",\"contentUrl\":\"https:\/\/secure.gravatar.com\/avatar\/5cc72c9c6b371583c943a070dff20409?s=96&d=mm&r=g\",\"caption\":\"Abrima\"},\"url\":\"https:\/\/www.abrima.com\/blog\/author\/abrima\/\"}]}<\/script>\n<!-- \/ Yoast SEO plugin. -->","yoast_head_json":{"title":"C\u00f3mo usar los #hashtags en cada red social - Blog de Tecnolog\u00eda - Abrima","robots":{"index":"index","follow":"follow","max-snippet":"max-snippet:-1","max-image-preview":"max-image-preview:large","max-video-preview":"max-video-preview:-1"},"canonical":"https:\/\/www.abrima.com\/blog\/usar-los-hashtags-red-social\/","og_locale":"es_ES","og_type":"article","og_title":"C\u00f3mo usar los #hashtags en cada red social - Blog de Tecnolog\u00eda - Abrima","og_description":"Los hashtags (en castellano los llamar\u00edamos etiquetas) son tremendamente \u00fatiles para ordenar las conversaciones en las redes sociales y tambi\u00e9n para generar m\u00e1s interacciones (me [&hellip;]","og_url":"https:\/\/www.abrima.com\/blog\/usar-los-hashtags-red-social\/","og_site_name":"Blog de Tecnolog\u00eda - Abrima","article_publisher":"https:\/\/www.facebook.com\/abrimawebs\/","article_published_time":"2016-06-01T04:37:44+00:00","og_image":[{"url":"http:\/\/www.trecebits.com\/wp-content\/uploads\/2016\/05\/Hashtags-1-595x398.jpg"}],"twitter_misc":{"Escrito por":"Abrima","Tiempo de lectura":"5 minutos"},"schema":{"@context":"https:\/\/schema.org","@graph":[{"@type":"Organization","@id":"https:\/\/www.abrima.com\/blog\/#organization","name":"Abrima","url":"https:\/\/www.abrima.com\/blog\/","sameAs":["https:\/\/www.linkedin.com\/company\/abrima-soluciones-web\/","https:\/\/www.youtube.com\/user\/abrimawebs","https:\/\/www.facebook.com\/abrimawebs\/","https:\/\/twitter.com\/abrimaweb"],"logo":{"@type":"ImageObject","inLanguage":"es","@id":"https:\/\/www.abrima.com\/blog\/#\/schema\/logo\/image\/","url":"https:\/\/www.abrima.com\/blog\/wp-content\/uploads\/2018\/03\/abrima-logo.png","contentUrl":"https:\/\/www.abrima.com\/blog\/wp-content\/uploads\/2018\/03\/abrima-logo.png","width":700,"height":700,"caption":"Abrima"},"image":{"@id":"https:\/\/www.abrima.com\/blog\/#\/schema\/logo\/image\/"}},{"@type":"WebSite","@id":"https:\/\/www.abrima.com\/blog\/#website","url":"https:\/\/www.abrima.com\/blog\/","name":"Blog de Tecnolog\u00eda - Abrima","description":"Blog sobre todo lo relacionado con Cloud, Marketing Digital y Web","publisher":{"@id":"https:\/\/www.abrima.com\/blog\/#organization"},"potentialAction":[{"@type":"SearchAction","target":{"@type":"EntryPoint","urlTemplate":"https:\/\/www.abrima.com\/blog\/?s={search_term_string}"},"query-input":"required name=search_term_string"}],"inLanguage":"es"},{"@type":"ImageObject","inLanguage":"es","@id":"https:\/\/www.abrima.com\/blog\/usar-los-hashtags-red-social\/#primaryimage","url":"http:\/\/www.trecebits.com\/wp-content\/uploads\/2016\/05\/Hashtags-1-595x398.jpg","contentUrl":"http:\/\/www.trecebits.com\/wp-content\/uploads\/2016\/05\/Hashtags-1-595x398.jpg"},{"@type":"WebPage","@id":"https:\/\/www.abrima.com\/blog\/usar-los-hashtags-red-social\/#webpage","url":"https:\/\/www.abrima.com\/blog\/usar-los-hashtags-red-social\/","name":"C\u00f3mo usar los #hashtags en cada red social - Blog de Tecnolog\u00eda - Abrima","isPartOf":{"@id":"https:\/\/www.abrima.com\/blog\/#website"},"primaryImageOfPage":{"@id":"https:\/\/www.abrima.com\/blog\/usar-los-hashtags-red-social\/#primaryimage"},"datePublished":"2016-06-01T04:37:44+00:00","dateModified":"2016-06-01T04:37:44+00:00","breadcrumb":{"@id":"https:\/\/www.abrima.com\/blog\/usar-los-hashtags-red-social\/#breadcrumb"},"inLanguage":"es","potentialAction":[{"@type":"ReadAction","target":["https:\/\/www.abrima.com\/blog\/usar-los-hashtags-red-social\/"]}]},{"@type":"BreadcrumbList","@id":"https:\/\/www.abrima.com\/blog\/usar-los-hashtags-red-social\/#breadcrumb","itemListElement":[{"@type":"ListItem","position":1,"name":"Portada","item":"https:\/\/www.abrima.com\/blog\/"},{"@type":"ListItem","position":2,"name":"C\u00f3mo usar los #hashtags en cada red social"}]},{"@type":"Article","@id":"https:\/\/www.abrima.com\/blog\/usar-los-hashtags-red-social\/#article","isPartOf":{"@id":"https:\/\/www.abrima.com\/blog\/usar-los-hashtags-red-social\/#webpage"},"author":{"@id":"https:\/\/www.abrima.com\/blog\/#\/schema\/person\/b768d5411164cb8b8d58f72cdf4e11e8"},"headline":"C\u00f3mo usar los #hashtags en cada red social","datePublished":"2016-06-01T04:37:44+00:00","dateModified":"2016-06-01T04:37:44+00:00","mainEntityOfPage":{"@id":"https:\/\/www.abrima.com\/blog\/usar-los-hashtags-red-social\/#webpage"},"wordCount":993,"commentCount":0,"publisher":{"@id":"https:\/\/www.abrima.com\/blog\/#organization"},"image":{"@id":"https:\/\/www.abrima.com\/blog\/usar-los-hashtags-red-social\/#primaryimage"},"thumbnailUrl":"http:\/\/www.trecebits.com\/wp-content\/uploads\/2016\/05\/Hashtags-1-595x398.jpg","articleSection":["Redes Sociales"],"inLanguage":"es","potentialAction":[{"@type":"CommentAction","name":"Comment","target":["https:\/\/www.abrima.com\/blog\/usar-los-hashtags-red-social\/#respond"]}]},{"@type":"Person","@id":"https:\/\/www.abrima.com\/blog\/#\/schema\/person\/b768d5411164cb8b8d58f72cdf4e11e8","name":"Abrima","image":{"@type":"ImageObject","inLanguage":"es","@id":"https:\/\/www.abrima.com\/blog\/#\/schema\/person\/image\/","url":"https:\/\/secure.gravatar.com\/avatar\/5cc72c9c6b371583c943a070dff20409?s=96&d=mm&r=g","contentUrl":"https:\/\/secure.gravatar.com\/avatar\/5cc72c9c6b371583c943a070dff20409?s=96&d=mm&r=g","caption":"Abrima"},"url":"https:\/\/www.abrima.com\/blog\/author\/abrima\/"}]}},"amp_enabled":true,"_links":{"self":[{"href":"https:\/\/www.abrima.com\/blog\/wp-json\/wp\/v2\/posts\/4343"}],"collection":[{"href":"https:\/\/www.abrima.com\/blog\/wp-json\/wp\/v2\/posts"}],"about":[{"href":"https:\/\/www.abrima.com\/blog\/wp-json\/wp\/v2\/types\/post"}],"author":[{"embeddable":true,"href":"https:\/\/www.abrima.com\/blog\/wp-json\/wp\/v2\/users\/1"}],"replies":[{"embeddable":true,"href":"https:\/\/www.abrima.com\/blog\/wp-json\/wp\/v2\/comments?post=4343"}],"version-history":[{"count":1,"href":"https:\/\/www.abrima.com\/blog\/wp-json\/wp\/v2\/posts\/4343\/revisions"}],"predecessor-version":[{"id":4344,"href":"https:\/\/www.abrima.com\/blog\/wp-json\/wp\/v2\/posts\/4343\/revisions\/4344"}],"wp:attachment":[{"href":"https:\/\/www.abrima.com\/blog\/wp-json\/wp\/v2\/media?parent=4343"}],"wp:term":[{"taxonomy":"category","embeddable":true,"href":"https:\/\/www.abrima.com\/blog\/wp-json\/wp\/v2\/categories?post=4343"},{"taxonomy":"post_tag","embeddable":true,"href":"https:\/\/www.abrima.com\/blog\/wp-json\/wp\/v2\/tags?post=4343"}],"curies":[{"name":"wp","href":"https:\/\/api.w.org\/{rel}","templated":true}]}}