{"id":4264,"date":"2016-05-13T05:13:42","date_gmt":"2016-05-13T05:13:42","guid":{"rendered":"http:\/\/www.abrima.com\/blog\/?p=4264"},"modified":"2016-05-13T05:13:42","modified_gmt":"2016-05-13T05:13:42","slug":"google-calendar-mejora-las-vistas-diarias-semanales-version-web","status":"publish","type":"post","link":"https:\/\/www.abrima.com\/blog\/google-calendar-mejora-las-vistas-diarias-semanales-version-web\/","title":{"rendered":"Google Calendar mejora las vistas diarias y semanales en su versi\u00f3n web"},"content":{"rendered":"<p>El <a href=\"http:\/\/googleappsupdates.blogspot.com.ar\/2016\/05\/see-event-locations-at-glance-with.html\">equipo de Google<\/a> sigue potenciando Google Calendar en su versi\u00f3n web, teniendo en cuenta aquellos detalles que\u00a0simplifican la din\u00e1mica de trabajo de los usuarios. En las \u00faltimas semanas han integrado recordatorios y notificaciones, y ahora una peque\u00f1a actualizaci\u00f3n que facilita\u00a0visualizar la informaci\u00f3n de los eventos.<\/p>\n<p>Ahora cuando visualicemos nuestros compromisos diarios o\u00a0revisemos nuestra agenda semanal, veremos que tendremos a simple vista\u00a0m\u00e1s informaci\u00f3n sobre los eventos, como vemos en la imagen:<\/p>\n<p><img loading=\"lazy\" class=\"aligncenter size-large wp-image-260754\" src=\"http:\/\/wwwhatsnew.com\/wp-content\/uploads\/2016\/05\/Google-Calendar-730x372.jpg\" alt=\"Google Calendar\" width=\"730\" height=\"372\" \/><br \/>\n<span id=\"more-260753\"><\/span><\/p>\n<p>Las ubicaciones de los eventos aparecer\u00e1n en el calendario, en la vistas diarias y semanal. Esto nos evitar\u00e1 tener que recurrir a detalles para conocer esta informaci\u00f3n, y podemos dar una recorrida visual por todos eventos\u00a0 programados sin tener que realizar ninguna acci\u00f3n extra.<\/p>\n<p>El resto de la informaci\u00f3n adicional de los eventos sigue mostr\u00e1ndose de la misma manera en nuestros calendarios. Y recordemos que si no nos resulta familiar\u00a0la direcci\u00f3n donde se desarrollar\u00e1 determinado evento, siempre podemos recurrir a la opci\u00f3n \u201cmapa\u201d que se encuentra junto a la ubicaci\u00f3n. Nos llevar\u00e1 directamente a Google Maps, donde dispondremos de todas las opciones\u00a0 necesarias\u00a0para llegar a destino desde una ubicaci\u00f3n conocida.<\/p>\n<p>Esta peque\u00f1a actualizaci\u00f3n se ir\u00e1 desplegando a partir de hoy a todos los usuarios.<\/p>\n<p>Fuente: <a href=\"http:\/\/wwwhatsnew.com\/2016\/05\/12\/google-calendar-mejora-las-vistas-diarias-y-semanales-en-su-version-web\/?utm_source=feedburner&amp;utm_medium=feed&amp;utm_campaign=Feed%3A+WwwhatsNew+%28Wwwhat%27s+new%3F+-+Aplicaciones+Web+gratuitas%29\">WWWhatsNew<\/a><\/p>\n","protected":false},"excerpt":{"rendered":"<p>El equipo de Google sigue potenciando Google Calendar en su versi\u00f3n web, teniendo en cuenta aquellos detalles que\u00a0simplifican la din\u00e1mica de trabajo de los usuarios. [&hellip;]<\/p>\n","protected":false},"author":1,"featured_media":0,"comment_status":"open","ping_status":"open","sticky":false,"template":"","format":"standard","meta":{"_monsterinsights_skip_tracking":false,"_monsterinsights_sitenote_active":false,"_monsterinsights_sitenote_note":"","_monsterinsights_sitenote_category":0},"categories":[11],"tags":[],"yoast_head":"<!-- This site is optimized with the Yoast SEO plugin v19.1 - https:\/\/yoast.com\/wordpress\/plugins\/seo\/ -->\n<title>Google Calendar mejora las vistas diarias y semanales en su versi\u00f3n web - Blog de Tecnolog\u00eda - Abrima<\/title>\n<meta name=\"robots\" content=\"index, follow, max-snippet:-1, max-image-preview:large, max-video-preview:-1\" \/>\n<link rel=\"canonical\" href=\"https:\/\/www.abrima.com\/blog\/google-calendar-mejora-las-vistas-diarias-semanales-version-web\/\" \/>\n<meta property=\"og:locale\" content=\"es_ES\" \/>\n<meta property=\"og:type\" content=\"article\" \/>\n<meta property=\"og:title\" content=\"Google Calendar mejora las vistas diarias y semanales en su versi\u00f3n web - Blog de Tecnolog\u00eda - Abrima\" \/>\n<meta property=\"og:description\" content=\"El equipo de Google sigue potenciando Google Calendar en su versi\u00f3n web, teniendo en cuenta aquellos detalles que\u00a0simplifican la din\u00e1mica de trabajo de los usuarios. [&hellip;]\" \/>\n<meta property=\"og:url\" content=\"https:\/\/www.abrima.com\/blog\/google-calendar-mejora-las-vistas-diarias-semanales-version-web\/\" \/>\n<meta property=\"og:site_name\" content=\"Blog de Tecnolog\u00eda - Abrima\" \/>\n<meta property=\"article:publisher\" content=\"https:\/\/www.facebook.com\/abrimawebs\/\" \/>\n<meta property=\"article:published_time\" content=\"2016-05-13T05:13:42+00:00\" \/>\n<meta property=\"og:image\" content=\"http:\/\/wwwhatsnew.com\/wp-content\/uploads\/2016\/05\/Google-Calendar-730x372.jpg\" \/>\n<meta name=\"twitter:label1\" content=\"Escrito por\" \/>\n\t<meta name=\"twitter:data1\" content=\"Abrima\" \/>\n\t<meta name=\"twitter:label2\" content=\"Tiempo de lectura\" \/>\n\t<meta name=\"twitter:data2\" content=\"1 minuto\" \/>\n<script type=\"application\/ld+json\" class=\"yoast-schema-graph\">{\"@context\":\"https:\/\/schema.org\",\"@graph\":[{\"@type\":\"Organization\",\"@id\":\"https:\/\/www.abrima.com\/blog\/#organization\",\"name\":\"Abrima\",\"url\":\"https:\/\/www.abrima.com\/blog\/\",\"sameAs\":[\"https:\/\/www.linkedin.com\/company\/abrima-soluciones-web\/\",\"https:\/\/www.youtube.com\/user\/abrimawebs\",\"https:\/\/www.facebook.com\/abrimawebs\/\",\"https:\/\/twitter.com\/abrimaweb\"],\"logo\":{\"@type\":\"ImageObject\",\"inLanguage\":\"es\",\"@id\":\"https:\/\/www.abrima.com\/blog\/#\/schema\/logo\/image\/\",\"url\":\"https:\/\/www.abrima.com\/blog\/wp-content\/uploads\/2018\/03\/abrima-logo.png\",\"contentUrl\":\"https:\/\/www.abrima.com\/blog\/wp-content\/uploads\/2018\/03\/abrima-logo.png\",\"width\":700,\"height\":700,\"caption\":\"Abrima\"},\"image\":{\"@id\":\"https:\/\/www.abrima.com\/blog\/#\/schema\/logo\/image\/\"}},{\"@type\":\"WebSite\",\"@id\":\"https:\/\/www.abrima.com\/blog\/#website\",\"url\":\"https:\/\/www.abrima.com\/blog\/\",\"name\":\"Blog de Tecnolog\u00eda - Abrima\",\"description\":\"Blog sobre todo lo relacionado con Cloud, Marketing Digital y Web\",\"publisher\":{\"@id\":\"https:\/\/www.abrima.com\/blog\/#organization\"},\"potentialAction\":[{\"@type\":\"SearchAction\",\"target\":{\"@type\":\"EntryPoint\",\"urlTemplate\":\"https:\/\/www.abrima.com\/blog\/?s={search_term_string}\"},\"query-input\":\"required name=search_term_string\"}],\"inLanguage\":\"es\"},{\"@type\":\"ImageObject\",\"inLanguage\":\"es\",\"@id\":\"https:\/\/www.abrima.com\/blog\/google-calendar-mejora-las-vistas-diarias-semanales-version-web\/#primaryimage\",\"url\":\"http:\/\/wwwhatsnew.com\/wp-content\/uploads\/2016\/05\/Google-Calendar-730x372.jpg\",\"contentUrl\":\"http:\/\/wwwhatsnew.com\/wp-content\/uploads\/2016\/05\/Google-Calendar-730x372.jpg\"},{\"@type\":\"WebPage\",\"@id\":\"https:\/\/www.abrima.com\/blog\/google-calendar-mejora-las-vistas-diarias-semanales-version-web\/#webpage\",\"url\":\"https:\/\/www.abrima.com\/blog\/google-calendar-mejora-las-vistas-diarias-semanales-version-web\/\",\"name\":\"Google Calendar mejora las vistas diarias y semanales en su versi\u00f3n web - Blog de Tecnolog\u00eda - Abrima\",\"isPartOf\":{\"@id\":\"https:\/\/www.abrima.com\/blog\/#website\"},\"primaryImageOfPage\":{\"@id\":\"https:\/\/www.abrima.com\/blog\/google-calendar-mejora-las-vistas-diarias-semanales-version-web\/#primaryimage\"},\"datePublished\":\"2016-05-13T05:13:42+00:00\",\"dateModified\":\"2016-05-13T05:13:42+00:00\",\"breadcrumb\":{\"@id\":\"https:\/\/www.abrima.com\/blog\/google-calendar-mejora-las-vistas-diarias-semanales-version-web\/#breadcrumb\"},\"inLanguage\":\"es\",\"potentialAction\":[{\"@type\":\"ReadAction\",\"target\":[\"https:\/\/www.abrima.com\/blog\/google-calendar-mejora-las-vistas-diarias-semanales-version-web\/\"]}]},{\"@type\":\"BreadcrumbList\",\"@id\":\"https:\/\/www.abrima.com\/blog\/google-calendar-mejora-las-vistas-diarias-semanales-version-web\/#breadcrumb\",\"itemListElement\":[{\"@type\":\"ListItem\",\"position\":1,\"name\":\"Portada\",\"item\":\"https:\/\/www.abrima.com\/blog\/\"},{\"@type\":\"ListItem\",\"position\":2,\"name\":\"Google Calendar mejora las vistas diarias y semanales en su versi\u00f3n web\"}]},{\"@type\":\"Article\",\"@id\":\"https:\/\/www.abrima.com\/blog\/google-calendar-mejora-las-vistas-diarias-semanales-version-web\/#article\",\"isPartOf\":{\"@id\":\"https:\/\/www.abrima.com\/blog\/google-calendar-mejora-las-vistas-diarias-semanales-version-web\/#webpage\"},\"author\":{\"@id\":\"https:\/\/www.abrima.com\/blog\/#\/schema\/person\/b768d5411164cb8b8d58f72cdf4e11e8\"},\"headline\":\"Google Calendar mejora las vistas diarias y semanales en su versi\u00f3n web\",\"datePublished\":\"2016-05-13T05:13:42+00:00\",\"dateModified\":\"2016-05-13T05:13:42+00:00\",\"mainEntityOfPage\":{\"@id\":\"https:\/\/www.abrima.com\/blog\/google-calendar-mejora-las-vistas-diarias-semanales-version-web\/#webpage\"},\"wordCount\":234,\"commentCount\":0,\"publisher\":{\"@id\":\"https:\/\/www.abrima.com\/blog\/#organization\"},\"image\":{\"@id\":\"https:\/\/www.abrima.com\/blog\/google-calendar-mejora-las-vistas-diarias-semanales-version-web\/#primaryimage\"},\"thumbnailUrl\":\"http:\/\/wwwhatsnew.com\/wp-content\/uploads\/2016\/05\/Google-Calendar-730x372.jpg\",\"articleSection\":[\"Google Apps\"],\"inLanguage\":\"es\",\"potentialAction\":[{\"@type\":\"CommentAction\",\"name\":\"Comment\",\"target\":[\"https:\/\/www.abrima.com\/blog\/google-calendar-mejora-las-vistas-diarias-semanales-version-web\/#respond\"]}]},{\"@type\":\"Person\",\"@id\":\"https:\/\/www.abrima.com\/blog\/#\/schema\/person\/b768d5411164cb8b8d58f72cdf4e11e8\",\"name\":\"Abrima\",\"image\":{\"@type\":\"ImageObject\",\"inLanguage\":\"es\",\"@id\":\"https:\/\/www.abrima.com\/blog\/#\/schema\/person\/image\/\",\"url\":\"https:\/\/secure.gravatar.com\/avatar\/5cc72c9c6b371583c943a070dff20409?s=96&d=mm&r=g\",\"contentUrl\":\"https:\/\/secure.gravatar.com\/avatar\/5cc72c9c6b371583c943a070dff20409?s=96&d=mm&r=g\",\"caption\":\"Abrima\"},\"url\":\"https:\/\/www.abrima.com\/blog\/author\/abrima\/\"}]}<\/script>\n<!-- \/ Yoast SEO plugin. -->","yoast_head_json":{"title":"Google Calendar mejora las vistas diarias y semanales en su versi\u00f3n web - Blog de Tecnolog\u00eda - Abrima","robots":{"index":"index","follow":"follow","max-snippet":"max-snippet:-1","max-image-preview":"max-image-preview:large","max-video-preview":"max-video-preview:-1"},"canonical":"https:\/\/www.abrima.com\/blog\/google-calendar-mejora-las-vistas-diarias-semanales-version-web\/","og_locale":"es_ES","og_type":"article","og_title":"Google Calendar mejora las vistas diarias y semanales en su versi\u00f3n web - Blog de Tecnolog\u00eda - Abrima","og_description":"El equipo de Google sigue potenciando Google Calendar en su versi\u00f3n web, teniendo en cuenta aquellos detalles que\u00a0simplifican la din\u00e1mica de trabajo de los usuarios. [&hellip;]","og_url":"https:\/\/www.abrima.com\/blog\/google-calendar-mejora-las-vistas-diarias-semanales-version-web\/","og_site_name":"Blog de Tecnolog\u00eda - Abrima","article_publisher":"https:\/\/www.facebook.com\/abrimawebs\/","article_published_time":"2016-05-13T05:13:42+00:00","og_image":[{"url":"http:\/\/wwwhatsnew.com\/wp-content\/uploads\/2016\/05\/Google-Calendar-730x372.jpg"}],"twitter_misc":{"Escrito por":"Abrima","Tiempo de lectura":"1 minuto"},"schema":{"@context":"https:\/\/schema.org","@graph":[{"@type":"Organization","@id":"https:\/\/www.abrima.com\/blog\/#organization","name":"Abrima","url":"https:\/\/www.abrima.com\/blog\/","sameAs":["https:\/\/www.linkedin.com\/company\/abrima-soluciones-web\/","https:\/\/www.youtube.com\/user\/abrimawebs","https:\/\/www.facebook.com\/abrimawebs\/","https:\/\/twitter.com\/abrimaweb"],"logo":{"@type":"ImageObject","inLanguage":"es","@id":"https:\/\/www.abrima.com\/blog\/#\/schema\/logo\/image\/","url":"https:\/\/www.abrima.com\/blog\/wp-content\/uploads\/2018\/03\/abrima-logo.png","contentUrl":"https:\/\/www.abrima.com\/blog\/wp-content\/uploads\/2018\/03\/abrima-logo.png","width":700,"height":700,"caption":"Abrima"},"image":{"@id":"https:\/\/www.abrima.com\/blog\/#\/schema\/logo\/image\/"}},{"@type":"WebSite","@id":"https:\/\/www.abrima.com\/blog\/#website","url":"https:\/\/www.abrima.com\/blog\/","name":"Blog de Tecnolog\u00eda - Abrima","description":"Blog sobre todo lo relacionado con Cloud, Marketing Digital y Web","publisher":{"@id":"https:\/\/www.abrima.com\/blog\/#organization"},"potentialAction":[{"@type":"SearchAction","target":{"@type":"EntryPoint","urlTemplate":"https:\/\/www.abrima.com\/blog\/?s={search_term_string}"},"query-input":"required name=search_term_string"}],"inLanguage":"es"},{"@type":"ImageObject","inLanguage":"es","@id":"https:\/\/www.abrima.com\/blog\/google-calendar-mejora-las-vistas-diarias-semanales-version-web\/#primaryimage","url":"http:\/\/wwwhatsnew.com\/wp-content\/uploads\/2016\/05\/Google-Calendar-730x372.jpg","contentUrl":"http:\/\/wwwhatsnew.com\/wp-content\/uploads\/2016\/05\/Google-Calendar-730x372.jpg"},{"@type":"WebPage","@id":"https:\/\/www.abrima.com\/blog\/google-calendar-mejora-las-vistas-diarias-semanales-version-web\/#webpage","url":"https:\/\/www.abrima.com\/blog\/google-calendar-mejora-las-vistas-diarias-semanales-version-web\/","name":"Google Calendar mejora las vistas diarias y semanales en su versi\u00f3n web - Blog de Tecnolog\u00eda - Abrima","isPartOf":{"@id":"https:\/\/www.abrima.com\/blog\/#website"},"primaryImageOfPage":{"@id":"https:\/\/www.abrima.com\/blog\/google-calendar-mejora-las-vistas-diarias-semanales-version-web\/#primaryimage"},"datePublished":"2016-05-13T05:13:42+00:00","dateModified":"2016-05-13T05:13:42+00:00","breadcrumb":{"@id":"https:\/\/www.abrima.com\/blog\/google-calendar-mejora-las-vistas-diarias-semanales-version-web\/#breadcrumb"},"inLanguage":"es","potentialAction":[{"@type":"ReadAction","target":["https:\/\/www.abrima.com\/blog\/google-calendar-mejora-las-vistas-diarias-semanales-version-web\/"]}]},{"@type":"BreadcrumbList","@id":"https:\/\/www.abrima.com\/blog\/google-calendar-mejora-las-vistas-diarias-semanales-version-web\/#breadcrumb","itemListElement":[{"@type":"ListItem","position":1,"name":"Portada","item":"https:\/\/www.abrima.com\/blog\/"},{"@type":"ListItem","position":2,"name":"Google Calendar mejora las vistas diarias y semanales en su versi\u00f3n web"}]},{"@type":"Article","@id":"https:\/\/www.abrima.com\/blog\/google-calendar-mejora-las-vistas-diarias-semanales-version-web\/#article","isPartOf":{"@id":"https:\/\/www.abrima.com\/blog\/google-calendar-mejora-las-vistas-diarias-semanales-version-web\/#webpage"},"author":{"@id":"https:\/\/www.abrima.com\/blog\/#\/schema\/person\/b768d5411164cb8b8d58f72cdf4e11e8"},"headline":"Google Calendar mejora las vistas diarias y semanales en su versi\u00f3n web","datePublished":"2016-05-13T05:13:42+00:00","dateModified":"2016-05-13T05:13:42+00:00","mainEntityOfPage":{"@id":"https:\/\/www.abrima.com\/blog\/google-calendar-mejora-las-vistas-diarias-semanales-version-web\/#webpage"},"wordCount":234,"commentCount":0,"publisher":{"@id":"https:\/\/www.abrima.com\/blog\/#organization"},"image":{"@id":"https:\/\/www.abrima.com\/blog\/google-calendar-mejora-las-vistas-diarias-semanales-version-web\/#primaryimage"},"thumbnailUrl":"http:\/\/wwwhatsnew.com\/wp-content\/uploads\/2016\/05\/Google-Calendar-730x372.jpg","articleSection":["Google Apps"],"inLanguage":"es","potentialAction":[{"@type":"CommentAction","name":"Comment","target":["https:\/\/www.abrima.com\/blog\/google-calendar-mejora-las-vistas-diarias-semanales-version-web\/#respond"]}]},{"@type":"Person","@id":"https:\/\/www.abrima.com\/blog\/#\/schema\/person\/b768d5411164cb8b8d58f72cdf4e11e8","name":"Abrima","image":{"@type":"ImageObject","inLanguage":"es","@id":"https:\/\/www.abrima.com\/blog\/#\/schema\/person\/image\/","url":"https:\/\/secure.gravatar.com\/avatar\/5cc72c9c6b371583c943a070dff20409?s=96&d=mm&r=g","contentUrl":"https:\/\/secure.gravatar.com\/avatar\/5cc72c9c6b371583c943a070dff20409?s=96&d=mm&r=g","caption":"Abrima"},"url":"https:\/\/www.abrima.com\/blog\/author\/abrima\/"}]}},"amp_enabled":true,"_links":{"self":[{"href":"https:\/\/www.abrima.com\/blog\/wp-json\/wp\/v2\/posts\/4264"}],"collection":[{"href":"https:\/\/www.abrima.com\/blog\/wp-json\/wp\/v2\/posts"}],"about":[{"href":"https:\/\/www.abrima.com\/blog\/wp-json\/wp\/v2\/types\/post"}],"author":[{"embeddable":true,"href":"https:\/\/www.abrima.com\/blog\/wp-json\/wp\/v2\/users\/1"}],"replies":[{"embeddable":true,"href":"https:\/\/www.abrima.com\/blog\/wp-json\/wp\/v2\/comments?post=4264"}],"version-history":[{"count":1,"href":"https:\/\/www.abrima.com\/blog\/wp-json\/wp\/v2\/posts\/4264\/revisions"}],"predecessor-version":[{"id":4265,"href":"https:\/\/www.abrima.com\/blog\/wp-json\/wp\/v2\/posts\/4264\/revisions\/4265"}],"wp:attachment":[{"href":"https:\/\/www.abrima.com\/blog\/wp-json\/wp\/v2\/media?parent=4264"}],"wp:term":[{"taxonomy":"category","embeddable":true,"href":"https:\/\/www.abrima.com\/blog\/wp-json\/wp\/v2\/categories?post=4264"},{"taxonomy":"post_tag","embeddable":true,"href":"https:\/\/www.abrima.com\/blog\/wp-json\/wp\/v2\/tags?post=4264"}],"curies":[{"name":"wp","href":"https:\/\/api.w.org\/{rel}","templated":true}]}}