{"id":4251,"date":"2016-05-13T03:46:19","date_gmt":"2016-05-13T03:46:19","guid":{"rendered":"http:\/\/www.abrima.com\/blog\/?p=4251"},"modified":"2016-05-13T03:46:19","modified_gmt":"2016-05-13T03:46:19","slug":"cuanto-tiempo-pasamos-conectados-internet-dia","status":"publish","type":"post","link":"https:\/\/www.abrima.com\/blog\/cuanto-tiempo-pasamos-conectados-internet-dia\/","title":{"rendered":"\u00bfCu\u00e1nto tiempo pasamos conectados a Internet cada d\u00eda?"},"content":{"rendered":"<p><img src=\"http:\/\/www.trecebits.com\/wp-content\/uploads\/2011\/07\/jovenes-con-ordenador-portatil-4801.jpg\" alt=\"jovenes-con-ordenador-portatil-4801\" \/><br \/>\nVivimos enganchados a Internet. M\u00e1s de 13 millones de espa\u00f1oles pasan m\u00e1s de 3 horas al d\u00eda conectados a la Red de Redes.<\/p>\n<blockquote class=\"green\"><p>Casi 5 millones de espa\u00f1oles pasan 5 horas al d\u00eda online<\/p><\/blockquote>\n<p>Esta es una de las conclusiones del an\u00e1lisis de uso de Internet que ha realizado la empresa Nominalia. Seg\u00fan esta compa\u00f1\u00eda, un 14,03% de los internautas confiesa pasar m\u00e1s de 5 horas al d\u00eda conectado a Internet por razones personales o de ocio, porcentaje que equivale a unos 4,7 millones de espa\u00f1oles.<\/p>\n<p>La media para la poblaci\u00f3n espa\u00f1ola se sit\u00faa por debajo de esta franja, para un promedio de 2 horas y 53 minutos de conexi\u00f3n diaria en la red, excluidos los motivos laborales, a\u00fan lejos de las 3 horas y 54 minutos que dedicamos a ver la televisi\u00f3n.<\/p>\n<p>Por sexos, los <strong>hombres dedican un 6% m\u00e1s<\/strong> de su tiempo libre a Internet que las mujeres, una media de 2 horas y 58 minutos, frente a las 2 horas y 48 minutos que ellas pasan conectadas.<\/p>\n<p>Y por edades, los <strong>menores de 35 a\u00f1os<\/strong> son quienes dedican m\u00e1s tiempo a la red y los \u00fanicos que superan la franja de las 3 horas. En concreto, los usuarios de entre 18 y 35 a\u00f1os se conectan a Internet un total de 3 horas y 3 minutos, un 5,8% m\u00e1s que la media. No obstante, las diferencias por edad no son tan notables como cabr\u00eda esperar y los internautas de entre 36 y 45 a\u00f1os dedican 2 horas y 52 minutos de su tiempo libre a Internet, cantidad que desciende hasta las 2 horas y 45 minutos para los espa\u00f1oles entre 46 y 55 a\u00f1os.<\/p>\n<p>En 2015 los smartphones pasaron a ser por primera vez el principal dispositivo a trav\u00e9s del que los usuarios acceden a Internet y un 88,3% de estos afirma utilizarlo para conectarse, seis puntos porcentuales m\u00e1s que en 2014.<\/p>\n<p>Mientras, el <strong>acceso desde tabletas<\/strong> ha crecido un 17%. En cambio, el ordenador personal pierde su hegemon\u00eda y un 78,2% de los internautas lo utiliza para entrar en la red, tres puntos porcentules menos, certificando su tendencia negativa de los \u00faltimos a\u00f1os.<\/p>\n<p>Fuente:<a href=\"http:\/\/www.trecebits.com\/2016\/05\/12\/cuanto-tiempo-pasamos-conectados-a-internet-cada-dia\/\"> Trecebits<\/a><\/p>\n","protected":false},"excerpt":{"rendered":"<p>Vivimos enganchados a Internet. M\u00e1s de 13 millones de espa\u00f1oles pasan m\u00e1s de 3 horas al d\u00eda conectados a la Red de Redes. Casi 5 [&hellip;]<\/p>\n","protected":false},"author":1,"featured_media":0,"comment_status":"open","ping_status":"open","sticky":false,"template":"","format":"standard","meta":{"_monsterinsights_skip_tracking":false,"_monsterinsights_sitenote_active":false,"_monsterinsights_sitenote_note":"","_monsterinsights_sitenote_category":0},"categories":[14],"tags":[],"yoast_head":"<!-- This site is optimized with the Yoast SEO plugin v19.1 - https:\/\/yoast.com\/wordpress\/plugins\/seo\/ -->\n<title>\u00bfCu\u00e1nto tiempo pasamos conectados a Internet cada d\u00eda? - Blog de Tecnolog\u00eda - Abrima<\/title>\n<meta name=\"robots\" content=\"index, follow, max-snippet:-1, max-image-preview:large, max-video-preview:-1\" \/>\n<link rel=\"canonical\" href=\"https:\/\/www.abrima.com\/blog\/cuanto-tiempo-pasamos-conectados-internet-dia\/\" \/>\n<meta property=\"og:locale\" content=\"es_ES\" \/>\n<meta property=\"og:type\" content=\"article\" \/>\n<meta property=\"og:title\" content=\"\u00bfCu\u00e1nto tiempo pasamos conectados a Internet cada d\u00eda? - Blog de Tecnolog\u00eda - Abrima\" \/>\n<meta property=\"og:description\" content=\"Vivimos enganchados a Internet. M\u00e1s de 13 millones de espa\u00f1oles pasan m\u00e1s de 3 horas al d\u00eda conectados a la Red de Redes. Casi 5 [&hellip;]\" \/>\n<meta property=\"og:url\" content=\"https:\/\/www.abrima.com\/blog\/cuanto-tiempo-pasamos-conectados-internet-dia\/\" \/>\n<meta property=\"og:site_name\" content=\"Blog de Tecnolog\u00eda - Abrima\" \/>\n<meta property=\"article:publisher\" content=\"https:\/\/www.facebook.com\/abrimawebs\/\" \/>\n<meta property=\"article:published_time\" content=\"2016-05-13T03:46:19+00:00\" \/>\n<meta property=\"og:image\" content=\"http:\/\/www.trecebits.com\/wp-content\/uploads\/2011\/07\/jovenes-con-ordenador-portatil-4801.jpg\" \/>\n<meta name=\"twitter:label1\" content=\"Escrito por\" \/>\n\t<meta name=\"twitter:data1\" content=\"Abrima\" \/>\n\t<meta name=\"twitter:label2\" content=\"Tiempo de lectura\" \/>\n\t<meta name=\"twitter:data2\" content=\"2 minutos\" \/>\n<script type=\"application\/ld+json\" class=\"yoast-schema-graph\">{\"@context\":\"https:\/\/schema.org\",\"@graph\":[{\"@type\":\"Organization\",\"@id\":\"https:\/\/www.abrima.com\/blog\/#organization\",\"name\":\"Abrima\",\"url\":\"https:\/\/www.abrima.com\/blog\/\",\"sameAs\":[\"https:\/\/www.linkedin.com\/company\/abrima-soluciones-web\/\",\"https:\/\/www.youtube.com\/user\/abrimawebs\",\"https:\/\/www.facebook.com\/abrimawebs\/\",\"https:\/\/twitter.com\/abrimaweb\"],\"logo\":{\"@type\":\"ImageObject\",\"inLanguage\":\"es\",\"@id\":\"https:\/\/www.abrima.com\/blog\/#\/schema\/logo\/image\/\",\"url\":\"https:\/\/www.abrima.com\/blog\/wp-content\/uploads\/2018\/03\/abrima-logo.png\",\"contentUrl\":\"https:\/\/www.abrima.com\/blog\/wp-content\/uploads\/2018\/03\/abrima-logo.png\",\"width\":700,\"height\":700,\"caption\":\"Abrima\"},\"image\":{\"@id\":\"https:\/\/www.abrima.com\/blog\/#\/schema\/logo\/image\/\"}},{\"@type\":\"WebSite\",\"@id\":\"https:\/\/www.abrima.com\/blog\/#website\",\"url\":\"https:\/\/www.abrima.com\/blog\/\",\"name\":\"Blog de Tecnolog\u00eda - Abrima\",\"description\":\"Blog sobre todo lo relacionado con Cloud, Marketing Digital y Web\",\"publisher\":{\"@id\":\"https:\/\/www.abrima.com\/blog\/#organization\"},\"potentialAction\":[{\"@type\":\"SearchAction\",\"target\":{\"@type\":\"EntryPoint\",\"urlTemplate\":\"https:\/\/www.abrima.com\/blog\/?s={search_term_string}\"},\"query-input\":\"required name=search_term_string\"}],\"inLanguage\":\"es\"},{\"@type\":\"ImageObject\",\"inLanguage\":\"es\",\"@id\":\"https:\/\/www.abrima.com\/blog\/cuanto-tiempo-pasamos-conectados-internet-dia\/#primaryimage\",\"url\":\"http:\/\/www.trecebits.com\/wp-content\/uploads\/2011\/07\/jovenes-con-ordenador-portatil-4801.jpg\",\"contentUrl\":\"http:\/\/www.trecebits.com\/wp-content\/uploads\/2011\/07\/jovenes-con-ordenador-portatil-4801.jpg\"},{\"@type\":\"WebPage\",\"@id\":\"https:\/\/www.abrima.com\/blog\/cuanto-tiempo-pasamos-conectados-internet-dia\/#webpage\",\"url\":\"https:\/\/www.abrima.com\/blog\/cuanto-tiempo-pasamos-conectados-internet-dia\/\",\"name\":\"\u00bfCu\u00e1nto tiempo pasamos conectados a Internet cada d\u00eda? - Blog de Tecnolog\u00eda - Abrima\",\"isPartOf\":{\"@id\":\"https:\/\/www.abrima.com\/blog\/#website\"},\"primaryImageOfPage\":{\"@id\":\"https:\/\/www.abrima.com\/blog\/cuanto-tiempo-pasamos-conectados-internet-dia\/#primaryimage\"},\"datePublished\":\"2016-05-13T03:46:19+00:00\",\"dateModified\":\"2016-05-13T03:46:19+00:00\",\"breadcrumb\":{\"@id\":\"https:\/\/www.abrima.com\/blog\/cuanto-tiempo-pasamos-conectados-internet-dia\/#breadcrumb\"},\"inLanguage\":\"es\",\"potentialAction\":[{\"@type\":\"ReadAction\",\"target\":[\"https:\/\/www.abrima.com\/blog\/cuanto-tiempo-pasamos-conectados-internet-dia\/\"]}]},{\"@type\":\"BreadcrumbList\",\"@id\":\"https:\/\/www.abrima.com\/blog\/cuanto-tiempo-pasamos-conectados-internet-dia\/#breadcrumb\",\"itemListElement\":[{\"@type\":\"ListItem\",\"position\":1,\"name\":\"Portada\",\"item\":\"https:\/\/www.abrima.com\/blog\/\"},{\"@type\":\"ListItem\",\"position\":2,\"name\":\"\u00bfCu\u00e1nto tiempo pasamos conectados a Internet cada d\u00eda?\"}]},{\"@type\":\"Article\",\"@id\":\"https:\/\/www.abrima.com\/blog\/cuanto-tiempo-pasamos-conectados-internet-dia\/#article\",\"isPartOf\":{\"@id\":\"https:\/\/www.abrima.com\/blog\/cuanto-tiempo-pasamos-conectados-internet-dia\/#webpage\"},\"author\":{\"@id\":\"https:\/\/www.abrima.com\/blog\/#\/schema\/person\/b768d5411164cb8b8d58f72cdf4e11e8\"},\"headline\":\"\u00bfCu\u00e1nto tiempo pasamos conectados a Internet cada d\u00eda?\",\"datePublished\":\"2016-05-13T03:46:19+00:00\",\"dateModified\":\"2016-05-13T03:46:19+00:00\",\"mainEntityOfPage\":{\"@id\":\"https:\/\/www.abrima.com\/blog\/cuanto-tiempo-pasamos-conectados-internet-dia\/#webpage\"},\"wordCount\":364,\"commentCount\":0,\"publisher\":{\"@id\":\"https:\/\/www.abrima.com\/blog\/#organization\"},\"image\":{\"@id\":\"https:\/\/www.abrima.com\/blog\/cuanto-tiempo-pasamos-conectados-internet-dia\/#primaryimage\"},\"thumbnailUrl\":\"http:\/\/www.trecebits.com\/wp-content\/uploads\/2011\/07\/jovenes-con-ordenador-portatil-4801.jpg\",\"articleSection\":[\"Internet\"],\"inLanguage\":\"es\",\"potentialAction\":[{\"@type\":\"CommentAction\",\"name\":\"Comment\",\"target\":[\"https:\/\/www.abrima.com\/blog\/cuanto-tiempo-pasamos-conectados-internet-dia\/#respond\"]}]},{\"@type\":\"Person\",\"@id\":\"https:\/\/www.abrima.com\/blog\/#\/schema\/person\/b768d5411164cb8b8d58f72cdf4e11e8\",\"name\":\"Abrima\",\"image\":{\"@type\":\"ImageObject\",\"inLanguage\":\"es\",\"@id\":\"https:\/\/www.abrima.com\/blog\/#\/schema\/person\/image\/\",\"url\":\"https:\/\/secure.gravatar.com\/avatar\/5cc72c9c6b371583c943a070dff20409?s=96&d=mm&r=g\",\"contentUrl\":\"https:\/\/secure.gravatar.com\/avatar\/5cc72c9c6b371583c943a070dff20409?s=96&d=mm&r=g\",\"caption\":\"Abrima\"},\"url\":\"https:\/\/www.abrima.com\/blog\/author\/abrima\/\"}]}<\/script>\n<!-- \/ Yoast SEO plugin. -->","yoast_head_json":{"title":"\u00bfCu\u00e1nto tiempo pasamos conectados a Internet cada d\u00eda? - Blog de Tecnolog\u00eda - Abrima","robots":{"index":"index","follow":"follow","max-snippet":"max-snippet:-1","max-image-preview":"max-image-preview:large","max-video-preview":"max-video-preview:-1"},"canonical":"https:\/\/www.abrima.com\/blog\/cuanto-tiempo-pasamos-conectados-internet-dia\/","og_locale":"es_ES","og_type":"article","og_title":"\u00bfCu\u00e1nto tiempo pasamos conectados a Internet cada d\u00eda? - Blog de Tecnolog\u00eda - Abrima","og_description":"Vivimos enganchados a Internet. M\u00e1s de 13 millones de espa\u00f1oles pasan m\u00e1s de 3 horas al d\u00eda conectados a la Red de Redes. Casi 5 [&hellip;]","og_url":"https:\/\/www.abrima.com\/blog\/cuanto-tiempo-pasamos-conectados-internet-dia\/","og_site_name":"Blog de Tecnolog\u00eda - Abrima","article_publisher":"https:\/\/www.facebook.com\/abrimawebs\/","article_published_time":"2016-05-13T03:46:19+00:00","og_image":[{"url":"http:\/\/www.trecebits.com\/wp-content\/uploads\/2011\/07\/jovenes-con-ordenador-portatil-4801.jpg"}],"twitter_misc":{"Escrito por":"Abrima","Tiempo de lectura":"2 minutos"},"schema":{"@context":"https:\/\/schema.org","@graph":[{"@type":"Organization","@id":"https:\/\/www.abrima.com\/blog\/#organization","name":"Abrima","url":"https:\/\/www.abrima.com\/blog\/","sameAs":["https:\/\/www.linkedin.com\/company\/abrima-soluciones-web\/","https:\/\/www.youtube.com\/user\/abrimawebs","https:\/\/www.facebook.com\/abrimawebs\/","https:\/\/twitter.com\/abrimaweb"],"logo":{"@type":"ImageObject","inLanguage":"es","@id":"https:\/\/www.abrima.com\/blog\/#\/schema\/logo\/image\/","url":"https:\/\/www.abrima.com\/blog\/wp-content\/uploads\/2018\/03\/abrima-logo.png","contentUrl":"https:\/\/www.abrima.com\/blog\/wp-content\/uploads\/2018\/03\/abrima-logo.png","width":700,"height":700,"caption":"Abrima"},"image":{"@id":"https:\/\/www.abrima.com\/blog\/#\/schema\/logo\/image\/"}},{"@type":"WebSite","@id":"https:\/\/www.abrima.com\/blog\/#website","url":"https:\/\/www.abrima.com\/blog\/","name":"Blog de Tecnolog\u00eda - Abrima","description":"Blog sobre todo lo relacionado con Cloud, Marketing Digital y Web","publisher":{"@id":"https:\/\/www.abrima.com\/blog\/#organization"},"potentialAction":[{"@type":"SearchAction","target":{"@type":"EntryPoint","urlTemplate":"https:\/\/www.abrima.com\/blog\/?s={search_term_string}"},"query-input":"required name=search_term_string"}],"inLanguage":"es"},{"@type":"ImageObject","inLanguage":"es","@id":"https:\/\/www.abrima.com\/blog\/cuanto-tiempo-pasamos-conectados-internet-dia\/#primaryimage","url":"http:\/\/www.trecebits.com\/wp-content\/uploads\/2011\/07\/jovenes-con-ordenador-portatil-4801.jpg","contentUrl":"http:\/\/www.trecebits.com\/wp-content\/uploads\/2011\/07\/jovenes-con-ordenador-portatil-4801.jpg"},{"@type":"WebPage","@id":"https:\/\/www.abrima.com\/blog\/cuanto-tiempo-pasamos-conectados-internet-dia\/#webpage","url":"https:\/\/www.abrima.com\/blog\/cuanto-tiempo-pasamos-conectados-internet-dia\/","name":"\u00bfCu\u00e1nto tiempo pasamos conectados a Internet cada d\u00eda? - Blog de Tecnolog\u00eda - Abrima","isPartOf":{"@id":"https:\/\/www.abrima.com\/blog\/#website"},"primaryImageOfPage":{"@id":"https:\/\/www.abrima.com\/blog\/cuanto-tiempo-pasamos-conectados-internet-dia\/#primaryimage"},"datePublished":"2016-05-13T03:46:19+00:00","dateModified":"2016-05-13T03:46:19+00:00","breadcrumb":{"@id":"https:\/\/www.abrima.com\/blog\/cuanto-tiempo-pasamos-conectados-internet-dia\/#breadcrumb"},"inLanguage":"es","potentialAction":[{"@type":"ReadAction","target":["https:\/\/www.abrima.com\/blog\/cuanto-tiempo-pasamos-conectados-internet-dia\/"]}]},{"@type":"BreadcrumbList","@id":"https:\/\/www.abrima.com\/blog\/cuanto-tiempo-pasamos-conectados-internet-dia\/#breadcrumb","itemListElement":[{"@type":"ListItem","position":1,"name":"Portada","item":"https:\/\/www.abrima.com\/blog\/"},{"@type":"ListItem","position":2,"name":"\u00bfCu\u00e1nto tiempo pasamos conectados a Internet cada d\u00eda?"}]},{"@type":"Article","@id":"https:\/\/www.abrima.com\/blog\/cuanto-tiempo-pasamos-conectados-internet-dia\/#article","isPartOf":{"@id":"https:\/\/www.abrima.com\/blog\/cuanto-tiempo-pasamos-conectados-internet-dia\/#webpage"},"author":{"@id":"https:\/\/www.abrima.com\/blog\/#\/schema\/person\/b768d5411164cb8b8d58f72cdf4e11e8"},"headline":"\u00bfCu\u00e1nto tiempo pasamos conectados a Internet cada d\u00eda?","datePublished":"2016-05-13T03:46:19+00:00","dateModified":"2016-05-13T03:46:19+00:00","mainEntityOfPage":{"@id":"https:\/\/www.abrima.com\/blog\/cuanto-tiempo-pasamos-conectados-internet-dia\/#webpage"},"wordCount":364,"commentCount":0,"publisher":{"@id":"https:\/\/www.abrima.com\/blog\/#organization"},"image":{"@id":"https:\/\/www.abrima.com\/blog\/cuanto-tiempo-pasamos-conectados-internet-dia\/#primaryimage"},"thumbnailUrl":"http:\/\/www.trecebits.com\/wp-content\/uploads\/2011\/07\/jovenes-con-ordenador-portatil-4801.jpg","articleSection":["Internet"],"inLanguage":"es","potentialAction":[{"@type":"CommentAction","name":"Comment","target":["https:\/\/www.abrima.com\/blog\/cuanto-tiempo-pasamos-conectados-internet-dia\/#respond"]}]},{"@type":"Person","@id":"https:\/\/www.abrima.com\/blog\/#\/schema\/person\/b768d5411164cb8b8d58f72cdf4e11e8","name":"Abrima","image":{"@type":"ImageObject","inLanguage":"es","@id":"https:\/\/www.abrima.com\/blog\/#\/schema\/person\/image\/","url":"https:\/\/secure.gravatar.com\/avatar\/5cc72c9c6b371583c943a070dff20409?s=96&d=mm&r=g","contentUrl":"https:\/\/secure.gravatar.com\/avatar\/5cc72c9c6b371583c943a070dff20409?s=96&d=mm&r=g","caption":"Abrima"},"url":"https:\/\/www.abrima.com\/blog\/author\/abrima\/"}]}},"amp_enabled":true,"_links":{"self":[{"href":"https:\/\/www.abrima.com\/blog\/wp-json\/wp\/v2\/posts\/4251"}],"collection":[{"href":"https:\/\/www.abrima.com\/blog\/wp-json\/wp\/v2\/posts"}],"about":[{"href":"https:\/\/www.abrima.com\/blog\/wp-json\/wp\/v2\/types\/post"}],"author":[{"embeddable":true,"href":"https:\/\/www.abrima.com\/blog\/wp-json\/wp\/v2\/users\/1"}],"replies":[{"embeddable":true,"href":"https:\/\/www.abrima.com\/blog\/wp-json\/wp\/v2\/comments?post=4251"}],"version-history":[{"count":1,"href":"https:\/\/www.abrima.com\/blog\/wp-json\/wp\/v2\/posts\/4251\/revisions"}],"predecessor-version":[{"id":4252,"href":"https:\/\/www.abrima.com\/blog\/wp-json\/wp\/v2\/posts\/4251\/revisions\/4252"}],"wp:attachment":[{"href":"https:\/\/www.abrima.com\/blog\/wp-json\/wp\/v2\/media?parent=4251"}],"wp:term":[{"taxonomy":"category","embeddable":true,"href":"https:\/\/www.abrima.com\/blog\/wp-json\/wp\/v2\/categories?post=4251"},{"taxonomy":"post_tag","embeddable":true,"href":"https:\/\/www.abrima.com\/blog\/wp-json\/wp\/v2\/tags?post=4251"}],"curies":[{"name":"wp","href":"https:\/\/api.w.org\/{rel}","templated":true}]}}