{"id":4247,"date":"2016-05-11T20:08:30","date_gmt":"2016-05-11T20:08:30","guid":{"rendered":"http:\/\/www.abrima.com\/blog\/?p=4247"},"modified":"2016-05-11T20:08:30","modified_gmt":"2016-05-11T20:08:30","slug":"este-nuevo-logo-diseno-instagram","status":"publish","type":"post","link":"https:\/\/www.abrima.com\/blog\/este-nuevo-logo-diseno-instagram\/","title":{"rendered":"Este es el nuevo logo y dise\u00f1o de Instagram"},"content":{"rendered":"<p><img loading=\"lazy\" class=\"aligncenter size-large wp-image-260621\" src=\"http:\/\/wwwhatsnew.com\/wp-content\/uploads\/2016\/05\/imagen-19-730x404.jpg\" alt=\"Instagram\" width=\"730\" height=\"404\" \/><\/p>\n<p>Instagram se renueva, y lo hace con un nuevo logo, completamente diferente al gris-marr\u00f3n al que ya estamos acostumbrados.<\/p>\n<p>Adem\u00e1s del logo rosa y naranja que veis arriba, tambi\u00e9n ha presentado un redise\u00f1o radical de su aplicaci\u00f3n m\u00f3vil, eliminando los colores y ofreciendo un aspecto blanco y negro en su interior.<br \/>\n<span id=\"more-260620\"><\/span><\/p>\n<p>Comentan que el dise\u00f1o del nuevo logo hace referencia al arco iris de Instagram de su dise\u00f1o anterior, mientras que el nuevo dise\u00f1o blanco y negro permite destacar las im\u00e1genes de los usuarios, sin competir en atenci\u00f3n.<\/p>\n<p><img loading=\"lazy\" class=\"aligncenter size-full wp-image-260622\" src=\"http:\/\/wwwhatsnew.com\/wp-content\/uploads\/2016\/05\/imagen-20.jpg\" alt=\"instagram\" width=\"580\" height=\"520\" \/><\/p>\n<p>En el uso de la plataforma, nada cambia: los botones se mantienen en la misma posici\u00f3n, por lo que no hay que preocuparse en este aspecto.<br \/>\n<a href=\"http:\/\/blog.instagram.com\/post\/144198429587\/160511-a-new-look\" target=\"_blank\"><br \/>\nEn la nota<\/a> especifican los cambios:<\/p>\n<blockquote><p>Cuando Instagram comenz\u00f3, era esencialmente un espacio para editar y compartir fotos. 5 a\u00f1os despu\u00e9s, es una comunidad global de intereses en la que la gente comparte fotos y videos, utiliza nuevas herramientas como Boomerang y Layout y se comunica con otros grupos a trav\u00e9s de Explore. Nos hemos inspirado en las diferentes maneras en las que la comunidad ha crecido y cambiado y hemos querido crear algo que refleje la manera vibrante y creativa en la que se cuentan historias en Instagram.<\/p>\n<p>Qu\u00e9 hemos cambiado:<br \/>\n\u2013 Inspirados en el icono anterior de la aplicaci\u00f3n, la forma simplificada representa una c\u00e1mara m\u00e1s vers\u00e1til y el arco\u00edris ha evolucionado de una manera gradiente<br \/>\n\u2013 Ahora hay un logo unificado en toda la familia de aplicaciones (Hyperlapse, Layout y Boomerang).<br \/>\n\u2013 Un nuevo dise\u00f1o m\u00e1s simple de la interfaz de usuario pone mayor atenci\u00f3n a las fotos y videos sin modificar la manera en la que se utiliza la aplicaci\u00f3n. Tambi\u00e9n se han hecho peque\u00f1as modificaciones a los iconos y las fuentes para que la experiencia sea m\u00e1s nativa en Android e iOS.<\/p><\/blockquote>\n<p>Aqu\u00ed ten\u00e9is el v\u00eddeo de presentaci\u00f3n del nuevo logo:<\/p>\n<p><iframe loading=\"lazy\" src=\"https:\/\/player.vimeo.com\/video\/166138104?byline=0&amp;portrait=0\" width=\"730\" height=\"411\" frameborder=\"0\" allowfullscreen=\"allowfullscreen\"><\/iframe><\/p>\n<p>y aqu\u00ed el del nuevo dise\u00f1o:<\/p>\n<p><iframe loading=\"lazy\" src=\"https:\/\/player.vimeo.com\/video\/166112315?byline=0&amp;portrait=0\" width=\"730\" height=\"411\" frameborder=\"0\" allowfullscreen=\"allowfullscreen\"><\/iframe><\/p>\n<p>Ahora ser\u00e1 necesario que millones de sitios web en todo el mundo cambien el logo de \u201ceste es nuestro perfil de instagram\u201d para adaptarse al nuevo, aunque ser\u00e1 mejor esperar a que los PNGs est\u00e9n disponibles para todo el mundo.<\/p>\n<p>Fuente: <a href=\"http:\/\/wwwhatsnew.com\/2016\/05\/11\/este-es-el-nuevo-logo-y-diseno-de-instagram\/\">WWWhatsNew<\/a><\/p>\n","protected":false},"excerpt":{"rendered":"<p>Instagram se renueva, y lo hace con un nuevo logo, completamente diferente al gris-marr\u00f3n al que ya estamos acostumbrados. Adem\u00e1s del logo rosa y naranja [&hellip;]<\/p>\n","protected":false},"author":1,"featured_media":0,"comment_status":"open","ping_status":"open","sticky":false,"template":"","format":"standard","meta":{"_monsterinsights_skip_tracking":false,"_monsterinsights_sitenote_active":false,"_monsterinsights_sitenote_note":"","_monsterinsights_sitenote_category":0},"categories":[31],"tags":[],"yoast_head":"<!-- This site is optimized with the Yoast SEO plugin v19.1 - https:\/\/yoast.com\/wordpress\/plugins\/seo\/ -->\n<title>Este es el nuevo logo y dise\u00f1o de Instagram - Blog de Tecnolog\u00eda - Abrima<\/title>\n<meta name=\"robots\" content=\"index, follow, max-snippet:-1, max-image-preview:large, max-video-preview:-1\" \/>\n<link rel=\"canonical\" href=\"https:\/\/www.abrima.com\/blog\/este-nuevo-logo-diseno-instagram\/\" \/>\n<meta property=\"og:locale\" content=\"es_ES\" \/>\n<meta property=\"og:type\" content=\"article\" \/>\n<meta property=\"og:title\" content=\"Este es el nuevo logo y dise\u00f1o de Instagram - Blog de Tecnolog\u00eda - Abrima\" \/>\n<meta property=\"og:description\" content=\"Instagram se renueva, y lo hace con un nuevo logo, completamente diferente al gris-marr\u00f3n al que ya estamos acostumbrados. Adem\u00e1s del logo rosa y naranja [&hellip;]\" \/>\n<meta property=\"og:url\" content=\"https:\/\/www.abrima.com\/blog\/este-nuevo-logo-diseno-instagram\/\" \/>\n<meta property=\"og:site_name\" content=\"Blog de Tecnolog\u00eda - Abrima\" \/>\n<meta property=\"article:publisher\" content=\"https:\/\/www.facebook.com\/abrimawebs\/\" \/>\n<meta property=\"article:published_time\" content=\"2016-05-11T20:08:30+00:00\" \/>\n<meta property=\"og:image\" content=\"http:\/\/wwwhatsnew.com\/wp-content\/uploads\/2016\/05\/imagen-19-730x404.jpg\" \/>\n<meta name=\"twitter:label1\" content=\"Escrito por\" \/>\n\t<meta name=\"twitter:data1\" content=\"Abrima\" \/>\n\t<meta name=\"twitter:label2\" content=\"Tiempo de lectura\" \/>\n\t<meta name=\"twitter:data2\" content=\"2 minutos\" \/>\n<script type=\"application\/ld+json\" class=\"yoast-schema-graph\">{\"@context\":\"https:\/\/schema.org\",\"@graph\":[{\"@type\":\"Organization\",\"@id\":\"https:\/\/www.abrima.com\/blog\/#organization\",\"name\":\"Abrima\",\"url\":\"https:\/\/www.abrima.com\/blog\/\",\"sameAs\":[\"https:\/\/www.linkedin.com\/company\/abrima-soluciones-web\/\",\"https:\/\/www.youtube.com\/user\/abrimawebs\",\"https:\/\/www.facebook.com\/abrimawebs\/\",\"https:\/\/twitter.com\/abrimaweb\"],\"logo\":{\"@type\":\"ImageObject\",\"inLanguage\":\"es\",\"@id\":\"https:\/\/www.abrima.com\/blog\/#\/schema\/logo\/image\/\",\"url\":\"https:\/\/www.abrima.com\/blog\/wp-content\/uploads\/2018\/03\/abrima-logo.png\",\"contentUrl\":\"https:\/\/www.abrima.com\/blog\/wp-content\/uploads\/2018\/03\/abrima-logo.png\",\"width\":700,\"height\":700,\"caption\":\"Abrima\"},\"image\":{\"@id\":\"https:\/\/www.abrima.com\/blog\/#\/schema\/logo\/image\/\"}},{\"@type\":\"WebSite\",\"@id\":\"https:\/\/www.abrima.com\/blog\/#website\",\"url\":\"https:\/\/www.abrima.com\/blog\/\",\"name\":\"Blog de Tecnolog\u00eda - Abrima\",\"description\":\"Blog sobre todo lo relacionado con Cloud, Marketing Digital y Web\",\"publisher\":{\"@id\":\"https:\/\/www.abrima.com\/blog\/#organization\"},\"potentialAction\":[{\"@type\":\"SearchAction\",\"target\":{\"@type\":\"EntryPoint\",\"urlTemplate\":\"https:\/\/www.abrima.com\/blog\/?s={search_term_string}\"},\"query-input\":\"required name=search_term_string\"}],\"inLanguage\":\"es\"},{\"@type\":\"ImageObject\",\"inLanguage\":\"es\",\"@id\":\"https:\/\/www.abrima.com\/blog\/este-nuevo-logo-diseno-instagram\/#primaryimage\",\"url\":\"http:\/\/wwwhatsnew.com\/wp-content\/uploads\/2016\/05\/imagen-19-730x404.jpg\",\"contentUrl\":\"http:\/\/wwwhatsnew.com\/wp-content\/uploads\/2016\/05\/imagen-19-730x404.jpg\"},{\"@type\":\"WebPage\",\"@id\":\"https:\/\/www.abrima.com\/blog\/este-nuevo-logo-diseno-instagram\/#webpage\",\"url\":\"https:\/\/www.abrima.com\/blog\/este-nuevo-logo-diseno-instagram\/\",\"name\":\"Este es el nuevo logo y dise\u00f1o de Instagram - Blog de Tecnolog\u00eda - Abrima\",\"isPartOf\":{\"@id\":\"https:\/\/www.abrima.com\/blog\/#website\"},\"primaryImageOfPage\":{\"@id\":\"https:\/\/www.abrima.com\/blog\/este-nuevo-logo-diseno-instagram\/#primaryimage\"},\"datePublished\":\"2016-05-11T20:08:30+00:00\",\"dateModified\":\"2016-05-11T20:08:30+00:00\",\"breadcrumb\":{\"@id\":\"https:\/\/www.abrima.com\/blog\/este-nuevo-logo-diseno-instagram\/#breadcrumb\"},\"inLanguage\":\"es\",\"potentialAction\":[{\"@type\":\"ReadAction\",\"target\":[\"https:\/\/www.abrima.com\/blog\/este-nuevo-logo-diseno-instagram\/\"]}]},{\"@type\":\"BreadcrumbList\",\"@id\":\"https:\/\/www.abrima.com\/blog\/este-nuevo-logo-diseno-instagram\/#breadcrumb\",\"itemListElement\":[{\"@type\":\"ListItem\",\"position\":1,\"name\":\"Portada\",\"item\":\"https:\/\/www.abrima.com\/blog\/\"},{\"@type\":\"ListItem\",\"position\":2,\"name\":\"Este es el nuevo logo y dise\u00f1o de Instagram\"}]},{\"@type\":\"Article\",\"@id\":\"https:\/\/www.abrima.com\/blog\/este-nuevo-logo-diseno-instagram\/#article\",\"isPartOf\":{\"@id\":\"https:\/\/www.abrima.com\/blog\/este-nuevo-logo-diseno-instagram\/#webpage\"},\"author\":{\"@id\":\"https:\/\/www.abrima.com\/blog\/#\/schema\/person\/b768d5411164cb8b8d58f72cdf4e11e8\"},\"headline\":\"Este es el nuevo logo y dise\u00f1o de Instagram\",\"datePublished\":\"2016-05-11T20:08:30+00:00\",\"dateModified\":\"2016-05-11T20:08:30+00:00\",\"mainEntityOfPage\":{\"@id\":\"https:\/\/www.abrima.com\/blog\/este-nuevo-logo-diseno-instagram\/#webpage\"},\"wordCount\":396,\"commentCount\":0,\"publisher\":{\"@id\":\"https:\/\/www.abrima.com\/blog\/#organization\"},\"image\":{\"@id\":\"https:\/\/www.abrima.com\/blog\/este-nuevo-logo-diseno-instagram\/#primaryimage\"},\"thumbnailUrl\":\"http:\/\/wwwhatsnew.com\/wp-content\/uploads\/2016\/05\/imagen-19-730x404.jpg\",\"articleSection\":[\"Instagram\"],\"inLanguage\":\"es\",\"potentialAction\":[{\"@type\":\"CommentAction\",\"name\":\"Comment\",\"target\":[\"https:\/\/www.abrima.com\/blog\/este-nuevo-logo-diseno-instagram\/#respond\"]}]},{\"@type\":\"Person\",\"@id\":\"https:\/\/www.abrima.com\/blog\/#\/schema\/person\/b768d5411164cb8b8d58f72cdf4e11e8\",\"name\":\"Abrima\",\"image\":{\"@type\":\"ImageObject\",\"inLanguage\":\"es\",\"@id\":\"https:\/\/www.abrima.com\/blog\/#\/schema\/person\/image\/\",\"url\":\"https:\/\/secure.gravatar.com\/avatar\/5cc72c9c6b371583c943a070dff20409?s=96&d=mm&r=g\",\"contentUrl\":\"https:\/\/secure.gravatar.com\/avatar\/5cc72c9c6b371583c943a070dff20409?s=96&d=mm&r=g\",\"caption\":\"Abrima\"},\"url\":\"https:\/\/www.abrima.com\/blog\/author\/abrima\/\"}]}<\/script>\n<!-- \/ Yoast SEO plugin. -->","yoast_head_json":{"title":"Este es el nuevo logo y dise\u00f1o de Instagram - Blog de Tecnolog\u00eda - Abrima","robots":{"index":"index","follow":"follow","max-snippet":"max-snippet:-1","max-image-preview":"max-image-preview:large","max-video-preview":"max-video-preview:-1"},"canonical":"https:\/\/www.abrima.com\/blog\/este-nuevo-logo-diseno-instagram\/","og_locale":"es_ES","og_type":"article","og_title":"Este es el nuevo logo y dise\u00f1o de Instagram - Blog de Tecnolog\u00eda - Abrima","og_description":"Instagram se renueva, y lo hace con un nuevo logo, completamente diferente al gris-marr\u00f3n al que ya estamos acostumbrados. Adem\u00e1s del logo rosa y naranja [&hellip;]","og_url":"https:\/\/www.abrima.com\/blog\/este-nuevo-logo-diseno-instagram\/","og_site_name":"Blog de Tecnolog\u00eda - Abrima","article_publisher":"https:\/\/www.facebook.com\/abrimawebs\/","article_published_time":"2016-05-11T20:08:30+00:00","og_image":[{"url":"http:\/\/wwwhatsnew.com\/wp-content\/uploads\/2016\/05\/imagen-19-730x404.jpg"}],"twitter_misc":{"Escrito por":"Abrima","Tiempo de lectura":"2 minutos"},"schema":{"@context":"https:\/\/schema.org","@graph":[{"@type":"Organization","@id":"https:\/\/www.abrima.com\/blog\/#organization","name":"Abrima","url":"https:\/\/www.abrima.com\/blog\/","sameAs":["https:\/\/www.linkedin.com\/company\/abrima-soluciones-web\/","https:\/\/www.youtube.com\/user\/abrimawebs","https:\/\/www.facebook.com\/abrimawebs\/","https:\/\/twitter.com\/abrimaweb"],"logo":{"@type":"ImageObject","inLanguage":"es","@id":"https:\/\/www.abrima.com\/blog\/#\/schema\/logo\/image\/","url":"https:\/\/www.abrima.com\/blog\/wp-content\/uploads\/2018\/03\/abrima-logo.png","contentUrl":"https:\/\/www.abrima.com\/blog\/wp-content\/uploads\/2018\/03\/abrima-logo.png","width":700,"height":700,"caption":"Abrima"},"image":{"@id":"https:\/\/www.abrima.com\/blog\/#\/schema\/logo\/image\/"}},{"@type":"WebSite","@id":"https:\/\/www.abrima.com\/blog\/#website","url":"https:\/\/www.abrima.com\/blog\/","name":"Blog de Tecnolog\u00eda - Abrima","description":"Blog sobre todo lo relacionado con Cloud, Marketing Digital y Web","publisher":{"@id":"https:\/\/www.abrima.com\/blog\/#organization"},"potentialAction":[{"@type":"SearchAction","target":{"@type":"EntryPoint","urlTemplate":"https:\/\/www.abrima.com\/blog\/?s={search_term_string}"},"query-input":"required name=search_term_string"}],"inLanguage":"es"},{"@type":"ImageObject","inLanguage":"es","@id":"https:\/\/www.abrima.com\/blog\/este-nuevo-logo-diseno-instagram\/#primaryimage","url":"http:\/\/wwwhatsnew.com\/wp-content\/uploads\/2016\/05\/imagen-19-730x404.jpg","contentUrl":"http:\/\/wwwhatsnew.com\/wp-content\/uploads\/2016\/05\/imagen-19-730x404.jpg"},{"@type":"WebPage","@id":"https:\/\/www.abrima.com\/blog\/este-nuevo-logo-diseno-instagram\/#webpage","url":"https:\/\/www.abrima.com\/blog\/este-nuevo-logo-diseno-instagram\/","name":"Este es el nuevo logo y dise\u00f1o de Instagram - Blog de Tecnolog\u00eda - Abrima","isPartOf":{"@id":"https:\/\/www.abrima.com\/blog\/#website"},"primaryImageOfPage":{"@id":"https:\/\/www.abrima.com\/blog\/este-nuevo-logo-diseno-instagram\/#primaryimage"},"datePublished":"2016-05-11T20:08:30+00:00","dateModified":"2016-05-11T20:08:30+00:00","breadcrumb":{"@id":"https:\/\/www.abrima.com\/blog\/este-nuevo-logo-diseno-instagram\/#breadcrumb"},"inLanguage":"es","potentialAction":[{"@type":"ReadAction","target":["https:\/\/www.abrima.com\/blog\/este-nuevo-logo-diseno-instagram\/"]}]},{"@type":"BreadcrumbList","@id":"https:\/\/www.abrima.com\/blog\/este-nuevo-logo-diseno-instagram\/#breadcrumb","itemListElement":[{"@type":"ListItem","position":1,"name":"Portada","item":"https:\/\/www.abrima.com\/blog\/"},{"@type":"ListItem","position":2,"name":"Este es el nuevo logo y dise\u00f1o de Instagram"}]},{"@type":"Article","@id":"https:\/\/www.abrima.com\/blog\/este-nuevo-logo-diseno-instagram\/#article","isPartOf":{"@id":"https:\/\/www.abrima.com\/blog\/este-nuevo-logo-diseno-instagram\/#webpage"},"author":{"@id":"https:\/\/www.abrima.com\/blog\/#\/schema\/person\/b768d5411164cb8b8d58f72cdf4e11e8"},"headline":"Este es el nuevo logo y dise\u00f1o de Instagram","datePublished":"2016-05-11T20:08:30+00:00","dateModified":"2016-05-11T20:08:30+00:00","mainEntityOfPage":{"@id":"https:\/\/www.abrima.com\/blog\/este-nuevo-logo-diseno-instagram\/#webpage"},"wordCount":396,"commentCount":0,"publisher":{"@id":"https:\/\/www.abrima.com\/blog\/#organization"},"image":{"@id":"https:\/\/www.abrima.com\/blog\/este-nuevo-logo-diseno-instagram\/#primaryimage"},"thumbnailUrl":"http:\/\/wwwhatsnew.com\/wp-content\/uploads\/2016\/05\/imagen-19-730x404.jpg","articleSection":["Instagram"],"inLanguage":"es","potentialAction":[{"@type":"CommentAction","name":"Comment","target":["https:\/\/www.abrima.com\/blog\/este-nuevo-logo-diseno-instagram\/#respond"]}]},{"@type":"Person","@id":"https:\/\/www.abrima.com\/blog\/#\/schema\/person\/b768d5411164cb8b8d58f72cdf4e11e8","name":"Abrima","image":{"@type":"ImageObject","inLanguage":"es","@id":"https:\/\/www.abrima.com\/blog\/#\/schema\/person\/image\/","url":"https:\/\/secure.gravatar.com\/avatar\/5cc72c9c6b371583c943a070dff20409?s=96&d=mm&r=g","contentUrl":"https:\/\/secure.gravatar.com\/avatar\/5cc72c9c6b371583c943a070dff20409?s=96&d=mm&r=g","caption":"Abrima"},"url":"https:\/\/www.abrima.com\/blog\/author\/abrima\/"}]}},"amp_enabled":true,"_links":{"self":[{"href":"https:\/\/www.abrima.com\/blog\/wp-json\/wp\/v2\/posts\/4247"}],"collection":[{"href":"https:\/\/www.abrima.com\/blog\/wp-json\/wp\/v2\/posts"}],"about":[{"href":"https:\/\/www.abrima.com\/blog\/wp-json\/wp\/v2\/types\/post"}],"author":[{"embeddable":true,"href":"https:\/\/www.abrima.com\/blog\/wp-json\/wp\/v2\/users\/1"}],"replies":[{"embeddable":true,"href":"https:\/\/www.abrima.com\/blog\/wp-json\/wp\/v2\/comments?post=4247"}],"version-history":[{"count":1,"href":"https:\/\/www.abrima.com\/blog\/wp-json\/wp\/v2\/posts\/4247\/revisions"}],"predecessor-version":[{"id":4248,"href":"https:\/\/www.abrima.com\/blog\/wp-json\/wp\/v2\/posts\/4247\/revisions\/4248"}],"wp:attachment":[{"href":"https:\/\/www.abrima.com\/blog\/wp-json\/wp\/v2\/media?parent=4247"}],"wp:term":[{"taxonomy":"category","embeddable":true,"href":"https:\/\/www.abrima.com\/blog\/wp-json\/wp\/v2\/categories?post=4247"},{"taxonomy":"post_tag","embeddable":true,"href":"https:\/\/www.abrima.com\/blog\/wp-json\/wp\/v2\/tags?post=4247"}],"curies":[{"name":"wp","href":"https:\/\/api.w.org\/{rel}","templated":true}]}}