{"id":4194,"date":"2016-04-26T20:40:09","date_gmt":"2016-04-26T20:40:09","guid":{"rendered":"http:\/\/www.abrima.com\/blog\/?p=4194"},"modified":"2016-04-26T20:40:09","modified_gmt":"2016-04-26T20:40:09","slug":"google-se-asocia-ford-volvo-uber-otros-tratar-tema-coches-autonomos","status":"publish","type":"post","link":"https:\/\/www.abrima.com\/blog\/google-se-asocia-ford-volvo-uber-otros-tratar-tema-coches-autonomos\/","title":{"rendered":"Google se asocia con Ford, Volvo, Uber y otros para tratar el tema de coches aut\u00f3nomos"},"content":{"rendered":"<p><img loading=\"lazy\" class=\"aligncenter size-large wp-image-259371\" src=\"http:\/\/wwwhatsnew.com\/wp-content\/uploads\/2016\/04\/imagen-245-730x473.jpg\" alt=\"coche aut\u00f3nomo\" width=\"730\" height=\"473\" \/><\/p>\n<p>Ya existe la tecnolog\u00eda que permite a los coches recorrer las carreteras sin conductor, y funciona bien, se ha probado con \u00e9xito en varias ciudades, pero a\u00fan hay muchos obst\u00e1culos que deben superarse.<\/p>\n<p>Cada estado, cada pa\u00eds, tiene unas leyes diferentes en este segmento, y los asuntos legales son extremadamente importantes cuando hablamos de coches que est\u00e1n siendo controlados por un programa. Hace varios meses <a href=\"http:\/\/wwwhatsnew.com\/2015\/11\/02\/las-cuestiones-filosoficas-en-los-coches-autonomos\/\" target=\"_blank\">ya os comentamos los problemas<\/a> que podr\u00edan aparecer, algunos de los cuales os resumimos en dos puntos:<br \/>\n<span id=\"more-259370\"><\/span><\/p>\n<p>\u2013 Si el coche aut\u00f3nomo golpea a otro veh\u00edculo, \u00bfqui\u00e9n tiene la culpa?, \u00bfel due\u00f1o del veh\u00edculo, que solo es un pasajero, o el fabricante del coche, que dise\u00f1o el software?<br \/>\n\u2013 Si el coche se encuentra con el dilema de saltar por un precipicio para no atropellar a otras personas, o pasar por encima de ellas. \u00bfQu\u00e9 deber\u00eda hacer?, \u00bfproteger a su due\u00f1o o salvar al mayor n\u00famero de personas posibles?<\/p>\n<p>Estos temas no pueden solucionarse con tecnolog\u00eda, necesitan ser tratados con abogados, soci\u00f3logos, fil\u00f3sofos\u2026 y para ello en Google han decidido asociarse con Ford, Volvo, Uber y otras compa\u00f1\u00edas relacionadas con el mundo del motor para poder hacer m\u00e1s presi\u00f3n en los gobiernos y agilizar as\u00ed las decisiones.<\/p>\n<p>Lo comentan <a href=\"http:\/\/www.reuters.com\/article\/us-autos-selfdriving-idUSKCN0XN1F1\" target=\"_blank\">en reuters<\/a>, donde indican que ya se est\u00e1 escribiendo una nueva orientaci\u00f3n sobre los coches aut\u00f3nomos, donde David Strickland, ejecutivo retirado de la Administraci\u00f3n Nacional de Carreteras de Estados unidos (National Highway Traffic Safety Administration \u2013 NHTSA), ser\u00e1 el abogado y portavoz de la coalici\u00f3n.<\/p>\n<p>El objetivo principal ahora es perimtir este tipo de veh\u00edculos en Estados Unidos, despu\u00e9s empezar\u00e1n a pensar en cruzar fronteras.<\/p>\n<p>Fuente: <a href=\"http:\/\/wwwhatsnew.com\/2016\/04\/26\/google-se-asocia-con-ford-volvo-uber-y-otros-para-tratar-el-tema-de-coches-autonomos\/\">WWWhatsNew<\/a><\/p>\n","protected":false},"excerpt":{"rendered":"<p>Ya existe la tecnolog\u00eda que permite a los coches recorrer las carreteras sin conductor, y funciona bien, se ha probado con \u00e9xito en varias ciudades, [&hellip;]<\/p>\n","protected":false},"author":1,"featured_media":0,"comment_status":"open","ping_status":"open","sticky":false,"template":"","format":"standard","meta":{"_monsterinsights_skip_tracking":false,"_monsterinsights_sitenote_active":false,"_monsterinsights_sitenote_note":"","_monsterinsights_sitenote_category":0},"categories":[10],"tags":[],"yoast_head":"<!-- This site is optimized with the Yoast SEO plugin v19.1 - https:\/\/yoast.com\/wordpress\/plugins\/seo\/ -->\n<title>Google se asocia con Ford, Volvo, Uber y otros para tratar el tema de coches aut\u00f3nomos - Blog de Tecnolog\u00eda - Abrima<\/title>\n<meta name=\"robots\" content=\"index, follow, max-snippet:-1, max-image-preview:large, max-video-preview:-1\" \/>\n<link rel=\"canonical\" href=\"https:\/\/www.abrima.com\/blog\/google-se-asocia-ford-volvo-uber-otros-tratar-tema-coches-autonomos\/\" \/>\n<meta property=\"og:locale\" content=\"es_ES\" \/>\n<meta property=\"og:type\" content=\"article\" \/>\n<meta property=\"og:title\" content=\"Google se asocia con Ford, Volvo, Uber y otros para tratar el tema de coches aut\u00f3nomos - Blog de Tecnolog\u00eda - Abrima\" \/>\n<meta property=\"og:description\" content=\"Ya existe la tecnolog\u00eda que permite a los coches recorrer las carreteras sin conductor, y funciona bien, se ha probado con \u00e9xito en varias ciudades, [&hellip;]\" \/>\n<meta property=\"og:url\" content=\"https:\/\/www.abrima.com\/blog\/google-se-asocia-ford-volvo-uber-otros-tratar-tema-coches-autonomos\/\" \/>\n<meta property=\"og:site_name\" content=\"Blog de Tecnolog\u00eda - Abrima\" \/>\n<meta property=\"article:publisher\" content=\"https:\/\/www.facebook.com\/abrimawebs\/\" \/>\n<meta property=\"article:published_time\" content=\"2016-04-26T20:40:09+00:00\" \/>\n<meta property=\"og:image\" content=\"http:\/\/wwwhatsnew.com\/wp-content\/uploads\/2016\/04\/imagen-245-730x473.jpg\" \/>\n<meta name=\"twitter:label1\" content=\"Escrito por\" \/>\n\t<meta name=\"twitter:data1\" content=\"Abrima\" \/>\n\t<meta name=\"twitter:label2\" content=\"Tiempo de lectura\" \/>\n\t<meta name=\"twitter:data2\" content=\"1 minuto\" \/>\n<script type=\"application\/ld+json\" class=\"yoast-schema-graph\">{\"@context\":\"https:\/\/schema.org\",\"@graph\":[{\"@type\":\"Organization\",\"@id\":\"https:\/\/www.abrima.com\/blog\/#organization\",\"name\":\"Abrima\",\"url\":\"https:\/\/www.abrima.com\/blog\/\",\"sameAs\":[\"https:\/\/www.linkedin.com\/company\/abrima-soluciones-web\/\",\"https:\/\/www.youtube.com\/user\/abrimawebs\",\"https:\/\/www.facebook.com\/abrimawebs\/\",\"https:\/\/twitter.com\/abrimaweb\"],\"logo\":{\"@type\":\"ImageObject\",\"inLanguage\":\"es\",\"@id\":\"https:\/\/www.abrima.com\/blog\/#\/schema\/logo\/image\/\",\"url\":\"https:\/\/www.abrima.com\/blog\/wp-content\/uploads\/2018\/03\/abrima-logo.png\",\"contentUrl\":\"https:\/\/www.abrima.com\/blog\/wp-content\/uploads\/2018\/03\/abrima-logo.png\",\"width\":700,\"height\":700,\"caption\":\"Abrima\"},\"image\":{\"@id\":\"https:\/\/www.abrima.com\/blog\/#\/schema\/logo\/image\/\"}},{\"@type\":\"WebSite\",\"@id\":\"https:\/\/www.abrima.com\/blog\/#website\",\"url\":\"https:\/\/www.abrima.com\/blog\/\",\"name\":\"Blog de Tecnolog\u00eda - Abrima\",\"description\":\"Blog sobre todo lo relacionado con Cloud, Marketing Digital y Web\",\"publisher\":{\"@id\":\"https:\/\/www.abrima.com\/blog\/#organization\"},\"potentialAction\":[{\"@type\":\"SearchAction\",\"target\":{\"@type\":\"EntryPoint\",\"urlTemplate\":\"https:\/\/www.abrima.com\/blog\/?s={search_term_string}\"},\"query-input\":\"required name=search_term_string\"}],\"inLanguage\":\"es\"},{\"@type\":\"ImageObject\",\"inLanguage\":\"es\",\"@id\":\"https:\/\/www.abrima.com\/blog\/google-se-asocia-ford-volvo-uber-otros-tratar-tema-coches-autonomos\/#primaryimage\",\"url\":\"http:\/\/wwwhatsnew.com\/wp-content\/uploads\/2016\/04\/imagen-245-730x473.jpg\",\"contentUrl\":\"http:\/\/wwwhatsnew.com\/wp-content\/uploads\/2016\/04\/imagen-245-730x473.jpg\"},{\"@type\":\"WebPage\",\"@id\":\"https:\/\/www.abrima.com\/blog\/google-se-asocia-ford-volvo-uber-otros-tratar-tema-coches-autonomos\/#webpage\",\"url\":\"https:\/\/www.abrima.com\/blog\/google-se-asocia-ford-volvo-uber-otros-tratar-tema-coches-autonomos\/\",\"name\":\"Google se asocia con Ford, Volvo, Uber y otros para tratar el tema de coches aut\u00f3nomos - Blog de Tecnolog\u00eda - Abrima\",\"isPartOf\":{\"@id\":\"https:\/\/www.abrima.com\/blog\/#website\"},\"primaryImageOfPage\":{\"@id\":\"https:\/\/www.abrima.com\/blog\/google-se-asocia-ford-volvo-uber-otros-tratar-tema-coches-autonomos\/#primaryimage\"},\"datePublished\":\"2016-04-26T20:40:09+00:00\",\"dateModified\":\"2016-04-26T20:40:09+00:00\",\"breadcrumb\":{\"@id\":\"https:\/\/www.abrima.com\/blog\/google-se-asocia-ford-volvo-uber-otros-tratar-tema-coches-autonomos\/#breadcrumb\"},\"inLanguage\":\"es\",\"potentialAction\":[{\"@type\":\"ReadAction\",\"target\":[\"https:\/\/www.abrima.com\/blog\/google-se-asocia-ford-volvo-uber-otros-tratar-tema-coches-autonomos\/\"]}]},{\"@type\":\"BreadcrumbList\",\"@id\":\"https:\/\/www.abrima.com\/blog\/google-se-asocia-ford-volvo-uber-otros-tratar-tema-coches-autonomos\/#breadcrumb\",\"itemListElement\":[{\"@type\":\"ListItem\",\"position\":1,\"name\":\"Portada\",\"item\":\"https:\/\/www.abrima.com\/blog\/\"},{\"@type\":\"ListItem\",\"position\":2,\"name\":\"Google se asocia con Ford, Volvo, Uber y otros para tratar el tema de coches aut\u00f3nomos\"}]},{\"@type\":\"Article\",\"@id\":\"https:\/\/www.abrima.com\/blog\/google-se-asocia-ford-volvo-uber-otros-tratar-tema-coches-autonomos\/#article\",\"isPartOf\":{\"@id\":\"https:\/\/www.abrima.com\/blog\/google-se-asocia-ford-volvo-uber-otros-tratar-tema-coches-autonomos\/#webpage\"},\"author\":{\"@id\":\"https:\/\/www.abrima.com\/blog\/#\/schema\/person\/b768d5411164cb8b8d58f72cdf4e11e8\"},\"headline\":\"Google se asocia con Ford, Volvo, Uber y otros para tratar el tema de coches aut\u00f3nomos\",\"datePublished\":\"2016-04-26T20:40:09+00:00\",\"dateModified\":\"2016-04-26T20:40:09+00:00\",\"mainEntityOfPage\":{\"@id\":\"https:\/\/www.abrima.com\/blog\/google-se-asocia-ford-volvo-uber-otros-tratar-tema-coches-autonomos\/#webpage\"},\"wordCount\":313,\"commentCount\":0,\"publisher\":{\"@id\":\"https:\/\/www.abrima.com\/blog\/#organization\"},\"image\":{\"@id\":\"https:\/\/www.abrima.com\/blog\/google-se-asocia-ford-volvo-uber-otros-tratar-tema-coches-autonomos\/#primaryimage\"},\"thumbnailUrl\":\"http:\/\/wwwhatsnew.com\/wp-content\/uploads\/2016\/04\/imagen-245-730x473.jpg\",\"articleSection\":[\"Google\"],\"inLanguage\":\"es\",\"potentialAction\":[{\"@type\":\"CommentAction\",\"name\":\"Comment\",\"target\":[\"https:\/\/www.abrima.com\/blog\/google-se-asocia-ford-volvo-uber-otros-tratar-tema-coches-autonomos\/#respond\"]}]},{\"@type\":\"Person\",\"@id\":\"https:\/\/www.abrima.com\/blog\/#\/schema\/person\/b768d5411164cb8b8d58f72cdf4e11e8\",\"name\":\"Abrima\",\"image\":{\"@type\":\"ImageObject\",\"inLanguage\":\"es\",\"@id\":\"https:\/\/www.abrima.com\/blog\/#\/schema\/person\/image\/\",\"url\":\"https:\/\/secure.gravatar.com\/avatar\/5cc72c9c6b371583c943a070dff20409?s=96&d=mm&r=g\",\"contentUrl\":\"https:\/\/secure.gravatar.com\/avatar\/5cc72c9c6b371583c943a070dff20409?s=96&d=mm&r=g\",\"caption\":\"Abrima\"},\"url\":\"https:\/\/www.abrima.com\/blog\/author\/abrima\/\"}]}<\/script>\n<!-- \/ Yoast SEO plugin. -->","yoast_head_json":{"title":"Google se asocia con Ford, Volvo, Uber y otros para tratar el tema de coches aut\u00f3nomos - Blog de Tecnolog\u00eda - Abrima","robots":{"index":"index","follow":"follow","max-snippet":"max-snippet:-1","max-image-preview":"max-image-preview:large","max-video-preview":"max-video-preview:-1"},"canonical":"https:\/\/www.abrima.com\/blog\/google-se-asocia-ford-volvo-uber-otros-tratar-tema-coches-autonomos\/","og_locale":"es_ES","og_type":"article","og_title":"Google se asocia con Ford, Volvo, Uber y otros para tratar el tema de coches aut\u00f3nomos - Blog de Tecnolog\u00eda - Abrima","og_description":"Ya existe la tecnolog\u00eda que permite a los coches recorrer las carreteras sin conductor, y funciona bien, se ha probado con \u00e9xito en varias ciudades, [&hellip;]","og_url":"https:\/\/www.abrima.com\/blog\/google-se-asocia-ford-volvo-uber-otros-tratar-tema-coches-autonomos\/","og_site_name":"Blog de Tecnolog\u00eda - Abrima","article_publisher":"https:\/\/www.facebook.com\/abrimawebs\/","article_published_time":"2016-04-26T20:40:09+00:00","og_image":[{"url":"http:\/\/wwwhatsnew.com\/wp-content\/uploads\/2016\/04\/imagen-245-730x473.jpg"}],"twitter_misc":{"Escrito por":"Abrima","Tiempo de lectura":"1 minuto"},"schema":{"@context":"https:\/\/schema.org","@graph":[{"@type":"Organization","@id":"https:\/\/www.abrima.com\/blog\/#organization","name":"Abrima","url":"https:\/\/www.abrima.com\/blog\/","sameAs":["https:\/\/www.linkedin.com\/company\/abrima-soluciones-web\/","https:\/\/www.youtube.com\/user\/abrimawebs","https:\/\/www.facebook.com\/abrimawebs\/","https:\/\/twitter.com\/abrimaweb"],"logo":{"@type":"ImageObject","inLanguage":"es","@id":"https:\/\/www.abrima.com\/blog\/#\/schema\/logo\/image\/","url":"https:\/\/www.abrima.com\/blog\/wp-content\/uploads\/2018\/03\/abrima-logo.png","contentUrl":"https:\/\/www.abrima.com\/blog\/wp-content\/uploads\/2018\/03\/abrima-logo.png","width":700,"height":700,"caption":"Abrima"},"image":{"@id":"https:\/\/www.abrima.com\/blog\/#\/schema\/logo\/image\/"}},{"@type":"WebSite","@id":"https:\/\/www.abrima.com\/blog\/#website","url":"https:\/\/www.abrima.com\/blog\/","name":"Blog de Tecnolog\u00eda - Abrima","description":"Blog sobre todo lo relacionado con Cloud, Marketing Digital y Web","publisher":{"@id":"https:\/\/www.abrima.com\/blog\/#organization"},"potentialAction":[{"@type":"SearchAction","target":{"@type":"EntryPoint","urlTemplate":"https:\/\/www.abrima.com\/blog\/?s={search_term_string}"},"query-input":"required name=search_term_string"}],"inLanguage":"es"},{"@type":"ImageObject","inLanguage":"es","@id":"https:\/\/www.abrima.com\/blog\/google-se-asocia-ford-volvo-uber-otros-tratar-tema-coches-autonomos\/#primaryimage","url":"http:\/\/wwwhatsnew.com\/wp-content\/uploads\/2016\/04\/imagen-245-730x473.jpg","contentUrl":"http:\/\/wwwhatsnew.com\/wp-content\/uploads\/2016\/04\/imagen-245-730x473.jpg"},{"@type":"WebPage","@id":"https:\/\/www.abrima.com\/blog\/google-se-asocia-ford-volvo-uber-otros-tratar-tema-coches-autonomos\/#webpage","url":"https:\/\/www.abrima.com\/blog\/google-se-asocia-ford-volvo-uber-otros-tratar-tema-coches-autonomos\/","name":"Google se asocia con Ford, Volvo, Uber y otros para tratar el tema de coches aut\u00f3nomos - Blog de Tecnolog\u00eda - Abrima","isPartOf":{"@id":"https:\/\/www.abrima.com\/blog\/#website"},"primaryImageOfPage":{"@id":"https:\/\/www.abrima.com\/blog\/google-se-asocia-ford-volvo-uber-otros-tratar-tema-coches-autonomos\/#primaryimage"},"datePublished":"2016-04-26T20:40:09+00:00","dateModified":"2016-04-26T20:40:09+00:00","breadcrumb":{"@id":"https:\/\/www.abrima.com\/blog\/google-se-asocia-ford-volvo-uber-otros-tratar-tema-coches-autonomos\/#breadcrumb"},"inLanguage":"es","potentialAction":[{"@type":"ReadAction","target":["https:\/\/www.abrima.com\/blog\/google-se-asocia-ford-volvo-uber-otros-tratar-tema-coches-autonomos\/"]}]},{"@type":"BreadcrumbList","@id":"https:\/\/www.abrima.com\/blog\/google-se-asocia-ford-volvo-uber-otros-tratar-tema-coches-autonomos\/#breadcrumb","itemListElement":[{"@type":"ListItem","position":1,"name":"Portada","item":"https:\/\/www.abrima.com\/blog\/"},{"@type":"ListItem","position":2,"name":"Google se asocia con Ford, Volvo, Uber y otros para tratar el tema de coches aut\u00f3nomos"}]},{"@type":"Article","@id":"https:\/\/www.abrima.com\/blog\/google-se-asocia-ford-volvo-uber-otros-tratar-tema-coches-autonomos\/#article","isPartOf":{"@id":"https:\/\/www.abrima.com\/blog\/google-se-asocia-ford-volvo-uber-otros-tratar-tema-coches-autonomos\/#webpage"},"author":{"@id":"https:\/\/www.abrima.com\/blog\/#\/schema\/person\/b768d5411164cb8b8d58f72cdf4e11e8"},"headline":"Google se asocia con Ford, Volvo, Uber y otros para tratar el tema de coches aut\u00f3nomos","datePublished":"2016-04-26T20:40:09+00:00","dateModified":"2016-04-26T20:40:09+00:00","mainEntityOfPage":{"@id":"https:\/\/www.abrima.com\/blog\/google-se-asocia-ford-volvo-uber-otros-tratar-tema-coches-autonomos\/#webpage"},"wordCount":313,"commentCount":0,"publisher":{"@id":"https:\/\/www.abrima.com\/blog\/#organization"},"image":{"@id":"https:\/\/www.abrima.com\/blog\/google-se-asocia-ford-volvo-uber-otros-tratar-tema-coches-autonomos\/#primaryimage"},"thumbnailUrl":"http:\/\/wwwhatsnew.com\/wp-content\/uploads\/2016\/04\/imagen-245-730x473.jpg","articleSection":["Google"],"inLanguage":"es","potentialAction":[{"@type":"CommentAction","name":"Comment","target":["https:\/\/www.abrima.com\/blog\/google-se-asocia-ford-volvo-uber-otros-tratar-tema-coches-autonomos\/#respond"]}]},{"@type":"Person","@id":"https:\/\/www.abrima.com\/blog\/#\/schema\/person\/b768d5411164cb8b8d58f72cdf4e11e8","name":"Abrima","image":{"@type":"ImageObject","inLanguage":"es","@id":"https:\/\/www.abrima.com\/blog\/#\/schema\/person\/image\/","url":"https:\/\/secure.gravatar.com\/avatar\/5cc72c9c6b371583c943a070dff20409?s=96&d=mm&r=g","contentUrl":"https:\/\/secure.gravatar.com\/avatar\/5cc72c9c6b371583c943a070dff20409?s=96&d=mm&r=g","caption":"Abrima"},"url":"https:\/\/www.abrima.com\/blog\/author\/abrima\/"}]}},"amp_enabled":true,"_links":{"self":[{"href":"https:\/\/www.abrima.com\/blog\/wp-json\/wp\/v2\/posts\/4194"}],"collection":[{"href":"https:\/\/www.abrima.com\/blog\/wp-json\/wp\/v2\/posts"}],"about":[{"href":"https:\/\/www.abrima.com\/blog\/wp-json\/wp\/v2\/types\/post"}],"author":[{"embeddable":true,"href":"https:\/\/www.abrima.com\/blog\/wp-json\/wp\/v2\/users\/1"}],"replies":[{"embeddable":true,"href":"https:\/\/www.abrima.com\/blog\/wp-json\/wp\/v2\/comments?post=4194"}],"version-history":[{"count":1,"href":"https:\/\/www.abrima.com\/blog\/wp-json\/wp\/v2\/posts\/4194\/revisions"}],"predecessor-version":[{"id":4195,"href":"https:\/\/www.abrima.com\/blog\/wp-json\/wp\/v2\/posts\/4194\/revisions\/4195"}],"wp:attachment":[{"href":"https:\/\/www.abrima.com\/blog\/wp-json\/wp\/v2\/media?parent=4194"}],"wp:term":[{"taxonomy":"category","embeddable":true,"href":"https:\/\/www.abrima.com\/blog\/wp-json\/wp\/v2\/categories?post=4194"},{"taxonomy":"post_tag","embeddable":true,"href":"https:\/\/www.abrima.com\/blog\/wp-json\/wp\/v2\/tags?post=4194"}],"curies":[{"name":"wp","href":"https:\/\/api.w.org\/{rel}","templated":true}]}}