{"id":411,"date":"2013-10-24T18:11:29","date_gmt":"2013-10-24T18:11:29","guid":{"rendered":"http:\/\/www.abrima.com\/blog\/?p=411"},"modified":"2014-03-13T21:26:13","modified_gmt":"2014-03-13T21:26:13","slug":"4-motivos-por-los-que-las-pymes-deben-estar-en-twitter","status":"publish","type":"post","link":"https:\/\/www.abrima.com\/blog\/4-motivos-por-los-que-las-pymes-deben-estar-en-twitter\/","title":{"rendered":"4 motivos por los que las pymes deben estar en Twitter"},"content":{"rendered":"<div><img alt=\"\" src=\"http:\/\/cdn1.ticbeat.com\/wp-content\/uploads\/2013\/10\/razonesusotwitter-590x260.jpg\" \/><\/div>\n<p>Las pymes se han dado cuenta de la relevancia que tiene para ellas adaptarse al entorno impuesto por las nuevas tecnolog\u00edas. En el \u00faltimo a\u00f1o ha crecido significativamente la presencia de las peque\u00f1as y medianas empresas en los\u00a0<em>social media<\/em>, as\u00ed como la inversi\u00f3n que han destinado a este \u00e1mbito. En concreto, un estudio realizado por Manta se\u00f1ala que\u00a0<strong>una de cada cuatro pymes ha incrementado su presupuesto<\/strong>\u00a0para potenciar este segmento del marketing\u00a0<em>online<\/em>.<\/p>\n<p>Por su parte, el estudio\u00a0<em>Situaci\u00f3n actual de la pyme espa\u00f1ola en el mundo digital<\/em>\u00a0de\u00a0<a href=\"http:\/\/www.websa100.com\/sala-de-prensa\/situaciin-actual-de-la-pyme-espaiola-en-el-mundo-digital\/11\">Websa100<\/a>, empresa especializada en marketing\u00a0<em>online<\/em>, revela que tres de cada cuatro pymes espa\u00f1olas tienen presencia en redes sociales, especialmente en la plataforma de Zuckerberg, donde act\u00faan el 90%. Junto a Facebook,\u00a0<strong>las pymes han comenzado a hacerse un importante hueco en Twitter, que es empleada por el 79% de las mismas<\/strong>, situ\u00e1ndose como la segunda red social m\u00e1s popular. Adem\u00e1s, esta cifra muestra un incremento muy significativo de la importancia que las peque\u00f1as y medianas empresas han dado a esta herramienta en el \u00faltimo a\u00f1o, ya que a finales de 2012 s\u00f3lo era utilizada por el 30%, seg\u00fan los datos aportados por el\u00a0<a href=\"http:\/\/www.inteco.es\/home\/instituto_nacional_tecnologias_comunicacion\/\">Instituto Nacional de Tecnolog\u00edas de la Informaci\u00f3n<\/a>\u00a0(Inteco).<\/p>\n<p>Pero, \u00bfcu\u00e1les son las ventajas que la utilizaci\u00f3n de Twitter tiene para las pymes? Para desvelar esta inc\u00f3gnita\u00a0<a href=\"http:\/\/marketprobeint.com\/\">Market Probe International<\/a>\u00a0ha realizado una investigaci\u00f3n entre 500 seguidores en Twitter de peque\u00f1as y medianas empresas \u00a0de Estados Unidos y Reino Unido que concluye que hay cuatro claros beneficios para las pymes que usan la red social de los 140 caracteres:<\/p>\n<h2>Aumento de ventas y recomendaciones<\/h2>\n<p>Los usuarios son m\u00e1s proclives a realizar compras en aquellas empresas a las que siguen y con las que interact\u00faan en la red social. De hecho, un 72% est\u00e1 dispuesto a ello. Adem\u00e1s, cuando se establece este tipo de relaci\u00f3n, un 30% de los seguidores no tienen problema en recomendar una marca, un elemento clave para las pymes, ya que constituyen uno de los principales\u00a0<em>influencers<\/em>.\u00a0<strong>En el 86% de los casos, la gente se interesa m\u00e1s en conocer una empresa, si un amigo habla bien de ella en Twitter<\/strong>.<\/p>\n<p>En definitiva, los seguidores se convierten en clientes, siendo capaces a su vez de generar m\u00e1s clientes.<\/p>\n<h2>Crear lazos emocionales con el cliente<\/h2>\n<p>El 85% de los seguidores de una pyme siente una conexi\u00f3n especial con la misma. De hecho, en el 63% de los casos la sigue para mostrarle su apoyo. De ah\u00ed que sean, o est\u00e9n dispuestos a convertirse en clientes y a darle difusi\u00f3n.<\/p>\n<p>Por ello, una comunicaci\u00f3n a medida y \u00fanica para la red o el lanzamiento de ofertas especiales para la misma ayudar\u00e1n a reforzar esas conexiones, haciendo a los seguidores sentirse especiales.<\/p>\n<h2>Establecer una comunicaci\u00f3n bidireccional<\/h2>\n<p>Las personas que siguen una pyme lo hacen porque quieren estar informados sobre la misma (un 73% son seguidores para conocer los productos que lanzar\u00e1 en el futuro), pero tambi\u00e9n para compartir sus ideas, opinar sobre la empresa y establecer un di\u00e1logo. En concreto,\u00a0<strong>un 63% buscan interactuar<\/strong>. Por ello, se convierte en una herramienta de monitorizaci\u00f3n de gran valor para conocer lo que quiere cliente, que ofrece informaci\u00f3n muy significativa para el negocio de forma voluntaria. La pyme deber\u00e1 contestar a sus mensajes y lanzar preguntas para hacerles part\u00edcipes.<\/p>\n<h2>La publicidad en Twitter funciona<\/h2>\n<p>Un 34% interact\u00faa con una peque\u00f1a y mediana empresa despu\u00e9s de haber visto un anuncio de ella en Twitter (opci\u00f3n de momento s\u00f3lo disponible en Estados Unidos). Por su parte, tambi\u00e9n\u00a0<strong>m\u00e1s de un tercio se muestra m\u00e1s proclive a visitar una pyme cuando se encuentra ante un tuit patrocinado que tiene que ver con sus intereses o necesidades<\/strong>.<\/p>\n<p>FUENTE: <a href=\"http:\/\/pymes.ticbeat.com\/4-motivos-por-los-las-pymes-deben-estar-en-twitter\/\">pymes.ticbeat.com<\/a><\/p>\n","protected":false},"excerpt":{"rendered":"<p>Las pymes se han dado cuenta de la relevancia que tiene para ellas adaptarse al entorno impuesto por las nuevas tecnolog\u00edas. En el \u00faltimo a\u00f1o [&hellip;]<\/p>\n","protected":false},"author":2,"featured_media":0,"comment_status":"open","ping_status":"open","sticky":false,"template":"","format":"standard","meta":{"_monsterinsights_skip_tracking":false,"_monsterinsights_sitenote_active":false,"_monsterinsights_sitenote_note":"","_monsterinsights_sitenote_category":0},"categories":[1],"tags":[],"yoast_head":"<!-- This site is optimized with the Yoast SEO plugin v19.1 - https:\/\/yoast.com\/wordpress\/plugins\/seo\/ -->\n<title>4 motivos por los que las pymes deben estar en Twitter - Blog de Tecnolog\u00eda - Abrima<\/title>\n<meta name=\"robots\" content=\"index, follow, max-snippet:-1, max-image-preview:large, max-video-preview:-1\" \/>\n<link rel=\"canonical\" href=\"https:\/\/www.abrima.com\/blog\/4-motivos-por-los-que-las-pymes-deben-estar-en-twitter\/\" \/>\n<meta property=\"og:locale\" content=\"es_ES\" \/>\n<meta property=\"og:type\" content=\"article\" \/>\n<meta property=\"og:title\" content=\"4 motivos por los que las pymes deben estar en Twitter - Blog de Tecnolog\u00eda - Abrima\" \/>\n<meta property=\"og:description\" content=\"Las pymes se han dado cuenta de la relevancia que tiene para ellas adaptarse al entorno impuesto por las nuevas tecnolog\u00edas. En el \u00faltimo a\u00f1o [&hellip;]\" \/>\n<meta property=\"og:url\" content=\"https:\/\/www.abrima.com\/blog\/4-motivos-por-los-que-las-pymes-deben-estar-en-twitter\/\" \/>\n<meta property=\"og:site_name\" content=\"Blog de Tecnolog\u00eda - Abrima\" \/>\n<meta property=\"article:publisher\" content=\"https:\/\/www.facebook.com\/abrimawebs\/\" \/>\n<meta property=\"article:published_time\" content=\"2013-10-24T18:11:29+00:00\" \/>\n<meta property=\"article:modified_time\" content=\"2014-03-13T21:26:13+00:00\" \/>\n<meta property=\"og:image\" content=\"http:\/\/cdn1.ticbeat.com\/wp-content\/uploads\/2013\/10\/razonesusotwitter-590x260.jpg\" \/>\n<meta name=\"twitter:label1\" content=\"Escrito por\" \/>\n\t<meta name=\"twitter:data1\" content=\"Ana Lucia Marrou\" \/>\n\t<meta name=\"twitter:label2\" content=\"Tiempo de lectura\" \/>\n\t<meta name=\"twitter:data2\" content=\"3 minutos\" \/>\n<script type=\"application\/ld+json\" class=\"yoast-schema-graph\">{\"@context\":\"https:\/\/schema.org\",\"@graph\":[{\"@type\":\"Organization\",\"@id\":\"https:\/\/www.abrima.com\/blog\/#organization\",\"name\":\"Abrima\",\"url\":\"https:\/\/www.abrima.com\/blog\/\",\"sameAs\":[\"https:\/\/www.linkedin.com\/company\/abrima-soluciones-web\/\",\"https:\/\/www.youtube.com\/user\/abrimawebs\",\"https:\/\/www.facebook.com\/abrimawebs\/\",\"https:\/\/twitter.com\/abrimaweb\"],\"logo\":{\"@type\":\"ImageObject\",\"inLanguage\":\"es\",\"@id\":\"https:\/\/www.abrima.com\/blog\/#\/schema\/logo\/image\/\",\"url\":\"https:\/\/www.abrima.com\/blog\/wp-content\/uploads\/2018\/03\/abrima-logo.png\",\"contentUrl\":\"https:\/\/www.abrima.com\/blog\/wp-content\/uploads\/2018\/03\/abrima-logo.png\",\"width\":700,\"height\":700,\"caption\":\"Abrima\"},\"image\":{\"@id\":\"https:\/\/www.abrima.com\/blog\/#\/schema\/logo\/image\/\"}},{\"@type\":\"WebSite\",\"@id\":\"https:\/\/www.abrima.com\/blog\/#website\",\"url\":\"https:\/\/www.abrima.com\/blog\/\",\"name\":\"Blog de Tecnolog\u00eda - Abrima\",\"description\":\"Blog sobre todo lo relacionado con Cloud, Marketing Digital y Web\",\"publisher\":{\"@id\":\"https:\/\/www.abrima.com\/blog\/#organization\"},\"potentialAction\":[{\"@type\":\"SearchAction\",\"target\":{\"@type\":\"EntryPoint\",\"urlTemplate\":\"https:\/\/www.abrima.com\/blog\/?s={search_term_string}\"},\"query-input\":\"required name=search_term_string\"}],\"inLanguage\":\"es\"},{\"@type\":\"ImageObject\",\"inLanguage\":\"es\",\"@id\":\"https:\/\/www.abrima.com\/blog\/4-motivos-por-los-que-las-pymes-deben-estar-en-twitter\/#primaryimage\",\"url\":\"http:\/\/cdn1.ticbeat.com\/wp-content\/uploads\/2013\/10\/razonesusotwitter-590x260.jpg\",\"contentUrl\":\"http:\/\/cdn1.ticbeat.com\/wp-content\/uploads\/2013\/10\/razonesusotwitter-590x260.jpg\"},{\"@type\":\"WebPage\",\"@id\":\"https:\/\/www.abrima.com\/blog\/4-motivos-por-los-que-las-pymes-deben-estar-en-twitter\/#webpage\",\"url\":\"https:\/\/www.abrima.com\/blog\/4-motivos-por-los-que-las-pymes-deben-estar-en-twitter\/\",\"name\":\"4 motivos por los que las pymes deben estar en Twitter - Blog de Tecnolog\u00eda - Abrima\",\"isPartOf\":{\"@id\":\"https:\/\/www.abrima.com\/blog\/#website\"},\"primaryImageOfPage\":{\"@id\":\"https:\/\/www.abrima.com\/blog\/4-motivos-por-los-que-las-pymes-deben-estar-en-twitter\/#primaryimage\"},\"datePublished\":\"2013-10-24T18:11:29+00:00\",\"dateModified\":\"2014-03-13T21:26:13+00:00\",\"breadcrumb\":{\"@id\":\"https:\/\/www.abrima.com\/blog\/4-motivos-por-los-que-las-pymes-deben-estar-en-twitter\/#breadcrumb\"},\"inLanguage\":\"es\",\"potentialAction\":[{\"@type\":\"ReadAction\",\"target\":[\"https:\/\/www.abrima.com\/blog\/4-motivos-por-los-que-las-pymes-deben-estar-en-twitter\/\"]}]},{\"@type\":\"BreadcrumbList\",\"@id\":\"https:\/\/www.abrima.com\/blog\/4-motivos-por-los-que-las-pymes-deben-estar-en-twitter\/#breadcrumb\",\"itemListElement\":[{\"@type\":\"ListItem\",\"position\":1,\"name\":\"Portada\",\"item\":\"https:\/\/www.abrima.com\/blog\/\"},{\"@type\":\"ListItem\",\"position\":2,\"name\":\"4 motivos por los que las pymes deben estar en Twitter\"}]},{\"@type\":\"Article\",\"@id\":\"https:\/\/www.abrima.com\/blog\/4-motivos-por-los-que-las-pymes-deben-estar-en-twitter\/#article\",\"isPartOf\":{\"@id\":\"https:\/\/www.abrima.com\/blog\/4-motivos-por-los-que-las-pymes-deben-estar-en-twitter\/#webpage\"},\"author\":{\"@id\":\"https:\/\/www.abrima.com\/blog\/#\/schema\/person\/70ccd8d5617e3a3d6d5121086c3bb00f\"},\"headline\":\"4 motivos por los que las pymes deben estar en Twitter\",\"datePublished\":\"2013-10-24T18:11:29+00:00\",\"dateModified\":\"2014-03-13T21:26:13+00:00\",\"mainEntityOfPage\":{\"@id\":\"https:\/\/www.abrima.com\/blog\/4-motivos-por-los-que-las-pymes-deben-estar-en-twitter\/#webpage\"},\"wordCount\":662,\"commentCount\":0,\"publisher\":{\"@id\":\"https:\/\/www.abrima.com\/blog\/#organization\"},\"image\":{\"@id\":\"https:\/\/www.abrima.com\/blog\/4-motivos-por-los-que-las-pymes-deben-estar-en-twitter\/#primaryimage\"},\"thumbnailUrl\":\"http:\/\/cdn1.ticbeat.com\/wp-content\/uploads\/2013\/10\/razonesusotwitter-590x260.jpg\",\"articleSection\":[\"Otros\"],\"inLanguage\":\"es\",\"potentialAction\":[{\"@type\":\"CommentAction\",\"name\":\"Comment\",\"target\":[\"https:\/\/www.abrima.com\/blog\/4-motivos-por-los-que-las-pymes-deben-estar-en-twitter\/#respond\"]}]},{\"@type\":\"Person\",\"@id\":\"https:\/\/www.abrima.com\/blog\/#\/schema\/person\/70ccd8d5617e3a3d6d5121086c3bb00f\",\"name\":\"Ana Lucia Marrou\",\"image\":{\"@type\":\"ImageObject\",\"inLanguage\":\"es\",\"@id\":\"https:\/\/www.abrima.com\/blog\/#\/schema\/person\/image\/\",\"url\":\"https:\/\/secure.gravatar.com\/avatar\/90bc8b721d14c58be266256fd3396265?s=96&d=mm&r=g\",\"contentUrl\":\"https:\/\/secure.gravatar.com\/avatar\/90bc8b721d14c58be266256fd3396265?s=96&d=mm&r=g\",\"caption\":\"Ana Lucia Marrou\"},\"url\":\"https:\/\/www.abrima.com\/blog\/author\/anilu\/\"}]}<\/script>\n<!-- \/ Yoast SEO plugin. -->","yoast_head_json":{"title":"4 motivos por los que las pymes deben estar en Twitter - Blog de Tecnolog\u00eda - Abrima","robots":{"index":"index","follow":"follow","max-snippet":"max-snippet:-1","max-image-preview":"max-image-preview:large","max-video-preview":"max-video-preview:-1"},"canonical":"https:\/\/www.abrima.com\/blog\/4-motivos-por-los-que-las-pymes-deben-estar-en-twitter\/","og_locale":"es_ES","og_type":"article","og_title":"4 motivos por los que las pymes deben estar en Twitter - Blog de Tecnolog\u00eda - Abrima","og_description":"Las pymes se han dado cuenta de la relevancia que tiene para ellas adaptarse al entorno impuesto por las nuevas tecnolog\u00edas. En el \u00faltimo a\u00f1o [&hellip;]","og_url":"https:\/\/www.abrima.com\/blog\/4-motivos-por-los-que-las-pymes-deben-estar-en-twitter\/","og_site_name":"Blog de Tecnolog\u00eda - Abrima","article_publisher":"https:\/\/www.facebook.com\/abrimawebs\/","article_published_time":"2013-10-24T18:11:29+00:00","article_modified_time":"2014-03-13T21:26:13+00:00","og_image":[{"url":"http:\/\/cdn1.ticbeat.com\/wp-content\/uploads\/2013\/10\/razonesusotwitter-590x260.jpg"}],"twitter_misc":{"Escrito por":"Ana Lucia Marrou","Tiempo de lectura":"3 minutos"},"schema":{"@context":"https:\/\/schema.org","@graph":[{"@type":"Organization","@id":"https:\/\/www.abrima.com\/blog\/#organization","name":"Abrima","url":"https:\/\/www.abrima.com\/blog\/","sameAs":["https:\/\/www.linkedin.com\/company\/abrima-soluciones-web\/","https:\/\/www.youtube.com\/user\/abrimawebs","https:\/\/www.facebook.com\/abrimawebs\/","https:\/\/twitter.com\/abrimaweb"],"logo":{"@type":"ImageObject","inLanguage":"es","@id":"https:\/\/www.abrima.com\/blog\/#\/schema\/logo\/image\/","url":"https:\/\/www.abrima.com\/blog\/wp-content\/uploads\/2018\/03\/abrima-logo.png","contentUrl":"https:\/\/www.abrima.com\/blog\/wp-content\/uploads\/2018\/03\/abrima-logo.png","width":700,"height":700,"caption":"Abrima"},"image":{"@id":"https:\/\/www.abrima.com\/blog\/#\/schema\/logo\/image\/"}},{"@type":"WebSite","@id":"https:\/\/www.abrima.com\/blog\/#website","url":"https:\/\/www.abrima.com\/blog\/","name":"Blog de Tecnolog\u00eda - Abrima","description":"Blog sobre todo lo relacionado con Cloud, Marketing Digital y Web","publisher":{"@id":"https:\/\/www.abrima.com\/blog\/#organization"},"potentialAction":[{"@type":"SearchAction","target":{"@type":"EntryPoint","urlTemplate":"https:\/\/www.abrima.com\/blog\/?s={search_term_string}"},"query-input":"required name=search_term_string"}],"inLanguage":"es"},{"@type":"ImageObject","inLanguage":"es","@id":"https:\/\/www.abrima.com\/blog\/4-motivos-por-los-que-las-pymes-deben-estar-en-twitter\/#primaryimage","url":"http:\/\/cdn1.ticbeat.com\/wp-content\/uploads\/2013\/10\/razonesusotwitter-590x260.jpg","contentUrl":"http:\/\/cdn1.ticbeat.com\/wp-content\/uploads\/2013\/10\/razonesusotwitter-590x260.jpg"},{"@type":"WebPage","@id":"https:\/\/www.abrima.com\/blog\/4-motivos-por-los-que-las-pymes-deben-estar-en-twitter\/#webpage","url":"https:\/\/www.abrima.com\/blog\/4-motivos-por-los-que-las-pymes-deben-estar-en-twitter\/","name":"4 motivos por los que las pymes deben estar en Twitter - Blog de Tecnolog\u00eda - Abrima","isPartOf":{"@id":"https:\/\/www.abrima.com\/blog\/#website"},"primaryImageOfPage":{"@id":"https:\/\/www.abrima.com\/blog\/4-motivos-por-los-que-las-pymes-deben-estar-en-twitter\/#primaryimage"},"datePublished":"2013-10-24T18:11:29+00:00","dateModified":"2014-03-13T21:26:13+00:00","breadcrumb":{"@id":"https:\/\/www.abrima.com\/blog\/4-motivos-por-los-que-las-pymes-deben-estar-en-twitter\/#breadcrumb"},"inLanguage":"es","potentialAction":[{"@type":"ReadAction","target":["https:\/\/www.abrima.com\/blog\/4-motivos-por-los-que-las-pymes-deben-estar-en-twitter\/"]}]},{"@type":"BreadcrumbList","@id":"https:\/\/www.abrima.com\/blog\/4-motivos-por-los-que-las-pymes-deben-estar-en-twitter\/#breadcrumb","itemListElement":[{"@type":"ListItem","position":1,"name":"Portada","item":"https:\/\/www.abrima.com\/blog\/"},{"@type":"ListItem","position":2,"name":"4 motivos por los que las pymes deben estar en Twitter"}]},{"@type":"Article","@id":"https:\/\/www.abrima.com\/blog\/4-motivos-por-los-que-las-pymes-deben-estar-en-twitter\/#article","isPartOf":{"@id":"https:\/\/www.abrima.com\/blog\/4-motivos-por-los-que-las-pymes-deben-estar-en-twitter\/#webpage"},"author":{"@id":"https:\/\/www.abrima.com\/blog\/#\/schema\/person\/70ccd8d5617e3a3d6d5121086c3bb00f"},"headline":"4 motivos por los que las pymes deben estar en Twitter","datePublished":"2013-10-24T18:11:29+00:00","dateModified":"2014-03-13T21:26:13+00:00","mainEntityOfPage":{"@id":"https:\/\/www.abrima.com\/blog\/4-motivos-por-los-que-las-pymes-deben-estar-en-twitter\/#webpage"},"wordCount":662,"commentCount":0,"publisher":{"@id":"https:\/\/www.abrima.com\/blog\/#organization"},"image":{"@id":"https:\/\/www.abrima.com\/blog\/4-motivos-por-los-que-las-pymes-deben-estar-en-twitter\/#primaryimage"},"thumbnailUrl":"http:\/\/cdn1.ticbeat.com\/wp-content\/uploads\/2013\/10\/razonesusotwitter-590x260.jpg","articleSection":["Otros"],"inLanguage":"es","potentialAction":[{"@type":"CommentAction","name":"Comment","target":["https:\/\/www.abrima.com\/blog\/4-motivos-por-los-que-las-pymes-deben-estar-en-twitter\/#respond"]}]},{"@type":"Person","@id":"https:\/\/www.abrima.com\/blog\/#\/schema\/person\/70ccd8d5617e3a3d6d5121086c3bb00f","name":"Ana Lucia Marrou","image":{"@type":"ImageObject","inLanguage":"es","@id":"https:\/\/www.abrima.com\/blog\/#\/schema\/person\/image\/","url":"https:\/\/secure.gravatar.com\/avatar\/90bc8b721d14c58be266256fd3396265?s=96&d=mm&r=g","contentUrl":"https:\/\/secure.gravatar.com\/avatar\/90bc8b721d14c58be266256fd3396265?s=96&d=mm&r=g","caption":"Ana Lucia Marrou"},"url":"https:\/\/www.abrima.com\/blog\/author\/anilu\/"}]}},"amp_enabled":true,"_links":{"self":[{"href":"https:\/\/www.abrima.com\/blog\/wp-json\/wp\/v2\/posts\/411"}],"collection":[{"href":"https:\/\/www.abrima.com\/blog\/wp-json\/wp\/v2\/posts"}],"about":[{"href":"https:\/\/www.abrima.com\/blog\/wp-json\/wp\/v2\/types\/post"}],"author":[{"embeddable":true,"href":"https:\/\/www.abrima.com\/blog\/wp-json\/wp\/v2\/users\/2"}],"replies":[{"embeddable":true,"href":"https:\/\/www.abrima.com\/blog\/wp-json\/wp\/v2\/comments?post=411"}],"version-history":[{"count":2,"href":"https:\/\/www.abrima.com\/blog\/wp-json\/wp\/v2\/posts\/411\/revisions"}],"predecessor-version":[{"id":1283,"href":"https:\/\/www.abrima.com\/blog\/wp-json\/wp\/v2\/posts\/411\/revisions\/1283"}],"wp:attachment":[{"href":"https:\/\/www.abrima.com\/blog\/wp-json\/wp\/v2\/media?parent=411"}],"wp:term":[{"taxonomy":"category","embeddable":true,"href":"https:\/\/www.abrima.com\/blog\/wp-json\/wp\/v2\/categories?post=411"},{"taxonomy":"post_tag","embeddable":true,"href":"https:\/\/www.abrima.com\/blog\/wp-json\/wp\/v2\/tags?post=411"}],"curies":[{"name":"wp","href":"https:\/\/api.w.org\/{rel}","templated":true}]}}