{"id":41,"date":"2013-09-12T22:24:05","date_gmt":"2013-09-12T22:24:05","guid":{"rendered":"http:\/\/abrima.com\/blog\/?p=41"},"modified":"2013-10-19T04:52:39","modified_gmt":"2013-10-19T04:52:39","slug":"google-plus-nuevas-herramientas-y-efectos-para-la-edicion-de-fotografias","status":"publish","type":"post","link":"https:\/\/www.abrima.com\/blog\/google-plus-nuevas-herramientas-y-efectos-para-la-edicion-de-fotografias\/","title":{"rendered":"Google Plus: nuevas herramientas y efectos para la edici\u00f3n de fotograf\u00edas"},"content":{"rendered":"<p>Interesante actualizaci\u00f3n vemos hoy en Google+, dedicada a la\u00a0<a href=\"https:\/\/plus.google.com\/107982474099703846460\/posts\/8CDR3mLfMmE\">edici\u00f3n de fotograf\u00edas<\/a>. A partir de ahora vamos a encontrar un nuevo kit de herramientas en su editor, donde\u00a0<strong>se combinan las bondades de Snapseed\u00a0y Google Chrome<\/strong>.<\/p>\n<p><img loading=\"lazy\" alt=\"Google Plus\" src=\"http:\/\/wwwhatsnew.com\/wp-content\/uploads\/2013\/09\/11-09-2013-19-32-42.jpg\" width=\"285\" height=\"465\" \/><\/p>\n<p>Algunas de las herramientas que encontraremos en el nuevo editor son:<\/p>\n<p><strong>Ajuste selectivo<\/strong>: nos permite utilizar puntos de control para editar partes especificas de una fotograf\u00eda, manteniendo la armon\u00eda de toda la imagen.<\/p>\n<p><strong>Perfeccionamiento de la imagen<\/strong>: podremos equilibrar el brillo, contraste y saturaci\u00f3n seg\u00fan nuestro criterio o escoger uno de los efectos sugeridos.<\/p>\n<p><strong>Detalles<\/strong>: podemos asignarle diferentes grados de nitidez a la fotograf\u00eda o seleccionar alguno de los seis ajustes autom\u00e1ticos.<\/p>\n<p>Tambi\u00e9n podremos ajustar el tama\u00f1o o la proporci\u00f3n de una imagen a trav\u00e9s de\u00a0<strong>Recortar y girar<\/strong>. Y si nos sentimos inspirados para darle un toque especial a nuestras fotograf\u00edas podemos ir directamente a<strong>Ajustes creativos<\/strong>, donde nos encontraremos con una serie de opciones interesantes.<\/p>\n<p>Es esa secci\u00f3n podremos escoger diferentes estilos y filtros como Blanco y Negro, Vintage. O podemos optar por darle una iluminaci\u00f3n retro, darle diferentes texturas, efectos art\u00edsticos, escoger un marco, entre otros. Hay much\u00edsimas opciones diferentes que podemos combinar para darle un aspecto diferente y divertido a nuestras fotograf\u00edas.<\/p>\n<p>Para comenzar a utilizarlo solo tenemos que subir una fotograf\u00eda o abrir alguna de nuestros \u00e1lbumes en el visor de im\u00e1genes para luego escoger \u201cEditar\u201d.<\/p>\n<p>Estas nuevas caracter\u00edsticas no las encontraremos si utilizamos otro navegador que no sea Chrome,\u00a0en ese caso tendremos que optar por las opciones b\u00e1sicas de edici\u00f3n.<\/p>\n<p>FUENTE: <a href=\"http:\/\/wwwhatsnew.com\/2013\/09\/11\/google-plus-nuevas-herramientas-y-efectos-para-la-edicion-de-fotografias\/\">wwwhatsnew.com<\/a><\/p>\n","protected":false},"excerpt":{"rendered":"<p>Interesante actualizaci\u00f3n vemos hoy en Google+, dedicada a la\u00a0edici\u00f3n de fotograf\u00edas. A partir de ahora vamos a encontrar un nuevo kit de herramientas en su [&hellip;]<\/p>\n","protected":false},"author":2,"featured_media":0,"comment_status":"open","ping_status":"open","sticky":false,"template":"","format":"standard","meta":{"_monsterinsights_skip_tracking":false,"_monsterinsights_sitenote_active":false,"_monsterinsights_sitenote_note":"","_monsterinsights_sitenote_category":0},"categories":[13],"tags":[],"yoast_head":"<!-- This site is optimized with the Yoast SEO plugin v19.1 - https:\/\/yoast.com\/wordpress\/plugins\/seo\/ -->\n<title>Google Plus: nuevas herramientas y efectos para la edici\u00f3n de fotograf\u00edas - Blog de Tecnolog\u00eda - Abrima<\/title>\n<meta name=\"robots\" content=\"index, follow, max-snippet:-1, max-image-preview:large, max-video-preview:-1\" \/>\n<link rel=\"canonical\" href=\"https:\/\/www.abrima.com\/blog\/google-plus-nuevas-herramientas-y-efectos-para-la-edicion-de-fotografias\/\" \/>\n<meta property=\"og:locale\" content=\"es_ES\" \/>\n<meta property=\"og:type\" content=\"article\" \/>\n<meta property=\"og:title\" content=\"Google Plus: nuevas herramientas y efectos para la edici\u00f3n de fotograf\u00edas - Blog de Tecnolog\u00eda - Abrima\" \/>\n<meta property=\"og:description\" content=\"Interesante actualizaci\u00f3n vemos hoy en Google+, dedicada a la\u00a0edici\u00f3n de fotograf\u00edas. A partir de ahora vamos a encontrar un nuevo kit de herramientas en su [&hellip;]\" \/>\n<meta property=\"og:url\" content=\"https:\/\/www.abrima.com\/blog\/google-plus-nuevas-herramientas-y-efectos-para-la-edicion-de-fotografias\/\" \/>\n<meta property=\"og:site_name\" content=\"Blog de Tecnolog\u00eda - Abrima\" \/>\n<meta property=\"article:publisher\" content=\"https:\/\/www.facebook.com\/abrimawebs\/\" \/>\n<meta property=\"article:published_time\" content=\"2013-09-12T22:24:05+00:00\" \/>\n<meta property=\"article:modified_time\" content=\"2013-10-19T04:52:39+00:00\" \/>\n<meta property=\"og:image\" content=\"http:\/\/wwwhatsnew.com\/wp-content\/uploads\/2013\/09\/11-09-2013-19-32-42.jpg\" \/>\n<meta name=\"twitter:label1\" content=\"Escrito por\" \/>\n\t<meta name=\"twitter:data1\" content=\"Ana Lucia Marrou\" \/>\n\t<meta name=\"twitter:label2\" content=\"Tiempo de lectura\" \/>\n\t<meta name=\"twitter:data2\" content=\"1 minuto\" \/>\n<script type=\"application\/ld+json\" class=\"yoast-schema-graph\">{\"@context\":\"https:\/\/schema.org\",\"@graph\":[{\"@type\":\"Organization\",\"@id\":\"https:\/\/www.abrima.com\/blog\/#organization\",\"name\":\"Abrima\",\"url\":\"https:\/\/www.abrima.com\/blog\/\",\"sameAs\":[\"https:\/\/www.linkedin.com\/company\/abrima-soluciones-web\/\",\"https:\/\/www.youtube.com\/user\/abrimawebs\",\"https:\/\/www.facebook.com\/abrimawebs\/\",\"https:\/\/twitter.com\/abrimaweb\"],\"logo\":{\"@type\":\"ImageObject\",\"inLanguage\":\"es\",\"@id\":\"https:\/\/www.abrima.com\/blog\/#\/schema\/logo\/image\/\",\"url\":\"https:\/\/www.abrima.com\/blog\/wp-content\/uploads\/2018\/03\/abrima-logo.png\",\"contentUrl\":\"https:\/\/www.abrima.com\/blog\/wp-content\/uploads\/2018\/03\/abrima-logo.png\",\"width\":700,\"height\":700,\"caption\":\"Abrima\"},\"image\":{\"@id\":\"https:\/\/www.abrima.com\/blog\/#\/schema\/logo\/image\/\"}},{\"@type\":\"WebSite\",\"@id\":\"https:\/\/www.abrima.com\/blog\/#website\",\"url\":\"https:\/\/www.abrima.com\/blog\/\",\"name\":\"Blog de Tecnolog\u00eda - Abrima\",\"description\":\"Blog sobre todo lo relacionado con Cloud, Marketing Digital y Web\",\"publisher\":{\"@id\":\"https:\/\/www.abrima.com\/blog\/#organization\"},\"potentialAction\":[{\"@type\":\"SearchAction\",\"target\":{\"@type\":\"EntryPoint\",\"urlTemplate\":\"https:\/\/www.abrima.com\/blog\/?s={search_term_string}\"},\"query-input\":\"required name=search_term_string\"}],\"inLanguage\":\"es\"},{\"@type\":\"ImageObject\",\"inLanguage\":\"es\",\"@id\":\"https:\/\/www.abrima.com\/blog\/google-plus-nuevas-herramientas-y-efectos-para-la-edicion-de-fotografias\/#primaryimage\",\"url\":\"http:\/\/wwwhatsnew.com\/wp-content\/uploads\/2013\/09\/11-09-2013-19-32-42.jpg\",\"contentUrl\":\"http:\/\/wwwhatsnew.com\/wp-content\/uploads\/2013\/09\/11-09-2013-19-32-42.jpg\"},{\"@type\":\"WebPage\",\"@id\":\"https:\/\/www.abrima.com\/blog\/google-plus-nuevas-herramientas-y-efectos-para-la-edicion-de-fotografias\/#webpage\",\"url\":\"https:\/\/www.abrima.com\/blog\/google-plus-nuevas-herramientas-y-efectos-para-la-edicion-de-fotografias\/\",\"name\":\"Google Plus: nuevas herramientas y efectos para la edici\u00f3n de fotograf\u00edas - Blog de Tecnolog\u00eda - Abrima\",\"isPartOf\":{\"@id\":\"https:\/\/www.abrima.com\/blog\/#website\"},\"primaryImageOfPage\":{\"@id\":\"https:\/\/www.abrima.com\/blog\/google-plus-nuevas-herramientas-y-efectos-para-la-edicion-de-fotografias\/#primaryimage\"},\"datePublished\":\"2013-09-12T22:24:05+00:00\",\"dateModified\":\"2013-10-19T04:52:39+00:00\",\"breadcrumb\":{\"@id\":\"https:\/\/www.abrima.com\/blog\/google-plus-nuevas-herramientas-y-efectos-para-la-edicion-de-fotografias\/#breadcrumb\"},\"inLanguage\":\"es\",\"potentialAction\":[{\"@type\":\"ReadAction\",\"target\":[\"https:\/\/www.abrima.com\/blog\/google-plus-nuevas-herramientas-y-efectos-para-la-edicion-de-fotografias\/\"]}]},{\"@type\":\"BreadcrumbList\",\"@id\":\"https:\/\/www.abrima.com\/blog\/google-plus-nuevas-herramientas-y-efectos-para-la-edicion-de-fotografias\/#breadcrumb\",\"itemListElement\":[{\"@type\":\"ListItem\",\"position\":1,\"name\":\"Portada\",\"item\":\"https:\/\/www.abrima.com\/blog\/\"},{\"@type\":\"ListItem\",\"position\":2,\"name\":\"Google Plus: nuevas herramientas y efectos para la edici\u00f3n de fotograf\u00edas\"}]},{\"@type\":\"Article\",\"@id\":\"https:\/\/www.abrima.com\/blog\/google-plus-nuevas-herramientas-y-efectos-para-la-edicion-de-fotografias\/#article\",\"isPartOf\":{\"@id\":\"https:\/\/www.abrima.com\/blog\/google-plus-nuevas-herramientas-y-efectos-para-la-edicion-de-fotografias\/#webpage\"},\"author\":{\"@id\":\"https:\/\/www.abrima.com\/blog\/#\/schema\/person\/70ccd8d5617e3a3d6d5121086c3bb00f\"},\"headline\":\"Google Plus: nuevas herramientas y efectos para la edici\u00f3n de fotograf\u00edas\",\"datePublished\":\"2013-09-12T22:24:05+00:00\",\"dateModified\":\"2013-10-19T04:52:39+00:00\",\"mainEntityOfPage\":{\"@id\":\"https:\/\/www.abrima.com\/blog\/google-plus-nuevas-herramientas-y-efectos-para-la-edicion-de-fotografias\/#webpage\"},\"wordCount\":293,\"commentCount\":0,\"publisher\":{\"@id\":\"https:\/\/www.abrima.com\/blog\/#organization\"},\"image\":{\"@id\":\"https:\/\/www.abrima.com\/blog\/google-plus-nuevas-herramientas-y-efectos-para-la-edicion-de-fotografias\/#primaryimage\"},\"thumbnailUrl\":\"http:\/\/wwwhatsnew.com\/wp-content\/uploads\/2013\/09\/11-09-2013-19-32-42.jpg\",\"articleSection\":[\"Google Plus\"],\"inLanguage\":\"es\",\"potentialAction\":[{\"@type\":\"CommentAction\",\"name\":\"Comment\",\"target\":[\"https:\/\/www.abrima.com\/blog\/google-plus-nuevas-herramientas-y-efectos-para-la-edicion-de-fotografias\/#respond\"]}]},{\"@type\":\"Person\",\"@id\":\"https:\/\/www.abrima.com\/blog\/#\/schema\/person\/70ccd8d5617e3a3d6d5121086c3bb00f\",\"name\":\"Ana Lucia Marrou\",\"image\":{\"@type\":\"ImageObject\",\"inLanguage\":\"es\",\"@id\":\"https:\/\/www.abrima.com\/blog\/#\/schema\/person\/image\/\",\"url\":\"https:\/\/secure.gravatar.com\/avatar\/90bc8b721d14c58be266256fd3396265?s=96&d=mm&r=g\",\"contentUrl\":\"https:\/\/secure.gravatar.com\/avatar\/90bc8b721d14c58be266256fd3396265?s=96&d=mm&r=g\",\"caption\":\"Ana Lucia Marrou\"},\"url\":\"https:\/\/www.abrima.com\/blog\/author\/anilu\/\"}]}<\/script>\n<!-- \/ Yoast SEO plugin. -->","yoast_head_json":{"title":"Google Plus: nuevas herramientas y efectos para la edici\u00f3n de fotograf\u00edas - Blog de Tecnolog\u00eda - Abrima","robots":{"index":"index","follow":"follow","max-snippet":"max-snippet:-1","max-image-preview":"max-image-preview:large","max-video-preview":"max-video-preview:-1"},"canonical":"https:\/\/www.abrima.com\/blog\/google-plus-nuevas-herramientas-y-efectos-para-la-edicion-de-fotografias\/","og_locale":"es_ES","og_type":"article","og_title":"Google Plus: nuevas herramientas y efectos para la edici\u00f3n de fotograf\u00edas - Blog de Tecnolog\u00eda - Abrima","og_description":"Interesante actualizaci\u00f3n vemos hoy en Google+, dedicada a la\u00a0edici\u00f3n de fotograf\u00edas. A partir de ahora vamos a encontrar un nuevo kit de herramientas en su [&hellip;]","og_url":"https:\/\/www.abrima.com\/blog\/google-plus-nuevas-herramientas-y-efectos-para-la-edicion-de-fotografias\/","og_site_name":"Blog de Tecnolog\u00eda - Abrima","article_publisher":"https:\/\/www.facebook.com\/abrimawebs\/","article_published_time":"2013-09-12T22:24:05+00:00","article_modified_time":"2013-10-19T04:52:39+00:00","og_image":[{"url":"http:\/\/wwwhatsnew.com\/wp-content\/uploads\/2013\/09\/11-09-2013-19-32-42.jpg"}],"twitter_misc":{"Escrito por":"Ana Lucia Marrou","Tiempo de lectura":"1 minuto"},"schema":{"@context":"https:\/\/schema.org","@graph":[{"@type":"Organization","@id":"https:\/\/www.abrima.com\/blog\/#organization","name":"Abrima","url":"https:\/\/www.abrima.com\/blog\/","sameAs":["https:\/\/www.linkedin.com\/company\/abrima-soluciones-web\/","https:\/\/www.youtube.com\/user\/abrimawebs","https:\/\/www.facebook.com\/abrimawebs\/","https:\/\/twitter.com\/abrimaweb"],"logo":{"@type":"ImageObject","inLanguage":"es","@id":"https:\/\/www.abrima.com\/blog\/#\/schema\/logo\/image\/","url":"https:\/\/www.abrima.com\/blog\/wp-content\/uploads\/2018\/03\/abrima-logo.png","contentUrl":"https:\/\/www.abrima.com\/blog\/wp-content\/uploads\/2018\/03\/abrima-logo.png","width":700,"height":700,"caption":"Abrima"},"image":{"@id":"https:\/\/www.abrima.com\/blog\/#\/schema\/logo\/image\/"}},{"@type":"WebSite","@id":"https:\/\/www.abrima.com\/blog\/#website","url":"https:\/\/www.abrima.com\/blog\/","name":"Blog de Tecnolog\u00eda - Abrima","description":"Blog sobre todo lo relacionado con Cloud, Marketing Digital y Web","publisher":{"@id":"https:\/\/www.abrima.com\/blog\/#organization"},"potentialAction":[{"@type":"SearchAction","target":{"@type":"EntryPoint","urlTemplate":"https:\/\/www.abrima.com\/blog\/?s={search_term_string}"},"query-input":"required name=search_term_string"}],"inLanguage":"es"},{"@type":"ImageObject","inLanguage":"es","@id":"https:\/\/www.abrima.com\/blog\/google-plus-nuevas-herramientas-y-efectos-para-la-edicion-de-fotografias\/#primaryimage","url":"http:\/\/wwwhatsnew.com\/wp-content\/uploads\/2013\/09\/11-09-2013-19-32-42.jpg","contentUrl":"http:\/\/wwwhatsnew.com\/wp-content\/uploads\/2013\/09\/11-09-2013-19-32-42.jpg"},{"@type":"WebPage","@id":"https:\/\/www.abrima.com\/blog\/google-plus-nuevas-herramientas-y-efectos-para-la-edicion-de-fotografias\/#webpage","url":"https:\/\/www.abrima.com\/blog\/google-plus-nuevas-herramientas-y-efectos-para-la-edicion-de-fotografias\/","name":"Google Plus: nuevas herramientas y efectos para la edici\u00f3n de fotograf\u00edas - Blog de Tecnolog\u00eda - Abrima","isPartOf":{"@id":"https:\/\/www.abrima.com\/blog\/#website"},"primaryImageOfPage":{"@id":"https:\/\/www.abrima.com\/blog\/google-plus-nuevas-herramientas-y-efectos-para-la-edicion-de-fotografias\/#primaryimage"},"datePublished":"2013-09-12T22:24:05+00:00","dateModified":"2013-10-19T04:52:39+00:00","breadcrumb":{"@id":"https:\/\/www.abrima.com\/blog\/google-plus-nuevas-herramientas-y-efectos-para-la-edicion-de-fotografias\/#breadcrumb"},"inLanguage":"es","potentialAction":[{"@type":"ReadAction","target":["https:\/\/www.abrima.com\/blog\/google-plus-nuevas-herramientas-y-efectos-para-la-edicion-de-fotografias\/"]}]},{"@type":"BreadcrumbList","@id":"https:\/\/www.abrima.com\/blog\/google-plus-nuevas-herramientas-y-efectos-para-la-edicion-de-fotografias\/#breadcrumb","itemListElement":[{"@type":"ListItem","position":1,"name":"Portada","item":"https:\/\/www.abrima.com\/blog\/"},{"@type":"ListItem","position":2,"name":"Google Plus: nuevas herramientas y efectos para la edici\u00f3n de fotograf\u00edas"}]},{"@type":"Article","@id":"https:\/\/www.abrima.com\/blog\/google-plus-nuevas-herramientas-y-efectos-para-la-edicion-de-fotografias\/#article","isPartOf":{"@id":"https:\/\/www.abrima.com\/blog\/google-plus-nuevas-herramientas-y-efectos-para-la-edicion-de-fotografias\/#webpage"},"author":{"@id":"https:\/\/www.abrima.com\/blog\/#\/schema\/person\/70ccd8d5617e3a3d6d5121086c3bb00f"},"headline":"Google Plus: nuevas herramientas y efectos para la edici\u00f3n de fotograf\u00edas","datePublished":"2013-09-12T22:24:05+00:00","dateModified":"2013-10-19T04:52:39+00:00","mainEntityOfPage":{"@id":"https:\/\/www.abrima.com\/blog\/google-plus-nuevas-herramientas-y-efectos-para-la-edicion-de-fotografias\/#webpage"},"wordCount":293,"commentCount":0,"publisher":{"@id":"https:\/\/www.abrima.com\/blog\/#organization"},"image":{"@id":"https:\/\/www.abrima.com\/blog\/google-plus-nuevas-herramientas-y-efectos-para-la-edicion-de-fotografias\/#primaryimage"},"thumbnailUrl":"http:\/\/wwwhatsnew.com\/wp-content\/uploads\/2013\/09\/11-09-2013-19-32-42.jpg","articleSection":["Google Plus"],"inLanguage":"es","potentialAction":[{"@type":"CommentAction","name":"Comment","target":["https:\/\/www.abrima.com\/blog\/google-plus-nuevas-herramientas-y-efectos-para-la-edicion-de-fotografias\/#respond"]}]},{"@type":"Person","@id":"https:\/\/www.abrima.com\/blog\/#\/schema\/person\/70ccd8d5617e3a3d6d5121086c3bb00f","name":"Ana Lucia Marrou","image":{"@type":"ImageObject","inLanguage":"es","@id":"https:\/\/www.abrima.com\/blog\/#\/schema\/person\/image\/","url":"https:\/\/secure.gravatar.com\/avatar\/90bc8b721d14c58be266256fd3396265?s=96&d=mm&r=g","contentUrl":"https:\/\/secure.gravatar.com\/avatar\/90bc8b721d14c58be266256fd3396265?s=96&d=mm&r=g","caption":"Ana Lucia Marrou"},"url":"https:\/\/www.abrima.com\/blog\/author\/anilu\/"}]}},"amp_enabled":true,"_links":{"self":[{"href":"https:\/\/www.abrima.com\/blog\/wp-json\/wp\/v2\/posts\/41"}],"collection":[{"href":"https:\/\/www.abrima.com\/blog\/wp-json\/wp\/v2\/posts"}],"about":[{"href":"https:\/\/www.abrima.com\/blog\/wp-json\/wp\/v2\/types\/post"}],"author":[{"embeddable":true,"href":"https:\/\/www.abrima.com\/blog\/wp-json\/wp\/v2\/users\/2"}],"replies":[{"embeddable":true,"href":"https:\/\/www.abrima.com\/blog\/wp-json\/wp\/v2\/comments?post=41"}],"version-history":[{"count":1,"href":"https:\/\/www.abrima.com\/blog\/wp-json\/wp\/v2\/posts\/41\/revisions"}],"predecessor-version":[{"id":42,"href":"https:\/\/www.abrima.com\/blog\/wp-json\/wp\/v2\/posts\/41\/revisions\/42"}],"wp:attachment":[{"href":"https:\/\/www.abrima.com\/blog\/wp-json\/wp\/v2\/media?parent=41"}],"wp:term":[{"taxonomy":"category","embeddable":true,"href":"https:\/\/www.abrima.com\/blog\/wp-json\/wp\/v2\/categories?post=41"},{"taxonomy":"post_tag","embeddable":true,"href":"https:\/\/www.abrima.com\/blog\/wp-json\/wp\/v2\/tags?post=41"}],"curies":[{"name":"wp","href":"https:\/\/api.w.org\/{rel}","templated":true}]}}