{"id":409,"date":"2013-10-24T18:10:06","date_gmt":"2013-10-24T18:10:06","guid":{"rendered":"http:\/\/www.abrima.com\/blog\/?p=409"},"modified":"2013-10-24T18:10:06","modified_gmt":"2013-10-24T18:10:06","slug":"olvida-el-numero-de-fans-5-metricas-para-medir-tu-audiencia-en-facebook","status":"publish","type":"post","link":"https:\/\/www.abrima.com\/blog\/olvida-el-numero-de-fans-5-metricas-para-medir-tu-audiencia-en-facebook\/","title":{"rendered":"Olvida el n\u00famero de fans, 5 m\u00e9tricas para medir tu audiencia en Facebook"},"content":{"rendered":"<p>Cuando se trata de medir la audiencia en Facebook es necesario mirar m\u00e1s all\u00e1 del n\u00famero de fans, los fans\u00a0<a href=\"http:\/\/dalealaweb.com\/2013\/06\/comprar-fans-con-anuncios-en-facebook-no-es-buen-negocio-mi-reflexion\/\" target=\"_blank\">se pueden comprar<\/a>, \u00a0incluso si te dieran el \u2018Me gusta\u2019 por su propia voluntad no significa que ser\u00e1n clientes leales de la marca o que se interesar\u00e1n por interactuar con tu contenido.<\/p>\n<p>Un profesional en mercadotecnia o medios sociales sabe que para entender a la audiencia es necesario incluir otras m\u00e9tricas que ofrezcan un panorama m\u00e1s completo.<\/p>\n<p>Enseguida\u00a0<strong>5 m\u00e9tricas para medir tu audiencia en Facebook:<\/strong><\/p>\n<h4>1. Mide la audiencia a la que realmente est\u00e1s llegando<\/h4>\n<p>La cantidad de usuarios que tienen acceso a tu contenido no necesariamente guarda relaci\u00f3n con tu n\u00famero de fans.<\/p>\n<p>La m\u00e9trica de\u00a0<strong>alcance<\/strong>\u00a0mide el n\u00famero efectivo de usuarios que visualizaron tu contenido en un lapso de tiempo.<\/p>\n<p>Puede tratarse de alcance org\u00e1nico, el que se logra a trav\u00e9s de la interacci\u00f3n natural de los usuarios; o pagado, el que se logra a trav\u00e9s de los anuncios en Facebook.<\/p>\n<p><a href=\"http:\/\/www.cristianmonroy.com\/wp-content\/uploads\/2013\/10\/metricas-facebook-alcance.png\"><img loading=\"lazy\" alt=\"Alcance\" src=\"http:\/\/www.cristianmonroy.com\/wp-content\/uploads\/2013\/10\/metricas-facebook-alcance-648x336.png\" width=\"648\" height=\"336\" \/><\/a><\/p>\n<h4>2. Analiza el nivel de participaci\u00f3n<\/h4>\n<p>Incluye al total de usuarios que llevaron a cabo una acci\u00f3n a ra\u00edz de la publicaci\u00f3n de tu contenido. Incrementar el n\u00famero de usuarios que interact\u00faan debe ser uno de los objetivos.<\/p>\n<p><a href=\"http:\/\/www.cristianmonroy.com\/wp-content\/uploads\/2013\/10\/metricas-facebook-participacion.png\"><img loading=\"lazy\" alt=\"Participaci\u00f3n\" src=\"http:\/\/www.cristianmonroy.com\/wp-content\/uploads\/2013\/10\/metricas-facebook-participacion-648x197.png\" width=\"648\" height=\"197\" \/><\/a><\/p>\n<h4>3. Crea un contexto para el crecimiento de los fans<\/h4>\n<p>Ya he mencionado que el n\u00famero de fans no es la m\u00e9trica primordial, pero medir y analizar su crecimiento puede convertirse en un indicador de una cuenta saludable, adem\u00e1s armando un contexto a su alrededor puedes identificar t\u00e9cnicas para hacer crecer tu audiencia de manera org\u00e1nica.<\/p>\n<p><a href=\"http:\/\/www.cristianmonroy.com\/wp-content\/uploads\/2013\/10\/metricas-facebook-me-gusta.png\"><img loading=\"lazy\" alt=\"Me gusta\" src=\"http:\/\/www.cristianmonroy.com\/wp-content\/uploads\/2013\/10\/metricas-facebook-me-gusta-648x300.png\" width=\"648\" height=\"300\" \/><\/a><\/p>\n<h4>4. Identifica quienes son tus fans<\/h4>\n<p>Conocer datos de segmentaci\u00f3n sobre tus fans puede ayudarte a decidir el tipo de contenido que debes publicar, adem\u00e1s puedes usarlos para investigar el \u00a0tipo de productos o servicios por los que se interesa \u00e9sta audiencia.<\/p>\n<p><a href=\"http:\/\/www.cristianmonroy.com\/wp-content\/uploads\/2013\/10\/metricas-facebook-audiencia.png\"><img loading=\"lazy\" alt=\"Audiencia\" src=\"http:\/\/www.cristianmonroy.com\/wp-content\/uploads\/2013\/10\/metricas-facebook-audiencia-648x174.png\" width=\"648\" height=\"174\" \/><\/a><\/p>\n<h4>5. Descubre los d\u00edas y las horas en que tus fans son m\u00e1s activos<\/h4>\n<p>Es una de las m\u00e9tricas m\u00e1s valiosas, te permite analizar la actividad por d\u00edas y horas y actuar en consecuencia.<\/p>\n<p>Con este an\u00e1lisis puedes aprender a optimizar el tiempo que pasas en Facebook y aumentar tu productividad.<\/p>\n<p><a href=\"http:\/\/www.cristianmonroy.com\/wp-content\/uploads\/2013\/10\/metricas-facebook-horarios.png\"><img loading=\"lazy\" alt=\"Horarios\" src=\"http:\/\/www.cristianmonroy.com\/wp-content\/uploads\/2013\/10\/metricas-facebook-horarios-648x261.png\" width=\"648\" height=\"261\" \/><\/a><\/p>\n<p>&nbsp;<\/p>\n<p>FUENTE: <a href=\"http:\/\/www.cristianmonroy.com\/2013\/10\/olvida-el-numero-de-fans-5-metricas-para-medir-tu-audiencia-en-facebook.html\">cristianmonroy.com<\/a><\/p>\n","protected":false},"excerpt":{"rendered":"<p>Cuando se trata de medir la audiencia en Facebook es necesario mirar m\u00e1s all\u00e1 del n\u00famero de fans, los fans\u00a0se pueden comprar, \u00a0incluso si te [&hellip;]<\/p>\n","protected":false},"author":2,"featured_media":0,"comment_status":"open","ping_status":"open","sticky":false,"template":"","format":"standard","meta":{"_monsterinsights_skip_tracking":false,"_monsterinsights_sitenote_active":false,"_monsterinsights_sitenote_note":"","_monsterinsights_sitenote_category":0},"categories":[],"tags":[],"yoast_head":"<!-- This site is optimized with the Yoast SEO plugin v19.1 - https:\/\/yoast.com\/wordpress\/plugins\/seo\/ -->\n<title>Olvida el n\u00famero de fans, 5 m\u00e9tricas para medir tu audiencia en Facebook  - Blog de Tecnolog\u00eda - Abrima<\/title>\n<meta name=\"robots\" content=\"index, follow, max-snippet:-1, max-image-preview:large, max-video-preview:-1\" \/>\n<link rel=\"canonical\" href=\"https:\/\/www.abrima.com\/blog\/olvida-el-numero-de-fans-5-metricas-para-medir-tu-audiencia-en-facebook\/\" \/>\n<meta property=\"og:locale\" content=\"es_ES\" \/>\n<meta property=\"og:type\" content=\"article\" \/>\n<meta property=\"og:title\" content=\"Olvida el n\u00famero de fans, 5 m\u00e9tricas para medir tu audiencia en Facebook  - Blog de Tecnolog\u00eda - Abrima\" \/>\n<meta property=\"og:description\" content=\"Cuando se trata de medir la audiencia en Facebook es necesario mirar m\u00e1s all\u00e1 del n\u00famero de fans, los fans\u00a0se pueden comprar, \u00a0incluso si te [&hellip;]\" \/>\n<meta property=\"og:url\" content=\"https:\/\/www.abrima.com\/blog\/olvida-el-numero-de-fans-5-metricas-para-medir-tu-audiencia-en-facebook\/\" \/>\n<meta property=\"og:site_name\" content=\"Blog de Tecnolog\u00eda - Abrima\" \/>\n<meta property=\"article:publisher\" content=\"https:\/\/www.facebook.com\/abrimawebs\/\" \/>\n<meta property=\"article:published_time\" content=\"2013-10-24T18:10:06+00:00\" \/>\n<meta property=\"og:image\" content=\"http:\/\/www.cristianmonroy.com\/wp-content\/uploads\/2013\/10\/metricas-facebook-alcance-648x336.png\" \/>\n<meta name=\"twitter:label1\" content=\"Escrito por\" \/>\n\t<meta name=\"twitter:data1\" content=\"Ana Lucia Marrou\" \/>\n\t<meta name=\"twitter:label2\" content=\"Tiempo de lectura\" \/>\n\t<meta name=\"twitter:data2\" content=\"2 minutos\" \/>\n<script type=\"application\/ld+json\" class=\"yoast-schema-graph\">{\"@context\":\"https:\/\/schema.org\",\"@graph\":[{\"@type\":\"Organization\",\"@id\":\"https:\/\/www.abrima.com\/blog\/#organization\",\"name\":\"Abrima\",\"url\":\"https:\/\/www.abrima.com\/blog\/\",\"sameAs\":[\"https:\/\/www.linkedin.com\/company\/abrima-soluciones-web\/\",\"https:\/\/www.youtube.com\/user\/abrimawebs\",\"https:\/\/www.facebook.com\/abrimawebs\/\",\"https:\/\/twitter.com\/abrimaweb\"],\"logo\":{\"@type\":\"ImageObject\",\"inLanguage\":\"es\",\"@id\":\"https:\/\/www.abrima.com\/blog\/#\/schema\/logo\/image\/\",\"url\":\"https:\/\/www.abrima.com\/blog\/wp-content\/uploads\/2018\/03\/abrima-logo.png\",\"contentUrl\":\"https:\/\/www.abrima.com\/blog\/wp-content\/uploads\/2018\/03\/abrima-logo.png\",\"width\":700,\"height\":700,\"caption\":\"Abrima\"},\"image\":{\"@id\":\"https:\/\/www.abrima.com\/blog\/#\/schema\/logo\/image\/\"}},{\"@type\":\"WebSite\",\"@id\":\"https:\/\/www.abrima.com\/blog\/#website\",\"url\":\"https:\/\/www.abrima.com\/blog\/\",\"name\":\"Blog de Tecnolog\u00eda - Abrima\",\"description\":\"Blog sobre todo lo relacionado con Cloud, Marketing Digital y Web\",\"publisher\":{\"@id\":\"https:\/\/www.abrima.com\/blog\/#organization\"},\"potentialAction\":[{\"@type\":\"SearchAction\",\"target\":{\"@type\":\"EntryPoint\",\"urlTemplate\":\"https:\/\/www.abrima.com\/blog\/?s={search_term_string}\"},\"query-input\":\"required name=search_term_string\"}],\"inLanguage\":\"es\"},{\"@type\":\"ImageObject\",\"inLanguage\":\"es\",\"@id\":\"https:\/\/www.abrima.com\/blog\/olvida-el-numero-de-fans-5-metricas-para-medir-tu-audiencia-en-facebook\/#primaryimage\",\"url\":\"http:\/\/www.cristianmonroy.com\/wp-content\/uploads\/2013\/10\/metricas-facebook-alcance-648x336.png\",\"contentUrl\":\"http:\/\/www.cristianmonroy.com\/wp-content\/uploads\/2013\/10\/metricas-facebook-alcance-648x336.png\"},{\"@type\":\"WebPage\",\"@id\":\"https:\/\/www.abrima.com\/blog\/olvida-el-numero-de-fans-5-metricas-para-medir-tu-audiencia-en-facebook\/#webpage\",\"url\":\"https:\/\/www.abrima.com\/blog\/olvida-el-numero-de-fans-5-metricas-para-medir-tu-audiencia-en-facebook\/\",\"name\":\"Olvida el n\u00famero de fans, 5 m\u00e9tricas para medir tu audiencia en Facebook - Blog de Tecnolog\u00eda - Abrima\",\"isPartOf\":{\"@id\":\"https:\/\/www.abrima.com\/blog\/#website\"},\"primaryImageOfPage\":{\"@id\":\"https:\/\/www.abrima.com\/blog\/olvida-el-numero-de-fans-5-metricas-para-medir-tu-audiencia-en-facebook\/#primaryimage\"},\"datePublished\":\"2013-10-24T18:10:06+00:00\",\"dateModified\":\"2013-10-24T18:10:06+00:00\",\"breadcrumb\":{\"@id\":\"https:\/\/www.abrima.com\/blog\/olvida-el-numero-de-fans-5-metricas-para-medir-tu-audiencia-en-facebook\/#breadcrumb\"},\"inLanguage\":\"es\",\"potentialAction\":[{\"@type\":\"ReadAction\",\"target\":[\"https:\/\/www.abrima.com\/blog\/olvida-el-numero-de-fans-5-metricas-para-medir-tu-audiencia-en-facebook\/\"]}]},{\"@type\":\"BreadcrumbList\",\"@id\":\"https:\/\/www.abrima.com\/blog\/olvida-el-numero-de-fans-5-metricas-para-medir-tu-audiencia-en-facebook\/#breadcrumb\",\"itemListElement\":[{\"@type\":\"ListItem\",\"position\":1,\"name\":\"Portada\",\"item\":\"https:\/\/www.abrima.com\/blog\/\"},{\"@type\":\"ListItem\",\"position\":2,\"name\":\"Olvida el n\u00famero de fans, 5 m\u00e9tricas para medir tu audiencia en Facebook\"}]},{\"@type\":\"Article\",\"@id\":\"https:\/\/www.abrima.com\/blog\/olvida-el-numero-de-fans-5-metricas-para-medir-tu-audiencia-en-facebook\/#article\",\"isPartOf\":{\"@id\":\"https:\/\/www.abrima.com\/blog\/olvida-el-numero-de-fans-5-metricas-para-medir-tu-audiencia-en-facebook\/#webpage\"},\"author\":{\"@id\":\"https:\/\/www.abrima.com\/blog\/#\/schema\/person\/70ccd8d5617e3a3d6d5121086c3bb00f\"},\"headline\":\"Olvida el n\u00famero de fans, 5 m\u00e9tricas para medir tu audiencia en Facebook\",\"datePublished\":\"2013-10-24T18:10:06+00:00\",\"dateModified\":\"2013-10-24T18:10:06+00:00\",\"mainEntityOfPage\":{\"@id\":\"https:\/\/www.abrima.com\/blog\/olvida-el-numero-de-fans-5-metricas-para-medir-tu-audiencia-en-facebook\/#webpage\"},\"wordCount\":399,\"commentCount\":0,\"publisher\":{\"@id\":\"https:\/\/www.abrima.com\/blog\/#organization\"},\"image\":{\"@id\":\"https:\/\/www.abrima.com\/blog\/olvida-el-numero-de-fans-5-metricas-para-medir-tu-audiencia-en-facebook\/#primaryimage\"},\"thumbnailUrl\":\"http:\/\/www.cristianmonroy.com\/wp-content\/uploads\/2013\/10\/metricas-facebook-alcance-648x336.png\",\"inLanguage\":\"es\",\"potentialAction\":[{\"@type\":\"CommentAction\",\"name\":\"Comment\",\"target\":[\"https:\/\/www.abrima.com\/blog\/olvida-el-numero-de-fans-5-metricas-para-medir-tu-audiencia-en-facebook\/#respond\"]}]},{\"@type\":\"Person\",\"@id\":\"https:\/\/www.abrima.com\/blog\/#\/schema\/person\/70ccd8d5617e3a3d6d5121086c3bb00f\",\"name\":\"Ana Lucia Marrou\",\"image\":{\"@type\":\"ImageObject\",\"inLanguage\":\"es\",\"@id\":\"https:\/\/www.abrima.com\/blog\/#\/schema\/person\/image\/\",\"url\":\"https:\/\/secure.gravatar.com\/avatar\/90bc8b721d14c58be266256fd3396265?s=96&d=mm&r=g\",\"contentUrl\":\"https:\/\/secure.gravatar.com\/avatar\/90bc8b721d14c58be266256fd3396265?s=96&d=mm&r=g\",\"caption\":\"Ana Lucia Marrou\"},\"url\":\"https:\/\/www.abrima.com\/blog\/author\/anilu\/\"}]}<\/script>\n<!-- \/ Yoast SEO plugin. -->","yoast_head_json":{"title":"Olvida el n\u00famero de fans, 5 m\u00e9tricas para medir tu audiencia en Facebook  - Blog de Tecnolog\u00eda - Abrima","robots":{"index":"index","follow":"follow","max-snippet":"max-snippet:-1","max-image-preview":"max-image-preview:large","max-video-preview":"max-video-preview:-1"},"canonical":"https:\/\/www.abrima.com\/blog\/olvida-el-numero-de-fans-5-metricas-para-medir-tu-audiencia-en-facebook\/","og_locale":"es_ES","og_type":"article","og_title":"Olvida el n\u00famero de fans, 5 m\u00e9tricas para medir tu audiencia en Facebook  - Blog de Tecnolog\u00eda - Abrima","og_description":"Cuando se trata de medir la audiencia en Facebook es necesario mirar m\u00e1s all\u00e1 del n\u00famero de fans, los fans\u00a0se pueden comprar, \u00a0incluso si te [&hellip;]","og_url":"https:\/\/www.abrima.com\/blog\/olvida-el-numero-de-fans-5-metricas-para-medir-tu-audiencia-en-facebook\/","og_site_name":"Blog de Tecnolog\u00eda - Abrima","article_publisher":"https:\/\/www.facebook.com\/abrimawebs\/","article_published_time":"2013-10-24T18:10:06+00:00","og_image":[{"url":"http:\/\/www.cristianmonroy.com\/wp-content\/uploads\/2013\/10\/metricas-facebook-alcance-648x336.png"}],"twitter_misc":{"Escrito por":"Ana Lucia Marrou","Tiempo de lectura":"2 minutos"},"schema":{"@context":"https:\/\/schema.org","@graph":[{"@type":"Organization","@id":"https:\/\/www.abrima.com\/blog\/#organization","name":"Abrima","url":"https:\/\/www.abrima.com\/blog\/","sameAs":["https:\/\/www.linkedin.com\/company\/abrima-soluciones-web\/","https:\/\/www.youtube.com\/user\/abrimawebs","https:\/\/www.facebook.com\/abrimawebs\/","https:\/\/twitter.com\/abrimaweb"],"logo":{"@type":"ImageObject","inLanguage":"es","@id":"https:\/\/www.abrima.com\/blog\/#\/schema\/logo\/image\/","url":"https:\/\/www.abrima.com\/blog\/wp-content\/uploads\/2018\/03\/abrima-logo.png","contentUrl":"https:\/\/www.abrima.com\/blog\/wp-content\/uploads\/2018\/03\/abrima-logo.png","width":700,"height":700,"caption":"Abrima"},"image":{"@id":"https:\/\/www.abrima.com\/blog\/#\/schema\/logo\/image\/"}},{"@type":"WebSite","@id":"https:\/\/www.abrima.com\/blog\/#website","url":"https:\/\/www.abrima.com\/blog\/","name":"Blog de Tecnolog\u00eda - Abrima","description":"Blog sobre todo lo relacionado con Cloud, Marketing Digital y Web","publisher":{"@id":"https:\/\/www.abrima.com\/blog\/#organization"},"potentialAction":[{"@type":"SearchAction","target":{"@type":"EntryPoint","urlTemplate":"https:\/\/www.abrima.com\/blog\/?s={search_term_string}"},"query-input":"required name=search_term_string"}],"inLanguage":"es"},{"@type":"ImageObject","inLanguage":"es","@id":"https:\/\/www.abrima.com\/blog\/olvida-el-numero-de-fans-5-metricas-para-medir-tu-audiencia-en-facebook\/#primaryimage","url":"http:\/\/www.cristianmonroy.com\/wp-content\/uploads\/2013\/10\/metricas-facebook-alcance-648x336.png","contentUrl":"http:\/\/www.cristianmonroy.com\/wp-content\/uploads\/2013\/10\/metricas-facebook-alcance-648x336.png"},{"@type":"WebPage","@id":"https:\/\/www.abrima.com\/blog\/olvida-el-numero-de-fans-5-metricas-para-medir-tu-audiencia-en-facebook\/#webpage","url":"https:\/\/www.abrima.com\/blog\/olvida-el-numero-de-fans-5-metricas-para-medir-tu-audiencia-en-facebook\/","name":"Olvida el n\u00famero de fans, 5 m\u00e9tricas para medir tu audiencia en Facebook - Blog de Tecnolog\u00eda - Abrima","isPartOf":{"@id":"https:\/\/www.abrima.com\/blog\/#website"},"primaryImageOfPage":{"@id":"https:\/\/www.abrima.com\/blog\/olvida-el-numero-de-fans-5-metricas-para-medir-tu-audiencia-en-facebook\/#primaryimage"},"datePublished":"2013-10-24T18:10:06+00:00","dateModified":"2013-10-24T18:10:06+00:00","breadcrumb":{"@id":"https:\/\/www.abrima.com\/blog\/olvida-el-numero-de-fans-5-metricas-para-medir-tu-audiencia-en-facebook\/#breadcrumb"},"inLanguage":"es","potentialAction":[{"@type":"ReadAction","target":["https:\/\/www.abrima.com\/blog\/olvida-el-numero-de-fans-5-metricas-para-medir-tu-audiencia-en-facebook\/"]}]},{"@type":"BreadcrumbList","@id":"https:\/\/www.abrima.com\/blog\/olvida-el-numero-de-fans-5-metricas-para-medir-tu-audiencia-en-facebook\/#breadcrumb","itemListElement":[{"@type":"ListItem","position":1,"name":"Portada","item":"https:\/\/www.abrima.com\/blog\/"},{"@type":"ListItem","position":2,"name":"Olvida el n\u00famero de fans, 5 m\u00e9tricas para medir tu audiencia en Facebook"}]},{"@type":"Article","@id":"https:\/\/www.abrima.com\/blog\/olvida-el-numero-de-fans-5-metricas-para-medir-tu-audiencia-en-facebook\/#article","isPartOf":{"@id":"https:\/\/www.abrima.com\/blog\/olvida-el-numero-de-fans-5-metricas-para-medir-tu-audiencia-en-facebook\/#webpage"},"author":{"@id":"https:\/\/www.abrima.com\/blog\/#\/schema\/person\/70ccd8d5617e3a3d6d5121086c3bb00f"},"headline":"Olvida el n\u00famero de fans, 5 m\u00e9tricas para medir tu audiencia en Facebook","datePublished":"2013-10-24T18:10:06+00:00","dateModified":"2013-10-24T18:10:06+00:00","mainEntityOfPage":{"@id":"https:\/\/www.abrima.com\/blog\/olvida-el-numero-de-fans-5-metricas-para-medir-tu-audiencia-en-facebook\/#webpage"},"wordCount":399,"commentCount":0,"publisher":{"@id":"https:\/\/www.abrima.com\/blog\/#organization"},"image":{"@id":"https:\/\/www.abrima.com\/blog\/olvida-el-numero-de-fans-5-metricas-para-medir-tu-audiencia-en-facebook\/#primaryimage"},"thumbnailUrl":"http:\/\/www.cristianmonroy.com\/wp-content\/uploads\/2013\/10\/metricas-facebook-alcance-648x336.png","inLanguage":"es","potentialAction":[{"@type":"CommentAction","name":"Comment","target":["https:\/\/www.abrima.com\/blog\/olvida-el-numero-de-fans-5-metricas-para-medir-tu-audiencia-en-facebook\/#respond"]}]},{"@type":"Person","@id":"https:\/\/www.abrima.com\/blog\/#\/schema\/person\/70ccd8d5617e3a3d6d5121086c3bb00f","name":"Ana Lucia Marrou","image":{"@type":"ImageObject","inLanguage":"es","@id":"https:\/\/www.abrima.com\/blog\/#\/schema\/person\/image\/","url":"https:\/\/secure.gravatar.com\/avatar\/90bc8b721d14c58be266256fd3396265?s=96&d=mm&r=g","contentUrl":"https:\/\/secure.gravatar.com\/avatar\/90bc8b721d14c58be266256fd3396265?s=96&d=mm&r=g","caption":"Ana Lucia Marrou"},"url":"https:\/\/www.abrima.com\/blog\/author\/anilu\/"}]}},"amp_enabled":true,"_links":{"self":[{"href":"https:\/\/www.abrima.com\/blog\/wp-json\/wp\/v2\/posts\/409"}],"collection":[{"href":"https:\/\/www.abrima.com\/blog\/wp-json\/wp\/v2\/posts"}],"about":[{"href":"https:\/\/www.abrima.com\/blog\/wp-json\/wp\/v2\/types\/post"}],"author":[{"embeddable":true,"href":"https:\/\/www.abrima.com\/blog\/wp-json\/wp\/v2\/users\/2"}],"replies":[{"embeddable":true,"href":"https:\/\/www.abrima.com\/blog\/wp-json\/wp\/v2\/comments?post=409"}],"version-history":[{"count":1,"href":"https:\/\/www.abrima.com\/blog\/wp-json\/wp\/v2\/posts\/409\/revisions"}],"predecessor-version":[{"id":410,"href":"https:\/\/www.abrima.com\/blog\/wp-json\/wp\/v2\/posts\/409\/revisions\/410"}],"wp:attachment":[{"href":"https:\/\/www.abrima.com\/blog\/wp-json\/wp\/v2\/media?parent=409"}],"wp:term":[{"taxonomy":"category","embeddable":true,"href":"https:\/\/www.abrima.com\/blog\/wp-json\/wp\/v2\/categories?post=409"},{"taxonomy":"post_tag","embeddable":true,"href":"https:\/\/www.abrima.com\/blog\/wp-json\/wp\/v2\/tags?post=409"}],"curies":[{"name":"wp","href":"https:\/\/api.w.org\/{rel}","templated":true}]}}