{"id":401,"date":"2013-10-23T16:43:34","date_gmt":"2013-10-23T16:43:34","guid":{"rendered":"http:\/\/www.abrima.com\/blog\/?p=401"},"modified":"2013-10-23T16:43:34","modified_gmt":"2013-10-23T16:43:34","slug":"las-maquinas-inteligentes-tendran-un-fuerte-impacto-en-los-negocios-en-2020","status":"publish","type":"post","link":"https:\/\/www.abrima.com\/blog\/las-maquinas-inteligentes-tendran-un-fuerte-impacto-en-los-negocios-en-2020\/","title":{"rendered":"Las m\u00e1quinas inteligentes tendr\u00e1n un fuerte impacto en los negocios en 2020"},"content":{"rendered":"<div><img alt=\"\" src=\"http:\/\/cdn2.ticbeat.com\/wp-content\/uploads\/2013\/10\/27713138_85b76c06b6_z-590x260.jpg\" \/><\/div>\n<p>Parece una predicci\u00f3n de ciencia ficci\u00f3n, similar a las teor\u00edas que hablan del fin del mundo, pero desde\u00a0<a href=\"http:\/\/www.facebook.com\/GartnerSymposium\">Gartner<\/a>\u00a0est\u00e1n convencidos de que\u00a0<strong>dentro de tan solo siete a\u00f1os las m\u00e1quinas inteligentes habr\u00e1n sustituido a los humanos en una buena parte de los puestos de trabajo<\/strong>.<\/p>\n<p>Durante la pr\u00f3xima d\u00e9cada,\u00a0<strong>las m\u00e1quinas inteligentes evolucionar\u00e1n y desarrollar\u00e1n cada vez mayores habilidades de automatizaci\u00f3n y aprendizaje,\u00a0<\/strong>llegando a simular la forma de actuar del cerebro humano, incluso en la realizaci\u00f3n de trabajos muy especializados. Este paso permitir\u00e1 considerar a\u00a0<strong>las m\u00e1quinas como una fuerza de trabajo digital que tendr\u00e1 un gran impacto en las organizaciones<\/strong>, ya que se tender\u00e1 a sustituir una buena parte de los puestos de trabajo intermedios que actualmente realizan personas.<\/p>\n<p>Los trabajos de ingenier\u00eda que se est\u00e1n llevando a cabo en la actualidad relacionados con los agentes inteligentes, los asistentes de realidad virtual, el software cada vez m\u00e1s especializado que se integra en los dispositivos y la fabricaci\u00f3n de una nueva generaci\u00f3n de robots de bajo coste y f\u00e1ciles de entrenar son las tendencias en las que se basa Gartner para justificar el salto cualitativo que las m\u00e1quinas inteligentes dar\u00e1n en los pr\u00f3ximos a\u00f1os. Con ello,\u00a0<strong>se conseguir\u00e1 crear m\u00e1quinas que sean m\u00e1s fiables y m\u00e1s capaces<\/strong>, lo que tendr\u00e1 un fuerte impacto en los negocios y funciones de las Tecnolog\u00edas de la Informaci\u00f3n en las empresas.<\/p>\n<h2>Ejecutivos poco preparados<\/h2>\n<p>Ante esta realidad, los responsables de Gartner han detectado una\u00a0<strong>falta de credibilidad y de preparaci\u00f3n de los responsables de tecnolog\u00eda de las empresas<\/strong>\u00a0quienes no son conscientes de que, en el futuro, tendr\u00e1n que lidiar en sus compa\u00f1\u00edas con este nuevo tipo de fuerza de\u00a0 trabajo digital. En concreto, seg\u00fan la consultora,\u00a0<strong>el 60% de los CEOs cree que las m\u00e1quinas inteligentes<\/strong>\u00a0emergentes capaces de absorber millones de puestos de trabajo de clase media en los pr\u00f3ximos 15 a\u00f1os\u00a0<strong>son una \u201cfantas\u00eda de futuro\u201d<\/strong>.<\/p>\n<p>Desde la consultora, se aconseja\u00a0<strong>llevar a cabo pol\u00edticas y programas para integrar esta fuerza de trabajo<\/strong>\u00a0<strong>digital<\/strong>, ya que aquellas firmas que no lo hagan ver\u00e1n\u00a0<strong>mermada su productividad y sus beneficios<\/strong>, qued\u00e1ndose al margen de la evoluci\u00f3n de la industria.<\/p>\n<p>El estudio de Gartner destaca que existe un inter\u00e9s tanto por parte de la oferta como de la demanda para que este desarrollo se haga realidad y que los jugadores m\u00e1s fuertes del mercado tecnol\u00f3gico, como es el caso de\u00a0<strong>Google, Apple, Microsoft o Amazon, ya est\u00e1n apostando con \u00e9xito por las m\u00e1quinas digitales<\/strong>.<\/p>\n<h2>Algunas barreras<\/h2>\n<p>A pesar de que el futuro apunta hacia esta direcci\u00f3n, desde Gartner son conscientes de la<strong>existencia de barreras que no facilitar\u00e1n la sustituci\u00f3n de hombres por m\u00e1quinas<\/strong>. En concreto, hacen referencia a los fallos de los prototipos para producir resultados, a la ralentizaci\u00f3n de la evoluci\u00f3n de la tecnolog\u00edas, al alto coste de la tecnolog\u00eda, a la oposici\u00f3n de sindicatos y ciudadanos, al rechazo de los consumidores, al aumento de la productividad de la fuerza de trabajo humana y a los desaf\u00edos legales y morales que este cambio conlleva.<\/p>\n<p>Por ello, concluyen que\u00a0<strong>no se producir\u00e1 una gran masa de desempleados a corto plazo<\/strong>, pero que s\u00ed es cierto es que\u00a0<strong>las nuevas tecnolog\u00edas y su combinaci\u00f3n con la inteligencia<\/strong>van a revoluciona la rob\u00f3tica, que emerger\u00e1 y\u00a0<strong>tendr\u00e1 un gran impacto en esta d\u00e9cada<\/strong>.<\/p>\n<p>FUENTE: <a href=\"http:\/\/innovacion.ticbeat.com\/maquinas-inteligentes-tendran-fuerte-impacto-negocios-2020\/\">innovacion,ticbeat.com<\/a><\/p>\n","protected":false},"excerpt":{"rendered":"<p>Parece una predicci\u00f3n de ciencia ficci\u00f3n, similar a las teor\u00edas que hablan del fin del mundo, pero desde\u00a0Gartner\u00a0est\u00e1n convencidos de que\u00a0dentro de tan solo siete [&hellip;]<\/p>\n","protected":false},"author":2,"featured_media":0,"comment_status":"open","ping_status":"open","sticky":false,"template":"","format":"standard","meta":{"_monsterinsights_skip_tracking":false,"_monsterinsights_sitenote_active":false,"_monsterinsights_sitenote_note":"","_monsterinsights_sitenote_category":0},"categories":[],"tags":[],"yoast_head":"<!-- This site is optimized with the Yoast SEO plugin v19.1 - https:\/\/yoast.com\/wordpress\/plugins\/seo\/ -->\n<title>Las m\u00e1quinas inteligentes tendr\u00e1n un fuerte impacto en los negocios en 2020 - Blog de Tecnolog\u00eda - Abrima<\/title>\n<meta name=\"robots\" content=\"index, follow, max-snippet:-1, max-image-preview:large, max-video-preview:-1\" \/>\n<link rel=\"canonical\" href=\"https:\/\/www.abrima.com\/blog\/las-maquinas-inteligentes-tendran-un-fuerte-impacto-en-los-negocios-en-2020\/\" \/>\n<meta property=\"og:locale\" content=\"es_ES\" \/>\n<meta property=\"og:type\" content=\"article\" \/>\n<meta property=\"og:title\" content=\"Las m\u00e1quinas inteligentes tendr\u00e1n un fuerte impacto en los negocios en 2020 - Blog de Tecnolog\u00eda - Abrima\" \/>\n<meta property=\"og:description\" content=\"Parece una predicci\u00f3n de ciencia ficci\u00f3n, similar a las teor\u00edas que hablan del fin del mundo, pero desde\u00a0Gartner\u00a0est\u00e1n convencidos de que\u00a0dentro de tan solo siete [&hellip;]\" \/>\n<meta property=\"og:url\" content=\"https:\/\/www.abrima.com\/blog\/las-maquinas-inteligentes-tendran-un-fuerte-impacto-en-los-negocios-en-2020\/\" \/>\n<meta property=\"og:site_name\" content=\"Blog de Tecnolog\u00eda - Abrima\" \/>\n<meta property=\"article:publisher\" content=\"https:\/\/www.facebook.com\/abrimawebs\/\" \/>\n<meta property=\"article:published_time\" content=\"2013-10-23T16:43:34+00:00\" \/>\n<meta property=\"og:image\" content=\"http:\/\/cdn2.ticbeat.com\/wp-content\/uploads\/2013\/10\/27713138_85b76c06b6_z-590x260.jpg\" \/>\n<meta name=\"twitter:label1\" content=\"Escrito por\" \/>\n\t<meta name=\"twitter:data1\" content=\"Ana Lucia Marrou\" \/>\n\t<meta name=\"twitter:label2\" content=\"Tiempo de lectura\" \/>\n\t<meta name=\"twitter:data2\" content=\"3 minutos\" \/>\n<script type=\"application\/ld+json\" class=\"yoast-schema-graph\">{\"@context\":\"https:\/\/schema.org\",\"@graph\":[{\"@type\":\"Organization\",\"@id\":\"https:\/\/www.abrima.com\/blog\/#organization\",\"name\":\"Abrima\",\"url\":\"https:\/\/www.abrima.com\/blog\/\",\"sameAs\":[\"https:\/\/www.linkedin.com\/company\/abrima-soluciones-web\/\",\"https:\/\/www.youtube.com\/user\/abrimawebs\",\"https:\/\/www.facebook.com\/abrimawebs\/\",\"https:\/\/twitter.com\/abrimaweb\"],\"logo\":{\"@type\":\"ImageObject\",\"inLanguage\":\"es\",\"@id\":\"https:\/\/www.abrima.com\/blog\/#\/schema\/logo\/image\/\",\"url\":\"https:\/\/www.abrima.com\/blog\/wp-content\/uploads\/2018\/03\/abrima-logo.png\",\"contentUrl\":\"https:\/\/www.abrima.com\/blog\/wp-content\/uploads\/2018\/03\/abrima-logo.png\",\"width\":700,\"height\":700,\"caption\":\"Abrima\"},\"image\":{\"@id\":\"https:\/\/www.abrima.com\/blog\/#\/schema\/logo\/image\/\"}},{\"@type\":\"WebSite\",\"@id\":\"https:\/\/www.abrima.com\/blog\/#website\",\"url\":\"https:\/\/www.abrima.com\/blog\/\",\"name\":\"Blog de Tecnolog\u00eda - Abrima\",\"description\":\"Blog sobre todo lo relacionado con Cloud, Marketing Digital y Web\",\"publisher\":{\"@id\":\"https:\/\/www.abrima.com\/blog\/#organization\"},\"potentialAction\":[{\"@type\":\"SearchAction\",\"target\":{\"@type\":\"EntryPoint\",\"urlTemplate\":\"https:\/\/www.abrima.com\/blog\/?s={search_term_string}\"},\"query-input\":\"required name=search_term_string\"}],\"inLanguage\":\"es\"},{\"@type\":\"ImageObject\",\"inLanguage\":\"es\",\"@id\":\"https:\/\/www.abrima.com\/blog\/las-maquinas-inteligentes-tendran-un-fuerte-impacto-en-los-negocios-en-2020\/#primaryimage\",\"url\":\"http:\/\/cdn2.ticbeat.com\/wp-content\/uploads\/2013\/10\/27713138_85b76c06b6_z-590x260.jpg\",\"contentUrl\":\"http:\/\/cdn2.ticbeat.com\/wp-content\/uploads\/2013\/10\/27713138_85b76c06b6_z-590x260.jpg\"},{\"@type\":\"WebPage\",\"@id\":\"https:\/\/www.abrima.com\/blog\/las-maquinas-inteligentes-tendran-un-fuerte-impacto-en-los-negocios-en-2020\/#webpage\",\"url\":\"https:\/\/www.abrima.com\/blog\/las-maquinas-inteligentes-tendran-un-fuerte-impacto-en-los-negocios-en-2020\/\",\"name\":\"Las m\u00e1quinas inteligentes tendr\u00e1n un fuerte impacto en los negocios en 2020 - Blog de Tecnolog\u00eda - Abrima\",\"isPartOf\":{\"@id\":\"https:\/\/www.abrima.com\/blog\/#website\"},\"primaryImageOfPage\":{\"@id\":\"https:\/\/www.abrima.com\/blog\/las-maquinas-inteligentes-tendran-un-fuerte-impacto-en-los-negocios-en-2020\/#primaryimage\"},\"datePublished\":\"2013-10-23T16:43:34+00:00\",\"dateModified\":\"2013-10-23T16:43:34+00:00\",\"breadcrumb\":{\"@id\":\"https:\/\/www.abrima.com\/blog\/las-maquinas-inteligentes-tendran-un-fuerte-impacto-en-los-negocios-en-2020\/#breadcrumb\"},\"inLanguage\":\"es\",\"potentialAction\":[{\"@type\":\"ReadAction\",\"target\":[\"https:\/\/www.abrima.com\/blog\/las-maquinas-inteligentes-tendran-un-fuerte-impacto-en-los-negocios-en-2020\/\"]}]},{\"@type\":\"BreadcrumbList\",\"@id\":\"https:\/\/www.abrima.com\/blog\/las-maquinas-inteligentes-tendran-un-fuerte-impacto-en-los-negocios-en-2020\/#breadcrumb\",\"itemListElement\":[{\"@type\":\"ListItem\",\"position\":1,\"name\":\"Portada\",\"item\":\"https:\/\/www.abrima.com\/blog\/\"},{\"@type\":\"ListItem\",\"position\":2,\"name\":\"Las m\u00e1quinas inteligentes tendr\u00e1n un fuerte impacto en los negocios en 2020\"}]},{\"@type\":\"Article\",\"@id\":\"https:\/\/www.abrima.com\/blog\/las-maquinas-inteligentes-tendran-un-fuerte-impacto-en-los-negocios-en-2020\/#article\",\"isPartOf\":{\"@id\":\"https:\/\/www.abrima.com\/blog\/las-maquinas-inteligentes-tendran-un-fuerte-impacto-en-los-negocios-en-2020\/#webpage\"},\"author\":{\"@id\":\"https:\/\/www.abrima.com\/blog\/#\/schema\/person\/70ccd8d5617e3a3d6d5121086c3bb00f\"},\"headline\":\"Las m\u00e1quinas inteligentes tendr\u00e1n un fuerte impacto en los negocios en 2020\",\"datePublished\":\"2013-10-23T16:43:34+00:00\",\"dateModified\":\"2013-10-23T16:43:34+00:00\",\"mainEntityOfPage\":{\"@id\":\"https:\/\/www.abrima.com\/blog\/las-maquinas-inteligentes-tendran-un-fuerte-impacto-en-los-negocios-en-2020\/#webpage\"},\"wordCount\":626,\"commentCount\":0,\"publisher\":{\"@id\":\"https:\/\/www.abrima.com\/blog\/#organization\"},\"image\":{\"@id\":\"https:\/\/www.abrima.com\/blog\/las-maquinas-inteligentes-tendran-un-fuerte-impacto-en-los-negocios-en-2020\/#primaryimage\"},\"thumbnailUrl\":\"http:\/\/cdn2.ticbeat.com\/wp-content\/uploads\/2013\/10\/27713138_85b76c06b6_z-590x260.jpg\",\"inLanguage\":\"es\",\"potentialAction\":[{\"@type\":\"CommentAction\",\"name\":\"Comment\",\"target\":[\"https:\/\/www.abrima.com\/blog\/las-maquinas-inteligentes-tendran-un-fuerte-impacto-en-los-negocios-en-2020\/#respond\"]}]},{\"@type\":\"Person\",\"@id\":\"https:\/\/www.abrima.com\/blog\/#\/schema\/person\/70ccd8d5617e3a3d6d5121086c3bb00f\",\"name\":\"Ana Lucia Marrou\",\"image\":{\"@type\":\"ImageObject\",\"inLanguage\":\"es\",\"@id\":\"https:\/\/www.abrima.com\/blog\/#\/schema\/person\/image\/\",\"url\":\"https:\/\/secure.gravatar.com\/avatar\/90bc8b721d14c58be266256fd3396265?s=96&d=mm&r=g\",\"contentUrl\":\"https:\/\/secure.gravatar.com\/avatar\/90bc8b721d14c58be266256fd3396265?s=96&d=mm&r=g\",\"caption\":\"Ana Lucia Marrou\"},\"url\":\"https:\/\/www.abrima.com\/blog\/author\/anilu\/\"}]}<\/script>\n<!-- \/ Yoast SEO plugin. -->","yoast_head_json":{"title":"Las m\u00e1quinas inteligentes tendr\u00e1n un fuerte impacto en los negocios en 2020 - Blog de Tecnolog\u00eda - Abrima","robots":{"index":"index","follow":"follow","max-snippet":"max-snippet:-1","max-image-preview":"max-image-preview:large","max-video-preview":"max-video-preview:-1"},"canonical":"https:\/\/www.abrima.com\/blog\/las-maquinas-inteligentes-tendran-un-fuerte-impacto-en-los-negocios-en-2020\/","og_locale":"es_ES","og_type":"article","og_title":"Las m\u00e1quinas inteligentes tendr\u00e1n un fuerte impacto en los negocios en 2020 - Blog de Tecnolog\u00eda - Abrima","og_description":"Parece una predicci\u00f3n de ciencia ficci\u00f3n, similar a las teor\u00edas que hablan del fin del mundo, pero desde\u00a0Gartner\u00a0est\u00e1n convencidos de que\u00a0dentro de tan solo siete [&hellip;]","og_url":"https:\/\/www.abrima.com\/blog\/las-maquinas-inteligentes-tendran-un-fuerte-impacto-en-los-negocios-en-2020\/","og_site_name":"Blog de Tecnolog\u00eda - Abrima","article_publisher":"https:\/\/www.facebook.com\/abrimawebs\/","article_published_time":"2013-10-23T16:43:34+00:00","og_image":[{"url":"http:\/\/cdn2.ticbeat.com\/wp-content\/uploads\/2013\/10\/27713138_85b76c06b6_z-590x260.jpg"}],"twitter_misc":{"Escrito por":"Ana Lucia Marrou","Tiempo de lectura":"3 minutos"},"schema":{"@context":"https:\/\/schema.org","@graph":[{"@type":"Organization","@id":"https:\/\/www.abrima.com\/blog\/#organization","name":"Abrima","url":"https:\/\/www.abrima.com\/blog\/","sameAs":["https:\/\/www.linkedin.com\/company\/abrima-soluciones-web\/","https:\/\/www.youtube.com\/user\/abrimawebs","https:\/\/www.facebook.com\/abrimawebs\/","https:\/\/twitter.com\/abrimaweb"],"logo":{"@type":"ImageObject","inLanguage":"es","@id":"https:\/\/www.abrima.com\/blog\/#\/schema\/logo\/image\/","url":"https:\/\/www.abrima.com\/blog\/wp-content\/uploads\/2018\/03\/abrima-logo.png","contentUrl":"https:\/\/www.abrima.com\/blog\/wp-content\/uploads\/2018\/03\/abrima-logo.png","width":700,"height":700,"caption":"Abrima"},"image":{"@id":"https:\/\/www.abrima.com\/blog\/#\/schema\/logo\/image\/"}},{"@type":"WebSite","@id":"https:\/\/www.abrima.com\/blog\/#website","url":"https:\/\/www.abrima.com\/blog\/","name":"Blog de Tecnolog\u00eda - Abrima","description":"Blog sobre todo lo relacionado con Cloud, Marketing Digital y Web","publisher":{"@id":"https:\/\/www.abrima.com\/blog\/#organization"},"potentialAction":[{"@type":"SearchAction","target":{"@type":"EntryPoint","urlTemplate":"https:\/\/www.abrima.com\/blog\/?s={search_term_string}"},"query-input":"required name=search_term_string"}],"inLanguage":"es"},{"@type":"ImageObject","inLanguage":"es","@id":"https:\/\/www.abrima.com\/blog\/las-maquinas-inteligentes-tendran-un-fuerte-impacto-en-los-negocios-en-2020\/#primaryimage","url":"http:\/\/cdn2.ticbeat.com\/wp-content\/uploads\/2013\/10\/27713138_85b76c06b6_z-590x260.jpg","contentUrl":"http:\/\/cdn2.ticbeat.com\/wp-content\/uploads\/2013\/10\/27713138_85b76c06b6_z-590x260.jpg"},{"@type":"WebPage","@id":"https:\/\/www.abrima.com\/blog\/las-maquinas-inteligentes-tendran-un-fuerte-impacto-en-los-negocios-en-2020\/#webpage","url":"https:\/\/www.abrima.com\/blog\/las-maquinas-inteligentes-tendran-un-fuerte-impacto-en-los-negocios-en-2020\/","name":"Las m\u00e1quinas inteligentes tendr\u00e1n un fuerte impacto en los negocios en 2020 - Blog de Tecnolog\u00eda - Abrima","isPartOf":{"@id":"https:\/\/www.abrima.com\/blog\/#website"},"primaryImageOfPage":{"@id":"https:\/\/www.abrima.com\/blog\/las-maquinas-inteligentes-tendran-un-fuerte-impacto-en-los-negocios-en-2020\/#primaryimage"},"datePublished":"2013-10-23T16:43:34+00:00","dateModified":"2013-10-23T16:43:34+00:00","breadcrumb":{"@id":"https:\/\/www.abrima.com\/blog\/las-maquinas-inteligentes-tendran-un-fuerte-impacto-en-los-negocios-en-2020\/#breadcrumb"},"inLanguage":"es","potentialAction":[{"@type":"ReadAction","target":["https:\/\/www.abrima.com\/blog\/las-maquinas-inteligentes-tendran-un-fuerte-impacto-en-los-negocios-en-2020\/"]}]},{"@type":"BreadcrumbList","@id":"https:\/\/www.abrima.com\/blog\/las-maquinas-inteligentes-tendran-un-fuerte-impacto-en-los-negocios-en-2020\/#breadcrumb","itemListElement":[{"@type":"ListItem","position":1,"name":"Portada","item":"https:\/\/www.abrima.com\/blog\/"},{"@type":"ListItem","position":2,"name":"Las m\u00e1quinas inteligentes tendr\u00e1n un fuerte impacto en los negocios en 2020"}]},{"@type":"Article","@id":"https:\/\/www.abrima.com\/blog\/las-maquinas-inteligentes-tendran-un-fuerte-impacto-en-los-negocios-en-2020\/#article","isPartOf":{"@id":"https:\/\/www.abrima.com\/blog\/las-maquinas-inteligentes-tendran-un-fuerte-impacto-en-los-negocios-en-2020\/#webpage"},"author":{"@id":"https:\/\/www.abrima.com\/blog\/#\/schema\/person\/70ccd8d5617e3a3d6d5121086c3bb00f"},"headline":"Las m\u00e1quinas inteligentes tendr\u00e1n un fuerte impacto en los negocios en 2020","datePublished":"2013-10-23T16:43:34+00:00","dateModified":"2013-10-23T16:43:34+00:00","mainEntityOfPage":{"@id":"https:\/\/www.abrima.com\/blog\/las-maquinas-inteligentes-tendran-un-fuerte-impacto-en-los-negocios-en-2020\/#webpage"},"wordCount":626,"commentCount":0,"publisher":{"@id":"https:\/\/www.abrima.com\/blog\/#organization"},"image":{"@id":"https:\/\/www.abrima.com\/blog\/las-maquinas-inteligentes-tendran-un-fuerte-impacto-en-los-negocios-en-2020\/#primaryimage"},"thumbnailUrl":"http:\/\/cdn2.ticbeat.com\/wp-content\/uploads\/2013\/10\/27713138_85b76c06b6_z-590x260.jpg","inLanguage":"es","potentialAction":[{"@type":"CommentAction","name":"Comment","target":["https:\/\/www.abrima.com\/blog\/las-maquinas-inteligentes-tendran-un-fuerte-impacto-en-los-negocios-en-2020\/#respond"]}]},{"@type":"Person","@id":"https:\/\/www.abrima.com\/blog\/#\/schema\/person\/70ccd8d5617e3a3d6d5121086c3bb00f","name":"Ana Lucia Marrou","image":{"@type":"ImageObject","inLanguage":"es","@id":"https:\/\/www.abrima.com\/blog\/#\/schema\/person\/image\/","url":"https:\/\/secure.gravatar.com\/avatar\/90bc8b721d14c58be266256fd3396265?s=96&d=mm&r=g","contentUrl":"https:\/\/secure.gravatar.com\/avatar\/90bc8b721d14c58be266256fd3396265?s=96&d=mm&r=g","caption":"Ana Lucia Marrou"},"url":"https:\/\/www.abrima.com\/blog\/author\/anilu\/"}]}},"amp_enabled":true,"_links":{"self":[{"href":"https:\/\/www.abrima.com\/blog\/wp-json\/wp\/v2\/posts\/401"}],"collection":[{"href":"https:\/\/www.abrima.com\/blog\/wp-json\/wp\/v2\/posts"}],"about":[{"href":"https:\/\/www.abrima.com\/blog\/wp-json\/wp\/v2\/types\/post"}],"author":[{"embeddable":true,"href":"https:\/\/www.abrima.com\/blog\/wp-json\/wp\/v2\/users\/2"}],"replies":[{"embeddable":true,"href":"https:\/\/www.abrima.com\/blog\/wp-json\/wp\/v2\/comments?post=401"}],"version-history":[{"count":1,"href":"https:\/\/www.abrima.com\/blog\/wp-json\/wp\/v2\/posts\/401\/revisions"}],"predecessor-version":[{"id":402,"href":"https:\/\/www.abrima.com\/blog\/wp-json\/wp\/v2\/posts\/401\/revisions\/402"}],"wp:attachment":[{"href":"https:\/\/www.abrima.com\/blog\/wp-json\/wp\/v2\/media?parent=401"}],"wp:term":[{"taxonomy":"category","embeddable":true,"href":"https:\/\/www.abrima.com\/blog\/wp-json\/wp\/v2\/categories?post=401"},{"taxonomy":"post_tag","embeddable":true,"href":"https:\/\/www.abrima.com\/blog\/wp-json\/wp\/v2\/tags?post=401"}],"curies":[{"name":"wp","href":"https:\/\/api.w.org\/{rel}","templated":true}]}}