{"id":3728,"date":"2015-12-30T17:43:45","date_gmt":"2015-12-30T17:43:45","guid":{"rendered":"http:\/\/www.abrima.com\/blog\/?p=3728"},"modified":"2015-12-30T17:43:45","modified_gmt":"2015-12-30T17:43:45","slug":"nueva-linea-de-smart-tv-de-samsung-quiere-ser-el-centro-del-internet-de-las-cosas","status":"publish","type":"post","link":"https:\/\/www.abrima.com\/blog\/nueva-linea-de-smart-tv-de-samsung-quiere-ser-el-centro-del-internet-de-las-cosas\/","title":{"rendered":"Nueva l\u00ednea de Smart TV de Samsung quiere ser el centro del Internet de las Cosas"},"content":{"rendered":"<p><img loading=\"lazy\" class=\"aligncenter size-large wp-image-248410\" src=\"http:\/\/wwwhatsnew.com\/wp-content\/uploads\/2015\/12\/Samsung-SmartThings-730x365.jpg\" alt=\"Samsung-SmartThings\" width=\"730\" height=\"365\" \/><\/p>\n<p>En el nuevo a\u00f1o, que entrar\u00e1 en unos d\u00edas, veremos m\u00e1s avances en el segmento del Internet de las Cosas. Una de las compa\u00f1\u00edas m\u00e1s implicadas en este segmento, Samsung, <a href=\"http:\/\/news.samsung.com\/global\/samsung-reveals-entire-2016-smart-tv-line-up-will-be-iot-ready\" target=\"_blank\">ha desvelado hoy<\/a> que toda su l\u00ednea de televisores inteligentes (Smart TV) SUHD 2016 estar\u00e1n listas para el Internet de las Cosas y conectadas a su plataforma SmartThings, <a href=\"http:\/\/wwwhatsnew.com\/2014\/08\/14\/samsung-compra-empresa-de-internet-de-las-cosas-smartthings\/\">la cual fue adquirida por Samsung a mediados de agosto del 2014 por 200 millones de d\u00f3lares<\/a>.<\/p>\n<p>Recordemos que tras su adquisici\u00f3n, SmartThings sigue operando de forma independiente y forma parte del <em>Samsung\u2019s Open Innovation Center<\/em>.<\/p>\n<p>Con ello, la nueva l\u00ednea de televisores inteligentes de Samsung permitir\u00e1n convertir a los propios televisores en los centros de control de los dispositivos conectados, permitiendo controlar tanto los propios dispositivos de Samsung como los propios sensores de SmartThings asi como hasta m\u00e1s de 200 dispositivos compatibles con SmartThings, los cuales necesitar\u00e1n un adaptador USB SmartThings Extend.<br \/>\n<span id=\"more-248406\"><\/span><br \/>\nLos usuarios podr\u00e1n controlar desde los termostatos hasta las luces de terceros, pudiendo incluso ajustar todo el espacio en el que se encuentran los televisores para poder disfrutar de las pel\u00edculas a trav\u00e9s de la aplicaci\u00f3n SmartThings Cine Mood, abarcando tanto la iluminaci\u00f3n ambiental como el sonido para ofrecer una experiencia \u00f3ptima a los propios usuarios.<\/p>\n<p>Samsung ofrecer\u00e1 todo el potencial de su nueva l\u00ednea de televisores inteligentes en el CES 2016, consider\u00e1ndolo como \u201cel futuro de la televisi\u00f3n\u201d, donde mostrar\u00e1 a los asistentes c\u00f3mo sus nuevos televisores inteligentes pueden convertirse en el centro del ecosistema del Internet de las Cosas.<\/p>\n<p>Fuente: <a href=\"http:\/\/wwwhatsnew.com\/2015\/12\/29\/nueva-linea-de-smart-tv-de-samsung-quiere-ser-el-centro-del-internet-de-las-cosas\/\">wwwhatsnew.com<\/a><\/p>\n","protected":false},"excerpt":{"rendered":"<p>En el nuevo a\u00f1o, que entrar\u00e1 en unos d\u00edas, veremos m\u00e1s avances en el segmento del Internet de las Cosas. Una de las compa\u00f1\u00edas m\u00e1s [&hellip;]<\/p>\n","protected":false},"author":2,"featured_media":0,"comment_status":"open","ping_status":"open","sticky":false,"template":"","format":"standard","meta":{"_monsterinsights_skip_tracking":false,"_monsterinsights_sitenote_active":false,"_monsterinsights_sitenote_note":"","_monsterinsights_sitenote_category":0},"categories":[23],"tags":[],"yoast_head":"<!-- This site is optimized with the Yoast SEO plugin v19.1 - https:\/\/yoast.com\/wordpress\/plugins\/seo\/ -->\n<title>Nueva l\u00ednea de Smart TV de Samsung quiere ser el centro del Internet de las Cosas - Blog de Tecnolog\u00eda - Abrima<\/title>\n<meta name=\"robots\" content=\"index, follow, max-snippet:-1, max-image-preview:large, max-video-preview:-1\" \/>\n<link rel=\"canonical\" href=\"https:\/\/www.abrima.com\/blog\/nueva-linea-de-smart-tv-de-samsung-quiere-ser-el-centro-del-internet-de-las-cosas\/\" \/>\n<meta property=\"og:locale\" content=\"es_ES\" \/>\n<meta property=\"og:type\" content=\"article\" \/>\n<meta property=\"og:title\" content=\"Nueva l\u00ednea de Smart TV de Samsung quiere ser el centro del Internet de las Cosas - Blog de Tecnolog\u00eda - Abrima\" \/>\n<meta property=\"og:description\" content=\"En el nuevo a\u00f1o, que entrar\u00e1 en unos d\u00edas, veremos m\u00e1s avances en el segmento del Internet de las Cosas. Una de las compa\u00f1\u00edas m\u00e1s [&hellip;]\" \/>\n<meta property=\"og:url\" content=\"https:\/\/www.abrima.com\/blog\/nueva-linea-de-smart-tv-de-samsung-quiere-ser-el-centro-del-internet-de-las-cosas\/\" \/>\n<meta property=\"og:site_name\" content=\"Blog de Tecnolog\u00eda - Abrima\" \/>\n<meta property=\"article:publisher\" content=\"https:\/\/www.facebook.com\/abrimawebs\/\" \/>\n<meta property=\"article:published_time\" content=\"2015-12-30T17:43:45+00:00\" \/>\n<meta property=\"og:image\" content=\"http:\/\/wwwhatsnew.com\/wp-content\/uploads\/2015\/12\/Samsung-SmartThings-730x365.jpg\" \/>\n<meta name=\"twitter:label1\" content=\"Escrito por\" \/>\n\t<meta name=\"twitter:data1\" content=\"Ana Lucia Marrou\" \/>\n\t<meta name=\"twitter:label2\" content=\"Tiempo de lectura\" \/>\n\t<meta name=\"twitter:data2\" content=\"1 minuto\" \/>\n<script type=\"application\/ld+json\" class=\"yoast-schema-graph\">{\"@context\":\"https:\/\/schema.org\",\"@graph\":[{\"@type\":\"Organization\",\"@id\":\"https:\/\/www.abrima.com\/blog\/#organization\",\"name\":\"Abrima\",\"url\":\"https:\/\/www.abrima.com\/blog\/\",\"sameAs\":[\"https:\/\/www.linkedin.com\/company\/abrima-soluciones-web\/\",\"https:\/\/www.youtube.com\/user\/abrimawebs\",\"https:\/\/www.facebook.com\/abrimawebs\/\",\"https:\/\/twitter.com\/abrimaweb\"],\"logo\":{\"@type\":\"ImageObject\",\"inLanguage\":\"es\",\"@id\":\"https:\/\/www.abrima.com\/blog\/#\/schema\/logo\/image\/\",\"url\":\"https:\/\/www.abrima.com\/blog\/wp-content\/uploads\/2018\/03\/abrima-logo.png\",\"contentUrl\":\"https:\/\/www.abrima.com\/blog\/wp-content\/uploads\/2018\/03\/abrima-logo.png\",\"width\":700,\"height\":700,\"caption\":\"Abrima\"},\"image\":{\"@id\":\"https:\/\/www.abrima.com\/blog\/#\/schema\/logo\/image\/\"}},{\"@type\":\"WebSite\",\"@id\":\"https:\/\/www.abrima.com\/blog\/#website\",\"url\":\"https:\/\/www.abrima.com\/blog\/\",\"name\":\"Blog de Tecnolog\u00eda - Abrima\",\"description\":\"Blog sobre todo lo relacionado con Cloud, Marketing Digital y Web\",\"publisher\":{\"@id\":\"https:\/\/www.abrima.com\/blog\/#organization\"},\"potentialAction\":[{\"@type\":\"SearchAction\",\"target\":{\"@type\":\"EntryPoint\",\"urlTemplate\":\"https:\/\/www.abrima.com\/blog\/?s={search_term_string}\"},\"query-input\":\"required name=search_term_string\"}],\"inLanguage\":\"es\"},{\"@type\":\"ImageObject\",\"inLanguage\":\"es\",\"@id\":\"https:\/\/www.abrima.com\/blog\/nueva-linea-de-smart-tv-de-samsung-quiere-ser-el-centro-del-internet-de-las-cosas\/#primaryimage\",\"url\":\"http:\/\/wwwhatsnew.com\/wp-content\/uploads\/2015\/12\/Samsung-SmartThings-730x365.jpg\",\"contentUrl\":\"http:\/\/wwwhatsnew.com\/wp-content\/uploads\/2015\/12\/Samsung-SmartThings-730x365.jpg\"},{\"@type\":\"WebPage\",\"@id\":\"https:\/\/www.abrima.com\/blog\/nueva-linea-de-smart-tv-de-samsung-quiere-ser-el-centro-del-internet-de-las-cosas\/#webpage\",\"url\":\"https:\/\/www.abrima.com\/blog\/nueva-linea-de-smart-tv-de-samsung-quiere-ser-el-centro-del-internet-de-las-cosas\/\",\"name\":\"Nueva l\u00ednea de Smart TV de Samsung quiere ser el centro del Internet de las Cosas - Blog de Tecnolog\u00eda - Abrima\",\"isPartOf\":{\"@id\":\"https:\/\/www.abrima.com\/blog\/#website\"},\"primaryImageOfPage\":{\"@id\":\"https:\/\/www.abrima.com\/blog\/nueva-linea-de-smart-tv-de-samsung-quiere-ser-el-centro-del-internet-de-las-cosas\/#primaryimage\"},\"datePublished\":\"2015-12-30T17:43:45+00:00\",\"dateModified\":\"2015-12-30T17:43:45+00:00\",\"breadcrumb\":{\"@id\":\"https:\/\/www.abrima.com\/blog\/nueva-linea-de-smart-tv-de-samsung-quiere-ser-el-centro-del-internet-de-las-cosas\/#breadcrumb\"},\"inLanguage\":\"es\",\"potentialAction\":[{\"@type\":\"ReadAction\",\"target\":[\"https:\/\/www.abrima.com\/blog\/nueva-linea-de-smart-tv-de-samsung-quiere-ser-el-centro-del-internet-de-las-cosas\/\"]}]},{\"@type\":\"BreadcrumbList\",\"@id\":\"https:\/\/www.abrima.com\/blog\/nueva-linea-de-smart-tv-de-samsung-quiere-ser-el-centro-del-internet-de-las-cosas\/#breadcrumb\",\"itemListElement\":[{\"@type\":\"ListItem\",\"position\":1,\"name\":\"Portada\",\"item\":\"https:\/\/www.abrima.com\/blog\/\"},{\"@type\":\"ListItem\",\"position\":2,\"name\":\"Nueva l\u00ednea de Smart TV de Samsung quiere ser el centro del Internet de las Cosas\"}]},{\"@type\":\"Article\",\"@id\":\"https:\/\/www.abrima.com\/blog\/nueva-linea-de-smart-tv-de-samsung-quiere-ser-el-centro-del-internet-de-las-cosas\/#article\",\"isPartOf\":{\"@id\":\"https:\/\/www.abrima.com\/blog\/nueva-linea-de-smart-tv-de-samsung-quiere-ser-el-centro-del-internet-de-las-cosas\/#webpage\"},\"author\":{\"@id\":\"https:\/\/www.abrima.com\/blog\/#\/schema\/person\/70ccd8d5617e3a3d6d5121086c3bb00f\"},\"headline\":\"Nueva l\u00ednea de Smart TV de Samsung quiere ser el centro del Internet de las Cosas\",\"datePublished\":\"2015-12-30T17:43:45+00:00\",\"dateModified\":\"2015-12-30T17:43:45+00:00\",\"mainEntityOfPage\":{\"@id\":\"https:\/\/www.abrima.com\/blog\/nueva-linea-de-smart-tv-de-samsung-quiere-ser-el-centro-del-internet-de-las-cosas\/#webpage\"},\"wordCount\":290,\"commentCount\":0,\"publisher\":{\"@id\":\"https:\/\/www.abrima.com\/blog\/#organization\"},\"image\":{\"@id\":\"https:\/\/www.abrima.com\/blog\/nueva-linea-de-smart-tv-de-samsung-quiere-ser-el-centro-del-internet-de-las-cosas\/#primaryimage\"},\"thumbnailUrl\":\"http:\/\/wwwhatsnew.com\/wp-content\/uploads\/2015\/12\/Samsung-SmartThings-730x365.jpg\",\"articleSection\":[\"Tecnolog\u00eda y Futuro\"],\"inLanguage\":\"es\",\"potentialAction\":[{\"@type\":\"CommentAction\",\"name\":\"Comment\",\"target\":[\"https:\/\/www.abrima.com\/blog\/nueva-linea-de-smart-tv-de-samsung-quiere-ser-el-centro-del-internet-de-las-cosas\/#respond\"]}]},{\"@type\":\"Person\",\"@id\":\"https:\/\/www.abrima.com\/blog\/#\/schema\/person\/70ccd8d5617e3a3d6d5121086c3bb00f\",\"name\":\"Ana Lucia Marrou\",\"image\":{\"@type\":\"ImageObject\",\"inLanguage\":\"es\",\"@id\":\"https:\/\/www.abrima.com\/blog\/#\/schema\/person\/image\/\",\"url\":\"https:\/\/secure.gravatar.com\/avatar\/90bc8b721d14c58be266256fd3396265?s=96&d=mm&r=g\",\"contentUrl\":\"https:\/\/secure.gravatar.com\/avatar\/90bc8b721d14c58be266256fd3396265?s=96&d=mm&r=g\",\"caption\":\"Ana Lucia Marrou\"},\"url\":\"https:\/\/www.abrima.com\/blog\/author\/anilu\/\"}]}<\/script>\n<!-- \/ Yoast SEO plugin. -->","yoast_head_json":{"title":"Nueva l\u00ednea de Smart TV de Samsung quiere ser el centro del Internet de las Cosas - Blog de Tecnolog\u00eda - Abrima","robots":{"index":"index","follow":"follow","max-snippet":"max-snippet:-1","max-image-preview":"max-image-preview:large","max-video-preview":"max-video-preview:-1"},"canonical":"https:\/\/www.abrima.com\/blog\/nueva-linea-de-smart-tv-de-samsung-quiere-ser-el-centro-del-internet-de-las-cosas\/","og_locale":"es_ES","og_type":"article","og_title":"Nueva l\u00ednea de Smart TV de Samsung quiere ser el centro del Internet de las Cosas - Blog de Tecnolog\u00eda - Abrima","og_description":"En el nuevo a\u00f1o, que entrar\u00e1 en unos d\u00edas, veremos m\u00e1s avances en el segmento del Internet de las Cosas. Una de las compa\u00f1\u00edas m\u00e1s [&hellip;]","og_url":"https:\/\/www.abrima.com\/blog\/nueva-linea-de-smart-tv-de-samsung-quiere-ser-el-centro-del-internet-de-las-cosas\/","og_site_name":"Blog de Tecnolog\u00eda - Abrima","article_publisher":"https:\/\/www.facebook.com\/abrimawebs\/","article_published_time":"2015-12-30T17:43:45+00:00","og_image":[{"url":"http:\/\/wwwhatsnew.com\/wp-content\/uploads\/2015\/12\/Samsung-SmartThings-730x365.jpg"}],"twitter_misc":{"Escrito por":"Ana Lucia Marrou","Tiempo de lectura":"1 minuto"},"schema":{"@context":"https:\/\/schema.org","@graph":[{"@type":"Organization","@id":"https:\/\/www.abrima.com\/blog\/#organization","name":"Abrima","url":"https:\/\/www.abrima.com\/blog\/","sameAs":["https:\/\/www.linkedin.com\/company\/abrima-soluciones-web\/","https:\/\/www.youtube.com\/user\/abrimawebs","https:\/\/www.facebook.com\/abrimawebs\/","https:\/\/twitter.com\/abrimaweb"],"logo":{"@type":"ImageObject","inLanguage":"es","@id":"https:\/\/www.abrima.com\/blog\/#\/schema\/logo\/image\/","url":"https:\/\/www.abrima.com\/blog\/wp-content\/uploads\/2018\/03\/abrima-logo.png","contentUrl":"https:\/\/www.abrima.com\/blog\/wp-content\/uploads\/2018\/03\/abrima-logo.png","width":700,"height":700,"caption":"Abrima"},"image":{"@id":"https:\/\/www.abrima.com\/blog\/#\/schema\/logo\/image\/"}},{"@type":"WebSite","@id":"https:\/\/www.abrima.com\/blog\/#website","url":"https:\/\/www.abrima.com\/blog\/","name":"Blog de Tecnolog\u00eda - Abrima","description":"Blog sobre todo lo relacionado con Cloud, Marketing Digital y Web","publisher":{"@id":"https:\/\/www.abrima.com\/blog\/#organization"},"potentialAction":[{"@type":"SearchAction","target":{"@type":"EntryPoint","urlTemplate":"https:\/\/www.abrima.com\/blog\/?s={search_term_string}"},"query-input":"required name=search_term_string"}],"inLanguage":"es"},{"@type":"ImageObject","inLanguage":"es","@id":"https:\/\/www.abrima.com\/blog\/nueva-linea-de-smart-tv-de-samsung-quiere-ser-el-centro-del-internet-de-las-cosas\/#primaryimage","url":"http:\/\/wwwhatsnew.com\/wp-content\/uploads\/2015\/12\/Samsung-SmartThings-730x365.jpg","contentUrl":"http:\/\/wwwhatsnew.com\/wp-content\/uploads\/2015\/12\/Samsung-SmartThings-730x365.jpg"},{"@type":"WebPage","@id":"https:\/\/www.abrima.com\/blog\/nueva-linea-de-smart-tv-de-samsung-quiere-ser-el-centro-del-internet-de-las-cosas\/#webpage","url":"https:\/\/www.abrima.com\/blog\/nueva-linea-de-smart-tv-de-samsung-quiere-ser-el-centro-del-internet-de-las-cosas\/","name":"Nueva l\u00ednea de Smart TV de Samsung quiere ser el centro del Internet de las Cosas - Blog de Tecnolog\u00eda - Abrima","isPartOf":{"@id":"https:\/\/www.abrima.com\/blog\/#website"},"primaryImageOfPage":{"@id":"https:\/\/www.abrima.com\/blog\/nueva-linea-de-smart-tv-de-samsung-quiere-ser-el-centro-del-internet-de-las-cosas\/#primaryimage"},"datePublished":"2015-12-30T17:43:45+00:00","dateModified":"2015-12-30T17:43:45+00:00","breadcrumb":{"@id":"https:\/\/www.abrima.com\/blog\/nueva-linea-de-smart-tv-de-samsung-quiere-ser-el-centro-del-internet-de-las-cosas\/#breadcrumb"},"inLanguage":"es","potentialAction":[{"@type":"ReadAction","target":["https:\/\/www.abrima.com\/blog\/nueva-linea-de-smart-tv-de-samsung-quiere-ser-el-centro-del-internet-de-las-cosas\/"]}]},{"@type":"BreadcrumbList","@id":"https:\/\/www.abrima.com\/blog\/nueva-linea-de-smart-tv-de-samsung-quiere-ser-el-centro-del-internet-de-las-cosas\/#breadcrumb","itemListElement":[{"@type":"ListItem","position":1,"name":"Portada","item":"https:\/\/www.abrima.com\/blog\/"},{"@type":"ListItem","position":2,"name":"Nueva l\u00ednea de Smart TV de Samsung quiere ser el centro del Internet de las Cosas"}]},{"@type":"Article","@id":"https:\/\/www.abrima.com\/blog\/nueva-linea-de-smart-tv-de-samsung-quiere-ser-el-centro-del-internet-de-las-cosas\/#article","isPartOf":{"@id":"https:\/\/www.abrima.com\/blog\/nueva-linea-de-smart-tv-de-samsung-quiere-ser-el-centro-del-internet-de-las-cosas\/#webpage"},"author":{"@id":"https:\/\/www.abrima.com\/blog\/#\/schema\/person\/70ccd8d5617e3a3d6d5121086c3bb00f"},"headline":"Nueva l\u00ednea de Smart TV de Samsung quiere ser el centro del Internet de las Cosas","datePublished":"2015-12-30T17:43:45+00:00","dateModified":"2015-12-30T17:43:45+00:00","mainEntityOfPage":{"@id":"https:\/\/www.abrima.com\/blog\/nueva-linea-de-smart-tv-de-samsung-quiere-ser-el-centro-del-internet-de-las-cosas\/#webpage"},"wordCount":290,"commentCount":0,"publisher":{"@id":"https:\/\/www.abrima.com\/blog\/#organization"},"image":{"@id":"https:\/\/www.abrima.com\/blog\/nueva-linea-de-smart-tv-de-samsung-quiere-ser-el-centro-del-internet-de-las-cosas\/#primaryimage"},"thumbnailUrl":"http:\/\/wwwhatsnew.com\/wp-content\/uploads\/2015\/12\/Samsung-SmartThings-730x365.jpg","articleSection":["Tecnolog\u00eda y Futuro"],"inLanguage":"es","potentialAction":[{"@type":"CommentAction","name":"Comment","target":["https:\/\/www.abrima.com\/blog\/nueva-linea-de-smart-tv-de-samsung-quiere-ser-el-centro-del-internet-de-las-cosas\/#respond"]}]},{"@type":"Person","@id":"https:\/\/www.abrima.com\/blog\/#\/schema\/person\/70ccd8d5617e3a3d6d5121086c3bb00f","name":"Ana Lucia Marrou","image":{"@type":"ImageObject","inLanguage":"es","@id":"https:\/\/www.abrima.com\/blog\/#\/schema\/person\/image\/","url":"https:\/\/secure.gravatar.com\/avatar\/90bc8b721d14c58be266256fd3396265?s=96&d=mm&r=g","contentUrl":"https:\/\/secure.gravatar.com\/avatar\/90bc8b721d14c58be266256fd3396265?s=96&d=mm&r=g","caption":"Ana Lucia Marrou"},"url":"https:\/\/www.abrima.com\/blog\/author\/anilu\/"}]}},"amp_enabled":true,"_links":{"self":[{"href":"https:\/\/www.abrima.com\/blog\/wp-json\/wp\/v2\/posts\/3728"}],"collection":[{"href":"https:\/\/www.abrima.com\/blog\/wp-json\/wp\/v2\/posts"}],"about":[{"href":"https:\/\/www.abrima.com\/blog\/wp-json\/wp\/v2\/types\/post"}],"author":[{"embeddable":true,"href":"https:\/\/www.abrima.com\/blog\/wp-json\/wp\/v2\/users\/2"}],"replies":[{"embeddable":true,"href":"https:\/\/www.abrima.com\/blog\/wp-json\/wp\/v2\/comments?post=3728"}],"version-history":[{"count":1,"href":"https:\/\/www.abrima.com\/blog\/wp-json\/wp\/v2\/posts\/3728\/revisions"}],"predecessor-version":[{"id":3729,"href":"https:\/\/www.abrima.com\/blog\/wp-json\/wp\/v2\/posts\/3728\/revisions\/3729"}],"wp:attachment":[{"href":"https:\/\/www.abrima.com\/blog\/wp-json\/wp\/v2\/media?parent=3728"}],"wp:term":[{"taxonomy":"category","embeddable":true,"href":"https:\/\/www.abrima.com\/blog\/wp-json\/wp\/v2\/categories?post=3728"},{"taxonomy":"post_tag","embeddable":true,"href":"https:\/\/www.abrima.com\/blog\/wp-json\/wp\/v2\/tags?post=3728"}],"curies":[{"name":"wp","href":"https:\/\/api.w.org\/{rel}","templated":true}]}}