{"id":3724,"date":"2015-12-30T17:39:04","date_gmt":"2015-12-30T17:39:04","guid":{"rendered":"http:\/\/www.abrima.com\/blog\/?p=3724"},"modified":"2015-12-30T17:39:04","modified_gmt":"2015-12-30T17:39:04","slug":"sale-a-la-luz-una-nueva-version-de-google-glass-para-empresas","status":"publish","type":"post","link":"https:\/\/www.abrima.com\/blog\/sale-a-la-luz-una-nueva-version-de-google-glass-para-empresas\/","title":{"rendered":"Sale a la luz una nueva versi\u00f3n de Google Glass para empresas"},"content":{"rendered":"<p>En los \u00faltimos meses, han ido surgiendo diversas informaciones relativas al futuro de las (en su momento medi\u00e1ticas) Google Glass. Primero se habl\u00f3 de<strong>una nueva versi\u00f3n del modelo original, adaptada a su uso en entornos profesionales<\/strong>. A lo largo de este \u00faltimo semestre, hemos ido reuniendo datos sobre una iniciativa de Google cuyo fin consistir\u00eda en replantear desde cero el concepto de estas gafas inteligentes: <strong>el misterioso Proyect Aura<\/strong> (que estar\u00eda supervisado por Tony Fadell, el responsable de Nest), que ya habr\u00eda registrado<a href=\"http:\/\/www.ticbeat.com\/tecnologias\/las-google-glass-estan-muertas-sino-van-resucitar-con-una-nueva-forma\/\">la correspondiente patente<\/a> y se habr\u00eda <a href=\"http:\/\/www.ticbeat.com\/tecnologias\/wearables-tecnologias\/project-aura-google-glass-mas\/\">desligado de Google X<\/a>.<\/p>\n<h2>Llegan las \u2018Enterprise Edition\u2019<\/h2>\n<p>Pero, entre tanto rumor e informaci\u00f3n contradictoria, hoy emerge el primer dato constatable: <strong>las Google Glass \u2018Enterprise Edition\u2019 existen, y hay fotos<\/strong>. El sitio 9to5Google <a href=\"http:\/\/9to5google.com\/2015\/12\/28\/this-is-google-glass-enterprise-edition-in-the-flesh-gallery\/\">se hizo eco<\/a> de la noticia despu\u00e9s de que la Comisi\u00f3n Federal de Comunicaciones estadounidense (FCC) <a href=\"https:\/\/apps.fcc.gov\/oetcf\/eas\/reports\/ViewExhibitReport.cfm?mode=Exhibits&amp;RequestTimeout=500&amp;calledFromFrame=N&amp;application_id=eDyH1HI%2FRcK9NnzZ4ggP6w%3D%3D&amp;fcc_id=A4R-GG1\">publicara<\/a> en su portal estas primeras im\u00e1genes, adem\u00e1s de diversos datos t\u00e9cnicos (y hasta un manual de usuario).<\/p>\n<p>Seg\u00fan revela esta informaci\u00f3n, las \u2018Enterprise Edition\u2019 (tambi\u00e9n identificadas con el c\u00f3digo de la FCC \u201cA4R-GG1?) <strong>habr\u00eda actualizado el hardware interno del dispositivo<\/strong> (incluyendo un procesador Intel Atom y mejorando la duraci\u00f3n de la bater\u00eda, la conectividad inal\u00e1mbrica y la gesti\u00f3n del calor).<\/p>\n<p>Est\u00e1 previsto que Google (que a\u00fan no ha anunciado oficialmente el lanzamiento del dispositivo) distribuya estas \u2018Enterprise Edition\u2019 exclusivamente a las startups integrantes del programa Glass for Work, <strong>sin que llegue a estar a disposici\u00f3n de los consumidores.<\/strong><\/p>\n<h2>Un dispositivo wearable para entornos laborales<\/h2>\n<p>El nuevo dispositivo mantiene un aspecto no muy alejado del modelo original, <strong>si bien muestra un dise\u00f1o m\u00e1s robusto y redondeado<\/strong>. Posee, adem\u00e1s, una minipantalla m\u00e1s amplia (que presumiblemente le permitir\u00e1 mostrar una imagen m\u00e1s amplia). Por \u00faltimo, y con el fin de facilitar su uso en entornos de trabajo, el nuevo wearable de Google se ha construido resistente al agua y a la suciedad, y se le ha agregado una de las caracter\u00edsticas m\u00e1s demandadas por los usuarios de la primera versi\u00f3n: <strong>la capacidad de plegar las gafas<\/strong> (al igual que las normales, lo que facilita sobremanera su transporte).<\/p>\n<p>El citado manual de usuario tambi\u00e9n aporta informaci\u00f3n interesante: el bot\u00f3n de encendido se encontrar\u00eda ahora en \u201cla parte posterior del dispositivo\u201d, y <strong>se habr\u00eda a\u00f1adido una \u2018luz de c\u00e1mara\u2019 que se pondr\u00eda verde cuando el dispositivo estuviera grabando<\/strong>. Este cambio reviste de gran relevancia, dado que la posibilidad de grabar a otras personas sin su conocimiento caus\u00f3 gran rechazo en muchos sectores, y redujo la aceptaci\u00f3n del dispositivo en el sector p\u00fablico.<\/p>\n<p>Fuente: <a href=\"http:\/\/www.ticbeat.com\/tecnologias\/wearables-tecnologias\/sale-la-luz-una-nueva-version-de-google-glass-para-empresas\/\">ticbeat.com<\/a><\/p>\n","protected":false},"excerpt":{"rendered":"<p>En los \u00faltimos meses, han ido surgiendo diversas informaciones relativas al futuro de las (en su momento medi\u00e1ticas) Google Glass. Primero se habl\u00f3 deuna nueva [&hellip;]<\/p>\n","protected":false},"author":2,"featured_media":0,"comment_status":"open","ping_status":"open","sticky":false,"template":"","format":"standard","meta":{"_monsterinsights_skip_tracking":false,"_monsterinsights_sitenote_active":false,"_monsterinsights_sitenote_note":"","_monsterinsights_sitenote_category":0},"categories":[2,10,23],"tags":[],"yoast_head":"<!-- This site is optimized with the Yoast SEO plugin v19.1 - https:\/\/yoast.com\/wordpress\/plugins\/seo\/ -->\n<title>Sale a la luz una nueva versi\u00f3n de Google Glass para empresas - Blog de Tecnolog\u00eda - Abrima<\/title>\n<meta name=\"robots\" content=\"index, follow, max-snippet:-1, max-image-preview:large, max-video-preview:-1\" \/>\n<link rel=\"canonical\" href=\"https:\/\/www.abrima.com\/blog\/sale-a-la-luz-una-nueva-version-de-google-glass-para-empresas\/\" \/>\n<meta property=\"og:locale\" content=\"es_ES\" \/>\n<meta property=\"og:type\" content=\"article\" \/>\n<meta property=\"og:title\" content=\"Sale a la luz una nueva versi\u00f3n de Google Glass para empresas - Blog de Tecnolog\u00eda - Abrima\" \/>\n<meta property=\"og:description\" content=\"En los \u00faltimos meses, han ido surgiendo diversas informaciones relativas al futuro de las (en su momento medi\u00e1ticas) Google Glass. Primero se habl\u00f3 deuna nueva [&hellip;]\" \/>\n<meta property=\"og:url\" content=\"https:\/\/www.abrima.com\/blog\/sale-a-la-luz-una-nueva-version-de-google-glass-para-empresas\/\" \/>\n<meta property=\"og:site_name\" content=\"Blog de Tecnolog\u00eda - Abrima\" \/>\n<meta property=\"article:publisher\" content=\"https:\/\/www.facebook.com\/abrimawebs\/\" \/>\n<meta property=\"article:published_time\" content=\"2015-12-30T17:39:04+00:00\" \/>\n<meta name=\"twitter:label1\" content=\"Escrito por\" \/>\n\t<meta name=\"twitter:data1\" content=\"Ana Lucia Marrou\" \/>\n\t<meta name=\"twitter:label2\" content=\"Tiempo de lectura\" \/>\n\t<meta name=\"twitter:data2\" content=\"2 minutos\" \/>\n<script type=\"application\/ld+json\" class=\"yoast-schema-graph\">{\"@context\":\"https:\/\/schema.org\",\"@graph\":[{\"@type\":\"Organization\",\"@id\":\"https:\/\/www.abrima.com\/blog\/#organization\",\"name\":\"Abrima\",\"url\":\"https:\/\/www.abrima.com\/blog\/\",\"sameAs\":[\"https:\/\/www.linkedin.com\/company\/abrima-soluciones-web\/\",\"https:\/\/www.youtube.com\/user\/abrimawebs\",\"https:\/\/www.facebook.com\/abrimawebs\/\",\"https:\/\/twitter.com\/abrimaweb\"],\"logo\":{\"@type\":\"ImageObject\",\"inLanguage\":\"es\",\"@id\":\"https:\/\/www.abrima.com\/blog\/#\/schema\/logo\/image\/\",\"url\":\"https:\/\/www.abrima.com\/blog\/wp-content\/uploads\/2018\/03\/abrima-logo.png\",\"contentUrl\":\"https:\/\/www.abrima.com\/blog\/wp-content\/uploads\/2018\/03\/abrima-logo.png\",\"width\":700,\"height\":700,\"caption\":\"Abrima\"},\"image\":{\"@id\":\"https:\/\/www.abrima.com\/blog\/#\/schema\/logo\/image\/\"}},{\"@type\":\"WebSite\",\"@id\":\"https:\/\/www.abrima.com\/blog\/#website\",\"url\":\"https:\/\/www.abrima.com\/blog\/\",\"name\":\"Blog de Tecnolog\u00eda - Abrima\",\"description\":\"Blog sobre todo lo relacionado con Cloud, Marketing Digital y Web\",\"publisher\":{\"@id\":\"https:\/\/www.abrima.com\/blog\/#organization\"},\"potentialAction\":[{\"@type\":\"SearchAction\",\"target\":{\"@type\":\"EntryPoint\",\"urlTemplate\":\"https:\/\/www.abrima.com\/blog\/?s={search_term_string}\"},\"query-input\":\"required name=search_term_string\"}],\"inLanguage\":\"es\"},{\"@type\":\"WebPage\",\"@id\":\"https:\/\/www.abrima.com\/blog\/sale-a-la-luz-una-nueva-version-de-google-glass-para-empresas\/#webpage\",\"url\":\"https:\/\/www.abrima.com\/blog\/sale-a-la-luz-una-nueva-version-de-google-glass-para-empresas\/\",\"name\":\"Sale a la luz una nueva versi\u00f3n de Google Glass para empresas - Blog de Tecnolog\u00eda - Abrima\",\"isPartOf\":{\"@id\":\"https:\/\/www.abrima.com\/blog\/#website\"},\"datePublished\":\"2015-12-30T17:39:04+00:00\",\"dateModified\":\"2015-12-30T17:39:04+00:00\",\"breadcrumb\":{\"@id\":\"https:\/\/www.abrima.com\/blog\/sale-a-la-luz-una-nueva-version-de-google-glass-para-empresas\/#breadcrumb\"},\"inLanguage\":\"es\",\"potentialAction\":[{\"@type\":\"ReadAction\",\"target\":[\"https:\/\/www.abrima.com\/blog\/sale-a-la-luz-una-nueva-version-de-google-glass-para-empresas\/\"]}]},{\"@type\":\"BreadcrumbList\",\"@id\":\"https:\/\/www.abrima.com\/blog\/sale-a-la-luz-una-nueva-version-de-google-glass-para-empresas\/#breadcrumb\",\"itemListElement\":[{\"@type\":\"ListItem\",\"position\":1,\"name\":\"Portada\",\"item\":\"https:\/\/www.abrima.com\/blog\/\"},{\"@type\":\"ListItem\",\"position\":2,\"name\":\"Sale a la luz una nueva versi\u00f3n de Google Glass para empresas\"}]},{\"@type\":\"Article\",\"@id\":\"https:\/\/www.abrima.com\/blog\/sale-a-la-luz-una-nueva-version-de-google-glass-para-empresas\/#article\",\"isPartOf\":{\"@id\":\"https:\/\/www.abrima.com\/blog\/sale-a-la-luz-una-nueva-version-de-google-glass-para-empresas\/#webpage\"},\"author\":{\"@id\":\"https:\/\/www.abrima.com\/blog\/#\/schema\/person\/70ccd8d5617e3a3d6d5121086c3bb00f\"},\"headline\":\"Sale a la luz una nueva versi\u00f3n de Google Glass para empresas\",\"datePublished\":\"2015-12-30T17:39:04+00:00\",\"dateModified\":\"2015-12-30T17:39:04+00:00\",\"mainEntityOfPage\":{\"@id\":\"https:\/\/www.abrima.com\/blog\/sale-a-la-luz-una-nueva-version-de-google-glass-para-empresas\/#webpage\"},\"wordCount\":474,\"commentCount\":0,\"publisher\":{\"@id\":\"https:\/\/www.abrima.com\/blog\/#organization\"},\"articleSection\":[\"ABRIMA\",\"Google\",\"Tecnolog\u00eda y Futuro\"],\"inLanguage\":\"es\",\"potentialAction\":[{\"@type\":\"CommentAction\",\"name\":\"Comment\",\"target\":[\"https:\/\/www.abrima.com\/blog\/sale-a-la-luz-una-nueva-version-de-google-glass-para-empresas\/#respond\"]}]},{\"@type\":\"Person\",\"@id\":\"https:\/\/www.abrima.com\/blog\/#\/schema\/person\/70ccd8d5617e3a3d6d5121086c3bb00f\",\"name\":\"Ana Lucia Marrou\",\"image\":{\"@type\":\"ImageObject\",\"inLanguage\":\"es\",\"@id\":\"https:\/\/www.abrima.com\/blog\/#\/schema\/person\/image\/\",\"url\":\"https:\/\/secure.gravatar.com\/avatar\/90bc8b721d14c58be266256fd3396265?s=96&d=mm&r=g\",\"contentUrl\":\"https:\/\/secure.gravatar.com\/avatar\/90bc8b721d14c58be266256fd3396265?s=96&d=mm&r=g\",\"caption\":\"Ana Lucia Marrou\"},\"url\":\"https:\/\/www.abrima.com\/blog\/author\/anilu\/\"}]}<\/script>\n<!-- \/ Yoast SEO plugin. -->","yoast_head_json":{"title":"Sale a la luz una nueva versi\u00f3n de Google Glass para empresas - Blog de Tecnolog\u00eda - Abrima","robots":{"index":"index","follow":"follow","max-snippet":"max-snippet:-1","max-image-preview":"max-image-preview:large","max-video-preview":"max-video-preview:-1"},"canonical":"https:\/\/www.abrima.com\/blog\/sale-a-la-luz-una-nueva-version-de-google-glass-para-empresas\/","og_locale":"es_ES","og_type":"article","og_title":"Sale a la luz una nueva versi\u00f3n de Google Glass para empresas - Blog de Tecnolog\u00eda - Abrima","og_description":"En los \u00faltimos meses, han ido surgiendo diversas informaciones relativas al futuro de las (en su momento medi\u00e1ticas) Google Glass. Primero se habl\u00f3 deuna nueva [&hellip;]","og_url":"https:\/\/www.abrima.com\/blog\/sale-a-la-luz-una-nueva-version-de-google-glass-para-empresas\/","og_site_name":"Blog de Tecnolog\u00eda - Abrima","article_publisher":"https:\/\/www.facebook.com\/abrimawebs\/","article_published_time":"2015-12-30T17:39:04+00:00","twitter_misc":{"Escrito por":"Ana Lucia Marrou","Tiempo de lectura":"2 minutos"},"schema":{"@context":"https:\/\/schema.org","@graph":[{"@type":"Organization","@id":"https:\/\/www.abrima.com\/blog\/#organization","name":"Abrima","url":"https:\/\/www.abrima.com\/blog\/","sameAs":["https:\/\/www.linkedin.com\/company\/abrima-soluciones-web\/","https:\/\/www.youtube.com\/user\/abrimawebs","https:\/\/www.facebook.com\/abrimawebs\/","https:\/\/twitter.com\/abrimaweb"],"logo":{"@type":"ImageObject","inLanguage":"es","@id":"https:\/\/www.abrima.com\/blog\/#\/schema\/logo\/image\/","url":"https:\/\/www.abrima.com\/blog\/wp-content\/uploads\/2018\/03\/abrima-logo.png","contentUrl":"https:\/\/www.abrima.com\/blog\/wp-content\/uploads\/2018\/03\/abrima-logo.png","width":700,"height":700,"caption":"Abrima"},"image":{"@id":"https:\/\/www.abrima.com\/blog\/#\/schema\/logo\/image\/"}},{"@type":"WebSite","@id":"https:\/\/www.abrima.com\/blog\/#website","url":"https:\/\/www.abrima.com\/blog\/","name":"Blog de Tecnolog\u00eda - Abrima","description":"Blog sobre todo lo relacionado con Cloud, Marketing Digital y Web","publisher":{"@id":"https:\/\/www.abrima.com\/blog\/#organization"},"potentialAction":[{"@type":"SearchAction","target":{"@type":"EntryPoint","urlTemplate":"https:\/\/www.abrima.com\/blog\/?s={search_term_string}"},"query-input":"required name=search_term_string"}],"inLanguage":"es"},{"@type":"WebPage","@id":"https:\/\/www.abrima.com\/blog\/sale-a-la-luz-una-nueva-version-de-google-glass-para-empresas\/#webpage","url":"https:\/\/www.abrima.com\/blog\/sale-a-la-luz-una-nueva-version-de-google-glass-para-empresas\/","name":"Sale a la luz una nueva versi\u00f3n de Google Glass para empresas - Blog de Tecnolog\u00eda - Abrima","isPartOf":{"@id":"https:\/\/www.abrima.com\/blog\/#website"},"datePublished":"2015-12-30T17:39:04+00:00","dateModified":"2015-12-30T17:39:04+00:00","breadcrumb":{"@id":"https:\/\/www.abrima.com\/blog\/sale-a-la-luz-una-nueva-version-de-google-glass-para-empresas\/#breadcrumb"},"inLanguage":"es","potentialAction":[{"@type":"ReadAction","target":["https:\/\/www.abrima.com\/blog\/sale-a-la-luz-una-nueva-version-de-google-glass-para-empresas\/"]}]},{"@type":"BreadcrumbList","@id":"https:\/\/www.abrima.com\/blog\/sale-a-la-luz-una-nueva-version-de-google-glass-para-empresas\/#breadcrumb","itemListElement":[{"@type":"ListItem","position":1,"name":"Portada","item":"https:\/\/www.abrima.com\/blog\/"},{"@type":"ListItem","position":2,"name":"Sale a la luz una nueva versi\u00f3n de Google Glass para empresas"}]},{"@type":"Article","@id":"https:\/\/www.abrima.com\/blog\/sale-a-la-luz-una-nueva-version-de-google-glass-para-empresas\/#article","isPartOf":{"@id":"https:\/\/www.abrima.com\/blog\/sale-a-la-luz-una-nueva-version-de-google-glass-para-empresas\/#webpage"},"author":{"@id":"https:\/\/www.abrima.com\/blog\/#\/schema\/person\/70ccd8d5617e3a3d6d5121086c3bb00f"},"headline":"Sale a la luz una nueva versi\u00f3n de Google Glass para empresas","datePublished":"2015-12-30T17:39:04+00:00","dateModified":"2015-12-30T17:39:04+00:00","mainEntityOfPage":{"@id":"https:\/\/www.abrima.com\/blog\/sale-a-la-luz-una-nueva-version-de-google-glass-para-empresas\/#webpage"},"wordCount":474,"commentCount":0,"publisher":{"@id":"https:\/\/www.abrima.com\/blog\/#organization"},"articleSection":["ABRIMA","Google","Tecnolog\u00eda y Futuro"],"inLanguage":"es","potentialAction":[{"@type":"CommentAction","name":"Comment","target":["https:\/\/www.abrima.com\/blog\/sale-a-la-luz-una-nueva-version-de-google-glass-para-empresas\/#respond"]}]},{"@type":"Person","@id":"https:\/\/www.abrima.com\/blog\/#\/schema\/person\/70ccd8d5617e3a3d6d5121086c3bb00f","name":"Ana Lucia Marrou","image":{"@type":"ImageObject","inLanguage":"es","@id":"https:\/\/www.abrima.com\/blog\/#\/schema\/person\/image\/","url":"https:\/\/secure.gravatar.com\/avatar\/90bc8b721d14c58be266256fd3396265?s=96&d=mm&r=g","contentUrl":"https:\/\/secure.gravatar.com\/avatar\/90bc8b721d14c58be266256fd3396265?s=96&d=mm&r=g","caption":"Ana Lucia Marrou"},"url":"https:\/\/www.abrima.com\/blog\/author\/anilu\/"}]}},"amp_enabled":true,"_links":{"self":[{"href":"https:\/\/www.abrima.com\/blog\/wp-json\/wp\/v2\/posts\/3724"}],"collection":[{"href":"https:\/\/www.abrima.com\/blog\/wp-json\/wp\/v2\/posts"}],"about":[{"href":"https:\/\/www.abrima.com\/blog\/wp-json\/wp\/v2\/types\/post"}],"author":[{"embeddable":true,"href":"https:\/\/www.abrima.com\/blog\/wp-json\/wp\/v2\/users\/2"}],"replies":[{"embeddable":true,"href":"https:\/\/www.abrima.com\/blog\/wp-json\/wp\/v2\/comments?post=3724"}],"version-history":[{"count":1,"href":"https:\/\/www.abrima.com\/blog\/wp-json\/wp\/v2\/posts\/3724\/revisions"}],"predecessor-version":[{"id":3725,"href":"https:\/\/www.abrima.com\/blog\/wp-json\/wp\/v2\/posts\/3724\/revisions\/3725"}],"wp:attachment":[{"href":"https:\/\/www.abrima.com\/blog\/wp-json\/wp\/v2\/media?parent=3724"}],"wp:term":[{"taxonomy":"category","embeddable":true,"href":"https:\/\/www.abrima.com\/blog\/wp-json\/wp\/v2\/categories?post=3724"},{"taxonomy":"post_tag","embeddable":true,"href":"https:\/\/www.abrima.com\/blog\/wp-json\/wp\/v2\/tags?post=3724"}],"curies":[{"name":"wp","href":"https:\/\/api.w.org\/{rel}","templated":true}]}}