{"id":3705,"date":"2015-12-22T19:13:45","date_gmt":"2015-12-22T19:13:45","guid":{"rendered":"http:\/\/www.abrima.com\/blog\/?p=3705"},"modified":"2015-12-22T19:13:45","modified_gmt":"2015-12-22T19:13:45","slug":"el-primer-sitio-web-cumple-25-anos","status":"publish","type":"post","link":"https:\/\/www.abrima.com\/blog\/el-primer-sitio-web-cumple-25-anos\/","title":{"rendered":"El primer sitio web cumple 25 a\u00f1os"},"content":{"rendered":"<p><img class=\"aligncenter\" src=\"http:\/\/cdn2.ticbeat.com\/wp-content\/uploads\/2015\/12\/primer_sitio_web.jpg\" alt=\"El primer sitio web cumple 25 a\u00f1os\" \/><\/p>\n<p>Ayer se cumplieron 25 a\u00f1os de un d\u00eda que fue hist\u00f3rico para construir el mundo tal y como lo conocemos. <b>Ayer el primer sitio web cumpli\u00f3 25 a\u00f1os de antig\u00fcedad<\/b>.<\/p>\n<p><a href=\"https:\/\/twitter.com\/CERN\/status\/678470657194127360\" target=\"_blank\">Se encarg\u00f3 de recordarlo el <b>CERN<\/b>, la Organizaci\u00f3n Europea para la Investigaci\u00f3n Nuclear, a trav\u00e9s de un tuit publicado en su perfil oficial<\/a>, en el que recordaba el aspecto que aquella rudimentaria p\u00e1gina web ten\u00eda cuando fue publicada en 1990.<\/p>\n<p>Y es que fue en un ordenador del CERN donde el brit\u00e1nico Tim Berners-Lee, que un a\u00f1o antes hab\u00eda inventado el protocolo World Wide Web (WWW), sin el cual no podr\u00edamos entender Internet, cre\u00f3 y subi\u00f3 <a href=\"http:\/\/info.cern.ch\/hypertext\/WWW\/TheProject.html\" target=\"_blank\">esta p\u00e1gina<\/a>, que<b>simplemente describ\u00eda qu\u00e9 era entonces la red: qu\u00e9 documentos se encontraban disponibles en ella, c\u00f3mo se pod\u00eda acceder a los mismos y qu\u00e9 hab\u00eda que hacer para configurar un servidor<\/b>. En palabras del propio Berners-Lee, una gu\u00eda de ayuda enfocada a aquellas personas e instituciones a las que entonces se dirig\u00eda Internet: los cient\u00edficos y profesores de las universidades e institutos del mundo.<\/p>\n<p><b>Ese servidor que pertenec\u00eda a Berners-Lee, conocido como NeXT, contin\u00faa todav\u00eda hoy en el CERN<\/b>, que en 2013 se decidi\u00f3 a restablecer el acceso original a \u00e9ste, el primero de todos los sitios web, para as\u00ed promover la memoria hist\u00f3rica de Internet.<\/p>\n<p>En marzo de 2014, cuando se cumplieron 25 a\u00f1os de la creaci\u00f3n de la World Wide Web, Tim Berners-Lee aprovech\u00f3 para hacer p\u00fablica una reivindicaci\u00f3n que considera crucial para el futuro de su invento: <a href=\"http:\/\/www.ticbeat.com\/?p=120051\">una carta universal de derechos fundamentales para los internautas<\/a>.<\/p>\n<p>La Carta Magna que Berners Lee propuso entonces explorar\u00eda aspectos como\u00a0unos sistemas de <b>encriptado<\/b>\u00a0\u2013algo muy denostado, cree \u00e9l, por las autoridades-\u00a0que garanticen la libertad de expresi\u00f3n\u00a0desde un anonimato responsable, as\u00ed <b>como\u00a0las normas de copyright y derechos de autor<\/b>. A Berners Lee\u00a0le preocupa la posible \u201cbalcanizaci\u00f3n\u201d de la WWW en un futuro en el que gobiernos y empresas se repartan los pedazos del pastel seg\u00fan sus propias normas y principios<\/p>\n<p>\u201cSin una Internet abierta y neutral no podremos tener gobiernos abiertos, democracia de calidad, un sistema sanitario eficaz, comunidades conectadas ni diversidad cultural.\u00a0<b>No es ingenuo pensar que podemos tener todo eso, pero s\u00ed resulta ingenuo creer que lo podemos conseguir sin mover un dedo<\/b>\u201d, proclam\u00f3 en aquel momento.<\/p>\n<p>Fuente: <a href=\"http:\/\/www.ticbeat.com\/tecnologias\/el-primer-sitio-web-cumple-25-aos\/\">ticbeat.com<\/a><\/p>\n","protected":false},"excerpt":{"rendered":"<p>Ayer se cumplieron 25 a\u00f1os de un d\u00eda que fue hist\u00f3rico para construir el mundo tal y como lo conocemos. Ayer el primer sitio web [&hellip;]<\/p>\n","protected":false},"author":2,"featured_media":0,"comment_status":"open","ping_status":"open","sticky":false,"template":"","format":"standard","meta":{"_monsterinsights_skip_tracking":false,"_monsterinsights_sitenote_active":false,"_monsterinsights_sitenote_note":"","_monsterinsights_sitenote_category":0},"categories":[23],"tags":[],"yoast_head":"<!-- This site is optimized with the Yoast SEO plugin v19.1 - https:\/\/yoast.com\/wordpress\/plugins\/seo\/ -->\n<title>El primer sitio web cumple 25 a\u00f1os - Blog de Tecnolog\u00eda - Abrima<\/title>\n<meta name=\"robots\" content=\"index, follow, max-snippet:-1, max-image-preview:large, max-video-preview:-1\" \/>\n<link rel=\"canonical\" href=\"https:\/\/www.abrima.com\/blog\/el-primer-sitio-web-cumple-25-anos\/\" \/>\n<meta property=\"og:locale\" content=\"es_ES\" \/>\n<meta property=\"og:type\" content=\"article\" \/>\n<meta property=\"og:title\" content=\"El primer sitio web cumple 25 a\u00f1os - Blog de Tecnolog\u00eda - Abrima\" \/>\n<meta property=\"og:description\" content=\"Ayer se cumplieron 25 a\u00f1os de un d\u00eda que fue hist\u00f3rico para construir el mundo tal y como lo conocemos. Ayer el primer sitio web [&hellip;]\" \/>\n<meta property=\"og:url\" content=\"https:\/\/www.abrima.com\/blog\/el-primer-sitio-web-cumple-25-anos\/\" \/>\n<meta property=\"og:site_name\" content=\"Blog de Tecnolog\u00eda - Abrima\" \/>\n<meta property=\"article:publisher\" content=\"https:\/\/www.facebook.com\/abrimawebs\/\" \/>\n<meta property=\"article:published_time\" content=\"2015-12-22T19:13:45+00:00\" \/>\n<meta property=\"og:image\" content=\"http:\/\/cdn2.ticbeat.com\/wp-content\/uploads\/2015\/12\/primer_sitio_web.jpg\" \/>\n<meta name=\"twitter:label1\" content=\"Escrito por\" \/>\n\t<meta name=\"twitter:data1\" content=\"Ana Lucia Marrou\" \/>\n\t<meta name=\"twitter:label2\" content=\"Tiempo de lectura\" \/>\n\t<meta name=\"twitter:data2\" content=\"2 minutos\" \/>\n<script type=\"application\/ld+json\" class=\"yoast-schema-graph\">{\"@context\":\"https:\/\/schema.org\",\"@graph\":[{\"@type\":\"Organization\",\"@id\":\"https:\/\/www.abrima.com\/blog\/#organization\",\"name\":\"Abrima\",\"url\":\"https:\/\/www.abrima.com\/blog\/\",\"sameAs\":[\"https:\/\/www.linkedin.com\/company\/abrima-soluciones-web\/\",\"https:\/\/www.youtube.com\/user\/abrimawebs\",\"https:\/\/www.facebook.com\/abrimawebs\/\",\"https:\/\/twitter.com\/abrimaweb\"],\"logo\":{\"@type\":\"ImageObject\",\"inLanguage\":\"es\",\"@id\":\"https:\/\/www.abrima.com\/blog\/#\/schema\/logo\/image\/\",\"url\":\"https:\/\/www.abrima.com\/blog\/wp-content\/uploads\/2018\/03\/abrima-logo.png\",\"contentUrl\":\"https:\/\/www.abrima.com\/blog\/wp-content\/uploads\/2018\/03\/abrima-logo.png\",\"width\":700,\"height\":700,\"caption\":\"Abrima\"},\"image\":{\"@id\":\"https:\/\/www.abrima.com\/blog\/#\/schema\/logo\/image\/\"}},{\"@type\":\"WebSite\",\"@id\":\"https:\/\/www.abrima.com\/blog\/#website\",\"url\":\"https:\/\/www.abrima.com\/blog\/\",\"name\":\"Blog de Tecnolog\u00eda - Abrima\",\"description\":\"Blog sobre todo lo relacionado con Cloud, Marketing Digital y Web\",\"publisher\":{\"@id\":\"https:\/\/www.abrima.com\/blog\/#organization\"},\"potentialAction\":[{\"@type\":\"SearchAction\",\"target\":{\"@type\":\"EntryPoint\",\"urlTemplate\":\"https:\/\/www.abrima.com\/blog\/?s={search_term_string}\"},\"query-input\":\"required name=search_term_string\"}],\"inLanguage\":\"es\"},{\"@type\":\"ImageObject\",\"inLanguage\":\"es\",\"@id\":\"https:\/\/www.abrima.com\/blog\/el-primer-sitio-web-cumple-25-anos\/#primaryimage\",\"url\":\"http:\/\/cdn2.ticbeat.com\/wp-content\/uploads\/2015\/12\/primer_sitio_web.jpg\",\"contentUrl\":\"http:\/\/cdn2.ticbeat.com\/wp-content\/uploads\/2015\/12\/primer_sitio_web.jpg\"},{\"@type\":\"WebPage\",\"@id\":\"https:\/\/www.abrima.com\/blog\/el-primer-sitio-web-cumple-25-anos\/#webpage\",\"url\":\"https:\/\/www.abrima.com\/blog\/el-primer-sitio-web-cumple-25-anos\/\",\"name\":\"El primer sitio web cumple 25 a\u00f1os - Blog de Tecnolog\u00eda - Abrima\",\"isPartOf\":{\"@id\":\"https:\/\/www.abrima.com\/blog\/#website\"},\"primaryImageOfPage\":{\"@id\":\"https:\/\/www.abrima.com\/blog\/el-primer-sitio-web-cumple-25-anos\/#primaryimage\"},\"datePublished\":\"2015-12-22T19:13:45+00:00\",\"dateModified\":\"2015-12-22T19:13:45+00:00\",\"breadcrumb\":{\"@id\":\"https:\/\/www.abrima.com\/blog\/el-primer-sitio-web-cumple-25-anos\/#breadcrumb\"},\"inLanguage\":\"es\",\"potentialAction\":[{\"@type\":\"ReadAction\",\"target\":[\"https:\/\/www.abrima.com\/blog\/el-primer-sitio-web-cumple-25-anos\/\"]}]},{\"@type\":\"BreadcrumbList\",\"@id\":\"https:\/\/www.abrima.com\/blog\/el-primer-sitio-web-cumple-25-anos\/#breadcrumb\",\"itemListElement\":[{\"@type\":\"ListItem\",\"position\":1,\"name\":\"Portada\",\"item\":\"https:\/\/www.abrima.com\/blog\/\"},{\"@type\":\"ListItem\",\"position\":2,\"name\":\"El primer sitio web cumple 25 a\u00f1os\"}]},{\"@type\":\"Article\",\"@id\":\"https:\/\/www.abrima.com\/blog\/el-primer-sitio-web-cumple-25-anos\/#article\",\"isPartOf\":{\"@id\":\"https:\/\/www.abrima.com\/blog\/el-primer-sitio-web-cumple-25-anos\/#webpage\"},\"author\":{\"@id\":\"https:\/\/www.abrima.com\/blog\/#\/schema\/person\/70ccd8d5617e3a3d6d5121086c3bb00f\"},\"headline\":\"El primer sitio web cumple 25 a\u00f1os\",\"datePublished\":\"2015-12-22T19:13:45+00:00\",\"dateModified\":\"2015-12-22T19:13:45+00:00\",\"mainEntityOfPage\":{\"@id\":\"https:\/\/www.abrima.com\/blog\/el-primer-sitio-web-cumple-25-anos\/#webpage\"},\"wordCount\":418,\"commentCount\":0,\"publisher\":{\"@id\":\"https:\/\/www.abrima.com\/blog\/#organization\"},\"image\":{\"@id\":\"https:\/\/www.abrima.com\/blog\/el-primer-sitio-web-cumple-25-anos\/#primaryimage\"},\"thumbnailUrl\":\"http:\/\/cdn2.ticbeat.com\/wp-content\/uploads\/2015\/12\/primer_sitio_web.jpg\",\"articleSection\":[\"Tecnolog\u00eda y Futuro\"],\"inLanguage\":\"es\",\"potentialAction\":[{\"@type\":\"CommentAction\",\"name\":\"Comment\",\"target\":[\"https:\/\/www.abrima.com\/blog\/el-primer-sitio-web-cumple-25-anos\/#respond\"]}]},{\"@type\":\"Person\",\"@id\":\"https:\/\/www.abrima.com\/blog\/#\/schema\/person\/70ccd8d5617e3a3d6d5121086c3bb00f\",\"name\":\"Ana Lucia Marrou\",\"image\":{\"@type\":\"ImageObject\",\"inLanguage\":\"es\",\"@id\":\"https:\/\/www.abrima.com\/blog\/#\/schema\/person\/image\/\",\"url\":\"https:\/\/secure.gravatar.com\/avatar\/90bc8b721d14c58be266256fd3396265?s=96&d=mm&r=g\",\"contentUrl\":\"https:\/\/secure.gravatar.com\/avatar\/90bc8b721d14c58be266256fd3396265?s=96&d=mm&r=g\",\"caption\":\"Ana Lucia Marrou\"},\"url\":\"https:\/\/www.abrima.com\/blog\/author\/anilu\/\"}]}<\/script>\n<!-- \/ Yoast SEO plugin. -->","yoast_head_json":{"title":"El primer sitio web cumple 25 a\u00f1os - Blog de Tecnolog\u00eda - Abrima","robots":{"index":"index","follow":"follow","max-snippet":"max-snippet:-1","max-image-preview":"max-image-preview:large","max-video-preview":"max-video-preview:-1"},"canonical":"https:\/\/www.abrima.com\/blog\/el-primer-sitio-web-cumple-25-anos\/","og_locale":"es_ES","og_type":"article","og_title":"El primer sitio web cumple 25 a\u00f1os - Blog de Tecnolog\u00eda - Abrima","og_description":"Ayer se cumplieron 25 a\u00f1os de un d\u00eda que fue hist\u00f3rico para construir el mundo tal y como lo conocemos. Ayer el primer sitio web [&hellip;]","og_url":"https:\/\/www.abrima.com\/blog\/el-primer-sitio-web-cumple-25-anos\/","og_site_name":"Blog de Tecnolog\u00eda - Abrima","article_publisher":"https:\/\/www.facebook.com\/abrimawebs\/","article_published_time":"2015-12-22T19:13:45+00:00","og_image":[{"url":"http:\/\/cdn2.ticbeat.com\/wp-content\/uploads\/2015\/12\/primer_sitio_web.jpg"}],"twitter_misc":{"Escrito por":"Ana Lucia Marrou","Tiempo de lectura":"2 minutos"},"schema":{"@context":"https:\/\/schema.org","@graph":[{"@type":"Organization","@id":"https:\/\/www.abrima.com\/blog\/#organization","name":"Abrima","url":"https:\/\/www.abrima.com\/blog\/","sameAs":["https:\/\/www.linkedin.com\/company\/abrima-soluciones-web\/","https:\/\/www.youtube.com\/user\/abrimawebs","https:\/\/www.facebook.com\/abrimawebs\/","https:\/\/twitter.com\/abrimaweb"],"logo":{"@type":"ImageObject","inLanguage":"es","@id":"https:\/\/www.abrima.com\/blog\/#\/schema\/logo\/image\/","url":"https:\/\/www.abrima.com\/blog\/wp-content\/uploads\/2018\/03\/abrima-logo.png","contentUrl":"https:\/\/www.abrima.com\/blog\/wp-content\/uploads\/2018\/03\/abrima-logo.png","width":700,"height":700,"caption":"Abrima"},"image":{"@id":"https:\/\/www.abrima.com\/blog\/#\/schema\/logo\/image\/"}},{"@type":"WebSite","@id":"https:\/\/www.abrima.com\/blog\/#website","url":"https:\/\/www.abrima.com\/blog\/","name":"Blog de Tecnolog\u00eda - Abrima","description":"Blog sobre todo lo relacionado con Cloud, Marketing Digital y Web","publisher":{"@id":"https:\/\/www.abrima.com\/blog\/#organization"},"potentialAction":[{"@type":"SearchAction","target":{"@type":"EntryPoint","urlTemplate":"https:\/\/www.abrima.com\/blog\/?s={search_term_string}"},"query-input":"required name=search_term_string"}],"inLanguage":"es"},{"@type":"ImageObject","inLanguage":"es","@id":"https:\/\/www.abrima.com\/blog\/el-primer-sitio-web-cumple-25-anos\/#primaryimage","url":"http:\/\/cdn2.ticbeat.com\/wp-content\/uploads\/2015\/12\/primer_sitio_web.jpg","contentUrl":"http:\/\/cdn2.ticbeat.com\/wp-content\/uploads\/2015\/12\/primer_sitio_web.jpg"},{"@type":"WebPage","@id":"https:\/\/www.abrima.com\/blog\/el-primer-sitio-web-cumple-25-anos\/#webpage","url":"https:\/\/www.abrima.com\/blog\/el-primer-sitio-web-cumple-25-anos\/","name":"El primer sitio web cumple 25 a\u00f1os - Blog de Tecnolog\u00eda - Abrima","isPartOf":{"@id":"https:\/\/www.abrima.com\/blog\/#website"},"primaryImageOfPage":{"@id":"https:\/\/www.abrima.com\/blog\/el-primer-sitio-web-cumple-25-anos\/#primaryimage"},"datePublished":"2015-12-22T19:13:45+00:00","dateModified":"2015-12-22T19:13:45+00:00","breadcrumb":{"@id":"https:\/\/www.abrima.com\/blog\/el-primer-sitio-web-cumple-25-anos\/#breadcrumb"},"inLanguage":"es","potentialAction":[{"@type":"ReadAction","target":["https:\/\/www.abrima.com\/blog\/el-primer-sitio-web-cumple-25-anos\/"]}]},{"@type":"BreadcrumbList","@id":"https:\/\/www.abrima.com\/blog\/el-primer-sitio-web-cumple-25-anos\/#breadcrumb","itemListElement":[{"@type":"ListItem","position":1,"name":"Portada","item":"https:\/\/www.abrima.com\/blog\/"},{"@type":"ListItem","position":2,"name":"El primer sitio web cumple 25 a\u00f1os"}]},{"@type":"Article","@id":"https:\/\/www.abrima.com\/blog\/el-primer-sitio-web-cumple-25-anos\/#article","isPartOf":{"@id":"https:\/\/www.abrima.com\/blog\/el-primer-sitio-web-cumple-25-anos\/#webpage"},"author":{"@id":"https:\/\/www.abrima.com\/blog\/#\/schema\/person\/70ccd8d5617e3a3d6d5121086c3bb00f"},"headline":"El primer sitio web cumple 25 a\u00f1os","datePublished":"2015-12-22T19:13:45+00:00","dateModified":"2015-12-22T19:13:45+00:00","mainEntityOfPage":{"@id":"https:\/\/www.abrima.com\/blog\/el-primer-sitio-web-cumple-25-anos\/#webpage"},"wordCount":418,"commentCount":0,"publisher":{"@id":"https:\/\/www.abrima.com\/blog\/#organization"},"image":{"@id":"https:\/\/www.abrima.com\/blog\/el-primer-sitio-web-cumple-25-anos\/#primaryimage"},"thumbnailUrl":"http:\/\/cdn2.ticbeat.com\/wp-content\/uploads\/2015\/12\/primer_sitio_web.jpg","articleSection":["Tecnolog\u00eda y Futuro"],"inLanguage":"es","potentialAction":[{"@type":"CommentAction","name":"Comment","target":["https:\/\/www.abrima.com\/blog\/el-primer-sitio-web-cumple-25-anos\/#respond"]}]},{"@type":"Person","@id":"https:\/\/www.abrima.com\/blog\/#\/schema\/person\/70ccd8d5617e3a3d6d5121086c3bb00f","name":"Ana Lucia Marrou","image":{"@type":"ImageObject","inLanguage":"es","@id":"https:\/\/www.abrima.com\/blog\/#\/schema\/person\/image\/","url":"https:\/\/secure.gravatar.com\/avatar\/90bc8b721d14c58be266256fd3396265?s=96&d=mm&r=g","contentUrl":"https:\/\/secure.gravatar.com\/avatar\/90bc8b721d14c58be266256fd3396265?s=96&d=mm&r=g","caption":"Ana Lucia Marrou"},"url":"https:\/\/www.abrima.com\/blog\/author\/anilu\/"}]}},"amp_enabled":true,"_links":{"self":[{"href":"https:\/\/www.abrima.com\/blog\/wp-json\/wp\/v2\/posts\/3705"}],"collection":[{"href":"https:\/\/www.abrima.com\/blog\/wp-json\/wp\/v2\/posts"}],"about":[{"href":"https:\/\/www.abrima.com\/blog\/wp-json\/wp\/v2\/types\/post"}],"author":[{"embeddable":true,"href":"https:\/\/www.abrima.com\/blog\/wp-json\/wp\/v2\/users\/2"}],"replies":[{"embeddable":true,"href":"https:\/\/www.abrima.com\/blog\/wp-json\/wp\/v2\/comments?post=3705"}],"version-history":[{"count":1,"href":"https:\/\/www.abrima.com\/blog\/wp-json\/wp\/v2\/posts\/3705\/revisions"}],"predecessor-version":[{"id":3706,"href":"https:\/\/www.abrima.com\/blog\/wp-json\/wp\/v2\/posts\/3705\/revisions\/3706"}],"wp:attachment":[{"href":"https:\/\/www.abrima.com\/blog\/wp-json\/wp\/v2\/media?parent=3705"}],"wp:term":[{"taxonomy":"category","embeddable":true,"href":"https:\/\/www.abrima.com\/blog\/wp-json\/wp\/v2\/categories?post=3705"},{"taxonomy":"post_tag","embeddable":true,"href":"https:\/\/www.abrima.com\/blog\/wp-json\/wp\/v2\/tags?post=3705"}],"curies":[{"name":"wp","href":"https:\/\/api.w.org\/{rel}","templated":true}]}}