{"id":3668,"date":"2015-12-16T20:11:46","date_gmt":"2015-12-16T20:11:46","guid":{"rendered":"http:\/\/www.abrima.com\/blog\/?p=3668"},"modified":"2015-12-16T20:11:46","modified_gmt":"2015-12-16T20:11:46","slug":"5-tendencias-en-diseno-web-para-que-no-te-quedes-atras-en-2016","status":"publish","type":"post","link":"https:\/\/www.abrima.com\/blog\/5-tendencias-en-diseno-web-para-que-no-te-quedes-atras-en-2016\/","title":{"rendered":"5 tendencias en dise\u00f1o web para que no te quedes atr\u00e1s en 2016"},"content":{"rendered":"<p><img src=\"http:\/\/blixt.tv\/wp-content\/uploads\/2015\/12\/tendencias-diseno-web-2016-portada.jpg\" alt=\"tendencias dise\u00f1o web\" \/><\/p>\n<p>Nos aproximamos al final de a\u00f1o y es un buen mes no solo para hacer balances y ver lo bien o mal (esperemos que no) que te ha ido este a\u00f1o, sino tambi\u00e9n para mirar de cara al futuro, ponerte al d\u00eda en tendencias y tecnolog\u00eda e intentar estar a la \u00faltima en dise\u00f1o web.<\/p>\n<p>Cada vez el dise\u00f1o y la tecnolog\u00eda avanzan m\u00e1s r\u00e1pido. Por eso es tan importante conocer las \u00faltimas novedades en cuando a dise\u00f1o web si quieres que tu negocio o marca est\u00e9 siempre a la \u00faltima o incluso se convierta en referente en tu sector por incorporar las \u00faltimas novedades web. Nunca se sabe, pero al menos para nosotros conocer de primera mano lo \u00faltimo en dise\u00f1o web y estar un paso por delante, siempre se puede convertir en un punto a favor.<\/p>\n<p>Por ello y para comenzar el a\u00f1o con buen pie, te adelantamos algunas de las tendencias en dise\u00f1o web que veremos este pr\u00f3ximo 2016.<\/p>\n<h2><strong>Material Design: M\u00e1s all\u00e1 del Flat Design<\/strong><\/h2>\n<p><img loading=\"lazy\" class=\"alignnone wp-image-9349\" src=\"http:\/\/blixt.tv\/wp-content\/uploads\/2015\/12\/tendencias-diseno-web-2016-01-1030x662.png\" sizes=\"(max-width: 800px) 100vw, 800px\" srcset=\"http:\/\/blixt.tv\/wp-content\/uploads\/2015\/12\/tendencias-diseno-web-2016-01-400x257.png 400w, http:\/\/blixt.tv\/wp-content\/uploads\/2015\/12\/tendencias-diseno-web-2016-01-1030x662.png 1030w, http:\/\/blixt.tv\/wp-content\/uploads\/2015\/12\/tendencias-diseno-web-2016-01-705x453.png 705w, http:\/\/blixt.tv\/wp-content\/uploads\/2015\/12\/tendencias-diseno-web-2016-01-450x289.png 450w, http:\/\/blixt.tv\/wp-content\/uploads\/2015\/12\/tendencias-diseno-web-2016-01.png 1400w\" alt=\"tendencias dise\u00f1o web\" width=\"800\" height=\"514\" \/><\/p>\n<p>Google present\u00f3 el <a href=\"https:\/\/www.google.com\/design\/spec\/material-design\/introduction.html\" target=\"_blank\">Material Design<\/a> har\u00e1 cosa de a\u00f1o y pico. Si el <a href=\"http:\/\/acme-world.com\/\" target=\"_blank\">Flat Design<\/a> fue la gran tendencia en 2015, Material Design sin duda se convertir\u00e1 en la tendencia para 2016. \u00bfLas novedades? Pues que incorpora efectos de sombras, animaciones y efectos de mayor profundidad. Todo ello con el objetivo de crear dise\u00f1os que al usuario le parezcan mucho m\u00e1s realistas. Al hacer uso de las sombras disponemos de mayor profundidad en el dise\u00f1o que con el Flat Design y mejoramos la usabilidad, tambi\u00e9n conocida como user experience (UX).<\/p>\n<p>Ojo, que Material Design se convierta en tendencia para este 2016 no significa que vaya a \u201csustituir\u201d al Flat Design. De hecho es seguir\u00e1 siendo compatible con otras tendencias como responsive design, <a href=\"https:\/\/www.google.es\/search?q=ghost+buttons+examples&amp;espv=2&amp;biw=2560&amp;bih=1254&amp;source=lnms&amp;tbm=isch&amp;sa=X&amp;ved=0ahUKEwjf_cb_1cnJAhUFXhQKHYSoBk8Q_AUIBigB\" target=\"_blank\">ghost buttons<\/a>, etc.<\/p>\n<p>Dos ejemplos de dise\u00f1o Material Design:<\/p>\n<p><a href=\"http:\/\/lifeaweso.me\/\" target=\"_blank\">Life Awsome<\/a><\/p>\n<p><a href=\"http:\/\/www.nimbusnine.co\/\" target=\"_blank\">Nimbus Nine<\/a><\/p>\n<h2><strong>Cinemagraph integrado en la web<\/strong><\/h2>\n<p><iframe loading=\"lazy\" src=\"https:\/\/media.flixel.com\/cinemagraph\/t6mp35gzd7twk93cwhjj?hd=false&amp;forceGif=false\" width=\"800\" height=\"400\" frameborder=\"0\" allowfullscreen=\"allowfullscreen\"><\/iframe><\/p>\n<p>Las fotos animadas, m\u00e1s conocidas como Cinemagraphs no son nada nuevo. De hecho ya hablamos en alguna otra ocasi\u00f3n de ellas en <a href=\"http:\/\/blixt.tv\/como-el-picture-marketing-te-ayudara-a-ser-el-rey\/\">otro de nuestros art\u00edculos<\/a>. Pero en 2015 la mejora del HTML5 Canvas y la inclusi\u00f3n de im\u00e1genes animadas en Social Media, han hecho que los Cinemagraphs est\u00e9n en el punto de mira de los dise\u00f1adores web para este 2016.<\/p>\n<p>El acontecimiento principal y m\u00e1s reciente ha sido la llegada de las \u201cfotos en vivo\u201d de los \u00faltimos modelos del iPhone 6 y tambi\u00e9n a las fotos de perfil de Facebook (por ahora s\u00f3lo disponibles en EEUU a trav\u00e9s de la app m\u00f3vil). Este tipo de fotos le dan un poco de movimiento a una foto est\u00e1tica o consisten en un loop de video. El Cinemagraph ofrece un efecto muy similar. Una vez empiece a propagarse por las plataformas sociales pasar\u00e1 a formar parte tambi\u00e9n de las p\u00e1ginas web.<\/p>\n<p>Un ejemplo de cinemagraph en p\u00e1gina web:<\/p>\n<p><a href=\"https:\/\/flixel.com\/\" target=\"_blank\">Fixel<\/a><\/p>\n<h2><strong>Animaciones<\/strong><\/h2>\n<p><img loading=\"lazy\" class=\"alignnone wp-image-9351\" src=\"http:\/\/blixt.tv\/wp-content\/uploads\/2015\/12\/tendencias-diseno-web-2016-02.gif\" alt=\"tendencias diseno web 2016 02\" width=\"800\" height=\"299\" \/><\/p>\n<p>Cada vez lo vemos m\u00e1s y en 2016 suceder\u00e1 exactamente igual. Las animaciones en las p\u00e1ginas web para que la experiencia sea mucho m\u00e1s interactiva y enriquecedora para el usuario. Pero mucho cuidado, no se trata de desarrollar una animaci\u00f3n molona e insertarla en el primer sitio donde te plazca. Tienen que tener coherencia e ir acordes al dise\u00f1o de tu web.<\/p>\n<p>A parte de las animaciones a gran escala para mayor impacto sobre los usuarios como <a href=\"http:\/\/www.creativebloq.com\/web-design\/parallax-scrolling-1131762\" target=\"_blank\">Parallax<\/a> o los Pop-ups encontramos otras a menor escala:<\/p>\n<ul>\n<li><em><u>Loaders:<\/u><\/em> Usadas para entretener al usuario mientras espera. Muy utilizadas en Flat Design, portfolios o webs one-page. Un ejemplo: <a href=\"http:\/\/subskill.com\/#\/works\">Subskill<\/a><\/li>\n<li><em><u>Animaciones motion: <\/u><\/em>Ideales para captar la atenci\u00f3n del usuario. A los usuarios les encanta el movimiento y las animaciones con movimiento son perfectas para ello. Un ejemplo: <a href=\"https:\/\/www.bugaboo.com\/\" target=\"_blank\">Bugaboo<\/a><\/li>\n<li><em><u>Animaciones Hover: <\/u><\/em>Perfectas para que la experiencia del usuario sea m\u00e1s intuitiva y el cursor sobre ciertas zonas de informaci\u00f3n al usuario del contenido web. Un ejemplo: <a href=\"https:\/\/buffer.com\/transparency\" target=\"_blank\">Buffer<\/a><\/li>\n<li><em><u>Slideshows: <\/u><\/em>Una manera efectiva de mostrar diversas im\u00e1genes sin saturar demasiado a los usuarios. Perfecta para fot\u00f3grafos o galer\u00edas showcases. <a href=\"http:\/\/blixt.tv\/\">Nuestra Home Page<\/a><\/li>\n<li><em><u>Scroll:<\/u><\/em> Animaciones basadas en un desplazamiento controlado por el usuario. \u00c9l tiene el control y el decide el ritmo en el que quiere que sucedan las cosas en la web. <a href=\"http:\/\/mcwhopper.com\/\" target=\"_blank\">McWhopper<\/a><\/li>\n<\/ul>\n<h2><strong>Centr\u00e1ndose en la tipograf\u00eda<\/strong><\/h2>\n<p><img loading=\"lazy\" class=\"alignnone size-full wp-image-9353\" src=\"http:\/\/blixt.tv\/wp-content\/uploads\/2015\/12\/tendencias-diseno-web-2016-04.jpg\" sizes=\"(max-width: 800px) 100vw, 800px\" srcset=\"http:\/\/blixt.tv\/wp-content\/uploads\/2015\/12\/tendencias-diseno-web-2016-04-400x173.jpg 400w, http:\/\/blixt.tv\/wp-content\/uploads\/2015\/12\/tendencias-diseno-web-2016-04-705x304.jpg 705w, http:\/\/blixt.tv\/wp-content\/uploads\/2015\/12\/tendencias-diseno-web-2016-04-450x194.jpg 450w, http:\/\/blixt.tv\/wp-content\/uploads\/2015\/12\/tendencias-diseno-web-2016-04.jpg 800w\" alt=\"tendencias dise\u00f1o web\" width=\"800\" height=\"345\" \/><\/p>\n<p>Igual de importantes resultan los colores corporativos para una marca que la tipograf\u00eda que se utilice. Gracias a Google Fonts, ahora los desarrolladores y dise\u00f1adores webs no estar\u00e1n limitados a la Arial u otras fonts. En 2016 se va a prestar mucha m\u00e1s atenci\u00f3n al detalle de la tipograf\u00eda y tama\u00f1os. Es un peque\u00f1o pero dif\u00edcil cambio que puede suponer un gran impacto en la percepci\u00f3n de la web. Ya lo est\u00e1n realizando muchos dise\u00f1adores y fot\u00f3grafos pero tiene que empezar a expandirse en muchos otros sectores.<\/p>\n<p>Un ejemplo:<\/p>\n<p><a href=\"http:\/\/www.mcarnolds.be\/\" target=\"_blank\">McArnolds<\/a><\/p>\n<h2><strong>Proliferaci\u00f3n de patrones UI<\/strong><\/h2>\n<p><img loading=\"lazy\" class=\"alignnone size-full wp-image-9354\" src=\"http:\/\/blixt.tv\/wp-content\/uploads\/2015\/12\/tendencias-diseno-web-2016-05.jpg\" sizes=\"(max-width: 800px) 100vw, 800px\" srcset=\"http:\/\/blixt.tv\/wp-content\/uploads\/2015\/12\/tendencias-diseno-web-2016-05-400x190.jpg 400w, http:\/\/blixt.tv\/wp-content\/uploads\/2015\/12\/tendencias-diseno-web-2016-05-705x334.jpg 705w, http:\/\/blixt.tv\/wp-content\/uploads\/2015\/12\/tendencias-diseno-web-2016-05-450x213.jpg 450w, http:\/\/blixt.tv\/wp-content\/uploads\/2015\/12\/tendencias-diseno-web-2016-05.jpg 800w\" alt=\"tendencias dise\u00f1o web\" width=\"800\" height=\"379\" \/><\/p>\n<p>La forma en la que consumimos las p\u00e1ginas web ha cambiado. La proliferaci\u00f3n de los patrones UI se ha extendido de forma exagerada. El web responsive y el uso extendido de WordPress han tenido parte de la culpa. Pero esto no tiene porque ser algo malo.<\/p>\n<p>Se ha avanzado mucho en cuanto a los patrones UI por lo que tampoco hay que innovar una barbaridad. Mejor limitarse a lo que tienen que hacer, que es guiar al usuario a trav\u00e9s de una buena experiencia. Familiar\u00edzate con algunos de estos patrones:<\/p>\n<ul>\n<li><em><u>Men\u00fa Hamburguesa:<\/u><\/em> Funci\u00f3n f\u00e1cilmente reconocible, lo cual no quita que tenga su ej\u00e9rcito de \u201chaters\u201d. Un ejemplo de theme: <a href=\"http:\/\/themetrust.com\/demos\/port\/\" target=\"_blank\">Port Demo<\/a><\/li>\n<li><em><u>Scrolling Largo: <\/u><\/em>Disponer de la informaci\u00f3n m\u00e1s importante en la parte superior de tu web es importante. Pero con el uso cada vez m\u00e1s extendido del scrolling en dispositivos m\u00f3viles estamos ya m\u00e1s que acostumbrados a scrollings m\u00e1s largos. Funciona muy bien para aquellos que quieran contar una historia a lo largo del scrolling de sus webs. Un ejemplo: <a href=\"http:\/\/www.carlosmedinachef.com\/\" target=\"_blank\">Carlos Medina Top Chef<\/a><\/li>\n<li><em><u>Tarjetas Layout: <\/u><\/em>Fue Pinterest quien lo populariz\u00f3 y ahora son miles de webs quien lo utilizan. Perfecto si quieres comunicar distintos trozos de informaci\u00f3n y que el usuario navegue sin control aparente. Ideal para sitios m\u00f3viles. Un ejemplo: <a href=\"http:\/\/blixt.tv\/portfolio\/\">Nuestro Portfolio<\/a><\/li>\n<li><em><u>Fotones:<\/u><\/em> Fotones si. As\u00ed tal cual. Una buena foto a toda pantalla, lo que es un fot\u00f3n a tama\u00f1o XXL siempre ha sido y ser\u00e1 la manera m\u00e1s f\u00e1cil y r\u00e1pida de captar la atenci\u00f3n de cualquier usuario. Y no te preocupes, gracias a los nuevos anchos de banda y la velocidad de internet hoy en d\u00eda cualquier imagen de calidad carga con mucha facilidad. Un ejemplo: <a href=\"http:\/\/christianperret.es\/\" target=\"_blank\">La web de nuestro fot\u00f3grafo &amp; Fundador de Blixt\u2122 Christian Perret<\/a>.<\/li>\n<\/ul>\n<p>Nuestro consejo final es que no cambies tu web y no sigas estas tendencias simplemente porque est\u00e9n de moda. Hazlo siempre con coherencia y pensando en qu\u00e9 ser\u00e1 mejor para tus clientes y seguidores. Si por ejemplo tu negocio es una ecommerce, pues no funcionar\u00e1 bien un dise\u00f1o de one-page o de scrolling. Piensa en estas tendencias como distintas herramientas siempre a tu disposici\u00f3n que le facilitar\u00e1n la usabilidad a tus usuarios. Esperemos que te sean de gran utilidad a lo largo de este nuevo a\u00f1o. Y ya sabes, si conoces otras tendencias estaremos encantados de que nos las cuentes.<\/p>\n<p>Fuente: <a href=\"http:\/\/blixt.tv\/5-tendencias-en-diseno-web-para-que-no-te-quedes-atras-en-2016\/\">BLIXT<\/a><\/p>\n","protected":false},"excerpt":{"rendered":"<p>Nos aproximamos al final de a\u00f1o y es un buen mes no solo para hacer balances y ver lo bien o mal (esperemos que no) [&hellip;]<\/p>\n","protected":false},"author":1,"featured_media":0,"comment_status":"open","ping_status":"open","sticky":false,"template":"","format":"standard","meta":{"_monsterinsights_skip_tracking":false,"_monsterinsights_sitenote_active":false,"_monsterinsights_sitenote_note":"","_monsterinsights_sitenote_category":0},"categories":[1],"tags":[],"yoast_head":"<!-- This site is optimized with the Yoast SEO plugin v19.1 - https:\/\/yoast.com\/wordpress\/plugins\/seo\/ -->\n<title>5 tendencias en dise\u00f1o web para que no te quedes atr\u00e1s en 2016 - Blog de Tecnolog\u00eda - Abrima<\/title>\n<meta name=\"robots\" content=\"index, follow, max-snippet:-1, max-image-preview:large, max-video-preview:-1\" \/>\n<link rel=\"canonical\" href=\"https:\/\/www.abrima.com\/blog\/5-tendencias-en-diseno-web-para-que-no-te-quedes-atras-en-2016\/\" \/>\n<meta property=\"og:locale\" content=\"es_ES\" \/>\n<meta property=\"og:type\" content=\"article\" \/>\n<meta property=\"og:title\" content=\"5 tendencias en dise\u00f1o web para que no te quedes atr\u00e1s en 2016 - Blog de Tecnolog\u00eda - Abrima\" \/>\n<meta property=\"og:description\" content=\"Nos aproximamos al final de a\u00f1o y es un buen mes no solo para hacer balances y ver lo bien o mal (esperemos que no) [&hellip;]\" \/>\n<meta property=\"og:url\" content=\"https:\/\/www.abrima.com\/blog\/5-tendencias-en-diseno-web-para-que-no-te-quedes-atras-en-2016\/\" \/>\n<meta property=\"og:site_name\" content=\"Blog de Tecnolog\u00eda - Abrima\" \/>\n<meta property=\"article:publisher\" content=\"https:\/\/www.facebook.com\/abrimawebs\/\" \/>\n<meta property=\"article:published_time\" content=\"2015-12-16T20:11:46+00:00\" \/>\n<meta property=\"og:image\" content=\"http:\/\/blixt.tv\/wp-content\/uploads\/2015\/12\/tendencias-diseno-web-2016-portada.jpg\" \/>\n<meta name=\"twitter:label1\" content=\"Escrito por\" \/>\n\t<meta name=\"twitter:data1\" content=\"Abrima\" \/>\n\t<meta name=\"twitter:label2\" content=\"Tiempo de lectura\" \/>\n\t<meta name=\"twitter:data2\" content=\"6 minutos\" \/>\n<script type=\"application\/ld+json\" class=\"yoast-schema-graph\">{\"@context\":\"https:\/\/schema.org\",\"@graph\":[{\"@type\":\"Organization\",\"@id\":\"https:\/\/www.abrima.com\/blog\/#organization\",\"name\":\"Abrima\",\"url\":\"https:\/\/www.abrima.com\/blog\/\",\"sameAs\":[\"https:\/\/www.linkedin.com\/company\/abrima-soluciones-web\/\",\"https:\/\/www.youtube.com\/user\/abrimawebs\",\"https:\/\/www.facebook.com\/abrimawebs\/\",\"https:\/\/twitter.com\/abrimaweb\"],\"logo\":{\"@type\":\"ImageObject\",\"inLanguage\":\"es\",\"@id\":\"https:\/\/www.abrima.com\/blog\/#\/schema\/logo\/image\/\",\"url\":\"https:\/\/www.abrima.com\/blog\/wp-content\/uploads\/2018\/03\/abrima-logo.png\",\"contentUrl\":\"https:\/\/www.abrima.com\/blog\/wp-content\/uploads\/2018\/03\/abrima-logo.png\",\"width\":700,\"height\":700,\"caption\":\"Abrima\"},\"image\":{\"@id\":\"https:\/\/www.abrima.com\/blog\/#\/schema\/logo\/image\/\"}},{\"@type\":\"WebSite\",\"@id\":\"https:\/\/www.abrima.com\/blog\/#website\",\"url\":\"https:\/\/www.abrima.com\/blog\/\",\"name\":\"Blog de Tecnolog\u00eda - Abrima\",\"description\":\"Blog sobre todo lo relacionado con Cloud, Marketing Digital y Web\",\"publisher\":{\"@id\":\"https:\/\/www.abrima.com\/blog\/#organization\"},\"potentialAction\":[{\"@type\":\"SearchAction\",\"target\":{\"@type\":\"EntryPoint\",\"urlTemplate\":\"https:\/\/www.abrima.com\/blog\/?s={search_term_string}\"},\"query-input\":\"required name=search_term_string\"}],\"inLanguage\":\"es\"},{\"@type\":\"ImageObject\",\"inLanguage\":\"es\",\"@id\":\"https:\/\/www.abrima.com\/blog\/5-tendencias-en-diseno-web-para-que-no-te-quedes-atras-en-2016\/#primaryimage\",\"url\":\"http:\/\/blixt.tv\/wp-content\/uploads\/2015\/12\/tendencias-diseno-web-2016-portada.jpg\",\"contentUrl\":\"http:\/\/blixt.tv\/wp-content\/uploads\/2015\/12\/tendencias-diseno-web-2016-portada.jpg\"},{\"@type\":\"WebPage\",\"@id\":\"https:\/\/www.abrima.com\/blog\/5-tendencias-en-diseno-web-para-que-no-te-quedes-atras-en-2016\/#webpage\",\"url\":\"https:\/\/www.abrima.com\/blog\/5-tendencias-en-diseno-web-para-que-no-te-quedes-atras-en-2016\/\",\"name\":\"5 tendencias en dise\u00f1o web para que no te quedes atr\u00e1s en 2016 - Blog de Tecnolog\u00eda - Abrima\",\"isPartOf\":{\"@id\":\"https:\/\/www.abrima.com\/blog\/#website\"},\"primaryImageOfPage\":{\"@id\":\"https:\/\/www.abrima.com\/blog\/5-tendencias-en-diseno-web-para-que-no-te-quedes-atras-en-2016\/#primaryimage\"},\"datePublished\":\"2015-12-16T20:11:46+00:00\",\"dateModified\":\"2015-12-16T20:11:46+00:00\",\"breadcrumb\":{\"@id\":\"https:\/\/www.abrima.com\/blog\/5-tendencias-en-diseno-web-para-que-no-te-quedes-atras-en-2016\/#breadcrumb\"},\"inLanguage\":\"es\",\"potentialAction\":[{\"@type\":\"ReadAction\",\"target\":[\"https:\/\/www.abrima.com\/blog\/5-tendencias-en-diseno-web-para-que-no-te-quedes-atras-en-2016\/\"]}]},{\"@type\":\"BreadcrumbList\",\"@id\":\"https:\/\/www.abrima.com\/blog\/5-tendencias-en-diseno-web-para-que-no-te-quedes-atras-en-2016\/#breadcrumb\",\"itemListElement\":[{\"@type\":\"ListItem\",\"position\":1,\"name\":\"Portada\",\"item\":\"https:\/\/www.abrima.com\/blog\/\"},{\"@type\":\"ListItem\",\"position\":2,\"name\":\"5 tendencias en dise\u00f1o web para que no te quedes atr\u00e1s en 2016\"}]},{\"@type\":\"Article\",\"@id\":\"https:\/\/www.abrima.com\/blog\/5-tendencias-en-diseno-web-para-que-no-te-quedes-atras-en-2016\/#article\",\"isPartOf\":{\"@id\":\"https:\/\/www.abrima.com\/blog\/5-tendencias-en-diseno-web-para-que-no-te-quedes-atras-en-2016\/#webpage\"},\"author\":{\"@id\":\"https:\/\/www.abrima.com\/blog\/#\/schema\/person\/b768d5411164cb8b8d58f72cdf4e11e8\"},\"headline\":\"5 tendencias en dise\u00f1o web para que no te quedes atr\u00e1s en 2016\",\"datePublished\":\"2015-12-16T20:11:46+00:00\",\"dateModified\":\"2015-12-16T20:11:46+00:00\",\"mainEntityOfPage\":{\"@id\":\"https:\/\/www.abrima.com\/blog\/5-tendencias-en-diseno-web-para-que-no-te-quedes-atras-en-2016\/#webpage\"},\"wordCount\":1273,\"commentCount\":0,\"publisher\":{\"@id\":\"https:\/\/www.abrima.com\/blog\/#organization\"},\"image\":{\"@id\":\"https:\/\/www.abrima.com\/blog\/5-tendencias-en-diseno-web-para-que-no-te-quedes-atras-en-2016\/#primaryimage\"},\"thumbnailUrl\":\"http:\/\/blixt.tv\/wp-content\/uploads\/2015\/12\/tendencias-diseno-web-2016-portada.jpg\",\"articleSection\":[\"Otros\"],\"inLanguage\":\"es\",\"potentialAction\":[{\"@type\":\"CommentAction\",\"name\":\"Comment\",\"target\":[\"https:\/\/www.abrima.com\/blog\/5-tendencias-en-diseno-web-para-que-no-te-quedes-atras-en-2016\/#respond\"]}]},{\"@type\":\"Person\",\"@id\":\"https:\/\/www.abrima.com\/blog\/#\/schema\/person\/b768d5411164cb8b8d58f72cdf4e11e8\",\"name\":\"Abrima\",\"image\":{\"@type\":\"ImageObject\",\"inLanguage\":\"es\",\"@id\":\"https:\/\/www.abrima.com\/blog\/#\/schema\/person\/image\/\",\"url\":\"https:\/\/secure.gravatar.com\/avatar\/5cc72c9c6b371583c943a070dff20409?s=96&d=mm&r=g\",\"contentUrl\":\"https:\/\/secure.gravatar.com\/avatar\/5cc72c9c6b371583c943a070dff20409?s=96&d=mm&r=g\",\"caption\":\"Abrima\"},\"url\":\"https:\/\/www.abrima.com\/blog\/author\/abrima\/\"}]}<\/script>\n<!-- \/ Yoast SEO plugin. -->","yoast_head_json":{"title":"5 tendencias en dise\u00f1o web para que no te quedes atr\u00e1s en 2016 - Blog de Tecnolog\u00eda - Abrima","robots":{"index":"index","follow":"follow","max-snippet":"max-snippet:-1","max-image-preview":"max-image-preview:large","max-video-preview":"max-video-preview:-1"},"canonical":"https:\/\/www.abrima.com\/blog\/5-tendencias-en-diseno-web-para-que-no-te-quedes-atras-en-2016\/","og_locale":"es_ES","og_type":"article","og_title":"5 tendencias en dise\u00f1o web para que no te quedes atr\u00e1s en 2016 - Blog de Tecnolog\u00eda - Abrima","og_description":"Nos aproximamos al final de a\u00f1o y es un buen mes no solo para hacer balances y ver lo bien o mal (esperemos que no) [&hellip;]","og_url":"https:\/\/www.abrima.com\/blog\/5-tendencias-en-diseno-web-para-que-no-te-quedes-atras-en-2016\/","og_site_name":"Blog de Tecnolog\u00eda - Abrima","article_publisher":"https:\/\/www.facebook.com\/abrimawebs\/","article_published_time":"2015-12-16T20:11:46+00:00","og_image":[{"url":"http:\/\/blixt.tv\/wp-content\/uploads\/2015\/12\/tendencias-diseno-web-2016-portada.jpg"}],"twitter_misc":{"Escrito por":"Abrima","Tiempo de lectura":"6 minutos"},"schema":{"@context":"https:\/\/schema.org","@graph":[{"@type":"Organization","@id":"https:\/\/www.abrima.com\/blog\/#organization","name":"Abrima","url":"https:\/\/www.abrima.com\/blog\/","sameAs":["https:\/\/www.linkedin.com\/company\/abrima-soluciones-web\/","https:\/\/www.youtube.com\/user\/abrimawebs","https:\/\/www.facebook.com\/abrimawebs\/","https:\/\/twitter.com\/abrimaweb"],"logo":{"@type":"ImageObject","inLanguage":"es","@id":"https:\/\/www.abrima.com\/blog\/#\/schema\/logo\/image\/","url":"https:\/\/www.abrima.com\/blog\/wp-content\/uploads\/2018\/03\/abrima-logo.png","contentUrl":"https:\/\/www.abrima.com\/blog\/wp-content\/uploads\/2018\/03\/abrima-logo.png","width":700,"height":700,"caption":"Abrima"},"image":{"@id":"https:\/\/www.abrima.com\/blog\/#\/schema\/logo\/image\/"}},{"@type":"WebSite","@id":"https:\/\/www.abrima.com\/blog\/#website","url":"https:\/\/www.abrima.com\/blog\/","name":"Blog de Tecnolog\u00eda - Abrima","description":"Blog sobre todo lo relacionado con Cloud, Marketing Digital y Web","publisher":{"@id":"https:\/\/www.abrima.com\/blog\/#organization"},"potentialAction":[{"@type":"SearchAction","target":{"@type":"EntryPoint","urlTemplate":"https:\/\/www.abrima.com\/blog\/?s={search_term_string}"},"query-input":"required name=search_term_string"}],"inLanguage":"es"},{"@type":"ImageObject","inLanguage":"es","@id":"https:\/\/www.abrima.com\/blog\/5-tendencias-en-diseno-web-para-que-no-te-quedes-atras-en-2016\/#primaryimage","url":"http:\/\/blixt.tv\/wp-content\/uploads\/2015\/12\/tendencias-diseno-web-2016-portada.jpg","contentUrl":"http:\/\/blixt.tv\/wp-content\/uploads\/2015\/12\/tendencias-diseno-web-2016-portada.jpg"},{"@type":"WebPage","@id":"https:\/\/www.abrima.com\/blog\/5-tendencias-en-diseno-web-para-que-no-te-quedes-atras-en-2016\/#webpage","url":"https:\/\/www.abrima.com\/blog\/5-tendencias-en-diseno-web-para-que-no-te-quedes-atras-en-2016\/","name":"5 tendencias en dise\u00f1o web para que no te quedes atr\u00e1s en 2016 - Blog de Tecnolog\u00eda - Abrima","isPartOf":{"@id":"https:\/\/www.abrima.com\/blog\/#website"},"primaryImageOfPage":{"@id":"https:\/\/www.abrima.com\/blog\/5-tendencias-en-diseno-web-para-que-no-te-quedes-atras-en-2016\/#primaryimage"},"datePublished":"2015-12-16T20:11:46+00:00","dateModified":"2015-12-16T20:11:46+00:00","breadcrumb":{"@id":"https:\/\/www.abrima.com\/blog\/5-tendencias-en-diseno-web-para-que-no-te-quedes-atras-en-2016\/#breadcrumb"},"inLanguage":"es","potentialAction":[{"@type":"ReadAction","target":["https:\/\/www.abrima.com\/blog\/5-tendencias-en-diseno-web-para-que-no-te-quedes-atras-en-2016\/"]}]},{"@type":"BreadcrumbList","@id":"https:\/\/www.abrima.com\/blog\/5-tendencias-en-diseno-web-para-que-no-te-quedes-atras-en-2016\/#breadcrumb","itemListElement":[{"@type":"ListItem","position":1,"name":"Portada","item":"https:\/\/www.abrima.com\/blog\/"},{"@type":"ListItem","position":2,"name":"5 tendencias en dise\u00f1o web para que no te quedes atr\u00e1s en 2016"}]},{"@type":"Article","@id":"https:\/\/www.abrima.com\/blog\/5-tendencias-en-diseno-web-para-que-no-te-quedes-atras-en-2016\/#article","isPartOf":{"@id":"https:\/\/www.abrima.com\/blog\/5-tendencias-en-diseno-web-para-que-no-te-quedes-atras-en-2016\/#webpage"},"author":{"@id":"https:\/\/www.abrima.com\/blog\/#\/schema\/person\/b768d5411164cb8b8d58f72cdf4e11e8"},"headline":"5 tendencias en dise\u00f1o web para que no te quedes atr\u00e1s en 2016","datePublished":"2015-12-16T20:11:46+00:00","dateModified":"2015-12-16T20:11:46+00:00","mainEntityOfPage":{"@id":"https:\/\/www.abrima.com\/blog\/5-tendencias-en-diseno-web-para-que-no-te-quedes-atras-en-2016\/#webpage"},"wordCount":1273,"commentCount":0,"publisher":{"@id":"https:\/\/www.abrima.com\/blog\/#organization"},"image":{"@id":"https:\/\/www.abrima.com\/blog\/5-tendencias-en-diseno-web-para-que-no-te-quedes-atras-en-2016\/#primaryimage"},"thumbnailUrl":"http:\/\/blixt.tv\/wp-content\/uploads\/2015\/12\/tendencias-diseno-web-2016-portada.jpg","articleSection":["Otros"],"inLanguage":"es","potentialAction":[{"@type":"CommentAction","name":"Comment","target":["https:\/\/www.abrima.com\/blog\/5-tendencias-en-diseno-web-para-que-no-te-quedes-atras-en-2016\/#respond"]}]},{"@type":"Person","@id":"https:\/\/www.abrima.com\/blog\/#\/schema\/person\/b768d5411164cb8b8d58f72cdf4e11e8","name":"Abrima","image":{"@type":"ImageObject","inLanguage":"es","@id":"https:\/\/www.abrima.com\/blog\/#\/schema\/person\/image\/","url":"https:\/\/secure.gravatar.com\/avatar\/5cc72c9c6b371583c943a070dff20409?s=96&d=mm&r=g","contentUrl":"https:\/\/secure.gravatar.com\/avatar\/5cc72c9c6b371583c943a070dff20409?s=96&d=mm&r=g","caption":"Abrima"},"url":"https:\/\/www.abrima.com\/blog\/author\/abrima\/"}]}},"amp_enabled":true,"_links":{"self":[{"href":"https:\/\/www.abrima.com\/blog\/wp-json\/wp\/v2\/posts\/3668"}],"collection":[{"href":"https:\/\/www.abrima.com\/blog\/wp-json\/wp\/v2\/posts"}],"about":[{"href":"https:\/\/www.abrima.com\/blog\/wp-json\/wp\/v2\/types\/post"}],"author":[{"embeddable":true,"href":"https:\/\/www.abrima.com\/blog\/wp-json\/wp\/v2\/users\/1"}],"replies":[{"embeddable":true,"href":"https:\/\/www.abrima.com\/blog\/wp-json\/wp\/v2\/comments?post=3668"}],"version-history":[{"count":1,"href":"https:\/\/www.abrima.com\/blog\/wp-json\/wp\/v2\/posts\/3668\/revisions"}],"predecessor-version":[{"id":3669,"href":"https:\/\/www.abrima.com\/blog\/wp-json\/wp\/v2\/posts\/3668\/revisions\/3669"}],"wp:attachment":[{"href":"https:\/\/www.abrima.com\/blog\/wp-json\/wp\/v2\/media?parent=3668"}],"wp:term":[{"taxonomy":"category","embeddable":true,"href":"https:\/\/www.abrima.com\/blog\/wp-json\/wp\/v2\/categories?post=3668"},{"taxonomy":"post_tag","embeddable":true,"href":"https:\/\/www.abrima.com\/blog\/wp-json\/wp\/v2\/tags?post=3668"}],"curies":[{"name":"wp","href":"https:\/\/api.w.org\/{rel}","templated":true}]}}