{"id":3526,"date":"2015-11-06T02:14:49","date_gmt":"2015-11-06T02:14:49","guid":{"rendered":"http:\/\/www.abrima.com\/blog\/?p=3526"},"modified":"2015-11-06T06:20:04","modified_gmt":"2015-11-06T06:20:04","slug":"seminario-de-la-realidad-bibliotecologica-en-la-unmsm","status":"publish","type":"post","link":"https:\/\/www.abrima.com\/blog\/seminario-de-la-realidad-bibliotecologica-en-la-unmsm\/","title":{"rendered":"Seminario de la Realidad Bibliotecol\u00f3gica en la UNMSM"},"content":{"rendered":"<p><a href=\"http:\/\/www.abrima.com\">ABRIMA Soluciones Web<\/a> y su Director Gerente Gabriel Marticorena estuvieron presentes como invitados especiales en el Seminario de la Realidad Bibliotecol\u00f3gica exponiendo sobre Google Apps para la Educaci\u00f3n y la Investigaci\u00f3n. Este evento se realizo el 28 de octubre en la facultad de Letras y Ciencias Humanas de la Universidad Nacional Mayor de San Marcos.<\/p>\n<p><a href=\"http:\/\/www.abrima.com\/blog\/wp-content\/uploads\/2015\/11\/00.jpg\"><img loading=\"lazy\" class=\"alignnone size-full wp-image-3527\" src=\"http:\/\/www.abrima.com\/blog\/wp-content\/uploads\/2015\/11\/00.jpg\" alt=\"00\" width=\"850\" height=\"697\" srcset=\"https:\/\/www.abrima.com\/blog\/wp-content\/uploads\/2015\/11\/00.jpg 850w, https:\/\/www.abrima.com\/blog\/wp-content\/uploads\/2015\/11\/00-300x246.jpg 300w, https:\/\/www.abrima.com\/blog\/wp-content\/uploads\/2015\/11\/00-50x41.jpg 50w\" sizes=\"(max-width: 850px) 100vw, 850px\" \/><\/a><\/p>\n<p>Gabriel comenzando su ponencia sobre Google Apps.<\/p>\n<p>&nbsp;<\/p>\n<p><a href=\"http:\/\/www.abrima.com\/blog\/wp-content\/uploads\/2015\/11\/01.jpg\"><img loading=\"lazy\" class=\"alignnone size-full wp-image-3528\" src=\"http:\/\/www.abrima.com\/blog\/wp-content\/uploads\/2015\/11\/01.jpg\" alt=\"01\" width=\"865\" height=\"774\" srcset=\"https:\/\/www.abrima.com\/blog\/wp-content\/uploads\/2015\/11\/01.jpg 865w, https:\/\/www.abrima.com\/blog\/wp-content\/uploads\/2015\/11\/01-300x268.jpg 300w, https:\/\/www.abrima.com\/blog\/wp-content\/uploads\/2015\/11\/01-50x45.jpg 50w\" sizes=\"(max-width: 865px) 100vw, 865px\" \/><\/a><\/p>\n<p>Gabriel demostrando el uso del Fido Token USB para brindar seguridad adicional a Google Apps.<\/p>\n<p>&nbsp;<\/p>\n<p>&nbsp;<\/p>\n<p><a href=\"http:\/\/www.abrima.com\/blog\/wp-content\/uploads\/2015\/11\/02.jpg\"><img loading=\"lazy\" class=\"alignnone size-full wp-image-3529\" src=\"http:\/\/www.abrima.com\/blog\/wp-content\/uploads\/2015\/11\/02.jpg\" alt=\"02\" width=\"898\" height=\"963\" srcset=\"https:\/\/www.abrima.com\/blog\/wp-content\/uploads\/2015\/11\/02.jpg 898w, https:\/\/www.abrima.com\/blog\/wp-content\/uploads\/2015\/11\/02-280x300.jpg 280w, https:\/\/www.abrima.com\/blog\/wp-content\/uploads\/2015\/11\/02-47x50.jpg 47w\" sizes=\"(max-width: 898px) 100vw, 898px\" \/><\/a><\/p>\n<p>Gabriel hablando sobre Google Apps y la Nube.<\/p>\n<p>&nbsp;<\/p>\n<p><a href=\"http:\/\/www.abrima.com\/blog\/wp-content\/uploads\/2015\/11\/MG_1206.jpg\"><img loading=\"lazy\" class=\"alignnone size-full wp-image-3539\" src=\"http:\/\/www.abrima.com\/blog\/wp-content\/uploads\/2015\/11\/MG_1206.jpg\" alt=\"_MG_1206\" width=\"1936\" height=\"1288\" srcset=\"https:\/\/www.abrima.com\/blog\/wp-content\/uploads\/2015\/11\/MG_1206.jpg 1936w, https:\/\/www.abrima.com\/blog\/wp-content\/uploads\/2015\/11\/MG_1206-300x200.jpg 300w, https:\/\/www.abrima.com\/blog\/wp-content\/uploads\/2015\/11\/MG_1206-1024x681.jpg 1024w, https:\/\/www.abrima.com\/blog\/wp-content\/uploads\/2015\/11\/MG_1206-50x33.jpg 50w\" sizes=\"(max-width: 1936px) 100vw, 1936px\" \/><\/a><\/p>\n<p>Gran numero de asistentes durante la ponencia.<\/p>\n<p>&nbsp;<\/p>\n<p><a href=\"http:\/\/www.abrima.com\/blog\/wp-content\/uploads\/2015\/11\/03.jpg\"><img loading=\"lazy\" class=\"alignnone size-full wp-image-3530\" src=\"http:\/\/www.abrima.com\/blog\/wp-content\/uploads\/2015\/11\/03.jpg\" alt=\"03\" width=\"960\" height=\"720\" srcset=\"https:\/\/www.abrima.com\/blog\/wp-content\/uploads\/2015\/11\/03.jpg 960w, https:\/\/www.abrima.com\/blog\/wp-content\/uploads\/2015\/11\/03-300x225.jpg 300w, https:\/\/www.abrima.com\/blog\/wp-content\/uploads\/2015\/11\/03-50x38.jpg 50w\" sizes=\"(max-width: 960px) 100vw, 960px\" \/><\/a><\/p>\n<p>Gabriel detallando las soluciones que ofrece Google Apps.<\/p>\n<p>&nbsp;<\/p>\n<p><a href=\"http:\/\/www.abrima.com\/blog\/wp-content\/uploads\/2015\/11\/04.jpg\"><img loading=\"lazy\" class=\"alignnone size-full wp-image-3531\" src=\"http:\/\/www.abrima.com\/blog\/wp-content\/uploads\/2015\/11\/04.jpg\" alt=\"04\" width=\"845\" height=\"730\" srcset=\"https:\/\/www.abrima.com\/blog\/wp-content\/uploads\/2015\/11\/04.jpg 845w, https:\/\/www.abrima.com\/blog\/wp-content\/uploads\/2015\/11\/04-300x259.jpg 300w, https:\/\/www.abrima.com\/blog\/wp-content\/uploads\/2015\/11\/04-50x43.jpg 50w\" sizes=\"(max-width: 845px) 100vw, 845px\" \/><\/a><\/p>\n<p>Gabriel hablando sobre Gmail.<\/p>\n<p>&nbsp;<\/p>\n<p>&nbsp;<\/p>\n<p><a href=\"http:\/\/www.abrima.com\/blog\/wp-content\/uploads\/2015\/11\/05.jpg\"><img loading=\"lazy\" class=\"alignnone size-full wp-image-3532\" src=\"http:\/\/www.abrima.com\/blog\/wp-content\/uploads\/2015\/11\/05.jpg\" alt=\"05\" width=\"1020\" height=\"746\" srcset=\"https:\/\/www.abrima.com\/blog\/wp-content\/uploads\/2015\/11\/05.jpg 1020w, https:\/\/www.abrima.com\/blog\/wp-content\/uploads\/2015\/11\/05-300x219.jpg 300w, https:\/\/www.abrima.com\/blog\/wp-content\/uploads\/2015\/11\/05-50x37.jpg 50w\" sizes=\"(max-width: 1020px) 100vw, 1020px\" \/><\/a><\/p>\n<p>Gabriel hablando sobre Google Drive.<\/p>\n<p>&nbsp;<\/p>\n<p><a href=\"http:\/\/www.abrima.com\/blog\/wp-content\/uploads\/2015\/11\/06.jpg\"><img loading=\"lazy\" class=\"alignnone size-full wp-image-3533\" src=\"http:\/\/www.abrima.com\/blog\/wp-content\/uploads\/2015\/11\/06.jpg\" alt=\"06\" width=\"817\" height=\"612\" srcset=\"https:\/\/www.abrima.com\/blog\/wp-content\/uploads\/2015\/11\/06.jpg 817w, https:\/\/www.abrima.com\/blog\/wp-content\/uploads\/2015\/11\/06-300x225.jpg 300w, https:\/\/www.abrima.com\/blog\/wp-content\/uploads\/2015\/11\/06-50x37.jpg 50w\" sizes=\"(max-width: 817px) 100vw, 817px\" \/><\/a><\/p>\n<p>Gabriel junto con el Dr. Ra\u00fal Hern\u00e1ndez Asensio (Investigador Instituto de Estudios Peruanos), Lic. Richard Chiroque Solano (Bibliotecologo y Educador Newton Collegue) y el Dr. Juan Rodr\u00edguez Rodr\u00edguez (Director Instituto General de Investigaci\u00f3n Universidad Nacional de Ingenier\u00eda).<\/p>\n<p>&nbsp;<\/p>\n<p><a href=\"http:\/\/www.abrima.com\/blog\/wp-content\/uploads\/2015\/11\/07.jpg\"><img loading=\"lazy\" class=\"alignnone size-full wp-image-3534\" src=\"http:\/\/www.abrima.com\/blog\/wp-content\/uploads\/2015\/11\/07.jpg\" alt=\"07\" width=\"1012\" height=\"644\" srcset=\"https:\/\/www.abrima.com\/blog\/wp-content\/uploads\/2015\/11\/07.jpg 1012w, https:\/\/www.abrima.com\/blog\/wp-content\/uploads\/2015\/11\/07-300x191.jpg 300w, https:\/\/www.abrima.com\/blog\/wp-content\/uploads\/2015\/11\/07-50x32.jpg 50w\" sizes=\"(max-width: 1012px) 100vw, 1012px\" \/><\/a><\/p>\n<p>Gabriel junto con los ponentes y alumnos de Bibliotecolog\u00eda y Ciencias de la Informaci\u00f3n.<\/p>\n<p>&nbsp;<\/p>\n<p><a href=\"http:\/\/www.abrima.com\/blog\/wp-content\/uploads\/2015\/11\/08.jpg\"><img loading=\"lazy\" class=\"alignnone size-full wp-image-3535\" src=\"http:\/\/www.abrima.com\/blog\/wp-content\/uploads\/2015\/11\/08.jpg\" alt=\"08\" width=\"406\" height=\"518\" srcset=\"https:\/\/www.abrima.com\/blog\/wp-content\/uploads\/2015\/11\/08.jpg 406w, https:\/\/www.abrima.com\/blog\/wp-content\/uploads\/2015\/11\/08-235x300.jpg 235w, https:\/\/www.abrima.com\/blog\/wp-content\/uploads\/2015\/11\/08-39x50.jpg 39w\" sizes=\"(max-width: 406px) 100vw, 406px\" \/><\/a><\/p>\n<p>Gabriel recibiendo diploma y presente como invitado especial.<\/p>\n<p>&nbsp;<\/p>\n<p><a href=\"http:\/\/www.abrima.com\/blog\/wp-content\/uploads\/2015\/11\/10.jpg\"><img loading=\"lazy\" class=\"alignnone size-full wp-image-3536\" src=\"http:\/\/www.abrima.com\/blog\/wp-content\/uploads\/2015\/11\/10.jpg\" alt=\"10\" width=\"1024\" height=\"729\" srcset=\"https:\/\/www.abrima.com\/blog\/wp-content\/uploads\/2015\/11\/10.jpg 1024w, https:\/\/www.abrima.com\/blog\/wp-content\/uploads\/2015\/11\/10-300x214.jpg 300w, https:\/\/www.abrima.com\/blog\/wp-content\/uploads\/2015\/11\/10-50x36.jpg 50w\" sizes=\"(max-width: 1024px) 100vw, 1024px\" \/><\/a><\/p>\n<p>Diploma de participaci\u00f3n en calidad de invitado especial.<\/p>\n","protected":false},"excerpt":{"rendered":"<p>ABRIMA Soluciones Web y su Director Gerente Gabriel Marticorena estuvieron presentes como invitados especiales en el Seminario de la Realidad Bibliotecol\u00f3gica exponiendo sobre Google Apps [&hellip;]<\/p>\n","protected":false},"author":1,"featured_media":0,"comment_status":"open","ping_status":"open","sticky":false,"template":"","format":"standard","meta":{"_monsterinsights_skip_tracking":false,"_monsterinsights_sitenote_active":false,"_monsterinsights_sitenote_note":"","_monsterinsights_sitenote_category":0},"categories":[11],"tags":[],"yoast_head":"<!-- This site is optimized with the Yoast SEO plugin v19.1 - https:\/\/yoast.com\/wordpress\/plugins\/seo\/ -->\n<title>Seminario de la Realidad Bibliotecol\u00f3gica en la UNMSM - Blog de Tecnolog\u00eda - Abrima<\/title>\n<meta name=\"robots\" content=\"index, follow, max-snippet:-1, max-image-preview:large, max-video-preview:-1\" \/>\n<link rel=\"canonical\" href=\"https:\/\/www.abrima.com\/blog\/seminario-de-la-realidad-bibliotecologica-en-la-unmsm\/\" \/>\n<meta property=\"og:locale\" content=\"es_ES\" \/>\n<meta property=\"og:type\" content=\"article\" \/>\n<meta property=\"og:title\" content=\"Seminario de la Realidad Bibliotecol\u00f3gica en la UNMSM - Blog de Tecnolog\u00eda - Abrima\" \/>\n<meta property=\"og:description\" content=\"ABRIMA Soluciones Web y su Director Gerente Gabriel Marticorena estuvieron presentes como invitados especiales en el Seminario de la Realidad Bibliotecol\u00f3gica exponiendo sobre Google Apps [&hellip;]\" \/>\n<meta property=\"og:url\" content=\"https:\/\/www.abrima.com\/blog\/seminario-de-la-realidad-bibliotecologica-en-la-unmsm\/\" \/>\n<meta property=\"og:site_name\" content=\"Blog de Tecnolog\u00eda - Abrima\" \/>\n<meta property=\"article:publisher\" content=\"https:\/\/www.facebook.com\/abrimawebs\/\" \/>\n<meta property=\"article:published_time\" content=\"2015-11-06T02:14:49+00:00\" \/>\n<meta property=\"article:modified_time\" content=\"2015-11-06T06:20:04+00:00\" \/>\n<meta property=\"og:image\" content=\"http:\/\/www.abrima.com\/blog\/wp-content\/uploads\/2015\/11\/00.jpg\" \/>\n<meta name=\"twitter:label1\" content=\"Escrito por\" \/>\n\t<meta name=\"twitter:data1\" content=\"Abrima\" \/>\n\t<meta name=\"twitter:label2\" content=\"Tiempo de lectura\" \/>\n\t<meta name=\"twitter:data2\" content=\"1 minuto\" \/>\n<script type=\"application\/ld+json\" class=\"yoast-schema-graph\">{\"@context\":\"https:\/\/schema.org\",\"@graph\":[{\"@type\":\"Organization\",\"@id\":\"https:\/\/www.abrima.com\/blog\/#organization\",\"name\":\"Abrima\",\"url\":\"https:\/\/www.abrima.com\/blog\/\",\"sameAs\":[\"https:\/\/www.linkedin.com\/company\/abrima-soluciones-web\/\",\"https:\/\/www.youtube.com\/user\/abrimawebs\",\"https:\/\/www.facebook.com\/abrimawebs\/\",\"https:\/\/twitter.com\/abrimaweb\"],\"logo\":{\"@type\":\"ImageObject\",\"inLanguage\":\"es\",\"@id\":\"https:\/\/www.abrima.com\/blog\/#\/schema\/logo\/image\/\",\"url\":\"https:\/\/www.abrima.com\/blog\/wp-content\/uploads\/2018\/03\/abrima-logo.png\",\"contentUrl\":\"https:\/\/www.abrima.com\/blog\/wp-content\/uploads\/2018\/03\/abrima-logo.png\",\"width\":700,\"height\":700,\"caption\":\"Abrima\"},\"image\":{\"@id\":\"https:\/\/www.abrima.com\/blog\/#\/schema\/logo\/image\/\"}},{\"@type\":\"WebSite\",\"@id\":\"https:\/\/www.abrima.com\/blog\/#website\",\"url\":\"https:\/\/www.abrima.com\/blog\/\",\"name\":\"Blog de Tecnolog\u00eda - Abrima\",\"description\":\"Blog sobre todo lo relacionado con Cloud, Marketing Digital y Web\",\"publisher\":{\"@id\":\"https:\/\/www.abrima.com\/blog\/#organization\"},\"potentialAction\":[{\"@type\":\"SearchAction\",\"target\":{\"@type\":\"EntryPoint\",\"urlTemplate\":\"https:\/\/www.abrima.com\/blog\/?s={search_term_string}\"},\"query-input\":\"required name=search_term_string\"}],\"inLanguage\":\"es\"},{\"@type\":\"ImageObject\",\"inLanguage\":\"es\",\"@id\":\"https:\/\/www.abrima.com\/blog\/seminario-de-la-realidad-bibliotecologica-en-la-unmsm\/#primaryimage\",\"url\":\"http:\/\/www.abrima.com\/blog\/wp-content\/uploads\/2015\/11\/00.jpg\",\"contentUrl\":\"http:\/\/www.abrima.com\/blog\/wp-content\/uploads\/2015\/11\/00.jpg\"},{\"@type\":\"WebPage\",\"@id\":\"https:\/\/www.abrima.com\/blog\/seminario-de-la-realidad-bibliotecologica-en-la-unmsm\/#webpage\",\"url\":\"https:\/\/www.abrima.com\/blog\/seminario-de-la-realidad-bibliotecologica-en-la-unmsm\/\",\"name\":\"Seminario de la Realidad Bibliotecol\u00f3gica en la UNMSM - Blog de Tecnolog\u00eda - Abrima\",\"isPartOf\":{\"@id\":\"https:\/\/www.abrima.com\/blog\/#website\"},\"primaryImageOfPage\":{\"@id\":\"https:\/\/www.abrima.com\/blog\/seminario-de-la-realidad-bibliotecologica-en-la-unmsm\/#primaryimage\"},\"datePublished\":\"2015-11-06T02:14:49+00:00\",\"dateModified\":\"2015-11-06T06:20:04+00:00\",\"breadcrumb\":{\"@id\":\"https:\/\/www.abrima.com\/blog\/seminario-de-la-realidad-bibliotecologica-en-la-unmsm\/#breadcrumb\"},\"inLanguage\":\"es\",\"potentialAction\":[{\"@type\":\"ReadAction\",\"target\":[\"https:\/\/www.abrima.com\/blog\/seminario-de-la-realidad-bibliotecologica-en-la-unmsm\/\"]}]},{\"@type\":\"BreadcrumbList\",\"@id\":\"https:\/\/www.abrima.com\/blog\/seminario-de-la-realidad-bibliotecologica-en-la-unmsm\/#breadcrumb\",\"itemListElement\":[{\"@type\":\"ListItem\",\"position\":1,\"name\":\"Portada\",\"item\":\"https:\/\/www.abrima.com\/blog\/\"},{\"@type\":\"ListItem\",\"position\":2,\"name\":\"Seminario de la Realidad Bibliotecol\u00f3gica en la UNMSM\"}]},{\"@type\":\"Article\",\"@id\":\"https:\/\/www.abrima.com\/blog\/seminario-de-la-realidad-bibliotecologica-en-la-unmsm\/#article\",\"isPartOf\":{\"@id\":\"https:\/\/www.abrima.com\/blog\/seminario-de-la-realidad-bibliotecologica-en-la-unmsm\/#webpage\"},\"author\":{\"@id\":\"https:\/\/www.abrima.com\/blog\/#\/schema\/person\/b768d5411164cb8b8d58f72cdf4e11e8\"},\"headline\":\"Seminario de la Realidad Bibliotecol\u00f3gica en la UNMSM\",\"datePublished\":\"2015-11-06T02:14:49+00:00\",\"dateModified\":\"2015-11-06T06:20:04+00:00\",\"mainEntityOfPage\":{\"@id\":\"https:\/\/www.abrima.com\/blog\/seminario-de-la-realidad-bibliotecologica-en-la-unmsm\/#webpage\"},\"wordCount\":208,\"commentCount\":0,\"publisher\":{\"@id\":\"https:\/\/www.abrima.com\/blog\/#organization\"},\"image\":{\"@id\":\"https:\/\/www.abrima.com\/blog\/seminario-de-la-realidad-bibliotecologica-en-la-unmsm\/#primaryimage\"},\"thumbnailUrl\":\"http:\/\/www.abrima.com\/blog\/wp-content\/uploads\/2015\/11\/00.jpg\",\"articleSection\":[\"Google Apps\"],\"inLanguage\":\"es\",\"potentialAction\":[{\"@type\":\"CommentAction\",\"name\":\"Comment\",\"target\":[\"https:\/\/www.abrima.com\/blog\/seminario-de-la-realidad-bibliotecologica-en-la-unmsm\/#respond\"]}]},{\"@type\":\"Person\",\"@id\":\"https:\/\/www.abrima.com\/blog\/#\/schema\/person\/b768d5411164cb8b8d58f72cdf4e11e8\",\"name\":\"Abrima\",\"image\":{\"@type\":\"ImageObject\",\"inLanguage\":\"es\",\"@id\":\"https:\/\/www.abrima.com\/blog\/#\/schema\/person\/image\/\",\"url\":\"https:\/\/secure.gravatar.com\/avatar\/5cc72c9c6b371583c943a070dff20409?s=96&d=mm&r=g\",\"contentUrl\":\"https:\/\/secure.gravatar.com\/avatar\/5cc72c9c6b371583c943a070dff20409?s=96&d=mm&r=g\",\"caption\":\"Abrima\"},\"url\":\"https:\/\/www.abrima.com\/blog\/author\/abrima\/\"}]}<\/script>\n<!-- \/ Yoast SEO plugin. -->","yoast_head_json":{"title":"Seminario de la Realidad Bibliotecol\u00f3gica en la UNMSM - Blog de Tecnolog\u00eda - Abrima","robots":{"index":"index","follow":"follow","max-snippet":"max-snippet:-1","max-image-preview":"max-image-preview:large","max-video-preview":"max-video-preview:-1"},"canonical":"https:\/\/www.abrima.com\/blog\/seminario-de-la-realidad-bibliotecologica-en-la-unmsm\/","og_locale":"es_ES","og_type":"article","og_title":"Seminario de la Realidad Bibliotecol\u00f3gica en la UNMSM - Blog de Tecnolog\u00eda - Abrima","og_description":"ABRIMA Soluciones Web y su Director Gerente Gabriel Marticorena estuvieron presentes como invitados especiales en el Seminario de la Realidad Bibliotecol\u00f3gica exponiendo sobre Google Apps [&hellip;]","og_url":"https:\/\/www.abrima.com\/blog\/seminario-de-la-realidad-bibliotecologica-en-la-unmsm\/","og_site_name":"Blog de Tecnolog\u00eda - Abrima","article_publisher":"https:\/\/www.facebook.com\/abrimawebs\/","article_published_time":"2015-11-06T02:14:49+00:00","article_modified_time":"2015-11-06T06:20:04+00:00","og_image":[{"url":"http:\/\/www.abrima.com\/blog\/wp-content\/uploads\/2015\/11\/00.jpg"}],"twitter_misc":{"Escrito por":"Abrima","Tiempo de lectura":"1 minuto"},"schema":{"@context":"https:\/\/schema.org","@graph":[{"@type":"Organization","@id":"https:\/\/www.abrima.com\/blog\/#organization","name":"Abrima","url":"https:\/\/www.abrima.com\/blog\/","sameAs":["https:\/\/www.linkedin.com\/company\/abrima-soluciones-web\/","https:\/\/www.youtube.com\/user\/abrimawebs","https:\/\/www.facebook.com\/abrimawebs\/","https:\/\/twitter.com\/abrimaweb"],"logo":{"@type":"ImageObject","inLanguage":"es","@id":"https:\/\/www.abrima.com\/blog\/#\/schema\/logo\/image\/","url":"https:\/\/www.abrima.com\/blog\/wp-content\/uploads\/2018\/03\/abrima-logo.png","contentUrl":"https:\/\/www.abrima.com\/blog\/wp-content\/uploads\/2018\/03\/abrima-logo.png","width":700,"height":700,"caption":"Abrima"},"image":{"@id":"https:\/\/www.abrima.com\/blog\/#\/schema\/logo\/image\/"}},{"@type":"WebSite","@id":"https:\/\/www.abrima.com\/blog\/#website","url":"https:\/\/www.abrima.com\/blog\/","name":"Blog de Tecnolog\u00eda - Abrima","description":"Blog sobre todo lo relacionado con Cloud, Marketing Digital y Web","publisher":{"@id":"https:\/\/www.abrima.com\/blog\/#organization"},"potentialAction":[{"@type":"SearchAction","target":{"@type":"EntryPoint","urlTemplate":"https:\/\/www.abrima.com\/blog\/?s={search_term_string}"},"query-input":"required name=search_term_string"}],"inLanguage":"es"},{"@type":"ImageObject","inLanguage":"es","@id":"https:\/\/www.abrima.com\/blog\/seminario-de-la-realidad-bibliotecologica-en-la-unmsm\/#primaryimage","url":"http:\/\/www.abrima.com\/blog\/wp-content\/uploads\/2015\/11\/00.jpg","contentUrl":"http:\/\/www.abrima.com\/blog\/wp-content\/uploads\/2015\/11\/00.jpg"},{"@type":"WebPage","@id":"https:\/\/www.abrima.com\/blog\/seminario-de-la-realidad-bibliotecologica-en-la-unmsm\/#webpage","url":"https:\/\/www.abrima.com\/blog\/seminario-de-la-realidad-bibliotecologica-en-la-unmsm\/","name":"Seminario de la Realidad Bibliotecol\u00f3gica en la UNMSM - Blog de Tecnolog\u00eda - Abrima","isPartOf":{"@id":"https:\/\/www.abrima.com\/blog\/#website"},"primaryImageOfPage":{"@id":"https:\/\/www.abrima.com\/blog\/seminario-de-la-realidad-bibliotecologica-en-la-unmsm\/#primaryimage"},"datePublished":"2015-11-06T02:14:49+00:00","dateModified":"2015-11-06T06:20:04+00:00","breadcrumb":{"@id":"https:\/\/www.abrima.com\/blog\/seminario-de-la-realidad-bibliotecologica-en-la-unmsm\/#breadcrumb"},"inLanguage":"es","potentialAction":[{"@type":"ReadAction","target":["https:\/\/www.abrima.com\/blog\/seminario-de-la-realidad-bibliotecologica-en-la-unmsm\/"]}]},{"@type":"BreadcrumbList","@id":"https:\/\/www.abrima.com\/blog\/seminario-de-la-realidad-bibliotecologica-en-la-unmsm\/#breadcrumb","itemListElement":[{"@type":"ListItem","position":1,"name":"Portada","item":"https:\/\/www.abrima.com\/blog\/"},{"@type":"ListItem","position":2,"name":"Seminario de la Realidad Bibliotecol\u00f3gica en la UNMSM"}]},{"@type":"Article","@id":"https:\/\/www.abrima.com\/blog\/seminario-de-la-realidad-bibliotecologica-en-la-unmsm\/#article","isPartOf":{"@id":"https:\/\/www.abrima.com\/blog\/seminario-de-la-realidad-bibliotecologica-en-la-unmsm\/#webpage"},"author":{"@id":"https:\/\/www.abrima.com\/blog\/#\/schema\/person\/b768d5411164cb8b8d58f72cdf4e11e8"},"headline":"Seminario de la Realidad Bibliotecol\u00f3gica en la UNMSM","datePublished":"2015-11-06T02:14:49+00:00","dateModified":"2015-11-06T06:20:04+00:00","mainEntityOfPage":{"@id":"https:\/\/www.abrima.com\/blog\/seminario-de-la-realidad-bibliotecologica-en-la-unmsm\/#webpage"},"wordCount":208,"commentCount":0,"publisher":{"@id":"https:\/\/www.abrima.com\/blog\/#organization"},"image":{"@id":"https:\/\/www.abrima.com\/blog\/seminario-de-la-realidad-bibliotecologica-en-la-unmsm\/#primaryimage"},"thumbnailUrl":"http:\/\/www.abrima.com\/blog\/wp-content\/uploads\/2015\/11\/00.jpg","articleSection":["Google Apps"],"inLanguage":"es","potentialAction":[{"@type":"CommentAction","name":"Comment","target":["https:\/\/www.abrima.com\/blog\/seminario-de-la-realidad-bibliotecologica-en-la-unmsm\/#respond"]}]},{"@type":"Person","@id":"https:\/\/www.abrima.com\/blog\/#\/schema\/person\/b768d5411164cb8b8d58f72cdf4e11e8","name":"Abrima","image":{"@type":"ImageObject","inLanguage":"es","@id":"https:\/\/www.abrima.com\/blog\/#\/schema\/person\/image\/","url":"https:\/\/secure.gravatar.com\/avatar\/5cc72c9c6b371583c943a070dff20409?s=96&d=mm&r=g","contentUrl":"https:\/\/secure.gravatar.com\/avatar\/5cc72c9c6b371583c943a070dff20409?s=96&d=mm&r=g","caption":"Abrima"},"url":"https:\/\/www.abrima.com\/blog\/author\/abrima\/"}]}},"amp_enabled":true,"_links":{"self":[{"href":"https:\/\/www.abrima.com\/blog\/wp-json\/wp\/v2\/posts\/3526"}],"collection":[{"href":"https:\/\/www.abrima.com\/blog\/wp-json\/wp\/v2\/posts"}],"about":[{"href":"https:\/\/www.abrima.com\/blog\/wp-json\/wp\/v2\/types\/post"}],"author":[{"embeddable":true,"href":"https:\/\/www.abrima.com\/blog\/wp-json\/wp\/v2\/users\/1"}],"replies":[{"embeddable":true,"href":"https:\/\/www.abrima.com\/blog\/wp-json\/wp\/v2\/comments?post=3526"}],"version-history":[{"count":2,"href":"https:\/\/www.abrima.com\/blog\/wp-json\/wp\/v2\/posts\/3526\/revisions"}],"predecessor-version":[{"id":3540,"href":"https:\/\/www.abrima.com\/blog\/wp-json\/wp\/v2\/posts\/3526\/revisions\/3540"}],"wp:attachment":[{"href":"https:\/\/www.abrima.com\/blog\/wp-json\/wp\/v2\/media?parent=3526"}],"wp:term":[{"taxonomy":"category","embeddable":true,"href":"https:\/\/www.abrima.com\/blog\/wp-json\/wp\/v2\/categories?post=3526"},{"taxonomy":"post_tag","embeddable":true,"href":"https:\/\/www.abrima.com\/blog\/wp-json\/wp\/v2\/tags?post=3526"}],"curies":[{"name":"wp","href":"https:\/\/api.w.org\/{rel}","templated":true}]}}