{"id":3520,"date":"2015-11-05T20:57:15","date_gmt":"2015-11-05T20:57:15","guid":{"rendered":"http:\/\/www.abrima.com\/blog\/?p=3520"},"modified":"2015-11-05T20:57:15","modified_gmt":"2015-11-05T20:57:15","slug":"mil-millones-de-usuarios-se-conectan-a-facebook-al-dia-casi-un-90-desde-dispositivos-moviles","status":"publish","type":"post","link":"https:\/\/www.abrima.com\/blog\/mil-millones-de-usuarios-se-conectan-a-facebook-al-dia-casi-un-90-desde-dispositivos-moviles\/","title":{"rendered":"Mil millones de usuarios se conectan a Facebook al d\u00eda; casi un 90% desde dispositivos m\u00f3viles"},"content":{"rendered":"<p><img loading=\"lazy\" class=\"aligncenter  wp-image-236270\" src=\"http:\/\/wwwhatsnew.com\/wp-content\/uploads\/2015\/09\/facebook_2015_logo-730x253.png\" alt=\"facebook_2015_logo\" width=\"589\" height=\"204\" \/><\/p>\n<p>En las \u00faltimas horas, Facebook ha presentado los resultados correspondientes al tercer trimestre fiscal del a\u00f1o. Adem\u00e1s, ha compartido tambi\u00e9n una serie de cifras que demuestran el crecimiento de la red social.<\/p>\n<p>En primer lugar, es importante destacar que <strong>Facebook cuenta ya con 1.500 millones de usuarios activos mensuales, una cifra que supone un crecimiento del 14% respecto al a\u00f1o anterior<\/strong>. Adem\u00e1s, 1.390 millones de estos usuarios visitan la red social desde sus smartphones o tablets, lo que supone un aumento del 23% respecto al a\u00f1o pasado. Por si eso fuera poco, desde la compa\u00f1\u00eda han confirmado que <strong>ya son 1.000 millones los usuarios que se conectan a la red social cada d\u00eda, un 17% m\u00e1s que cada d\u00eda del pasado 2014<\/strong>. Si echamos la vista atr\u00e1s, Facebook anunci\u00f3 haber superado por primera vez los 1000 millones de usuarios activos en un solo d\u00eda el<a title=\"Por primera vez, mil millones de usuarios se conectaron a Facebook en un mismo d\u00eda\" href=\"http:\/\/wwwhatsnew.com\/2015\/08\/28\/por-primera-vez-mil-millones-de-usuarios-se-conectaron-a-facebook-en-un-mismo-dia\/\" target=\"_blank\">pasado mes de agosto<\/a>, algo de lo que os hablamos por aquel entonces. Por \u00faltimo, de los 1.000 millones de usuarios que se conectan a Facebook a diario, 894 millones lo hacen desde sus dispositivos m\u00f3viles.<\/p>\n<p>Adem\u00e1s, Facebook ha aprovechado para recalcar los esfuerzos de la compa\u00f1\u00eda para convertir la red social en un lugar al que los usuarios accedan cuando quieran ver v\u00eddeos. <strong>Actualmente, Facebook ya cuenta con 8.000 millones de visualizaciones diarias<\/strong>.<\/p>\n<p>Fuente:<a href=\"http:\/\/wwwhatsnew.com\/2015\/11\/05\/mil-millones-de-usuarios-se-conectan-a-facebook-al-dia-casi-un-90-desde-dispositivos-moviles\/\"> wwwhatsnew.com<\/a><\/p>\n","protected":false},"excerpt":{"rendered":"<p>En las \u00faltimas horas, Facebook ha presentado los resultados correspondientes al tercer trimestre fiscal del a\u00f1o. Adem\u00e1s, ha compartido tambi\u00e9n una serie de cifras que [&hellip;]<\/p>\n","protected":false},"author":2,"featured_media":0,"comment_status":"open","ping_status":"open","sticky":false,"template":"","format":"standard","meta":{"_monsterinsights_skip_tracking":false,"_monsterinsights_sitenote_active":false,"_monsterinsights_sitenote_note":"","_monsterinsights_sitenote_category":0},"categories":[9,15,16],"tags":[],"yoast_head":"<!-- This site is optimized with the Yoast SEO plugin v19.1 - https:\/\/yoast.com\/wordpress\/plugins\/seo\/ -->\n<title>Mil millones de usuarios se conectan a Facebook al d\u00eda; casi un 90% desde dispositivos m\u00f3viles - Blog de Tecnolog\u00eda - Abrima<\/title>\n<meta name=\"robots\" content=\"index, follow, max-snippet:-1, max-image-preview:large, max-video-preview:-1\" \/>\n<link rel=\"canonical\" href=\"https:\/\/www.abrima.com\/blog\/mil-millones-de-usuarios-se-conectan-a-facebook-al-dia-casi-un-90-desde-dispositivos-moviles\/\" \/>\n<meta property=\"og:locale\" content=\"es_ES\" \/>\n<meta property=\"og:type\" content=\"article\" \/>\n<meta property=\"og:title\" content=\"Mil millones de usuarios se conectan a Facebook al d\u00eda; casi un 90% desde dispositivos m\u00f3viles - Blog de Tecnolog\u00eda - Abrima\" \/>\n<meta property=\"og:description\" content=\"En las \u00faltimas horas, Facebook ha presentado los resultados correspondientes al tercer trimestre fiscal del a\u00f1o. Adem\u00e1s, ha compartido tambi\u00e9n una serie de cifras que [&hellip;]\" \/>\n<meta property=\"og:url\" content=\"https:\/\/www.abrima.com\/blog\/mil-millones-de-usuarios-se-conectan-a-facebook-al-dia-casi-un-90-desde-dispositivos-moviles\/\" \/>\n<meta property=\"og:site_name\" content=\"Blog de Tecnolog\u00eda - Abrima\" \/>\n<meta property=\"article:publisher\" content=\"https:\/\/www.facebook.com\/abrimawebs\/\" \/>\n<meta property=\"article:published_time\" content=\"2015-11-05T20:57:15+00:00\" \/>\n<meta property=\"og:image\" content=\"http:\/\/wwwhatsnew.com\/wp-content\/uploads\/2015\/09\/facebook_2015_logo-730x253.png\" \/>\n<meta name=\"twitter:label1\" content=\"Escrito por\" \/>\n\t<meta name=\"twitter:data1\" content=\"Ana Lucia Marrou\" \/>\n\t<meta name=\"twitter:label2\" content=\"Tiempo de lectura\" \/>\n\t<meta name=\"twitter:data2\" content=\"1 minuto\" \/>\n<script type=\"application\/ld+json\" class=\"yoast-schema-graph\">{\"@context\":\"https:\/\/schema.org\",\"@graph\":[{\"@type\":\"Organization\",\"@id\":\"https:\/\/www.abrima.com\/blog\/#organization\",\"name\":\"Abrima\",\"url\":\"https:\/\/www.abrima.com\/blog\/\",\"sameAs\":[\"https:\/\/www.linkedin.com\/company\/abrima-soluciones-web\/\",\"https:\/\/www.youtube.com\/user\/abrimawebs\",\"https:\/\/www.facebook.com\/abrimawebs\/\",\"https:\/\/twitter.com\/abrimaweb\"],\"logo\":{\"@type\":\"ImageObject\",\"inLanguage\":\"es\",\"@id\":\"https:\/\/www.abrima.com\/blog\/#\/schema\/logo\/image\/\",\"url\":\"https:\/\/www.abrima.com\/blog\/wp-content\/uploads\/2018\/03\/abrima-logo.png\",\"contentUrl\":\"https:\/\/www.abrima.com\/blog\/wp-content\/uploads\/2018\/03\/abrima-logo.png\",\"width\":700,\"height\":700,\"caption\":\"Abrima\"},\"image\":{\"@id\":\"https:\/\/www.abrima.com\/blog\/#\/schema\/logo\/image\/\"}},{\"@type\":\"WebSite\",\"@id\":\"https:\/\/www.abrima.com\/blog\/#website\",\"url\":\"https:\/\/www.abrima.com\/blog\/\",\"name\":\"Blog de Tecnolog\u00eda - Abrima\",\"description\":\"Blog sobre todo lo relacionado con Cloud, Marketing Digital y Web\",\"publisher\":{\"@id\":\"https:\/\/www.abrima.com\/blog\/#organization\"},\"potentialAction\":[{\"@type\":\"SearchAction\",\"target\":{\"@type\":\"EntryPoint\",\"urlTemplate\":\"https:\/\/www.abrima.com\/blog\/?s={search_term_string}\"},\"query-input\":\"required name=search_term_string\"}],\"inLanguage\":\"es\"},{\"@type\":\"ImageObject\",\"inLanguage\":\"es\",\"@id\":\"https:\/\/www.abrima.com\/blog\/mil-millones-de-usuarios-se-conectan-a-facebook-al-dia-casi-un-90-desde-dispositivos-moviles\/#primaryimage\",\"url\":\"http:\/\/wwwhatsnew.com\/wp-content\/uploads\/2015\/09\/facebook_2015_logo-730x253.png\",\"contentUrl\":\"http:\/\/wwwhatsnew.com\/wp-content\/uploads\/2015\/09\/facebook_2015_logo-730x253.png\"},{\"@type\":\"WebPage\",\"@id\":\"https:\/\/www.abrima.com\/blog\/mil-millones-de-usuarios-se-conectan-a-facebook-al-dia-casi-un-90-desde-dispositivos-moviles\/#webpage\",\"url\":\"https:\/\/www.abrima.com\/blog\/mil-millones-de-usuarios-se-conectan-a-facebook-al-dia-casi-un-90-desde-dispositivos-moviles\/\",\"name\":\"Mil millones de usuarios se conectan a Facebook al d\u00eda; casi un 90% desde dispositivos m\u00f3viles - Blog de Tecnolog\u00eda - Abrima\",\"isPartOf\":{\"@id\":\"https:\/\/www.abrima.com\/blog\/#website\"},\"primaryImageOfPage\":{\"@id\":\"https:\/\/www.abrima.com\/blog\/mil-millones-de-usuarios-se-conectan-a-facebook-al-dia-casi-un-90-desde-dispositivos-moviles\/#primaryimage\"},\"datePublished\":\"2015-11-05T20:57:15+00:00\",\"dateModified\":\"2015-11-05T20:57:15+00:00\",\"breadcrumb\":{\"@id\":\"https:\/\/www.abrima.com\/blog\/mil-millones-de-usuarios-se-conectan-a-facebook-al-dia-casi-un-90-desde-dispositivos-moviles\/#breadcrumb\"},\"inLanguage\":\"es\",\"potentialAction\":[{\"@type\":\"ReadAction\",\"target\":[\"https:\/\/www.abrima.com\/blog\/mil-millones-de-usuarios-se-conectan-a-facebook-al-dia-casi-un-90-desde-dispositivos-moviles\/\"]}]},{\"@type\":\"BreadcrumbList\",\"@id\":\"https:\/\/www.abrima.com\/blog\/mil-millones-de-usuarios-se-conectan-a-facebook-al-dia-casi-un-90-desde-dispositivos-moviles\/#breadcrumb\",\"itemListElement\":[{\"@type\":\"ListItem\",\"position\":1,\"name\":\"Portada\",\"item\":\"https:\/\/www.abrima.com\/blog\/\"},{\"@type\":\"ListItem\",\"position\":2,\"name\":\"Mil millones de usuarios se conectan a Facebook al d\u00eda; casi un 90% desde dispositivos m\u00f3viles\"}]},{\"@type\":\"Article\",\"@id\":\"https:\/\/www.abrima.com\/blog\/mil-millones-de-usuarios-se-conectan-a-facebook-al-dia-casi-un-90-desde-dispositivos-moviles\/#article\",\"isPartOf\":{\"@id\":\"https:\/\/www.abrima.com\/blog\/mil-millones-de-usuarios-se-conectan-a-facebook-al-dia-casi-un-90-desde-dispositivos-moviles\/#webpage\"},\"author\":{\"@id\":\"https:\/\/www.abrima.com\/blog\/#\/schema\/person\/70ccd8d5617e3a3d6d5121086c3bb00f\"},\"headline\":\"Mil millones de usuarios se conectan a Facebook al d\u00eda; casi un 90% desde dispositivos m\u00f3viles\",\"datePublished\":\"2015-11-05T20:57:15+00:00\",\"dateModified\":\"2015-11-05T20:57:15+00:00\",\"mainEntityOfPage\":{\"@id\":\"https:\/\/www.abrima.com\/blog\/mil-millones-de-usuarios-se-conectan-a-facebook-al-dia-casi-un-90-desde-dispositivos-moviles\/#webpage\"},\"wordCount\":243,\"commentCount\":0,\"publisher\":{\"@id\":\"https:\/\/www.abrima.com\/blog\/#organization\"},\"image\":{\"@id\":\"https:\/\/www.abrima.com\/blog\/mil-millones-de-usuarios-se-conectan-a-facebook-al-dia-casi-un-90-desde-dispositivos-moviles\/#primaryimage\"},\"thumbnailUrl\":\"http:\/\/wwwhatsnew.com\/wp-content\/uploads\/2015\/09\/facebook_2015_logo-730x253.png\",\"articleSection\":[\"Facebook\",\"Marketing Digital\",\"Redes Sociales\"],\"inLanguage\":\"es\",\"potentialAction\":[{\"@type\":\"CommentAction\",\"name\":\"Comment\",\"target\":[\"https:\/\/www.abrima.com\/blog\/mil-millones-de-usuarios-se-conectan-a-facebook-al-dia-casi-un-90-desde-dispositivos-moviles\/#respond\"]}]},{\"@type\":\"Person\",\"@id\":\"https:\/\/www.abrima.com\/blog\/#\/schema\/person\/70ccd8d5617e3a3d6d5121086c3bb00f\",\"name\":\"Ana Lucia Marrou\",\"image\":{\"@type\":\"ImageObject\",\"inLanguage\":\"es\",\"@id\":\"https:\/\/www.abrima.com\/blog\/#\/schema\/person\/image\/\",\"url\":\"https:\/\/secure.gravatar.com\/avatar\/90bc8b721d14c58be266256fd3396265?s=96&d=mm&r=g\",\"contentUrl\":\"https:\/\/secure.gravatar.com\/avatar\/90bc8b721d14c58be266256fd3396265?s=96&d=mm&r=g\",\"caption\":\"Ana Lucia Marrou\"},\"url\":\"https:\/\/www.abrima.com\/blog\/author\/anilu\/\"}]}<\/script>\n<!-- \/ Yoast SEO plugin. -->","yoast_head_json":{"title":"Mil millones de usuarios se conectan a Facebook al d\u00eda; casi un 90% desde dispositivos m\u00f3viles - Blog de Tecnolog\u00eda - Abrima","robots":{"index":"index","follow":"follow","max-snippet":"max-snippet:-1","max-image-preview":"max-image-preview:large","max-video-preview":"max-video-preview:-1"},"canonical":"https:\/\/www.abrima.com\/blog\/mil-millones-de-usuarios-se-conectan-a-facebook-al-dia-casi-un-90-desde-dispositivos-moviles\/","og_locale":"es_ES","og_type":"article","og_title":"Mil millones de usuarios se conectan a Facebook al d\u00eda; casi un 90% desde dispositivos m\u00f3viles - Blog de Tecnolog\u00eda - Abrima","og_description":"En las \u00faltimas horas, Facebook ha presentado los resultados correspondientes al tercer trimestre fiscal del a\u00f1o. Adem\u00e1s, ha compartido tambi\u00e9n una serie de cifras que [&hellip;]","og_url":"https:\/\/www.abrima.com\/blog\/mil-millones-de-usuarios-se-conectan-a-facebook-al-dia-casi-un-90-desde-dispositivos-moviles\/","og_site_name":"Blog de Tecnolog\u00eda - Abrima","article_publisher":"https:\/\/www.facebook.com\/abrimawebs\/","article_published_time":"2015-11-05T20:57:15+00:00","og_image":[{"url":"http:\/\/wwwhatsnew.com\/wp-content\/uploads\/2015\/09\/facebook_2015_logo-730x253.png"}],"twitter_misc":{"Escrito por":"Ana Lucia Marrou","Tiempo de lectura":"1 minuto"},"schema":{"@context":"https:\/\/schema.org","@graph":[{"@type":"Organization","@id":"https:\/\/www.abrima.com\/blog\/#organization","name":"Abrima","url":"https:\/\/www.abrima.com\/blog\/","sameAs":["https:\/\/www.linkedin.com\/company\/abrima-soluciones-web\/","https:\/\/www.youtube.com\/user\/abrimawebs","https:\/\/www.facebook.com\/abrimawebs\/","https:\/\/twitter.com\/abrimaweb"],"logo":{"@type":"ImageObject","inLanguage":"es","@id":"https:\/\/www.abrima.com\/blog\/#\/schema\/logo\/image\/","url":"https:\/\/www.abrima.com\/blog\/wp-content\/uploads\/2018\/03\/abrima-logo.png","contentUrl":"https:\/\/www.abrima.com\/blog\/wp-content\/uploads\/2018\/03\/abrima-logo.png","width":700,"height":700,"caption":"Abrima"},"image":{"@id":"https:\/\/www.abrima.com\/blog\/#\/schema\/logo\/image\/"}},{"@type":"WebSite","@id":"https:\/\/www.abrima.com\/blog\/#website","url":"https:\/\/www.abrima.com\/blog\/","name":"Blog de Tecnolog\u00eda - Abrima","description":"Blog sobre todo lo relacionado con Cloud, Marketing Digital y Web","publisher":{"@id":"https:\/\/www.abrima.com\/blog\/#organization"},"potentialAction":[{"@type":"SearchAction","target":{"@type":"EntryPoint","urlTemplate":"https:\/\/www.abrima.com\/blog\/?s={search_term_string}"},"query-input":"required name=search_term_string"}],"inLanguage":"es"},{"@type":"ImageObject","inLanguage":"es","@id":"https:\/\/www.abrima.com\/blog\/mil-millones-de-usuarios-se-conectan-a-facebook-al-dia-casi-un-90-desde-dispositivos-moviles\/#primaryimage","url":"http:\/\/wwwhatsnew.com\/wp-content\/uploads\/2015\/09\/facebook_2015_logo-730x253.png","contentUrl":"http:\/\/wwwhatsnew.com\/wp-content\/uploads\/2015\/09\/facebook_2015_logo-730x253.png"},{"@type":"WebPage","@id":"https:\/\/www.abrima.com\/blog\/mil-millones-de-usuarios-se-conectan-a-facebook-al-dia-casi-un-90-desde-dispositivos-moviles\/#webpage","url":"https:\/\/www.abrima.com\/blog\/mil-millones-de-usuarios-se-conectan-a-facebook-al-dia-casi-un-90-desde-dispositivos-moviles\/","name":"Mil millones de usuarios se conectan a Facebook al d\u00eda; casi un 90% desde dispositivos m\u00f3viles - Blog de Tecnolog\u00eda - Abrima","isPartOf":{"@id":"https:\/\/www.abrima.com\/blog\/#website"},"primaryImageOfPage":{"@id":"https:\/\/www.abrima.com\/blog\/mil-millones-de-usuarios-se-conectan-a-facebook-al-dia-casi-un-90-desde-dispositivos-moviles\/#primaryimage"},"datePublished":"2015-11-05T20:57:15+00:00","dateModified":"2015-11-05T20:57:15+00:00","breadcrumb":{"@id":"https:\/\/www.abrima.com\/blog\/mil-millones-de-usuarios-se-conectan-a-facebook-al-dia-casi-un-90-desde-dispositivos-moviles\/#breadcrumb"},"inLanguage":"es","potentialAction":[{"@type":"ReadAction","target":["https:\/\/www.abrima.com\/blog\/mil-millones-de-usuarios-se-conectan-a-facebook-al-dia-casi-un-90-desde-dispositivos-moviles\/"]}]},{"@type":"BreadcrumbList","@id":"https:\/\/www.abrima.com\/blog\/mil-millones-de-usuarios-se-conectan-a-facebook-al-dia-casi-un-90-desde-dispositivos-moviles\/#breadcrumb","itemListElement":[{"@type":"ListItem","position":1,"name":"Portada","item":"https:\/\/www.abrima.com\/blog\/"},{"@type":"ListItem","position":2,"name":"Mil millones de usuarios se conectan a Facebook al d\u00eda; casi un 90% desde dispositivos m\u00f3viles"}]},{"@type":"Article","@id":"https:\/\/www.abrima.com\/blog\/mil-millones-de-usuarios-se-conectan-a-facebook-al-dia-casi-un-90-desde-dispositivos-moviles\/#article","isPartOf":{"@id":"https:\/\/www.abrima.com\/blog\/mil-millones-de-usuarios-se-conectan-a-facebook-al-dia-casi-un-90-desde-dispositivos-moviles\/#webpage"},"author":{"@id":"https:\/\/www.abrima.com\/blog\/#\/schema\/person\/70ccd8d5617e3a3d6d5121086c3bb00f"},"headline":"Mil millones de usuarios se conectan a Facebook al d\u00eda; casi un 90% desde dispositivos m\u00f3viles","datePublished":"2015-11-05T20:57:15+00:00","dateModified":"2015-11-05T20:57:15+00:00","mainEntityOfPage":{"@id":"https:\/\/www.abrima.com\/blog\/mil-millones-de-usuarios-se-conectan-a-facebook-al-dia-casi-un-90-desde-dispositivos-moviles\/#webpage"},"wordCount":243,"commentCount":0,"publisher":{"@id":"https:\/\/www.abrima.com\/blog\/#organization"},"image":{"@id":"https:\/\/www.abrima.com\/blog\/mil-millones-de-usuarios-se-conectan-a-facebook-al-dia-casi-un-90-desde-dispositivos-moviles\/#primaryimage"},"thumbnailUrl":"http:\/\/wwwhatsnew.com\/wp-content\/uploads\/2015\/09\/facebook_2015_logo-730x253.png","articleSection":["Facebook","Marketing Digital","Redes Sociales"],"inLanguage":"es","potentialAction":[{"@type":"CommentAction","name":"Comment","target":["https:\/\/www.abrima.com\/blog\/mil-millones-de-usuarios-se-conectan-a-facebook-al-dia-casi-un-90-desde-dispositivos-moviles\/#respond"]}]},{"@type":"Person","@id":"https:\/\/www.abrima.com\/blog\/#\/schema\/person\/70ccd8d5617e3a3d6d5121086c3bb00f","name":"Ana Lucia Marrou","image":{"@type":"ImageObject","inLanguage":"es","@id":"https:\/\/www.abrima.com\/blog\/#\/schema\/person\/image\/","url":"https:\/\/secure.gravatar.com\/avatar\/90bc8b721d14c58be266256fd3396265?s=96&d=mm&r=g","contentUrl":"https:\/\/secure.gravatar.com\/avatar\/90bc8b721d14c58be266256fd3396265?s=96&d=mm&r=g","caption":"Ana Lucia Marrou"},"url":"https:\/\/www.abrima.com\/blog\/author\/anilu\/"}]}},"amp_enabled":true,"_links":{"self":[{"href":"https:\/\/www.abrima.com\/blog\/wp-json\/wp\/v2\/posts\/3520"}],"collection":[{"href":"https:\/\/www.abrima.com\/blog\/wp-json\/wp\/v2\/posts"}],"about":[{"href":"https:\/\/www.abrima.com\/blog\/wp-json\/wp\/v2\/types\/post"}],"author":[{"embeddable":true,"href":"https:\/\/www.abrima.com\/blog\/wp-json\/wp\/v2\/users\/2"}],"replies":[{"embeddable":true,"href":"https:\/\/www.abrima.com\/blog\/wp-json\/wp\/v2\/comments?post=3520"}],"version-history":[{"count":1,"href":"https:\/\/www.abrima.com\/blog\/wp-json\/wp\/v2\/posts\/3520\/revisions"}],"predecessor-version":[{"id":3521,"href":"https:\/\/www.abrima.com\/blog\/wp-json\/wp\/v2\/posts\/3520\/revisions\/3521"}],"wp:attachment":[{"href":"https:\/\/www.abrima.com\/blog\/wp-json\/wp\/v2\/media?parent=3520"}],"wp:term":[{"taxonomy":"category","embeddable":true,"href":"https:\/\/www.abrima.com\/blog\/wp-json\/wp\/v2\/categories?post=3520"},{"taxonomy":"post_tag","embeddable":true,"href":"https:\/\/www.abrima.com\/blog\/wp-json\/wp\/v2\/tags?post=3520"}],"curies":[{"name":"wp","href":"https:\/\/api.w.org\/{rel}","templated":true}]}}