{"id":35,"date":"2013-09-12T22:16:22","date_gmt":"2013-09-12T22:16:22","guid":{"rendered":"http:\/\/abrima.com\/blog\/?p=35"},"modified":"2013-10-19T04:53:40","modified_gmt":"2013-10-19T04:53:40","slug":"la-estrategia-el-pilar-fundamental-de-las-redes-sociales","status":"publish","type":"post","link":"https:\/\/www.abrima.com\/blog\/la-estrategia-el-pilar-fundamental-de-las-redes-sociales\/","title":{"rendered":"La estrategia, el pilar fundamental de las redes sociales"},"content":{"rendered":"<p><a href=\"http:\/\/www.trecebits.com\/wp-content\/uploads\/2013\/01\/social-calendar.jpg\"><img loading=\"lazy\" alt=\"social-calendar\" src=\"http:\/\/www.trecebits.com\/wp-content\/uploads\/2013\/01\/social-calendar-595x595.jpg\" width=\"595\" height=\"595\" \/><\/a><\/p>\n<p>Cuando una empresa considera participar en redes sociales, debe llevar a cabo una estrategia previa. En definitiva, se debe parar y reflexionar antes de lanzarse a la aventura del Social Media. Ni todas las redes nos van a interesar, ni se puede estar por estar o porque est\u00e1 de moda. Los usuarios acceden a estos entornos de una manera diferente, con distintos fines y objetivos. Y, para establecer un \u00f3ptimo contacto con ellos, hay que tratar de responder a sus expectativas.<\/p>\n<p>Por eso, un buen punto de partida es conocer qu\u00e9 diferencias existen entre los principales soportes sociales, y qu\u00e9 usos de ellos hacen los usuarios (clientes y potenciales clientes) para \u00a0romper la barrera que nos separa.<\/p>\n<p><b>Facebook<\/b><\/p>\n<p>Es, sin duda, la m\u00e1s numerosa en todo el mundo: Nada m\u00e1s y nada menos que 1.100 millones de miembros en todo el planeta. En Espa\u00f1a, supera los 17.000.000 de usuarios. Y, \u00bfqu\u00e9 hacen estas personas cuando entran en la red social? el 73% ve las actualizaciones de sus contactos y el 42% comparte fotos con ellos. Adem\u00e1s, ya pensando en los intereses corporativos, el 78% afirma haber tenido contacto con alguna marca o empresa. Y de estos, el 62% las sigue en busca de promociones, ofertas y descuentos.<\/p>\n<p><b>Twitter<\/b><\/p>\n<p>Actualmente, en nuestro pa\u00eds se estima que puede haber entre cinco y seis millones de usuarios. A nivel mundial, el dato es m\u00e1s controvertido, puesto que desde 2011 no se facilitan datos oficiales. Algunos estudios estiman que rondar\u00eda los 485 millones de miembros en el mundo.<\/p>\n<p>Con respecto al uso que se hace de esta red social destaca ver actualizaciones de los contactos, con el 62% y estar informado de temas de su inter\u00e9s, con un 44%. Adem\u00e1s, el 56% de los usuarios de esta red social ha tenido contacto con alguna empresa o marca.<\/p>\n<p>El 90% de los usuarios en Espa\u00f1a sigue a alguna marca. De ellos, el 63% lo hace para recomendar productos o servicios. El 62% comparte quejas sobre servicios y el 86% est\u00e1 dispuesto a recibir tuits de empresa.<\/p>\n<p><b>LinkedIn<\/b><\/p>\n<p>Es la principal red social profesional. Los datos son llamativos: 225 millones de usuarios registrados en LinkedIn en todo el mundo, dos millones de P\u00e1ginas de Empresas, \u00a0dos usuarios nuevos por segundo. En Espa\u00f1a, la cifra llega hasta los cuatro millones de usuarios. De ellos, el 75% utiliza la red social para b\u00fasqueda de nuevos contactos y el 93% pertenece, al menos, a un grupo.<\/p>\n<p>Aunque es conocida por su utilidad de b\u00fasqueda de empleo (ahora, tan necesario), LinkedIn es una herramienta excelente para la localizaci\u00f3n de mercado potencial y el desarrollo de estrategias que permiten generar negocio. Es, sin duda, una interesante plataforma de desarrollo de estrategias B2B.<\/p>\n<p><b>Google+<\/b><\/p>\n<p>Cuenta con m\u00e1s de 500 millones de usuarios registrados en todo el mundo. Al d\u00eda, se incorporan m\u00e1s de 625.000 miembros. El +1 se usa m\u00e1s de cinco millones de veces al d\u00eda. Las 100 mayores compa\u00f1\u00edas cuentan con m\u00e1s de 100 millones de seguidores.<\/p>\n<p>En Espa\u00f1a el top cinco de las marcas con m\u00e1s seguidores son: FC Barcelona, El Mundo, 20 Minutos, Muy Interesante y Diario Marca. Esto demuestra que los usuarios buscan informaci\u00f3n (y, teniendo en cuenta que los contenidos son indexables<b>\u00a0<\/b>por Google, y el 60% del tr\u00e1fico que llega a los sitios proviene de este buscador), a nivel corporativo, es muy interesante tener presencia en esta red social por su contribuci\u00f3n al posicionamiento SEO.<\/p>\n<p><b>Foursquare<\/b><\/p>\n<p>Es la principal red social de geolocalizaci\u00f3n. Cuenta, actualmente, con m\u00e1s de 33 millones de usuarios en el mundo; se hacen m\u00e1s de tres millones de check-ins al d\u00eda, lo que supone m\u00e1s de 2.000 al minuto. En Espa\u00f1a, las principales categor\u00edas en las que se hace m\u00e1s veces check-ins son las siguientes: Comercio (23%), Restauraci\u00f3n (17%), Transportes (17%), Centros de estudios (14%), Lugares P\u00fablicos (12%), Ocio (10%), Actividades F\u00edsicas (4%) y Turismo (3%).<\/p>\n<p>Los usuarios emplean esta red social para construir relaciones, puesto que como cualquier red social, Foursquare permite a\u00f1adir contactos, hacer comentarios sobre su actividad y mencionarles en conversaciones; Organizar los lugares que se visitan; los miembros guardan \u00a0lugares como favoritos y crean listas tem\u00e1ticas o de lugares pendientes de visitar. Y, por supuesto, dejar comentarios: Uno de los principales atractivos de esta red social es dejar tips y recomendaciones de los lugares visitados.<\/p>\n<p>En cuanto a la utilidad corporativa, con Foursquare podemos crear promociones especiales que incentiven o premien a los usuarios que accedan a nuestro negocio.<\/p>\n<p>Seguro que, despu\u00e9s de esta informaci\u00f3n, cuentas con las claves necesarias para poder elaborar tu estrategia en Redes Sociales.<\/p>\n<p>FUENTE: <a href=\"http:\/\/www.trecebits.com\/2013\/09\/12\/la-estrategia-el-pilar-fundamente-de-las-redes-sociales\/\">trecebits.com<\/a><\/p>\n","protected":false},"excerpt":{"rendered":"<p>Cuando una empresa considera participar en redes sociales, debe llevar a cabo una estrategia previa. En definitiva, se debe parar y reflexionar antes de lanzarse [&hellip;]<\/p>\n","protected":false},"author":2,"featured_media":0,"comment_status":"open","ping_status":"open","sticky":false,"template":"","format":"standard","meta":{"_monsterinsights_skip_tracking":false,"_monsterinsights_sitenote_active":false,"_monsterinsights_sitenote_note":"","_monsterinsights_sitenote_category":0},"categories":[16],"tags":[],"yoast_head":"<!-- This site is optimized with the Yoast SEO plugin v19.1 - https:\/\/yoast.com\/wordpress\/plugins\/seo\/ -->\n<title>La estrategia, el pilar fundamental de las redes sociales - Blog de Tecnolog\u00eda - Abrima<\/title>\n<meta name=\"robots\" content=\"index, follow, max-snippet:-1, max-image-preview:large, max-video-preview:-1\" \/>\n<link rel=\"canonical\" href=\"https:\/\/www.abrima.com\/blog\/la-estrategia-el-pilar-fundamental-de-las-redes-sociales\/\" \/>\n<meta property=\"og:locale\" content=\"es_ES\" \/>\n<meta property=\"og:type\" content=\"article\" \/>\n<meta property=\"og:title\" content=\"La estrategia, el pilar fundamental de las redes sociales - Blog de Tecnolog\u00eda - Abrima\" \/>\n<meta property=\"og:description\" content=\"Cuando una empresa considera participar en redes sociales, debe llevar a cabo una estrategia previa. En definitiva, se debe parar y reflexionar antes de lanzarse [&hellip;]\" \/>\n<meta property=\"og:url\" content=\"https:\/\/www.abrima.com\/blog\/la-estrategia-el-pilar-fundamental-de-las-redes-sociales\/\" \/>\n<meta property=\"og:site_name\" content=\"Blog de Tecnolog\u00eda - Abrima\" \/>\n<meta property=\"article:publisher\" content=\"https:\/\/www.facebook.com\/abrimawebs\/\" \/>\n<meta property=\"article:published_time\" content=\"2013-09-12T22:16:22+00:00\" \/>\n<meta property=\"article:modified_time\" content=\"2013-10-19T04:53:40+00:00\" \/>\n<meta property=\"og:image\" content=\"http:\/\/www.trecebits.com\/wp-content\/uploads\/2013\/01\/social-calendar-595x595.jpg\" \/>\n<meta name=\"twitter:label1\" content=\"Escrito por\" \/>\n\t<meta name=\"twitter:data1\" content=\"Ana Lucia Marrou\" \/>\n\t<meta name=\"twitter:label2\" content=\"Tiempo de lectura\" \/>\n\t<meta name=\"twitter:data2\" content=\"4 minutos\" \/>\n<script type=\"application\/ld+json\" class=\"yoast-schema-graph\">{\"@context\":\"https:\/\/schema.org\",\"@graph\":[{\"@type\":\"Organization\",\"@id\":\"https:\/\/www.abrima.com\/blog\/#organization\",\"name\":\"Abrima\",\"url\":\"https:\/\/www.abrima.com\/blog\/\",\"sameAs\":[\"https:\/\/www.linkedin.com\/company\/abrima-soluciones-web\/\",\"https:\/\/www.youtube.com\/user\/abrimawebs\",\"https:\/\/www.facebook.com\/abrimawebs\/\",\"https:\/\/twitter.com\/abrimaweb\"],\"logo\":{\"@type\":\"ImageObject\",\"inLanguage\":\"es\",\"@id\":\"https:\/\/www.abrima.com\/blog\/#\/schema\/logo\/image\/\",\"url\":\"https:\/\/www.abrima.com\/blog\/wp-content\/uploads\/2018\/03\/abrima-logo.png\",\"contentUrl\":\"https:\/\/www.abrima.com\/blog\/wp-content\/uploads\/2018\/03\/abrima-logo.png\",\"width\":700,\"height\":700,\"caption\":\"Abrima\"},\"image\":{\"@id\":\"https:\/\/www.abrima.com\/blog\/#\/schema\/logo\/image\/\"}},{\"@type\":\"WebSite\",\"@id\":\"https:\/\/www.abrima.com\/blog\/#website\",\"url\":\"https:\/\/www.abrima.com\/blog\/\",\"name\":\"Blog de Tecnolog\u00eda - Abrima\",\"description\":\"Blog sobre todo lo relacionado con Cloud, Marketing Digital y Web\",\"publisher\":{\"@id\":\"https:\/\/www.abrima.com\/blog\/#organization\"},\"potentialAction\":[{\"@type\":\"SearchAction\",\"target\":{\"@type\":\"EntryPoint\",\"urlTemplate\":\"https:\/\/www.abrima.com\/blog\/?s={search_term_string}\"},\"query-input\":\"required name=search_term_string\"}],\"inLanguage\":\"es\"},{\"@type\":\"ImageObject\",\"inLanguage\":\"es\",\"@id\":\"https:\/\/www.abrima.com\/blog\/la-estrategia-el-pilar-fundamental-de-las-redes-sociales\/#primaryimage\",\"url\":\"http:\/\/www.trecebits.com\/wp-content\/uploads\/2013\/01\/social-calendar-595x595.jpg\",\"contentUrl\":\"http:\/\/www.trecebits.com\/wp-content\/uploads\/2013\/01\/social-calendar-595x595.jpg\"},{\"@type\":\"WebPage\",\"@id\":\"https:\/\/www.abrima.com\/blog\/la-estrategia-el-pilar-fundamental-de-las-redes-sociales\/#webpage\",\"url\":\"https:\/\/www.abrima.com\/blog\/la-estrategia-el-pilar-fundamental-de-las-redes-sociales\/\",\"name\":\"La estrategia, el pilar fundamental de las redes sociales - Blog de Tecnolog\u00eda - Abrima\",\"isPartOf\":{\"@id\":\"https:\/\/www.abrima.com\/blog\/#website\"},\"primaryImageOfPage\":{\"@id\":\"https:\/\/www.abrima.com\/blog\/la-estrategia-el-pilar-fundamental-de-las-redes-sociales\/#primaryimage\"},\"datePublished\":\"2013-09-12T22:16:22+00:00\",\"dateModified\":\"2013-10-19T04:53:40+00:00\",\"breadcrumb\":{\"@id\":\"https:\/\/www.abrima.com\/blog\/la-estrategia-el-pilar-fundamental-de-las-redes-sociales\/#breadcrumb\"},\"inLanguage\":\"es\",\"potentialAction\":[{\"@type\":\"ReadAction\",\"target\":[\"https:\/\/www.abrima.com\/blog\/la-estrategia-el-pilar-fundamental-de-las-redes-sociales\/\"]}]},{\"@type\":\"BreadcrumbList\",\"@id\":\"https:\/\/www.abrima.com\/blog\/la-estrategia-el-pilar-fundamental-de-las-redes-sociales\/#breadcrumb\",\"itemListElement\":[{\"@type\":\"ListItem\",\"position\":1,\"name\":\"Portada\",\"item\":\"https:\/\/www.abrima.com\/blog\/\"},{\"@type\":\"ListItem\",\"position\":2,\"name\":\"La estrategia, el pilar fundamental de las redes sociales\"}]},{\"@type\":\"Article\",\"@id\":\"https:\/\/www.abrima.com\/blog\/la-estrategia-el-pilar-fundamental-de-las-redes-sociales\/#article\",\"isPartOf\":{\"@id\":\"https:\/\/www.abrima.com\/blog\/la-estrategia-el-pilar-fundamental-de-las-redes-sociales\/#webpage\"},\"author\":{\"@id\":\"https:\/\/www.abrima.com\/blog\/#\/schema\/person\/70ccd8d5617e3a3d6d5121086c3bb00f\"},\"headline\":\"La estrategia, el pilar fundamental de las redes sociales\",\"datePublished\":\"2013-09-12T22:16:22+00:00\",\"dateModified\":\"2013-10-19T04:53:40+00:00\",\"mainEntityOfPage\":{\"@id\":\"https:\/\/www.abrima.com\/blog\/la-estrategia-el-pilar-fundamental-de-las-redes-sociales\/#webpage\"},\"wordCount\":781,\"commentCount\":0,\"publisher\":{\"@id\":\"https:\/\/www.abrima.com\/blog\/#organization\"},\"image\":{\"@id\":\"https:\/\/www.abrima.com\/blog\/la-estrategia-el-pilar-fundamental-de-las-redes-sociales\/#primaryimage\"},\"thumbnailUrl\":\"http:\/\/www.trecebits.com\/wp-content\/uploads\/2013\/01\/social-calendar-595x595.jpg\",\"articleSection\":[\"Redes Sociales\"],\"inLanguage\":\"es\",\"potentialAction\":[{\"@type\":\"CommentAction\",\"name\":\"Comment\",\"target\":[\"https:\/\/www.abrima.com\/blog\/la-estrategia-el-pilar-fundamental-de-las-redes-sociales\/#respond\"]}]},{\"@type\":\"Person\",\"@id\":\"https:\/\/www.abrima.com\/blog\/#\/schema\/person\/70ccd8d5617e3a3d6d5121086c3bb00f\",\"name\":\"Ana Lucia Marrou\",\"image\":{\"@type\":\"ImageObject\",\"inLanguage\":\"es\",\"@id\":\"https:\/\/www.abrima.com\/blog\/#\/schema\/person\/image\/\",\"url\":\"https:\/\/secure.gravatar.com\/avatar\/90bc8b721d14c58be266256fd3396265?s=96&d=mm&r=g\",\"contentUrl\":\"https:\/\/secure.gravatar.com\/avatar\/90bc8b721d14c58be266256fd3396265?s=96&d=mm&r=g\",\"caption\":\"Ana Lucia Marrou\"},\"url\":\"https:\/\/www.abrima.com\/blog\/author\/anilu\/\"}]}<\/script>\n<!-- \/ Yoast SEO plugin. -->","yoast_head_json":{"title":"La estrategia, el pilar fundamental de las redes sociales - Blog de Tecnolog\u00eda - Abrima","robots":{"index":"index","follow":"follow","max-snippet":"max-snippet:-1","max-image-preview":"max-image-preview:large","max-video-preview":"max-video-preview:-1"},"canonical":"https:\/\/www.abrima.com\/blog\/la-estrategia-el-pilar-fundamental-de-las-redes-sociales\/","og_locale":"es_ES","og_type":"article","og_title":"La estrategia, el pilar fundamental de las redes sociales - Blog de Tecnolog\u00eda - Abrima","og_description":"Cuando una empresa considera participar en redes sociales, debe llevar a cabo una estrategia previa. En definitiva, se debe parar y reflexionar antes de lanzarse [&hellip;]","og_url":"https:\/\/www.abrima.com\/blog\/la-estrategia-el-pilar-fundamental-de-las-redes-sociales\/","og_site_name":"Blog de Tecnolog\u00eda - Abrima","article_publisher":"https:\/\/www.facebook.com\/abrimawebs\/","article_published_time":"2013-09-12T22:16:22+00:00","article_modified_time":"2013-10-19T04:53:40+00:00","og_image":[{"url":"http:\/\/www.trecebits.com\/wp-content\/uploads\/2013\/01\/social-calendar-595x595.jpg"}],"twitter_misc":{"Escrito por":"Ana Lucia Marrou","Tiempo de lectura":"4 minutos"},"schema":{"@context":"https:\/\/schema.org","@graph":[{"@type":"Organization","@id":"https:\/\/www.abrima.com\/blog\/#organization","name":"Abrima","url":"https:\/\/www.abrima.com\/blog\/","sameAs":["https:\/\/www.linkedin.com\/company\/abrima-soluciones-web\/","https:\/\/www.youtube.com\/user\/abrimawebs","https:\/\/www.facebook.com\/abrimawebs\/","https:\/\/twitter.com\/abrimaweb"],"logo":{"@type":"ImageObject","inLanguage":"es","@id":"https:\/\/www.abrima.com\/blog\/#\/schema\/logo\/image\/","url":"https:\/\/www.abrima.com\/blog\/wp-content\/uploads\/2018\/03\/abrima-logo.png","contentUrl":"https:\/\/www.abrima.com\/blog\/wp-content\/uploads\/2018\/03\/abrima-logo.png","width":700,"height":700,"caption":"Abrima"},"image":{"@id":"https:\/\/www.abrima.com\/blog\/#\/schema\/logo\/image\/"}},{"@type":"WebSite","@id":"https:\/\/www.abrima.com\/blog\/#website","url":"https:\/\/www.abrima.com\/blog\/","name":"Blog de Tecnolog\u00eda - Abrima","description":"Blog sobre todo lo relacionado con Cloud, Marketing Digital y Web","publisher":{"@id":"https:\/\/www.abrima.com\/blog\/#organization"},"potentialAction":[{"@type":"SearchAction","target":{"@type":"EntryPoint","urlTemplate":"https:\/\/www.abrima.com\/blog\/?s={search_term_string}"},"query-input":"required name=search_term_string"}],"inLanguage":"es"},{"@type":"ImageObject","inLanguage":"es","@id":"https:\/\/www.abrima.com\/blog\/la-estrategia-el-pilar-fundamental-de-las-redes-sociales\/#primaryimage","url":"http:\/\/www.trecebits.com\/wp-content\/uploads\/2013\/01\/social-calendar-595x595.jpg","contentUrl":"http:\/\/www.trecebits.com\/wp-content\/uploads\/2013\/01\/social-calendar-595x595.jpg"},{"@type":"WebPage","@id":"https:\/\/www.abrima.com\/blog\/la-estrategia-el-pilar-fundamental-de-las-redes-sociales\/#webpage","url":"https:\/\/www.abrima.com\/blog\/la-estrategia-el-pilar-fundamental-de-las-redes-sociales\/","name":"La estrategia, el pilar fundamental de las redes sociales - Blog de Tecnolog\u00eda - Abrima","isPartOf":{"@id":"https:\/\/www.abrima.com\/blog\/#website"},"primaryImageOfPage":{"@id":"https:\/\/www.abrima.com\/blog\/la-estrategia-el-pilar-fundamental-de-las-redes-sociales\/#primaryimage"},"datePublished":"2013-09-12T22:16:22+00:00","dateModified":"2013-10-19T04:53:40+00:00","breadcrumb":{"@id":"https:\/\/www.abrima.com\/blog\/la-estrategia-el-pilar-fundamental-de-las-redes-sociales\/#breadcrumb"},"inLanguage":"es","potentialAction":[{"@type":"ReadAction","target":["https:\/\/www.abrima.com\/blog\/la-estrategia-el-pilar-fundamental-de-las-redes-sociales\/"]}]},{"@type":"BreadcrumbList","@id":"https:\/\/www.abrima.com\/blog\/la-estrategia-el-pilar-fundamental-de-las-redes-sociales\/#breadcrumb","itemListElement":[{"@type":"ListItem","position":1,"name":"Portada","item":"https:\/\/www.abrima.com\/blog\/"},{"@type":"ListItem","position":2,"name":"La estrategia, el pilar fundamental de las redes sociales"}]},{"@type":"Article","@id":"https:\/\/www.abrima.com\/blog\/la-estrategia-el-pilar-fundamental-de-las-redes-sociales\/#article","isPartOf":{"@id":"https:\/\/www.abrima.com\/blog\/la-estrategia-el-pilar-fundamental-de-las-redes-sociales\/#webpage"},"author":{"@id":"https:\/\/www.abrima.com\/blog\/#\/schema\/person\/70ccd8d5617e3a3d6d5121086c3bb00f"},"headline":"La estrategia, el pilar fundamental de las redes sociales","datePublished":"2013-09-12T22:16:22+00:00","dateModified":"2013-10-19T04:53:40+00:00","mainEntityOfPage":{"@id":"https:\/\/www.abrima.com\/blog\/la-estrategia-el-pilar-fundamental-de-las-redes-sociales\/#webpage"},"wordCount":781,"commentCount":0,"publisher":{"@id":"https:\/\/www.abrima.com\/blog\/#organization"},"image":{"@id":"https:\/\/www.abrima.com\/blog\/la-estrategia-el-pilar-fundamental-de-las-redes-sociales\/#primaryimage"},"thumbnailUrl":"http:\/\/www.trecebits.com\/wp-content\/uploads\/2013\/01\/social-calendar-595x595.jpg","articleSection":["Redes Sociales"],"inLanguage":"es","potentialAction":[{"@type":"CommentAction","name":"Comment","target":["https:\/\/www.abrima.com\/blog\/la-estrategia-el-pilar-fundamental-de-las-redes-sociales\/#respond"]}]},{"@type":"Person","@id":"https:\/\/www.abrima.com\/blog\/#\/schema\/person\/70ccd8d5617e3a3d6d5121086c3bb00f","name":"Ana Lucia Marrou","image":{"@type":"ImageObject","inLanguage":"es","@id":"https:\/\/www.abrima.com\/blog\/#\/schema\/person\/image\/","url":"https:\/\/secure.gravatar.com\/avatar\/90bc8b721d14c58be266256fd3396265?s=96&d=mm&r=g","contentUrl":"https:\/\/secure.gravatar.com\/avatar\/90bc8b721d14c58be266256fd3396265?s=96&d=mm&r=g","caption":"Ana Lucia Marrou"},"url":"https:\/\/www.abrima.com\/blog\/author\/anilu\/"}]}},"amp_enabled":true,"_links":{"self":[{"href":"https:\/\/www.abrima.com\/blog\/wp-json\/wp\/v2\/posts\/35"}],"collection":[{"href":"https:\/\/www.abrima.com\/blog\/wp-json\/wp\/v2\/posts"}],"about":[{"href":"https:\/\/www.abrima.com\/blog\/wp-json\/wp\/v2\/types\/post"}],"author":[{"embeddable":true,"href":"https:\/\/www.abrima.com\/blog\/wp-json\/wp\/v2\/users\/2"}],"replies":[{"embeddable":true,"href":"https:\/\/www.abrima.com\/blog\/wp-json\/wp\/v2\/comments?post=35"}],"version-history":[{"count":1,"href":"https:\/\/www.abrima.com\/blog\/wp-json\/wp\/v2\/posts\/35\/revisions"}],"predecessor-version":[{"id":36,"href":"https:\/\/www.abrima.com\/blog\/wp-json\/wp\/v2\/posts\/35\/revisions\/36"}],"wp:attachment":[{"href":"https:\/\/www.abrima.com\/blog\/wp-json\/wp\/v2\/media?parent=35"}],"wp:term":[{"taxonomy":"category","embeddable":true,"href":"https:\/\/www.abrima.com\/blog\/wp-json\/wp\/v2\/categories?post=35"},{"taxonomy":"post_tag","embeddable":true,"href":"https:\/\/www.abrima.com\/blog\/wp-json\/wp\/v2\/tags?post=35"}],"curies":[{"name":"wp","href":"https:\/\/api.w.org\/{rel}","templated":true}]}}