{"id":337,"date":"2013-10-09T12:30:43","date_gmt":"2013-10-09T12:30:43","guid":{"rendered":"http:\/\/abrima.com\/blog\/?p=337"},"modified":"2013-10-19T03:43:19","modified_gmt":"2013-10-19T03:43:19","slug":"uruguay-es-el-pais-mejor-conectado-y-con-internet-mas-barato-en-america-latina","status":"publish","type":"post","link":"https:\/\/www.abrima.com\/blog\/uruguay-es-el-pais-mejor-conectado-y-con-internet-mas-barato-en-america-latina\/","title":{"rendered":"Uruguay es el pa\u00eds mejor conectado y con internet m\u00e1s barato en Am\u00e9rica Latina"},"content":{"rendered":"<p>Casi un 40% de los hogares del mundo contar\u00e1 con Internet a fines de 2013, seg\u00fan el \u00faltimo estudio \u00abMedici\u00f3n de la Sociedad de la Informaci\u00f3n\u00bb realizado por la Uni\u00f3n Internacional de Telecomunicaciones (UIT), organismo dependiente de la ONU. La cifra se compara con el 80% de los hogares que cuentan con un televisor, y el 41% de los hogares que tienen una computadora.<\/p>\n<p>Lo bueno es que el n\u00famero de hogares con acceso a Internet est\u00e1 creciendo r\u00e1pidamente en todo el mundo, aunque se mantienen diferencias entre los pa\u00edses desarrollados y los que est\u00e1n en desarrollo. En los primeros,\u00a0<strong>la penetraci\u00f3n de Internet alcanzar\u00e1 80% en 2013, comparado al 28% que se lograr\u00e1 en los segundos<\/strong>.<\/p>\n<p>En el mundo,\u00a0<strong>hay 1.100 millones de hogares que no est\u00e1n conectados a la red<\/strong>, y el 90% de ellos est\u00e1 en pa\u00edses en desarrollo.<\/p>\n<h2>Am\u00e9rica Latina<\/h2>\n<p>El estudio de la UIT lista a 157 pa\u00edses seg\u00fan el\u00a0<strong>\u00cdndice de Desarrollo de las TIC<\/strong>(IDI), sacando una calificaci\u00f3n en base a\u00a0su\u00a0<strong>nivel de acceso, utilizaci\u00f3n y conocimientos de las tecnolog\u00edas de la informaci\u00f3n<\/strong>.<\/p>\n<p><strong>Uruguay es el pa\u00eds con mejor \u00edndice en la regi\u00f3n<\/strong>, seguido por Chile. Argentina y Brasil se mantuvieron sin cambios respecto a su posici\u00f3n en el ranking en 2012, mientras la mayor\u00eda subi\u00f3 su posici\u00f3n. Venezuela baj\u00f3 tres puestos, mientras M\u00e9xico y Per\u00fa retrocedieron uno.<\/p>\n<p>De acuerdo al estudio, en Am\u00e9rica hay ahora 17 pa\u00edses que tienen una penetraci\u00f3n de m\u00f3viles mayor a 100% (m\u00e1s celulares que personas), sum\u00e1ndose en el \u00faltimo a\u00f1o Colombia, Costa Rica, Paraguay y Venezuela.\u00a0El informe destaca adem\u00e1s los planes de Brasil y Colombia para llevar banda ancha a zonas rurales y con poco acceso a precios convenientes.<\/p>\n<p>Les dejamos a continuaci\u00f3n el top 10, y luego el ranking para Am\u00e9rica.<\/p>\n<table border=\"0\">\n<tbody>\n<tr>\n<td rowspan=\"1\" colspan=\"1\"><strong>Pa\u00eds<\/strong><\/td>\n<td><strong>Lugar 2012<\/strong><\/td>\n<td><strong>IDI 2012<\/strong><\/td>\n<td><strong>Lugar 2011<\/strong><\/td>\n<td><strong>IDI 2011<\/strong><\/td>\n<\/tr>\n<tr>\n<td rowspan=\"1\" colspan=\"1\">Corea del Sur<\/td>\n<td rowspan=\"1\" colspan=\"1\">1<\/td>\n<td rowspan=\"1\" colspan=\"1\">8.57<\/td>\n<td rowspan=\"1\" colspan=\"1\">1<\/td>\n<td rowspan=\"1\" colspan=\"1\">8.51<\/td>\n<\/tr>\n<tr>\n<td rowspan=\"1\" colspan=\"1\">Suecia<\/td>\n<td rowspan=\"1\" colspan=\"1\">2<\/td>\n<td rowspan=\"1\" colspan=\"1\">8.45<\/td>\n<td rowspan=\"1\" colspan=\"1\">2<\/td>\n<td rowspan=\"1\" colspan=\"1\">8.41<\/td>\n<\/tr>\n<tr>\n<td rowspan=\"1\" colspan=\"1\">Islandia<\/td>\n<td rowspan=\"1\" colspan=\"1\">3<\/td>\n<td rowspan=\"1\" colspan=\"1\">8.36<\/td>\n<td rowspan=\"1\" colspan=\"1\">4<\/td>\n<td rowspan=\"1\" colspan=\"1\">8.12<\/td>\n<\/tr>\n<tr>\n<td rowspan=\"1\" colspan=\"1\">Dinamarca<\/td>\n<td rowspan=\"1\" colspan=\"1\">4<\/td>\n<td rowspan=\"1\" colspan=\"1\">8.35<\/td>\n<td rowspan=\"1\" colspan=\"1\">3<\/td>\n<td rowspan=\"1\" colspan=\"1\">8.18<\/td>\n<\/tr>\n<tr>\n<td rowspan=\"1\" colspan=\"1\">Finlandia<\/td>\n<td rowspan=\"1\" colspan=\"1\">5<\/td>\n<td rowspan=\"1\" colspan=\"1\">8.24<\/td>\n<td rowspan=\"1\" colspan=\"1\">5<\/td>\n<td rowspan=\"1\" colspan=\"1\">7.99<\/td>\n<\/tr>\n<tr>\n<td rowspan=\"1\" colspan=\"1\">Noruega<\/td>\n<td rowspan=\"1\" colspan=\"1\">6<\/td>\n<td rowspan=\"1\" colspan=\"1\">8.13<\/td>\n<td rowspan=\"1\" colspan=\"1\">6<\/td>\n<td rowspan=\"1\" colspan=\"1\">7.97<\/td>\n<\/tr>\n<tr>\n<td rowspan=\"1\" colspan=\"1\">Holanda<\/td>\n<td rowspan=\"1\" colspan=\"1\">7<\/td>\n<td rowspan=\"1\" colspan=\"1\">8.00<\/td>\n<td rowspan=\"1\" colspan=\"1\">7<\/td>\n<td rowspan=\"1\" colspan=\"1\">7.85<\/td>\n<\/tr>\n<tr>\n<td rowspan=\"1\" colspan=\"1\">Reino Unido<\/td>\n<td rowspan=\"1\" colspan=\"1\">8<\/td>\n<td rowspan=\"1\" colspan=\"1\">7.98<\/td>\n<td rowspan=\"1\" colspan=\"1\">11<\/td>\n<td rowspan=\"1\" colspan=\"1\">7.63<\/td>\n<\/tr>\n<tr>\n<td rowspan=\"1\" colspan=\"1\">Luxemburgo<\/td>\n<td rowspan=\"1\" colspan=\"1\">9<\/td>\n<td rowspan=\"1\" colspan=\"1\">7.93<\/td>\n<td rowspan=\"1\" colspan=\"1\">9<\/td>\n<td rowspan=\"1\" colspan=\"1\">7.76<\/td>\n<\/tr>\n<tr>\n<td rowspan=\"1\" colspan=\"1\">Hong Kong<\/td>\n<td rowspan=\"1\" colspan=\"1\">10<\/td>\n<td rowspan=\"1\" colspan=\"1\">7.92<\/td>\n<td rowspan=\"1\" colspan=\"1\">10<\/td>\n<td rowspan=\"1\" colspan=\"1\">7.66<\/td>\n<\/tr>\n<tr>\n<td rowspan=\"1\" colspan=\"5\"><strong>Am\u00e9rica<\/strong><\/td>\n<\/tr>\n<tr>\n<td rowspan=\"1\" colspan=\"1\"><strong>Pa\u00eds<\/strong><\/td>\n<td rowspan=\"1\" colspan=\"1\"><strong>Lugar 2012<\/strong><\/td>\n<td rowspan=\"1\" colspan=\"1\"><strong>IDI 2012<\/strong><\/td>\n<td rowspan=\"1\" colspan=\"1\"><strong>Lugar 2011<\/strong><\/td>\n<td rowspan=\"1\" colspan=\"1\"><strong>IDI 2011<\/strong><\/td>\n<\/tr>\n<tr>\n<td rowspan=\"1\" colspan=\"1\">Estados Unidos<\/td>\n<td>17<\/td>\n<td>7.53<\/td>\n<td>16<\/td>\n<td>7.35<\/td>\n<\/tr>\n<tr>\n<td rowspan=\"1\" colspan=\"1\">Uruguay<\/td>\n<td>47<\/td>\n<td>5.76<\/td>\n<td>50<\/td>\n<td>5.38<\/td>\n<\/tr>\n<tr>\n<td rowspan=\"1\" colspan=\"1\">Chile<\/td>\n<td>51<\/td>\n<td>5.46<\/td>\n<td>52<\/td>\n<td>5.08<\/td>\n<\/tr>\n<tr>\n<td rowspan=\"1\" colspan=\"1\">Argentina<\/td>\n<td>53<\/td>\n<td>5.36<\/td>\n<td>53<\/td>\n<td>5.06<\/td>\n<\/tr>\n<tr>\n<td rowspan=\"1\" colspan=\"1\">Costa Rica<\/td>\n<td>60<\/td>\n<td>5.03<\/td>\n<td>65<\/td>\n<td>4.47<\/td>\n<\/tr>\n<tr>\n<td rowspan=\"1\" colspan=\"1\">Brasil<\/td>\n<td>63<\/td>\n<td>5.00<\/td>\n<td>52<\/td>\n<td>4.59<\/td>\n<\/tr>\n<tr>\n<td rowspan=\"1\" colspan=\"1\">Colombia<\/td>\n<td>77<\/td>\n<td>4.20<\/td>\n<td>78<\/td>\n<td>3.89<\/td>\n<\/tr>\n<tr>\n<td rowspan=\"1\" colspan=\"1\">Venezuela<\/td>\n<td>79<\/td>\n<td>4.17<\/td>\n<td>76<\/td>\n<td>4.00<\/td>\n<\/tr>\n<tr>\n<td rowspan=\"1\" colspan=\"1\">Ecuador<\/td>\n<td>81<\/td>\n<td>4.08<\/td>\n<td>83<\/td>\n<td>3.73<\/td>\n<\/tr>\n<tr>\n<td rowspan=\"1\" colspan=\"1\">M\u00e9xico<\/td>\n<td>83<\/td>\n<td>3.95<\/td>\n<td>82<\/td>\n<td>3.78<\/td>\n<\/tr>\n<tr>\n<td rowspan=\"1\" colspan=\"1\">Per\u00fa<\/td>\n<td>92<\/td>\n<td>3.68<\/td>\n<td>91<\/td>\n<td>3.58<\/td>\n<\/tr>\n<tr>\n<td rowspan=\"1\" colspan=\"1\">Rep. Dominicana<\/td>\n<td>94<\/td>\n<td>3.58<\/td>\n<td>95<\/td>\n<td>3.36<\/td>\n<\/tr>\n<tr>\n<td rowspan=\"1\" colspan=\"1\">Bolivia<\/td>\n<td>99<\/td>\n<td>3.28<\/td>\n<td>102<\/td>\n<td>3.08<\/td>\n<\/tr>\n<\/tbody>\n<\/table>\n<h2>Precios<\/h2>\n<p>Parte de la penetraci\u00f3n de Internet tiene que ver con el precio. La UIT calcul\u00f3 los valores en diferentes pa\u00edses usando planes de\u00a0<strong>banda ancha fija postpago<\/strong>con una velocidad m\u00ednima de 256 kbit\/s y un uso m\u00ednimo de 1 GB.<\/p>\n<p>En los resultados, se detectaron oscilaciones que van de 0,4% del PIB per c\u00e1pita en EE.UU., a 386,9% del PIB per c\u00e1pita en Cuba, el pa\u00eds m\u00e1s caro. En la mayor\u00eda de los casos en Am\u00e9rica Latina, el precio est\u00e1 por debajo de un 5% del PIB,<strong>siendo Uruguay el pa\u00eds m\u00e1s barato<\/strong>. El informe destaca el plan \u00abInternet para todos\u00bb llevado a cabo por el gobierno, que busca conectar al 80% de los hogares del pa\u00eds a la red para 2015.<\/p>\n<p>El estudio se\u00f1ala que los precios han ido bajando consistentemente desde 2008, haci\u00e9ndose mucho m\u00e1s accesible la banda ancha. Tambi\u00e9n han subido las velocidades, habiendo pa\u00edses donde no es posible encontrar conexiones lentas. M\u00e1s de un 25% de los pa\u00edses del mundo no ofrecen planes con velocidades inferiores a 2 Mbit\/s.<\/p>\n<p>En la siguiente tabla se puede ver el costo de la banda ancha fija en Am\u00e9rica Latina en relaci\u00f3n al PIB per c\u00e1pita, y en relaci\u00f3n a la paridad de poder adquisitivo (PPA).<\/p>\n<p><strong>Precio por banda ancha fija de\u00a0256 kbit\/s y un uso m\u00ednimo de 1 GB<\/strong><\/p>\n<table border=\"0\">\n<tbody>\n<tr>\n<td><strong>Lugar<\/strong><\/td>\n<td><strong>Pa\u00eds<\/strong><\/td>\n<td><strong>Como % del PIB p.c.<\/strong><\/td>\n<td><strong>USD<\/strong><\/td>\n<td rowspan=\"1\" colspan=\"1\"><strong>PPA$<\/strong><\/td>\n<td rowspan=\"1\" colspan=\"1\"><strong>PIB per c\u00e1pita (USD)<\/strong><\/td>\n<\/tr>\n<tr>\n<td>37<\/td>\n<td>Uruguay<\/td>\n<td>1,5<\/td>\n<td>14,9<\/td>\n<td rowspan=\"1\" colspan=\"1\">16,3<\/td>\n<td rowspan=\"1\" colspan=\"1\">11860<\/td>\n<\/tr>\n<tr>\n<td>39<\/td>\n<td>Venezuela<\/td>\n<td>1,5<\/td>\n<td>15,4<\/td>\n<td rowspan=\"1\" colspan=\"1\">18,3<\/td>\n<td rowspan=\"1\" colspan=\"1\">11920<\/td>\n<\/tr>\n<tr>\n<td>55<\/td>\n<td>Brasil<\/td>\n<td>2<\/td>\n<td>17,8<\/td>\n<td rowspan=\"1\" colspan=\"1\">16,6<\/td>\n<td rowspan=\"1\" colspan=\"1\">10720<\/td>\n<\/tr>\n<tr>\n<td>61<\/td>\n<td>Panam\u00e1<\/td>\n<td>2,1<\/td>\n<td>14<\/td>\n<td rowspan=\"1\" colspan=\"1\">25,5<\/td>\n<td rowspan=\"1\" colspan=\"1\">7910<\/td>\n<\/tr>\n<tr>\n<td>62<\/td>\n<td>M\u00e9xico<\/td>\n<td>2,3<\/td>\n<td>17,6<\/td>\n<td rowspan=\"1\" colspan=\"1\">26,7<\/td>\n<td rowspan=\"1\" colspan=\"1\">9240<\/td>\n<\/tr>\n<tr>\n<td>66<\/td>\n<td>Costa Rica<\/td>\n<td>2,5<\/td>\n<td>15,8<\/td>\n<td rowspan=\"1\" colspan=\"1\">22,3<\/td>\n<td rowspan=\"1\" colspan=\"1\">7660<\/td>\n<\/tr>\n<tr>\n<td>67<\/td>\n<td>Chile<\/td>\n<td>2,5<\/td>\n<td>25,8<\/td>\n<td rowspan=\"1\" colspan=\"1\">31,1<\/td>\n<td rowspan=\"1\" colspan=\"1\">12280<\/td>\n<\/tr>\n<tr>\n<td>78<\/td>\n<td>Colombia<\/td>\n<td>3,7<\/td>\n<td>18,7<\/td>\n<td rowspan=\"1\" colspan=\"1\">26,7<\/td>\n<td rowspan=\"1\" colspan=\"1\">6110<\/td>\n<\/tr>\n<tr>\n<td>80<\/td>\n<td>Per\u00fa<\/td>\n<td>3,9<\/td>\n<td>18<\/td>\n<td rowspan=\"1\" colspan=\"1\">30,9<\/td>\n<td rowspan=\"1\" colspan=\"1\">5500<\/td>\n<\/tr>\n<tr>\n<td>85<\/td>\n<td>Argentina<\/td>\n<td>4,5<\/td>\n<td>36,5<\/td>\n<td rowspan=\"1\" colspan=\"1\">58,7<\/td>\n<td rowspan=\"1\" colspan=\"1\">9740<\/td>\n<\/tr>\n<tr>\n<td>95<\/td>\n<td>Rep. Dominicana<\/td>\n<td>5,3<\/td>\n<td>23,3<\/td>\n<td rowspan=\"1\" colspan=\"1\">41,6<\/td>\n<td rowspan=\"1\" colspan=\"1\">5240<\/td>\n<\/tr>\n<tr>\n<td>100<\/td>\n<td>Ecuador<\/td>\n<td>5,8<\/td>\n<td>20,2<\/td>\n<td rowspan=\"1\" colspan=\"1\">37,4<\/td>\n<td rowspan=\"1\" colspan=\"1\">4140<\/td>\n<\/tr>\n<tr>\n<td>111<\/td>\n<td>Guatemala<\/td>\n<td>8,6<\/td>\n<td>20,6<\/td>\n<td rowspan=\"1\" colspan=\"1\">32,1<\/td>\n<td rowspan=\"1\" colspan=\"1\">2870<\/td>\n<\/tr>\n<tr>\n<td>112<\/td>\n<td>Paraguay<\/td>\n<td>8,8<\/td>\n<td>21,8<\/td>\n<td rowspan=\"1\" colspan=\"1\">32,6<\/td>\n<td rowspan=\"1\" colspan=\"1\">2970<\/td>\n<\/tr>\n<tr>\n<td rowspan=\"1\" colspan=\"1\">124<\/td>\n<td rowspan=\"1\" colspan=\"1\">Bolivia<\/td>\n<td rowspan=\"1\" colspan=\"1\">14,4<\/td>\n<td rowspan=\"1\" colspan=\"1\">24,5<\/td>\n<td rowspan=\"1\" colspan=\"1\">51,9<\/td>\n<td rowspan=\"1\" colspan=\"1\">2040<\/td>\n<\/tr>\n<tr>\n<td rowspan=\"1\" colspan=\"1\">169<\/td>\n<td rowspan=\"1\" colspan=\"1\">Cuba<\/td>\n<td rowspan=\"1\" colspan=\"1\">386,9<\/td>\n<td rowspan=\"1\" colspan=\"1\">1760,4<\/td>\n<td rowspan=\"1\" colspan=\"1\">N\/A<\/td>\n<td rowspan=\"1\" colspan=\"1\">5460<\/td>\n<\/tr>\n<\/tbody>\n<\/table>\n<h2>Banda ancha m\u00f3vil<\/h2>\n<p>La UIT realiz\u00f3 el mismo an\u00e1lisis usando planes de banda ancha m\u00f3vil, considerando planes de prepago y postpago de 500 MB para smartphones y 1GB para computadoras en 146 pa\u00edses. El estudio determin\u00f3 que en los pa\u00edses desarrollados, los planes representan entre 1% y 2% del PIB per c\u00e1pita, mientras en los pa\u00edses en desarrollo, el precio est\u00e1 entre 11% y 25% del PIB per c\u00e1pita.<\/p>\n<p>Los planes m\u00e1s caros resultaron ser los de prepago pensados para computadoras, mientras que el prepago en general result\u00f3 menos conveniente que el postpago.<\/p>\n<p><strong>Prepago 500 MB para smartphone<\/strong><\/p>\n<table border=\"0\">\n<tbody>\n<tr>\n<td><strong>Lugar<\/strong><\/td>\n<td><strong>Pa\u00eds<\/strong><\/td>\n<td><strong>Como % del PIB p.c.<\/strong><\/td>\n<td><strong>USD<\/strong><\/td>\n<td rowspan=\"1\" colspan=\"1\"><strong>PPA$<\/strong><\/td>\n<td rowspan=\"1\" colspan=\"1\"><strong>PIB per c\u00e1pita (USD)<\/strong><\/td>\n<\/tr>\n<tr>\n<td>26<\/td>\n<td>Uruguay<\/td>\n<td>1<\/td>\n<td>10,4<\/td>\n<td rowspan=\"1\" colspan=\"1\">11,3<\/td>\n<td rowspan=\"1\" colspan=\"1\">11860<\/td>\n<\/tr>\n<tr>\n<td>32<\/td>\n<td>Venezuela<\/td>\n<td>1,4<\/td>\n<td>13,8<\/td>\n<td rowspan=\"1\" colspan=\"1\">16,3<\/td>\n<td rowspan=\"1\" colspan=\"1\">11920<\/td>\n<\/tr>\n<tr>\n<td>50<\/td>\n<td>Chile<\/td>\n<td>2<\/td>\n<td>20,7<\/td>\n<td rowspan=\"1\" colspan=\"1\">24,8<\/td>\n<td rowspan=\"1\" colspan=\"1\">12280<\/td>\n<\/tr>\n<tr>\n<td>56<\/td>\n<td>Panam\u00e1<\/td>\n<td>2,3<\/td>\n<td>15<\/td>\n<td rowspan=\"1\" colspan=\"1\">27,4<\/td>\n<td rowspan=\"1\" colspan=\"1\">7910<\/td>\n<\/tr>\n<tr>\n<td>59<\/td>\n<td>M\u00e9xico<\/td>\n<td>2,5<\/td>\n<td>19<\/td>\n<td rowspan=\"1\" colspan=\"1\">28,8<\/td>\n<td rowspan=\"1\" colspan=\"1\">9240<\/td>\n<\/tr>\n<tr>\n<td>63<\/td>\n<td>Argentina<\/td>\n<td>2,7<\/td>\n<td>21,9<\/td>\n<td rowspan=\"1\" colspan=\"1\">35,2<\/td>\n<td rowspan=\"1\" colspan=\"1\">9740<\/td>\n<\/tr>\n<tr>\n<td>66<\/td>\n<td>Costa Rica<\/td>\n<td>2,8<\/td>\n<td>17,8<\/td>\n<td rowspan=\"1\" colspan=\"1\">25,1<\/td>\n<td rowspan=\"1\" colspan=\"1\">7660<\/td>\n<\/tr>\n<tr>\n<td>70<\/td>\n<td>Per\u00fa<\/td>\n<td>3,2<\/td>\n<td>14,5<\/td>\n<td rowspan=\"1\" colspan=\"1\">24,9<\/td>\n<td rowspan=\"1\" colspan=\"1\">5500<\/td>\n<\/tr>\n<tr>\n<td>75<\/td>\n<td>Brasil<\/td>\n<td>4<\/td>\n<td>35,8<\/td>\n<td rowspan=\"1\" colspan=\"1\">33,3<\/td>\n<td rowspan=\"1\" colspan=\"1\">10720<\/td>\n<\/tr>\n<tr>\n<td>85<\/td>\n<td>Colombia<\/td>\n<td>5,8<\/td>\n<td>29,8<\/td>\n<td rowspan=\"1\" colspan=\"1\">42,6<\/td>\n<td rowspan=\"1\" colspan=\"1\">6110<\/td>\n<\/tr>\n<tr>\n<td>87<\/td>\n<td>Ecuador<\/td>\n<td>6,3<\/td>\n<td>21,8<\/td>\n<td rowspan=\"1\" colspan=\"1\">40,5<\/td>\n<td rowspan=\"1\" colspan=\"1\">4140<\/td>\n<\/tr>\n<tr>\n<td>88<\/td>\n<td>Bolivia<\/td>\n<td>6,4<\/td>\n<td>10,8<\/td>\n<td rowspan=\"1\" colspan=\"1\">22,9<\/td>\n<td rowspan=\"1\" colspan=\"1\">2040<\/td>\n<\/tr>\n<\/tbody>\n<\/table>\n<p><strong>Link<\/strong>:\u00a0<a href=\"http:\/\/www.itu.int\/en\/ITU-D\/Statistics\/Documents\/publications\/mis2013\/MIS2013_without_Annex_4.pdf\">Medici\u00f3n de la Sociedad de la Informaci\u00f3n [PDF]<\/a><\/p>\n<p>FUENTE:<a href=\"http:\/\/www.fayerwayer.com\/2013\/10\/60-de-los-hogares-del-mundo-no-tiene-acceso-a-internet\/\"> fayerwarer.com<\/a><\/p>\n","protected":false},"excerpt":{"rendered":"<p>Casi un 40% de los hogares del mundo contar\u00e1 con Internet a fines de 2013, seg\u00fan el \u00faltimo estudio \u00abMedici\u00f3n de la Sociedad de la [&hellip;]<\/p>\n","protected":false},"author":2,"featured_media":0,"comment_status":"open","ping_status":"open","sticky":false,"template":"","format":"standard","meta":{"_monsterinsights_skip_tracking":false,"_monsterinsights_sitenote_active":false,"_monsterinsights_sitenote_note":"","_monsterinsights_sitenote_category":0},"categories":[14],"tags":[],"yoast_head":"<!-- This site is optimized with the Yoast SEO plugin v19.1 - https:\/\/yoast.com\/wordpress\/plugins\/seo\/ -->\n<title>Uruguay es el pa\u00eds mejor conectado y con internet m\u00e1s barato en Am\u00e9rica Latina - Blog de Tecnolog\u00eda - Abrima<\/title>\n<meta name=\"robots\" content=\"index, follow, max-snippet:-1, max-image-preview:large, max-video-preview:-1\" \/>\n<link rel=\"canonical\" href=\"https:\/\/www.abrima.com\/blog\/uruguay-es-el-pais-mejor-conectado-y-con-internet-mas-barato-en-america-latina\/\" \/>\n<meta property=\"og:locale\" content=\"es_ES\" \/>\n<meta property=\"og:type\" content=\"article\" \/>\n<meta property=\"og:title\" content=\"Uruguay es el pa\u00eds mejor conectado y con internet m\u00e1s barato en Am\u00e9rica Latina - Blog de Tecnolog\u00eda - Abrima\" \/>\n<meta property=\"og:description\" content=\"Casi un 40% de los hogares del mundo contar\u00e1 con Internet a fines de 2013, seg\u00fan el \u00faltimo estudio \u00abMedici\u00f3n de la Sociedad de la [&hellip;]\" \/>\n<meta property=\"og:url\" content=\"https:\/\/www.abrima.com\/blog\/uruguay-es-el-pais-mejor-conectado-y-con-internet-mas-barato-en-america-latina\/\" \/>\n<meta property=\"og:site_name\" content=\"Blog de Tecnolog\u00eda - Abrima\" \/>\n<meta property=\"article:publisher\" content=\"https:\/\/www.facebook.com\/abrimawebs\/\" \/>\n<meta property=\"article:published_time\" content=\"2013-10-09T12:30:43+00:00\" \/>\n<meta property=\"article:modified_time\" content=\"2013-10-19T03:43:19+00:00\" \/>\n<meta name=\"twitter:label1\" content=\"Escrito por\" \/>\n\t<meta name=\"twitter:data1\" content=\"Ana Lucia Marrou\" \/>\n\t<meta name=\"twitter:label2\" content=\"Tiempo de lectura\" \/>\n\t<meta name=\"twitter:data2\" content=\"4 minutos\" \/>\n<script type=\"application\/ld+json\" class=\"yoast-schema-graph\">{\"@context\":\"https:\/\/schema.org\",\"@graph\":[{\"@type\":\"Organization\",\"@id\":\"https:\/\/www.abrima.com\/blog\/#organization\",\"name\":\"Abrima\",\"url\":\"https:\/\/www.abrima.com\/blog\/\",\"sameAs\":[\"https:\/\/www.linkedin.com\/company\/abrima-soluciones-web\/\",\"https:\/\/www.youtube.com\/user\/abrimawebs\",\"https:\/\/www.facebook.com\/abrimawebs\/\",\"https:\/\/twitter.com\/abrimaweb\"],\"logo\":{\"@type\":\"ImageObject\",\"inLanguage\":\"es\",\"@id\":\"https:\/\/www.abrima.com\/blog\/#\/schema\/logo\/image\/\",\"url\":\"https:\/\/www.abrima.com\/blog\/wp-content\/uploads\/2018\/03\/abrima-logo.png\",\"contentUrl\":\"https:\/\/www.abrima.com\/blog\/wp-content\/uploads\/2018\/03\/abrima-logo.png\",\"width\":700,\"height\":700,\"caption\":\"Abrima\"},\"image\":{\"@id\":\"https:\/\/www.abrima.com\/blog\/#\/schema\/logo\/image\/\"}},{\"@type\":\"WebSite\",\"@id\":\"https:\/\/www.abrima.com\/blog\/#website\",\"url\":\"https:\/\/www.abrima.com\/blog\/\",\"name\":\"Blog de Tecnolog\u00eda - Abrima\",\"description\":\"Blog sobre todo lo relacionado con Cloud, Marketing Digital y Web\",\"publisher\":{\"@id\":\"https:\/\/www.abrima.com\/blog\/#organization\"},\"potentialAction\":[{\"@type\":\"SearchAction\",\"target\":{\"@type\":\"EntryPoint\",\"urlTemplate\":\"https:\/\/www.abrima.com\/blog\/?s={search_term_string}\"},\"query-input\":\"required name=search_term_string\"}],\"inLanguage\":\"es\"},{\"@type\":\"WebPage\",\"@id\":\"https:\/\/www.abrima.com\/blog\/uruguay-es-el-pais-mejor-conectado-y-con-internet-mas-barato-en-america-latina\/#webpage\",\"url\":\"https:\/\/www.abrima.com\/blog\/uruguay-es-el-pais-mejor-conectado-y-con-internet-mas-barato-en-america-latina\/\",\"name\":\"Uruguay es el pa\u00eds mejor conectado y con internet m\u00e1s barato en Am\u00e9rica Latina - Blog de Tecnolog\u00eda - Abrima\",\"isPartOf\":{\"@id\":\"https:\/\/www.abrima.com\/blog\/#website\"},\"datePublished\":\"2013-10-09T12:30:43+00:00\",\"dateModified\":\"2013-10-19T03:43:19+00:00\",\"breadcrumb\":{\"@id\":\"https:\/\/www.abrima.com\/blog\/uruguay-es-el-pais-mejor-conectado-y-con-internet-mas-barato-en-america-latina\/#breadcrumb\"},\"inLanguage\":\"es\",\"potentialAction\":[{\"@type\":\"ReadAction\",\"target\":[\"https:\/\/www.abrima.com\/blog\/uruguay-es-el-pais-mejor-conectado-y-con-internet-mas-barato-en-america-latina\/\"]}]},{\"@type\":\"BreadcrumbList\",\"@id\":\"https:\/\/www.abrima.com\/blog\/uruguay-es-el-pais-mejor-conectado-y-con-internet-mas-barato-en-america-latina\/#breadcrumb\",\"itemListElement\":[{\"@type\":\"ListItem\",\"position\":1,\"name\":\"Portada\",\"item\":\"https:\/\/www.abrima.com\/blog\/\"},{\"@type\":\"ListItem\",\"position\":2,\"name\":\"Uruguay es el pa\u00eds mejor conectado y con internet m\u00e1s barato en Am\u00e9rica Latina\"}]},{\"@type\":\"Article\",\"@id\":\"https:\/\/www.abrima.com\/blog\/uruguay-es-el-pais-mejor-conectado-y-con-internet-mas-barato-en-america-latina\/#article\",\"isPartOf\":{\"@id\":\"https:\/\/www.abrima.com\/blog\/uruguay-es-el-pais-mejor-conectado-y-con-internet-mas-barato-en-america-latina\/#webpage\"},\"author\":{\"@id\":\"https:\/\/www.abrima.com\/blog\/#\/schema\/person\/70ccd8d5617e3a3d6d5121086c3bb00f\"},\"headline\":\"Uruguay es el pa\u00eds mejor conectado y con internet m\u00e1s barato en Am\u00e9rica Latina\",\"datePublished\":\"2013-10-09T12:30:43+00:00\",\"dateModified\":\"2013-10-19T03:43:19+00:00\",\"mainEntityOfPage\":{\"@id\":\"https:\/\/www.abrima.com\/blog\/uruguay-es-el-pais-mejor-conectado-y-con-internet-mas-barato-en-america-latina\/#webpage\"},\"wordCount\":797,\"commentCount\":0,\"publisher\":{\"@id\":\"https:\/\/www.abrima.com\/blog\/#organization\"},\"articleSection\":[\"Internet\"],\"inLanguage\":\"es\",\"potentialAction\":[{\"@type\":\"CommentAction\",\"name\":\"Comment\",\"target\":[\"https:\/\/www.abrima.com\/blog\/uruguay-es-el-pais-mejor-conectado-y-con-internet-mas-barato-en-america-latina\/#respond\"]}]},{\"@type\":\"Person\",\"@id\":\"https:\/\/www.abrima.com\/blog\/#\/schema\/person\/70ccd8d5617e3a3d6d5121086c3bb00f\",\"name\":\"Ana Lucia Marrou\",\"image\":{\"@type\":\"ImageObject\",\"inLanguage\":\"es\",\"@id\":\"https:\/\/www.abrima.com\/blog\/#\/schema\/person\/image\/\",\"url\":\"https:\/\/secure.gravatar.com\/avatar\/90bc8b721d14c58be266256fd3396265?s=96&d=mm&r=g\",\"contentUrl\":\"https:\/\/secure.gravatar.com\/avatar\/90bc8b721d14c58be266256fd3396265?s=96&d=mm&r=g\",\"caption\":\"Ana Lucia Marrou\"},\"url\":\"https:\/\/www.abrima.com\/blog\/author\/anilu\/\"}]}<\/script>\n<!-- \/ Yoast SEO plugin. -->","yoast_head_json":{"title":"Uruguay es el pa\u00eds mejor conectado y con internet m\u00e1s barato en Am\u00e9rica Latina - Blog de Tecnolog\u00eda - Abrima","robots":{"index":"index","follow":"follow","max-snippet":"max-snippet:-1","max-image-preview":"max-image-preview:large","max-video-preview":"max-video-preview:-1"},"canonical":"https:\/\/www.abrima.com\/blog\/uruguay-es-el-pais-mejor-conectado-y-con-internet-mas-barato-en-america-latina\/","og_locale":"es_ES","og_type":"article","og_title":"Uruguay es el pa\u00eds mejor conectado y con internet m\u00e1s barato en Am\u00e9rica Latina - Blog de Tecnolog\u00eda - Abrima","og_description":"Casi un 40% de los hogares del mundo contar\u00e1 con Internet a fines de 2013, seg\u00fan el \u00faltimo estudio \u00abMedici\u00f3n de la Sociedad de la [&hellip;]","og_url":"https:\/\/www.abrima.com\/blog\/uruguay-es-el-pais-mejor-conectado-y-con-internet-mas-barato-en-america-latina\/","og_site_name":"Blog de Tecnolog\u00eda - Abrima","article_publisher":"https:\/\/www.facebook.com\/abrimawebs\/","article_published_time":"2013-10-09T12:30:43+00:00","article_modified_time":"2013-10-19T03:43:19+00:00","twitter_misc":{"Escrito por":"Ana Lucia Marrou","Tiempo de lectura":"4 minutos"},"schema":{"@context":"https:\/\/schema.org","@graph":[{"@type":"Organization","@id":"https:\/\/www.abrima.com\/blog\/#organization","name":"Abrima","url":"https:\/\/www.abrima.com\/blog\/","sameAs":["https:\/\/www.linkedin.com\/company\/abrima-soluciones-web\/","https:\/\/www.youtube.com\/user\/abrimawebs","https:\/\/www.facebook.com\/abrimawebs\/","https:\/\/twitter.com\/abrimaweb"],"logo":{"@type":"ImageObject","inLanguage":"es","@id":"https:\/\/www.abrima.com\/blog\/#\/schema\/logo\/image\/","url":"https:\/\/www.abrima.com\/blog\/wp-content\/uploads\/2018\/03\/abrima-logo.png","contentUrl":"https:\/\/www.abrima.com\/blog\/wp-content\/uploads\/2018\/03\/abrima-logo.png","width":700,"height":700,"caption":"Abrima"},"image":{"@id":"https:\/\/www.abrima.com\/blog\/#\/schema\/logo\/image\/"}},{"@type":"WebSite","@id":"https:\/\/www.abrima.com\/blog\/#website","url":"https:\/\/www.abrima.com\/blog\/","name":"Blog de Tecnolog\u00eda - Abrima","description":"Blog sobre todo lo relacionado con Cloud, Marketing Digital y Web","publisher":{"@id":"https:\/\/www.abrima.com\/blog\/#organization"},"potentialAction":[{"@type":"SearchAction","target":{"@type":"EntryPoint","urlTemplate":"https:\/\/www.abrima.com\/blog\/?s={search_term_string}"},"query-input":"required name=search_term_string"}],"inLanguage":"es"},{"@type":"WebPage","@id":"https:\/\/www.abrima.com\/blog\/uruguay-es-el-pais-mejor-conectado-y-con-internet-mas-barato-en-america-latina\/#webpage","url":"https:\/\/www.abrima.com\/blog\/uruguay-es-el-pais-mejor-conectado-y-con-internet-mas-barato-en-america-latina\/","name":"Uruguay es el pa\u00eds mejor conectado y con internet m\u00e1s barato en Am\u00e9rica Latina - Blog de Tecnolog\u00eda - Abrima","isPartOf":{"@id":"https:\/\/www.abrima.com\/blog\/#website"},"datePublished":"2013-10-09T12:30:43+00:00","dateModified":"2013-10-19T03:43:19+00:00","breadcrumb":{"@id":"https:\/\/www.abrima.com\/blog\/uruguay-es-el-pais-mejor-conectado-y-con-internet-mas-barato-en-america-latina\/#breadcrumb"},"inLanguage":"es","potentialAction":[{"@type":"ReadAction","target":["https:\/\/www.abrima.com\/blog\/uruguay-es-el-pais-mejor-conectado-y-con-internet-mas-barato-en-america-latina\/"]}]},{"@type":"BreadcrumbList","@id":"https:\/\/www.abrima.com\/blog\/uruguay-es-el-pais-mejor-conectado-y-con-internet-mas-barato-en-america-latina\/#breadcrumb","itemListElement":[{"@type":"ListItem","position":1,"name":"Portada","item":"https:\/\/www.abrima.com\/blog\/"},{"@type":"ListItem","position":2,"name":"Uruguay es el pa\u00eds mejor conectado y con internet m\u00e1s barato en Am\u00e9rica Latina"}]},{"@type":"Article","@id":"https:\/\/www.abrima.com\/blog\/uruguay-es-el-pais-mejor-conectado-y-con-internet-mas-barato-en-america-latina\/#article","isPartOf":{"@id":"https:\/\/www.abrima.com\/blog\/uruguay-es-el-pais-mejor-conectado-y-con-internet-mas-barato-en-america-latina\/#webpage"},"author":{"@id":"https:\/\/www.abrima.com\/blog\/#\/schema\/person\/70ccd8d5617e3a3d6d5121086c3bb00f"},"headline":"Uruguay es el pa\u00eds mejor conectado y con internet m\u00e1s barato en Am\u00e9rica Latina","datePublished":"2013-10-09T12:30:43+00:00","dateModified":"2013-10-19T03:43:19+00:00","mainEntityOfPage":{"@id":"https:\/\/www.abrima.com\/blog\/uruguay-es-el-pais-mejor-conectado-y-con-internet-mas-barato-en-america-latina\/#webpage"},"wordCount":797,"commentCount":0,"publisher":{"@id":"https:\/\/www.abrima.com\/blog\/#organization"},"articleSection":["Internet"],"inLanguage":"es","potentialAction":[{"@type":"CommentAction","name":"Comment","target":["https:\/\/www.abrima.com\/blog\/uruguay-es-el-pais-mejor-conectado-y-con-internet-mas-barato-en-america-latina\/#respond"]}]},{"@type":"Person","@id":"https:\/\/www.abrima.com\/blog\/#\/schema\/person\/70ccd8d5617e3a3d6d5121086c3bb00f","name":"Ana Lucia Marrou","image":{"@type":"ImageObject","inLanguage":"es","@id":"https:\/\/www.abrima.com\/blog\/#\/schema\/person\/image\/","url":"https:\/\/secure.gravatar.com\/avatar\/90bc8b721d14c58be266256fd3396265?s=96&d=mm&r=g","contentUrl":"https:\/\/secure.gravatar.com\/avatar\/90bc8b721d14c58be266256fd3396265?s=96&d=mm&r=g","caption":"Ana Lucia Marrou"},"url":"https:\/\/www.abrima.com\/blog\/author\/anilu\/"}]}},"amp_enabled":true,"_links":{"self":[{"href":"https:\/\/www.abrima.com\/blog\/wp-json\/wp\/v2\/posts\/337"}],"collection":[{"href":"https:\/\/www.abrima.com\/blog\/wp-json\/wp\/v2\/posts"}],"about":[{"href":"https:\/\/www.abrima.com\/blog\/wp-json\/wp\/v2\/types\/post"}],"author":[{"embeddable":true,"href":"https:\/\/www.abrima.com\/blog\/wp-json\/wp\/v2\/users\/2"}],"replies":[{"embeddable":true,"href":"https:\/\/www.abrima.com\/blog\/wp-json\/wp\/v2\/comments?post=337"}],"version-history":[{"count":1,"href":"https:\/\/www.abrima.com\/blog\/wp-json\/wp\/v2\/posts\/337\/revisions"}],"predecessor-version":[{"id":338,"href":"https:\/\/www.abrima.com\/blog\/wp-json\/wp\/v2\/posts\/337\/revisions\/338"}],"wp:attachment":[{"href":"https:\/\/www.abrima.com\/blog\/wp-json\/wp\/v2\/media?parent=337"}],"wp:term":[{"taxonomy":"category","embeddable":true,"href":"https:\/\/www.abrima.com\/blog\/wp-json\/wp\/v2\/categories?post=337"},{"taxonomy":"post_tag","embeddable":true,"href":"https:\/\/www.abrima.com\/blog\/wp-json\/wp\/v2\/tags?post=337"}],"curies":[{"name":"wp","href":"https:\/\/api.w.org\/{rel}","templated":true}]}}