{"id":3178,"date":"2015-07-28T00:11:05","date_gmt":"2015-07-28T00:11:05","guid":{"rendered":"http:\/\/www.abrima.com\/blog\/?p=3178"},"modified":"2015-07-28T00:11:05","modified_gmt":"2015-07-28T00:11:05","slug":"la-historia-de-windows-de-1985-a-2015-infografia","status":"publish","type":"post","link":"https:\/\/www.abrima.com\/blog\/la-historia-de-windows-de-1985-a-2015-infografia\/","title":{"rendered":"La historia de Windows: De 1985 a 2015 [Infograf\u00eda]"},"content":{"rendered":"<p>El pr\u00f3ximo mi\u00e9rcoles 29 de julio arribar\u00e1 finalmente Windows 10 al mundo entero y la expectativa es enorme por la cantidad de ingredientes considerados por primera vez en simult\u00e1neo: compatibilidad multiplataforma, caracter\u00edsticas cl\u00e1sicas, gratuidad fundamentada en su nuevo aspecto de servicio \u2013en vez de un simple sistema operativo-, tecnolog\u00edas de \u00faltima generaci\u00f3n, programas, etc.<\/p>\n<p>En fin, siguiendo con la enorme promoci\u00f3n de la que ha gozado Windows 10 y evaluando toda su novedad,\u00a0<strong>resulta pr\u00e1ctico echarle un vistazo a la evoluci\u00f3n hist\u00f3rica de cada versi\u00f3n del sistema operativo<\/strong>, desde la que inici\u00f3 todo en el a\u00f1o 1985 con una interfaz b\u00e1sica sobre aplicaciones en MS DOS hasta la que en las pr\u00f3ximas semanas ocupar\u00e1 todos los medios con su lanzamiento.<\/p>\n<p>Para ello, en MicrosoftTraining.net han dise\u00f1ado una interesante infograf\u00eda que se\u00f1ala los detalles m\u00e1s relevantes de cada una de tales versiones, sus cambios, fechas de lanzamiento y, en especial, sus caracter\u00edsticas diferenciadoras.<span id=\"more-232086\"><\/span><\/p>\n<p>De esta forma es f\u00e1cil enterarse de que las primeras interfaces gr\u00e1ficas para Word y Excel llegaron con Windows 2 en 1987, que Windows ME fue el primero en traer herramientas de restauraci\u00f3n o que desde el 2001 apareci\u00f3 Windows XP siendo tan robusto y llamativo que a\u00fan hoy, casi 14 a\u00f1os despu\u00e9s, no son pocos los que<a href=\"http:\/\/wwwhatsnew.com\/2015\/07\/15\/ahora-los-problemas-de-seguridad-en-windows-xp-son-mucho-mayores\/\">arriesgan la seguridad de sus actividades<\/a> solo por no querer desprenderse de \u00e9l.<\/p>\n<p>A continuaci\u00f3n compartimos la infograf\u00eda; Quienes deseen disfrutarla en su tama\u00f1o completo pueden revisar la publicaci\u00f3n original en <a href=\"http:\/\/www.microsofttraining.net\/sharing\/10-infographic-history-of-windows.html\">este enlace<\/a>.<br \/>\n<img loading=\"lazy\" class=\"aligncenter size-full wp-image-232107\" src=\"http:\/\/wwwhatsnew.com\/wp-content\/uploads\/2015\/07\/historia-de-windows.jpg\" alt=\"historia de windows\" width=\"730\" height=\"2610\" \/><\/p>\n<p>Fuente: <a href=\"http:\/\/wwwhatsnew.com\/2015\/07\/25\/historia-windows-de-1985-a-2015-infografia\/\">WWWhatsNew<\/a><\/p>\n<div class=\"share-story-container\"><\/div>\n","protected":false},"excerpt":{"rendered":"<p>El pr\u00f3ximo mi\u00e9rcoles 29 de julio arribar\u00e1 finalmente Windows 10 al mundo entero y la expectativa es enorme por la cantidad de ingredientes considerados por [&hellip;]<\/p>\n","protected":false},"author":1,"featured_media":0,"comment_status":"open","ping_status":"open","sticky":false,"template":"","format":"standard","meta":{"_monsterinsights_skip_tracking":false,"_monsterinsights_sitenote_active":false,"_monsterinsights_sitenote_note":"","_monsterinsights_sitenote_category":0},"categories":[28],"tags":[],"yoast_head":"<!-- This site is optimized with the Yoast SEO plugin v19.1 - https:\/\/yoast.com\/wordpress\/plugins\/seo\/ -->\n<title>La historia de Windows: De 1985 a 2015 [Infograf\u00eda] - Blog de Tecnolog\u00eda - Abrima<\/title>\n<meta name=\"robots\" content=\"index, follow, max-snippet:-1, max-image-preview:large, max-video-preview:-1\" \/>\n<link rel=\"canonical\" href=\"https:\/\/www.abrima.com\/blog\/la-historia-de-windows-de-1985-a-2015-infografia\/\" \/>\n<meta property=\"og:locale\" content=\"es_ES\" \/>\n<meta property=\"og:type\" content=\"article\" \/>\n<meta property=\"og:title\" content=\"La historia de Windows: De 1985 a 2015 [Infograf\u00eda] - Blog de Tecnolog\u00eda - Abrima\" \/>\n<meta property=\"og:description\" content=\"El pr\u00f3ximo mi\u00e9rcoles 29 de julio arribar\u00e1 finalmente Windows 10 al mundo entero y la expectativa es enorme por la cantidad de ingredientes considerados por [&hellip;]\" \/>\n<meta property=\"og:url\" content=\"https:\/\/www.abrima.com\/blog\/la-historia-de-windows-de-1985-a-2015-infografia\/\" \/>\n<meta property=\"og:site_name\" content=\"Blog de Tecnolog\u00eda - Abrima\" \/>\n<meta property=\"article:publisher\" content=\"https:\/\/www.facebook.com\/abrimawebs\/\" \/>\n<meta property=\"article:published_time\" content=\"2015-07-28T00:11:05+00:00\" \/>\n<meta property=\"og:image\" content=\"http:\/\/wwwhatsnew.com\/wp-content\/uploads\/2015\/07\/historia-de-windows.jpg\" \/>\n<meta name=\"twitter:label1\" content=\"Escrito por\" \/>\n\t<meta name=\"twitter:data1\" content=\"Abrima\" \/>\n\t<meta name=\"twitter:label2\" content=\"Tiempo de lectura\" \/>\n\t<meta name=\"twitter:data2\" content=\"1 minuto\" \/>\n<script type=\"application\/ld+json\" class=\"yoast-schema-graph\">{\"@context\":\"https:\/\/schema.org\",\"@graph\":[{\"@type\":\"Organization\",\"@id\":\"https:\/\/www.abrima.com\/blog\/#organization\",\"name\":\"Abrima\",\"url\":\"https:\/\/www.abrima.com\/blog\/\",\"sameAs\":[\"https:\/\/www.linkedin.com\/company\/abrima-soluciones-web\/\",\"https:\/\/www.youtube.com\/user\/abrimawebs\",\"https:\/\/www.facebook.com\/abrimawebs\/\",\"https:\/\/twitter.com\/abrimaweb\"],\"logo\":{\"@type\":\"ImageObject\",\"inLanguage\":\"es\",\"@id\":\"https:\/\/www.abrima.com\/blog\/#\/schema\/logo\/image\/\",\"url\":\"https:\/\/www.abrima.com\/blog\/wp-content\/uploads\/2018\/03\/abrima-logo.png\",\"contentUrl\":\"https:\/\/www.abrima.com\/blog\/wp-content\/uploads\/2018\/03\/abrima-logo.png\",\"width\":700,\"height\":700,\"caption\":\"Abrima\"},\"image\":{\"@id\":\"https:\/\/www.abrima.com\/blog\/#\/schema\/logo\/image\/\"}},{\"@type\":\"WebSite\",\"@id\":\"https:\/\/www.abrima.com\/blog\/#website\",\"url\":\"https:\/\/www.abrima.com\/blog\/\",\"name\":\"Blog de Tecnolog\u00eda - Abrima\",\"description\":\"Blog sobre todo lo relacionado con Cloud, Marketing Digital y Web\",\"publisher\":{\"@id\":\"https:\/\/www.abrima.com\/blog\/#organization\"},\"potentialAction\":[{\"@type\":\"SearchAction\",\"target\":{\"@type\":\"EntryPoint\",\"urlTemplate\":\"https:\/\/www.abrima.com\/blog\/?s={search_term_string}\"},\"query-input\":\"required name=search_term_string\"}],\"inLanguage\":\"es\"},{\"@type\":\"ImageObject\",\"inLanguage\":\"es\",\"@id\":\"https:\/\/www.abrima.com\/blog\/la-historia-de-windows-de-1985-a-2015-infografia\/#primaryimage\",\"url\":\"http:\/\/wwwhatsnew.com\/wp-content\/uploads\/2015\/07\/historia-de-windows.jpg\",\"contentUrl\":\"http:\/\/wwwhatsnew.com\/wp-content\/uploads\/2015\/07\/historia-de-windows.jpg\"},{\"@type\":\"WebPage\",\"@id\":\"https:\/\/www.abrima.com\/blog\/la-historia-de-windows-de-1985-a-2015-infografia\/#webpage\",\"url\":\"https:\/\/www.abrima.com\/blog\/la-historia-de-windows-de-1985-a-2015-infografia\/\",\"name\":\"La historia de Windows: De 1985 a 2015 [Infograf\u00eda] - Blog de Tecnolog\u00eda - Abrima\",\"isPartOf\":{\"@id\":\"https:\/\/www.abrima.com\/blog\/#website\"},\"primaryImageOfPage\":{\"@id\":\"https:\/\/www.abrima.com\/blog\/la-historia-de-windows-de-1985-a-2015-infografia\/#primaryimage\"},\"datePublished\":\"2015-07-28T00:11:05+00:00\",\"dateModified\":\"2015-07-28T00:11:05+00:00\",\"breadcrumb\":{\"@id\":\"https:\/\/www.abrima.com\/blog\/la-historia-de-windows-de-1985-a-2015-infografia\/#breadcrumb\"},\"inLanguage\":\"es\",\"potentialAction\":[{\"@type\":\"ReadAction\",\"target\":[\"https:\/\/www.abrima.com\/blog\/la-historia-de-windows-de-1985-a-2015-infografia\/\"]}]},{\"@type\":\"BreadcrumbList\",\"@id\":\"https:\/\/www.abrima.com\/blog\/la-historia-de-windows-de-1985-a-2015-infografia\/#breadcrumb\",\"itemListElement\":[{\"@type\":\"ListItem\",\"position\":1,\"name\":\"Portada\",\"item\":\"https:\/\/www.abrima.com\/blog\/\"},{\"@type\":\"ListItem\",\"position\":2,\"name\":\"La historia de Windows: De 1985 a 2015 [Infograf\u00eda]\"}]},{\"@type\":\"Article\",\"@id\":\"https:\/\/www.abrima.com\/blog\/la-historia-de-windows-de-1985-a-2015-infografia\/#article\",\"isPartOf\":{\"@id\":\"https:\/\/www.abrima.com\/blog\/la-historia-de-windows-de-1985-a-2015-infografia\/#webpage\"},\"author\":{\"@id\":\"https:\/\/www.abrima.com\/blog\/#\/schema\/person\/b768d5411164cb8b8d58f72cdf4e11e8\"},\"headline\":\"La historia de Windows: De 1985 a 2015 [Infograf\u00eda]\",\"datePublished\":\"2015-07-28T00:11:05+00:00\",\"dateModified\":\"2015-07-28T00:11:05+00:00\",\"mainEntityOfPage\":{\"@id\":\"https:\/\/www.abrima.com\/blog\/la-historia-de-windows-de-1985-a-2015-infografia\/#webpage\"},\"wordCount\":275,\"commentCount\":0,\"publisher\":{\"@id\":\"https:\/\/www.abrima.com\/blog\/#organization\"},\"image\":{\"@id\":\"https:\/\/www.abrima.com\/blog\/la-historia-de-windows-de-1985-a-2015-infografia\/#primaryimage\"},\"thumbnailUrl\":\"http:\/\/wwwhatsnew.com\/wp-content\/uploads\/2015\/07\/historia-de-windows.jpg\",\"articleSection\":[\"Microsoft\"],\"inLanguage\":\"es\",\"potentialAction\":[{\"@type\":\"CommentAction\",\"name\":\"Comment\",\"target\":[\"https:\/\/www.abrima.com\/blog\/la-historia-de-windows-de-1985-a-2015-infografia\/#respond\"]}]},{\"@type\":\"Person\",\"@id\":\"https:\/\/www.abrima.com\/blog\/#\/schema\/person\/b768d5411164cb8b8d58f72cdf4e11e8\",\"name\":\"Abrima\",\"image\":{\"@type\":\"ImageObject\",\"inLanguage\":\"es\",\"@id\":\"https:\/\/www.abrima.com\/blog\/#\/schema\/person\/image\/\",\"url\":\"https:\/\/secure.gravatar.com\/avatar\/5cc72c9c6b371583c943a070dff20409?s=96&d=mm&r=g\",\"contentUrl\":\"https:\/\/secure.gravatar.com\/avatar\/5cc72c9c6b371583c943a070dff20409?s=96&d=mm&r=g\",\"caption\":\"Abrima\"},\"url\":\"https:\/\/www.abrima.com\/blog\/author\/abrima\/\"}]}<\/script>\n<!-- \/ Yoast SEO plugin. -->","yoast_head_json":{"title":"La historia de Windows: De 1985 a 2015 [Infograf\u00eda] - Blog de Tecnolog\u00eda - Abrima","robots":{"index":"index","follow":"follow","max-snippet":"max-snippet:-1","max-image-preview":"max-image-preview:large","max-video-preview":"max-video-preview:-1"},"canonical":"https:\/\/www.abrima.com\/blog\/la-historia-de-windows-de-1985-a-2015-infografia\/","og_locale":"es_ES","og_type":"article","og_title":"La historia de Windows: De 1985 a 2015 [Infograf\u00eda] - Blog de Tecnolog\u00eda - Abrima","og_description":"El pr\u00f3ximo mi\u00e9rcoles 29 de julio arribar\u00e1 finalmente Windows 10 al mundo entero y la expectativa es enorme por la cantidad de ingredientes considerados por [&hellip;]","og_url":"https:\/\/www.abrima.com\/blog\/la-historia-de-windows-de-1985-a-2015-infografia\/","og_site_name":"Blog de Tecnolog\u00eda - Abrima","article_publisher":"https:\/\/www.facebook.com\/abrimawebs\/","article_published_time":"2015-07-28T00:11:05+00:00","og_image":[{"url":"http:\/\/wwwhatsnew.com\/wp-content\/uploads\/2015\/07\/historia-de-windows.jpg"}],"twitter_misc":{"Escrito por":"Abrima","Tiempo de lectura":"1 minuto"},"schema":{"@context":"https:\/\/schema.org","@graph":[{"@type":"Organization","@id":"https:\/\/www.abrima.com\/blog\/#organization","name":"Abrima","url":"https:\/\/www.abrima.com\/blog\/","sameAs":["https:\/\/www.linkedin.com\/company\/abrima-soluciones-web\/","https:\/\/www.youtube.com\/user\/abrimawebs","https:\/\/www.facebook.com\/abrimawebs\/","https:\/\/twitter.com\/abrimaweb"],"logo":{"@type":"ImageObject","inLanguage":"es","@id":"https:\/\/www.abrima.com\/blog\/#\/schema\/logo\/image\/","url":"https:\/\/www.abrima.com\/blog\/wp-content\/uploads\/2018\/03\/abrima-logo.png","contentUrl":"https:\/\/www.abrima.com\/blog\/wp-content\/uploads\/2018\/03\/abrima-logo.png","width":700,"height":700,"caption":"Abrima"},"image":{"@id":"https:\/\/www.abrima.com\/blog\/#\/schema\/logo\/image\/"}},{"@type":"WebSite","@id":"https:\/\/www.abrima.com\/blog\/#website","url":"https:\/\/www.abrima.com\/blog\/","name":"Blog de Tecnolog\u00eda - Abrima","description":"Blog sobre todo lo relacionado con Cloud, Marketing Digital y Web","publisher":{"@id":"https:\/\/www.abrima.com\/blog\/#organization"},"potentialAction":[{"@type":"SearchAction","target":{"@type":"EntryPoint","urlTemplate":"https:\/\/www.abrima.com\/blog\/?s={search_term_string}"},"query-input":"required name=search_term_string"}],"inLanguage":"es"},{"@type":"ImageObject","inLanguage":"es","@id":"https:\/\/www.abrima.com\/blog\/la-historia-de-windows-de-1985-a-2015-infografia\/#primaryimage","url":"http:\/\/wwwhatsnew.com\/wp-content\/uploads\/2015\/07\/historia-de-windows.jpg","contentUrl":"http:\/\/wwwhatsnew.com\/wp-content\/uploads\/2015\/07\/historia-de-windows.jpg"},{"@type":"WebPage","@id":"https:\/\/www.abrima.com\/blog\/la-historia-de-windows-de-1985-a-2015-infografia\/#webpage","url":"https:\/\/www.abrima.com\/blog\/la-historia-de-windows-de-1985-a-2015-infografia\/","name":"La historia de Windows: De 1985 a 2015 [Infograf\u00eda] - Blog de Tecnolog\u00eda - Abrima","isPartOf":{"@id":"https:\/\/www.abrima.com\/blog\/#website"},"primaryImageOfPage":{"@id":"https:\/\/www.abrima.com\/blog\/la-historia-de-windows-de-1985-a-2015-infografia\/#primaryimage"},"datePublished":"2015-07-28T00:11:05+00:00","dateModified":"2015-07-28T00:11:05+00:00","breadcrumb":{"@id":"https:\/\/www.abrima.com\/blog\/la-historia-de-windows-de-1985-a-2015-infografia\/#breadcrumb"},"inLanguage":"es","potentialAction":[{"@type":"ReadAction","target":["https:\/\/www.abrima.com\/blog\/la-historia-de-windows-de-1985-a-2015-infografia\/"]}]},{"@type":"BreadcrumbList","@id":"https:\/\/www.abrima.com\/blog\/la-historia-de-windows-de-1985-a-2015-infografia\/#breadcrumb","itemListElement":[{"@type":"ListItem","position":1,"name":"Portada","item":"https:\/\/www.abrima.com\/blog\/"},{"@type":"ListItem","position":2,"name":"La historia de Windows: De 1985 a 2015 [Infograf\u00eda]"}]},{"@type":"Article","@id":"https:\/\/www.abrima.com\/blog\/la-historia-de-windows-de-1985-a-2015-infografia\/#article","isPartOf":{"@id":"https:\/\/www.abrima.com\/blog\/la-historia-de-windows-de-1985-a-2015-infografia\/#webpage"},"author":{"@id":"https:\/\/www.abrima.com\/blog\/#\/schema\/person\/b768d5411164cb8b8d58f72cdf4e11e8"},"headline":"La historia de Windows: De 1985 a 2015 [Infograf\u00eda]","datePublished":"2015-07-28T00:11:05+00:00","dateModified":"2015-07-28T00:11:05+00:00","mainEntityOfPage":{"@id":"https:\/\/www.abrima.com\/blog\/la-historia-de-windows-de-1985-a-2015-infografia\/#webpage"},"wordCount":275,"commentCount":0,"publisher":{"@id":"https:\/\/www.abrima.com\/blog\/#organization"},"image":{"@id":"https:\/\/www.abrima.com\/blog\/la-historia-de-windows-de-1985-a-2015-infografia\/#primaryimage"},"thumbnailUrl":"http:\/\/wwwhatsnew.com\/wp-content\/uploads\/2015\/07\/historia-de-windows.jpg","articleSection":["Microsoft"],"inLanguage":"es","potentialAction":[{"@type":"CommentAction","name":"Comment","target":["https:\/\/www.abrima.com\/blog\/la-historia-de-windows-de-1985-a-2015-infografia\/#respond"]}]},{"@type":"Person","@id":"https:\/\/www.abrima.com\/blog\/#\/schema\/person\/b768d5411164cb8b8d58f72cdf4e11e8","name":"Abrima","image":{"@type":"ImageObject","inLanguage":"es","@id":"https:\/\/www.abrima.com\/blog\/#\/schema\/person\/image\/","url":"https:\/\/secure.gravatar.com\/avatar\/5cc72c9c6b371583c943a070dff20409?s=96&d=mm&r=g","contentUrl":"https:\/\/secure.gravatar.com\/avatar\/5cc72c9c6b371583c943a070dff20409?s=96&d=mm&r=g","caption":"Abrima"},"url":"https:\/\/www.abrima.com\/blog\/author\/abrima\/"}]}},"amp_enabled":true,"_links":{"self":[{"href":"https:\/\/www.abrima.com\/blog\/wp-json\/wp\/v2\/posts\/3178"}],"collection":[{"href":"https:\/\/www.abrima.com\/blog\/wp-json\/wp\/v2\/posts"}],"about":[{"href":"https:\/\/www.abrima.com\/blog\/wp-json\/wp\/v2\/types\/post"}],"author":[{"embeddable":true,"href":"https:\/\/www.abrima.com\/blog\/wp-json\/wp\/v2\/users\/1"}],"replies":[{"embeddable":true,"href":"https:\/\/www.abrima.com\/blog\/wp-json\/wp\/v2\/comments?post=3178"}],"version-history":[{"count":1,"href":"https:\/\/www.abrima.com\/blog\/wp-json\/wp\/v2\/posts\/3178\/revisions"}],"predecessor-version":[{"id":3179,"href":"https:\/\/www.abrima.com\/blog\/wp-json\/wp\/v2\/posts\/3178\/revisions\/3179"}],"wp:attachment":[{"href":"https:\/\/www.abrima.com\/blog\/wp-json\/wp\/v2\/media?parent=3178"}],"wp:term":[{"taxonomy":"category","embeddable":true,"href":"https:\/\/www.abrima.com\/blog\/wp-json\/wp\/v2\/categories?post=3178"},{"taxonomy":"post_tag","embeddable":true,"href":"https:\/\/www.abrima.com\/blog\/wp-json\/wp\/v2\/tags?post=3178"}],"curies":[{"name":"wp","href":"https:\/\/api.w.org\/{rel}","templated":true}]}}