{"id":3137,"date":"2015-07-13T03:48:25","date_gmt":"2015-07-13T03:48:25","guid":{"rendered":"http:\/\/www.abrima.com\/blog\/?p=3137"},"modified":"2015-07-13T03:48:25","modified_gmt":"2015-07-13T03:48:25","slug":"facebook-11-millones-de-peruanos-se-conectan-a-esta-red-social-a-traves-de-moviles","status":"publish","type":"post","link":"https:\/\/www.abrima.com\/blog\/facebook-11-millones-de-peruanos-se-conectan-a-esta-red-social-a-traves-de-moviles\/","title":{"rendered":"Facebook: 11 millones de peruanos se conectan a esta red social a trav\u00e9s de m\u00f3viles"},"content":{"rendered":"<p><img src=\"http:\/\/cde.gestion2.e3.pe\/ima\/0\/0\/1\/0\/2\/102509.jpg\" alt=\"\" \/><\/p>\n<p>Los peruanos son cada vez m\u00e1s activos en <strong>Facebook<\/strong> y la mayor\u00eda accede a la plataforma desde dispositivos m\u00f3viles. Actualmente en Per\u00fa 14 millones de personas se conectan a Facebook cada mes, 11 millones de ellos desde un dispositivo m\u00f3vil.<\/p>\n<p>Teniendo en cuenta las cifras del 2012, la conexi\u00f3n m\u00f3vil a Facebook creci\u00f3 de 30% a 80%. se\u00f1al\u00f3 Sebasti\u00e1n Brea, director comercial de <strong>Facebook<\/strong> para el Cono Sur, quien particip\u00f3 esta semana que culmin\u00f3 en el congreso de marketing <span class=\"caps\">CAMP<\/span> 2015 para explicar c\u00f3mo las marcas peruanas pueden explotar este potencial para alcanzar objetivos de negocios.<\/p>\n<p>De esta manera, <strong>Facebook<\/strong> ofrece a las marcas la posibilidad de colocar un mensaje personalizado en la palma de la mano de su audiencia en todo momento y lugar, agreg\u00f3.<\/p>\n<p>\u201cLas marcas tienen en <strong>Facebook<\/strong> un enorme potencial para conectar con sus audiencias, pero es importante que antes de poner en marcha una campa\u00f1a definan el objetivo. \u00bfEs de awareness o branding? \u00bfBusca generar conversiones, ventas o performance? \u00bfPersigue una meta de fidelizaci\u00f3n?\u201d, dijo.<\/p>\n<p>\u201cUna vez que est\u00e1 claro el objetivo hay una diversidad de herramientas que le permite a las marcas elaborar campa\u00f1as de marketing eficientes\u201d, manifest\u00f3 Brea.<\/p>\n<p>Sobre las herramientas que <strong>Facebook<\/strong> pone a disposici\u00f3n de las empresas, el ejecutivo destac\u00f3 los siguientes grupos:<\/p>\n<p><strong>1. Segmentaci\u00f3n<\/strong><br \/>\nLa marca puede definir su p\u00fablico objetivo, por ejemplo para una marca deportiva ser\u00eda muy \u00fatil saber que en Per\u00fa hay 1,5 millones de corredores.<\/p>\n<p><strong>2. Optimizaci\u00f3n<\/strong><br \/>\nA trav\u00e9s de Facebook, los anunciantes pueden llegar al segmento indicado en el momento apropiado, controlando el alcance y la frecuencia de la exposici\u00f3n del anuncio.<\/p>\n<p><strong>3. Medici\u00f3n<\/strong><br \/>\nLa plataforma cuenta con herramientas de medici\u00f3n para volver m\u00e1s efectivo el impacto de la campa\u00f1a. Los anunciantes pueden medir tanto el impacto, las conversiones de ventas de su tienda online, recordaci\u00f3n de mensajes, entre otras alternativas de acuerdo al objetivo planteado al inicio de la campa\u00f1a.<\/p>\n<p><strong>Contenido creativo<\/strong><br \/>\nLas marcas deben comunicarse con un lenguaje personal y creativo en <strong>Facebook<\/strong>. Brea coment\u00f3 que \u201cel p\u00fablico est\u00e1 descubriendo contenido todo el tiempo en la plataforma. Por esta raz\u00f3n las empresas necesitan hablar el mismo lenguaje de las personas y encantarlas para captar su atenci\u00f3n y en ese sentido la creatividad es muy importante.\u201d<\/p>\n<p>Adem\u00e1s, a medida que mejora la conectividad y aumenta la penetraci\u00f3n de smartphones, cada vez m\u00e1s personas publican y descubren videos en Facebook. Eso ofrece un nuevo y poderoso canal de expresi\u00f3n a los anunciantes, que est\u00e1n dise\u00f1ando campa\u00f1as cada vez m\u00e1s audaces y creativas. Cada d\u00eda son visualizados 4,000 millones de videos en Facebook en el mundo.<\/p>\n","protected":false},"excerpt":{"rendered":"<p>Los peruanos son cada vez m\u00e1s activos en Facebook y la mayor\u00eda accede a la plataforma desde dispositivos m\u00f3viles. Actualmente en Per\u00fa 14 millones de [&hellip;]<\/p>\n","protected":false},"author":1,"featured_media":0,"comment_status":"open","ping_status":"open","sticky":false,"template":"","format":"standard","meta":{"_monsterinsights_skip_tracking":false,"_monsterinsights_sitenote_active":false,"_monsterinsights_sitenote_note":"","_monsterinsights_sitenote_category":0},"categories":[9],"tags":[],"yoast_head":"<!-- This site is optimized with the Yoast SEO plugin v19.1 - https:\/\/yoast.com\/wordpress\/plugins\/seo\/ -->\n<title>Facebook: 11 millones de peruanos se conectan a esta red social a trav\u00e9s de m\u00f3viles - Blog de Tecnolog\u00eda - Abrima<\/title>\n<meta name=\"robots\" content=\"index, follow, max-snippet:-1, max-image-preview:large, max-video-preview:-1\" \/>\n<link rel=\"canonical\" href=\"https:\/\/www.abrima.com\/blog\/facebook-11-millones-de-peruanos-se-conectan-a-esta-red-social-a-traves-de-moviles\/\" \/>\n<meta property=\"og:locale\" content=\"es_ES\" \/>\n<meta property=\"og:type\" content=\"article\" \/>\n<meta property=\"og:title\" content=\"Facebook: 11 millones de peruanos se conectan a esta red social a trav\u00e9s de m\u00f3viles - Blog de Tecnolog\u00eda - Abrima\" \/>\n<meta property=\"og:description\" content=\"Los peruanos son cada vez m\u00e1s activos en Facebook y la mayor\u00eda accede a la plataforma desde dispositivos m\u00f3viles. Actualmente en Per\u00fa 14 millones de [&hellip;]\" \/>\n<meta property=\"og:url\" content=\"https:\/\/www.abrima.com\/blog\/facebook-11-millones-de-peruanos-se-conectan-a-esta-red-social-a-traves-de-moviles\/\" \/>\n<meta property=\"og:site_name\" content=\"Blog de Tecnolog\u00eda - Abrima\" \/>\n<meta property=\"article:publisher\" content=\"https:\/\/www.facebook.com\/abrimawebs\/\" \/>\n<meta property=\"article:published_time\" content=\"2015-07-13T03:48:25+00:00\" \/>\n<meta property=\"og:image\" content=\"http:\/\/cde.gestion2.e3.pe\/ima\/0\/0\/1\/0\/2\/102509.jpg\" \/>\n<meta name=\"twitter:label1\" content=\"Escrito por\" \/>\n\t<meta name=\"twitter:data1\" content=\"Abrima\" \/>\n\t<meta name=\"twitter:label2\" content=\"Tiempo de lectura\" \/>\n\t<meta name=\"twitter:data2\" content=\"2 minutos\" \/>\n<script type=\"application\/ld+json\" class=\"yoast-schema-graph\">{\"@context\":\"https:\/\/schema.org\",\"@graph\":[{\"@type\":\"Organization\",\"@id\":\"https:\/\/www.abrima.com\/blog\/#organization\",\"name\":\"Abrima\",\"url\":\"https:\/\/www.abrima.com\/blog\/\",\"sameAs\":[\"https:\/\/www.linkedin.com\/company\/abrima-soluciones-web\/\",\"https:\/\/www.youtube.com\/user\/abrimawebs\",\"https:\/\/www.facebook.com\/abrimawebs\/\",\"https:\/\/twitter.com\/abrimaweb\"],\"logo\":{\"@type\":\"ImageObject\",\"inLanguage\":\"es\",\"@id\":\"https:\/\/www.abrima.com\/blog\/#\/schema\/logo\/image\/\",\"url\":\"https:\/\/www.abrima.com\/blog\/wp-content\/uploads\/2018\/03\/abrima-logo.png\",\"contentUrl\":\"https:\/\/www.abrima.com\/blog\/wp-content\/uploads\/2018\/03\/abrima-logo.png\",\"width\":700,\"height\":700,\"caption\":\"Abrima\"},\"image\":{\"@id\":\"https:\/\/www.abrima.com\/blog\/#\/schema\/logo\/image\/\"}},{\"@type\":\"WebSite\",\"@id\":\"https:\/\/www.abrima.com\/blog\/#website\",\"url\":\"https:\/\/www.abrima.com\/blog\/\",\"name\":\"Blog de Tecnolog\u00eda - Abrima\",\"description\":\"Blog sobre todo lo relacionado con Cloud, Marketing Digital y Web\",\"publisher\":{\"@id\":\"https:\/\/www.abrima.com\/blog\/#organization\"},\"potentialAction\":[{\"@type\":\"SearchAction\",\"target\":{\"@type\":\"EntryPoint\",\"urlTemplate\":\"https:\/\/www.abrima.com\/blog\/?s={search_term_string}\"},\"query-input\":\"required name=search_term_string\"}],\"inLanguage\":\"es\"},{\"@type\":\"ImageObject\",\"inLanguage\":\"es\",\"@id\":\"https:\/\/www.abrima.com\/blog\/facebook-11-millones-de-peruanos-se-conectan-a-esta-red-social-a-traves-de-moviles\/#primaryimage\",\"url\":\"http:\/\/cde.gestion2.e3.pe\/ima\/0\/0\/1\/0\/2\/102509.jpg\",\"contentUrl\":\"http:\/\/cde.gestion2.e3.pe\/ima\/0\/0\/1\/0\/2\/102509.jpg\"},{\"@type\":\"WebPage\",\"@id\":\"https:\/\/www.abrima.com\/blog\/facebook-11-millones-de-peruanos-se-conectan-a-esta-red-social-a-traves-de-moviles\/#webpage\",\"url\":\"https:\/\/www.abrima.com\/blog\/facebook-11-millones-de-peruanos-se-conectan-a-esta-red-social-a-traves-de-moviles\/\",\"name\":\"Facebook: 11 millones de peruanos se conectan a esta red social a trav\u00e9s de m\u00f3viles - Blog de Tecnolog\u00eda - Abrima\",\"isPartOf\":{\"@id\":\"https:\/\/www.abrima.com\/blog\/#website\"},\"primaryImageOfPage\":{\"@id\":\"https:\/\/www.abrima.com\/blog\/facebook-11-millones-de-peruanos-se-conectan-a-esta-red-social-a-traves-de-moviles\/#primaryimage\"},\"datePublished\":\"2015-07-13T03:48:25+00:00\",\"dateModified\":\"2015-07-13T03:48:25+00:00\",\"breadcrumb\":{\"@id\":\"https:\/\/www.abrima.com\/blog\/facebook-11-millones-de-peruanos-se-conectan-a-esta-red-social-a-traves-de-moviles\/#breadcrumb\"},\"inLanguage\":\"es\",\"potentialAction\":[{\"@type\":\"ReadAction\",\"target\":[\"https:\/\/www.abrima.com\/blog\/facebook-11-millones-de-peruanos-se-conectan-a-esta-red-social-a-traves-de-moviles\/\"]}]},{\"@type\":\"BreadcrumbList\",\"@id\":\"https:\/\/www.abrima.com\/blog\/facebook-11-millones-de-peruanos-se-conectan-a-esta-red-social-a-traves-de-moviles\/#breadcrumb\",\"itemListElement\":[{\"@type\":\"ListItem\",\"position\":1,\"name\":\"Portada\",\"item\":\"https:\/\/www.abrima.com\/blog\/\"},{\"@type\":\"ListItem\",\"position\":2,\"name\":\"Facebook: 11 millones de peruanos se conectan a esta red social a trav\u00e9s de m\u00f3viles\"}]},{\"@type\":\"Article\",\"@id\":\"https:\/\/www.abrima.com\/blog\/facebook-11-millones-de-peruanos-se-conectan-a-esta-red-social-a-traves-de-moviles\/#article\",\"isPartOf\":{\"@id\":\"https:\/\/www.abrima.com\/blog\/facebook-11-millones-de-peruanos-se-conectan-a-esta-red-social-a-traves-de-moviles\/#webpage\"},\"author\":{\"@id\":\"https:\/\/www.abrima.com\/blog\/#\/schema\/person\/b768d5411164cb8b8d58f72cdf4e11e8\"},\"headline\":\"Facebook: 11 millones de peruanos se conectan a esta red social a trav\u00e9s de m\u00f3viles\",\"datePublished\":\"2015-07-13T03:48:25+00:00\",\"dateModified\":\"2015-07-13T03:48:25+00:00\",\"mainEntityOfPage\":{\"@id\":\"https:\/\/www.abrima.com\/blog\/facebook-11-millones-de-peruanos-se-conectan-a-esta-red-social-a-traves-de-moviles\/#webpage\"},\"wordCount\":472,\"commentCount\":0,\"publisher\":{\"@id\":\"https:\/\/www.abrima.com\/blog\/#organization\"},\"image\":{\"@id\":\"https:\/\/www.abrima.com\/blog\/facebook-11-millones-de-peruanos-se-conectan-a-esta-red-social-a-traves-de-moviles\/#primaryimage\"},\"thumbnailUrl\":\"http:\/\/cde.gestion2.e3.pe\/ima\/0\/0\/1\/0\/2\/102509.jpg\",\"articleSection\":[\"Facebook\"],\"inLanguage\":\"es\",\"potentialAction\":[{\"@type\":\"CommentAction\",\"name\":\"Comment\",\"target\":[\"https:\/\/www.abrima.com\/blog\/facebook-11-millones-de-peruanos-se-conectan-a-esta-red-social-a-traves-de-moviles\/#respond\"]}]},{\"@type\":\"Person\",\"@id\":\"https:\/\/www.abrima.com\/blog\/#\/schema\/person\/b768d5411164cb8b8d58f72cdf4e11e8\",\"name\":\"Abrima\",\"image\":{\"@type\":\"ImageObject\",\"inLanguage\":\"es\",\"@id\":\"https:\/\/www.abrima.com\/blog\/#\/schema\/person\/image\/\",\"url\":\"https:\/\/secure.gravatar.com\/avatar\/5cc72c9c6b371583c943a070dff20409?s=96&d=mm&r=g\",\"contentUrl\":\"https:\/\/secure.gravatar.com\/avatar\/5cc72c9c6b371583c943a070dff20409?s=96&d=mm&r=g\",\"caption\":\"Abrima\"},\"url\":\"https:\/\/www.abrima.com\/blog\/author\/abrima\/\"}]}<\/script>\n<!-- \/ Yoast SEO plugin. -->","yoast_head_json":{"title":"Facebook: 11 millones de peruanos se conectan a esta red social a trav\u00e9s de m\u00f3viles - Blog de Tecnolog\u00eda - Abrima","robots":{"index":"index","follow":"follow","max-snippet":"max-snippet:-1","max-image-preview":"max-image-preview:large","max-video-preview":"max-video-preview:-1"},"canonical":"https:\/\/www.abrima.com\/blog\/facebook-11-millones-de-peruanos-se-conectan-a-esta-red-social-a-traves-de-moviles\/","og_locale":"es_ES","og_type":"article","og_title":"Facebook: 11 millones de peruanos se conectan a esta red social a trav\u00e9s de m\u00f3viles - Blog de Tecnolog\u00eda - Abrima","og_description":"Los peruanos son cada vez m\u00e1s activos en Facebook y la mayor\u00eda accede a la plataforma desde dispositivos m\u00f3viles. Actualmente en Per\u00fa 14 millones de [&hellip;]","og_url":"https:\/\/www.abrima.com\/blog\/facebook-11-millones-de-peruanos-se-conectan-a-esta-red-social-a-traves-de-moviles\/","og_site_name":"Blog de Tecnolog\u00eda - Abrima","article_publisher":"https:\/\/www.facebook.com\/abrimawebs\/","article_published_time":"2015-07-13T03:48:25+00:00","og_image":[{"url":"http:\/\/cde.gestion2.e3.pe\/ima\/0\/0\/1\/0\/2\/102509.jpg"}],"twitter_misc":{"Escrito por":"Abrima","Tiempo de lectura":"2 minutos"},"schema":{"@context":"https:\/\/schema.org","@graph":[{"@type":"Organization","@id":"https:\/\/www.abrima.com\/blog\/#organization","name":"Abrima","url":"https:\/\/www.abrima.com\/blog\/","sameAs":["https:\/\/www.linkedin.com\/company\/abrima-soluciones-web\/","https:\/\/www.youtube.com\/user\/abrimawebs","https:\/\/www.facebook.com\/abrimawebs\/","https:\/\/twitter.com\/abrimaweb"],"logo":{"@type":"ImageObject","inLanguage":"es","@id":"https:\/\/www.abrima.com\/blog\/#\/schema\/logo\/image\/","url":"https:\/\/www.abrima.com\/blog\/wp-content\/uploads\/2018\/03\/abrima-logo.png","contentUrl":"https:\/\/www.abrima.com\/blog\/wp-content\/uploads\/2018\/03\/abrima-logo.png","width":700,"height":700,"caption":"Abrima"},"image":{"@id":"https:\/\/www.abrima.com\/blog\/#\/schema\/logo\/image\/"}},{"@type":"WebSite","@id":"https:\/\/www.abrima.com\/blog\/#website","url":"https:\/\/www.abrima.com\/blog\/","name":"Blog de Tecnolog\u00eda - Abrima","description":"Blog sobre todo lo relacionado con Cloud, Marketing Digital y Web","publisher":{"@id":"https:\/\/www.abrima.com\/blog\/#organization"},"potentialAction":[{"@type":"SearchAction","target":{"@type":"EntryPoint","urlTemplate":"https:\/\/www.abrima.com\/blog\/?s={search_term_string}"},"query-input":"required name=search_term_string"}],"inLanguage":"es"},{"@type":"ImageObject","inLanguage":"es","@id":"https:\/\/www.abrima.com\/blog\/facebook-11-millones-de-peruanos-se-conectan-a-esta-red-social-a-traves-de-moviles\/#primaryimage","url":"http:\/\/cde.gestion2.e3.pe\/ima\/0\/0\/1\/0\/2\/102509.jpg","contentUrl":"http:\/\/cde.gestion2.e3.pe\/ima\/0\/0\/1\/0\/2\/102509.jpg"},{"@type":"WebPage","@id":"https:\/\/www.abrima.com\/blog\/facebook-11-millones-de-peruanos-se-conectan-a-esta-red-social-a-traves-de-moviles\/#webpage","url":"https:\/\/www.abrima.com\/blog\/facebook-11-millones-de-peruanos-se-conectan-a-esta-red-social-a-traves-de-moviles\/","name":"Facebook: 11 millones de peruanos se conectan a esta red social a trav\u00e9s de m\u00f3viles - Blog de Tecnolog\u00eda - Abrima","isPartOf":{"@id":"https:\/\/www.abrima.com\/blog\/#website"},"primaryImageOfPage":{"@id":"https:\/\/www.abrima.com\/blog\/facebook-11-millones-de-peruanos-se-conectan-a-esta-red-social-a-traves-de-moviles\/#primaryimage"},"datePublished":"2015-07-13T03:48:25+00:00","dateModified":"2015-07-13T03:48:25+00:00","breadcrumb":{"@id":"https:\/\/www.abrima.com\/blog\/facebook-11-millones-de-peruanos-se-conectan-a-esta-red-social-a-traves-de-moviles\/#breadcrumb"},"inLanguage":"es","potentialAction":[{"@type":"ReadAction","target":["https:\/\/www.abrima.com\/blog\/facebook-11-millones-de-peruanos-se-conectan-a-esta-red-social-a-traves-de-moviles\/"]}]},{"@type":"BreadcrumbList","@id":"https:\/\/www.abrima.com\/blog\/facebook-11-millones-de-peruanos-se-conectan-a-esta-red-social-a-traves-de-moviles\/#breadcrumb","itemListElement":[{"@type":"ListItem","position":1,"name":"Portada","item":"https:\/\/www.abrima.com\/blog\/"},{"@type":"ListItem","position":2,"name":"Facebook: 11 millones de peruanos se conectan a esta red social a trav\u00e9s de m\u00f3viles"}]},{"@type":"Article","@id":"https:\/\/www.abrima.com\/blog\/facebook-11-millones-de-peruanos-se-conectan-a-esta-red-social-a-traves-de-moviles\/#article","isPartOf":{"@id":"https:\/\/www.abrima.com\/blog\/facebook-11-millones-de-peruanos-se-conectan-a-esta-red-social-a-traves-de-moviles\/#webpage"},"author":{"@id":"https:\/\/www.abrima.com\/blog\/#\/schema\/person\/b768d5411164cb8b8d58f72cdf4e11e8"},"headline":"Facebook: 11 millones de peruanos se conectan a esta red social a trav\u00e9s de m\u00f3viles","datePublished":"2015-07-13T03:48:25+00:00","dateModified":"2015-07-13T03:48:25+00:00","mainEntityOfPage":{"@id":"https:\/\/www.abrima.com\/blog\/facebook-11-millones-de-peruanos-se-conectan-a-esta-red-social-a-traves-de-moviles\/#webpage"},"wordCount":472,"commentCount":0,"publisher":{"@id":"https:\/\/www.abrima.com\/blog\/#organization"},"image":{"@id":"https:\/\/www.abrima.com\/blog\/facebook-11-millones-de-peruanos-se-conectan-a-esta-red-social-a-traves-de-moviles\/#primaryimage"},"thumbnailUrl":"http:\/\/cde.gestion2.e3.pe\/ima\/0\/0\/1\/0\/2\/102509.jpg","articleSection":["Facebook"],"inLanguage":"es","potentialAction":[{"@type":"CommentAction","name":"Comment","target":["https:\/\/www.abrima.com\/blog\/facebook-11-millones-de-peruanos-se-conectan-a-esta-red-social-a-traves-de-moviles\/#respond"]}]},{"@type":"Person","@id":"https:\/\/www.abrima.com\/blog\/#\/schema\/person\/b768d5411164cb8b8d58f72cdf4e11e8","name":"Abrima","image":{"@type":"ImageObject","inLanguage":"es","@id":"https:\/\/www.abrima.com\/blog\/#\/schema\/person\/image\/","url":"https:\/\/secure.gravatar.com\/avatar\/5cc72c9c6b371583c943a070dff20409?s=96&d=mm&r=g","contentUrl":"https:\/\/secure.gravatar.com\/avatar\/5cc72c9c6b371583c943a070dff20409?s=96&d=mm&r=g","caption":"Abrima"},"url":"https:\/\/www.abrima.com\/blog\/author\/abrima\/"}]}},"amp_enabled":true,"_links":{"self":[{"href":"https:\/\/www.abrima.com\/blog\/wp-json\/wp\/v2\/posts\/3137"}],"collection":[{"href":"https:\/\/www.abrima.com\/blog\/wp-json\/wp\/v2\/posts"}],"about":[{"href":"https:\/\/www.abrima.com\/blog\/wp-json\/wp\/v2\/types\/post"}],"author":[{"embeddable":true,"href":"https:\/\/www.abrima.com\/blog\/wp-json\/wp\/v2\/users\/1"}],"replies":[{"embeddable":true,"href":"https:\/\/www.abrima.com\/blog\/wp-json\/wp\/v2\/comments?post=3137"}],"version-history":[{"count":1,"href":"https:\/\/www.abrima.com\/blog\/wp-json\/wp\/v2\/posts\/3137\/revisions"}],"predecessor-version":[{"id":3138,"href":"https:\/\/www.abrima.com\/blog\/wp-json\/wp\/v2\/posts\/3137\/revisions\/3138"}],"wp:attachment":[{"href":"https:\/\/www.abrima.com\/blog\/wp-json\/wp\/v2\/media?parent=3137"}],"wp:term":[{"taxonomy":"category","embeddable":true,"href":"https:\/\/www.abrima.com\/blog\/wp-json\/wp\/v2\/categories?post=3137"},{"taxonomy":"post_tag","embeddable":true,"href":"https:\/\/www.abrima.com\/blog\/wp-json\/wp\/v2\/tags?post=3137"}],"curies":[{"name":"wp","href":"https:\/\/api.w.org\/{rel}","templated":true}]}}