{"id":3048,"date":"2015-06-09T18:39:29","date_gmt":"2015-06-09T18:39:29","guid":{"rendered":"http:\/\/www.abrima.com\/blog\/?p=3048"},"modified":"2015-06-09T18:39:29","modified_gmt":"2015-06-09T18:39:29","slug":"las-empresas-deben-estar-preparadas-para-el-tsunami-tecnologico-en-los-proximos-20-anos","status":"publish","type":"post","link":"https:\/\/www.abrima.com\/blog\/las-empresas-deben-estar-preparadas-para-el-tsunami-tecnologico-en-los-proximos-20-anos\/","title":{"rendered":"Las empresas deben estar preparadas para el \u201ctsunami tecnol\u00f3gico\u201d en los pr\u00f3ximos 20 a\u00f1os"},"content":{"rendered":"<p>El ingeniero <strong>Jos\u00e9 Luis Cordeiro<\/strong>, profesor de\u00a0<a href=\"http:\/\/gestion.pe\/noticias-de-singularity-university-34633\" target=\"_blank\">Singularity University<\/a>, cree que la inteligencia artificial superar\u00e1 a la humana y que los hombres alcanzaremos la vida eterna. Todo esto gracias a los cambios tecnol\u00f3gicos.<\/p>\n<p>En las siguientes dos d\u00e9cadas, el mundo experimentar\u00e1 m\u00e1s cambios que en los \u00faltimos dos siglos gracias a la revoluci\u00f3n de nuevas tecnolog\u00edas. \u00bfSu empresa est\u00e1 preparada para este \u201ctsunami tecnol\u00f3gico\u201d?<\/p>\n<p>El docente en <strong>Singularity University<\/strong> -instituci\u00f3n acad\u00e9mica con sede en Silicon Valley fundada por Google, Nasa, Nokia y otras entidades-, afirma que los jefes de compa\u00f1\u00edas de todo el mundo deben entender estos cambios y aprovechar las oportunidades que pueden representar para sus negocios.<\/p>\n<p>\u201cNo habr\u00e1 l\u00edmites para el conocimiento. Las empresas y los individuos que vean estas oportunidades progresar\u00e1n r\u00e1pidamente. En todo el mundo, se vienen grandes oportunidades en t\u00e9rminos m\u00e1gicos\u201d, expres\u00f3.<\/p>\n<p>Cordeiro es un convencido de que las tendencias tecnol\u00f3gicas como la movilidad, el uso de la nube, las herramientas de anal\u00edtica y procesamiento de informaci\u00f3n, entre otros nos llevar\u00e1n a un mundo de ciencia ficci\u00f3n.<\/p>\n<p><strong>Revoluci\u00f3n energ\u00e9tica<\/strong><br \/>\nEl mercado energ\u00e9tico, tema en el que Cordeiro dice ser especialista, tambi\u00e9n experimentar\u00e1 una disrupci\u00f3n total. Se dejar\u00e1 el petr\u00f3leo y las energ\u00edas renovables tomar\u00e1n la posta.<\/p>\n<p>\u201cVamos a pasar a los combustibles f\u00f3siles como el carb\u00f3n, petr\u00f3leo, gas natural a fuentes de energ\u00eda renovable como la solar, e\u00f3lica e incluso hidroenerg\u00eda (\u2026) Se est\u00e1 duplicando la cantidad de energ\u00eda renovable en el mundo cada dos a\u00f1os, m\u00e1s limpia, tecnol\u00f3gica y barata\u201d, explica.<\/p>\n<p>Bajo esa l\u00f3gica, Cordeiro proyecta el fin de <strong>Petroper\u00fa<\/strong> en veinte a\u00f1os y desestima las millonarias inversiones en importantes proyectos energ\u00e9ticos en el pa\u00eds como lo son la Refiner\u00eda de Talara y el Gasoducto del Sur Peruano.<\/p>\n<p>\u201cEs un error gastar tanto dinero en una refiner\u00eda que no va a hacer falta en diez a\u00f1os o gastar tanto dinero en un Gasoducto que no se va a usar cuando ya se puede pasar a una transformaci\u00f3n energ\u00e9tica\u201d, sostiene.<\/p>\n<p>Para Cordeiro, los US$ 7,000 millones de inversi\u00f3n en el<span class=\"caps\">GSP<\/span> y los US$ 3,500 millones en la adecuaci\u00f3n de la refiner\u00eda de Talara podr\u00edan destinarse a instalaciones con capacidad energ\u00e9tica solar y e\u00f3lica que compensar\u00eda todo el consumo energ\u00e9tico del Per\u00fa.<\/p>\n<p>Fuente: <a href=\"http:\/\/gestion.pe\/empresas\/empresas-deben-estar-preparadas-tsunami-tecnologico-proximos-20-anos-2134231\">Gestion<\/a><\/p>\n","protected":false},"excerpt":{"rendered":"<p>El ingeniero Jos\u00e9 Luis Cordeiro, profesor de\u00a0Singularity University, cree que la inteligencia artificial superar\u00e1 a la humana y que los hombres alcanzaremos la vida eterna. [&hellip;]<\/p>\n","protected":false},"author":1,"featured_media":0,"comment_status":"open","ping_status":"open","sticky":false,"template":"","format":"standard","meta":{"_monsterinsights_skip_tracking":false,"_monsterinsights_sitenote_active":false,"_monsterinsights_sitenote_note":"","_monsterinsights_sitenote_category":0},"categories":[10,23],"tags":[],"yoast_head":"<!-- This site is optimized with the Yoast SEO plugin v19.1 - https:\/\/yoast.com\/wordpress\/plugins\/seo\/ -->\n<title>Las empresas deben estar preparadas para el \u201ctsunami tecnol\u00f3gico\u201d en los pr\u00f3ximos 20 a\u00f1os - Blog de Tecnolog\u00eda - Abrima<\/title>\n<meta name=\"robots\" content=\"index, follow, max-snippet:-1, max-image-preview:large, max-video-preview:-1\" \/>\n<link rel=\"canonical\" href=\"https:\/\/www.abrima.com\/blog\/las-empresas-deben-estar-preparadas-para-el-tsunami-tecnologico-en-los-proximos-20-anos\/\" \/>\n<meta property=\"og:locale\" content=\"es_ES\" \/>\n<meta property=\"og:type\" content=\"article\" \/>\n<meta property=\"og:title\" content=\"Las empresas deben estar preparadas para el \u201ctsunami tecnol\u00f3gico\u201d en los pr\u00f3ximos 20 a\u00f1os - Blog de Tecnolog\u00eda - Abrima\" \/>\n<meta property=\"og:description\" content=\"El ingeniero Jos\u00e9 Luis Cordeiro, profesor de\u00a0Singularity University, cree que la inteligencia artificial superar\u00e1 a la humana y que los hombres alcanzaremos la vida eterna. [&hellip;]\" \/>\n<meta property=\"og:url\" content=\"https:\/\/www.abrima.com\/blog\/las-empresas-deben-estar-preparadas-para-el-tsunami-tecnologico-en-los-proximos-20-anos\/\" \/>\n<meta property=\"og:site_name\" content=\"Blog de Tecnolog\u00eda - Abrima\" \/>\n<meta property=\"article:publisher\" content=\"https:\/\/www.facebook.com\/abrimawebs\/\" \/>\n<meta property=\"article:published_time\" content=\"2015-06-09T18:39:29+00:00\" \/>\n<meta name=\"twitter:label1\" content=\"Escrito por\" \/>\n\t<meta name=\"twitter:data1\" content=\"Abrima\" \/>\n\t<meta name=\"twitter:label2\" content=\"Tiempo de lectura\" \/>\n\t<meta name=\"twitter:data2\" content=\"2 minutos\" \/>\n<script type=\"application\/ld+json\" class=\"yoast-schema-graph\">{\"@context\":\"https:\/\/schema.org\",\"@graph\":[{\"@type\":\"Organization\",\"@id\":\"https:\/\/www.abrima.com\/blog\/#organization\",\"name\":\"Abrima\",\"url\":\"https:\/\/www.abrima.com\/blog\/\",\"sameAs\":[\"https:\/\/www.linkedin.com\/company\/abrima-soluciones-web\/\",\"https:\/\/www.youtube.com\/user\/abrimawebs\",\"https:\/\/www.facebook.com\/abrimawebs\/\",\"https:\/\/twitter.com\/abrimaweb\"],\"logo\":{\"@type\":\"ImageObject\",\"inLanguage\":\"es\",\"@id\":\"https:\/\/www.abrima.com\/blog\/#\/schema\/logo\/image\/\",\"url\":\"https:\/\/www.abrima.com\/blog\/wp-content\/uploads\/2018\/03\/abrima-logo.png\",\"contentUrl\":\"https:\/\/www.abrima.com\/blog\/wp-content\/uploads\/2018\/03\/abrima-logo.png\",\"width\":700,\"height\":700,\"caption\":\"Abrima\"},\"image\":{\"@id\":\"https:\/\/www.abrima.com\/blog\/#\/schema\/logo\/image\/\"}},{\"@type\":\"WebSite\",\"@id\":\"https:\/\/www.abrima.com\/blog\/#website\",\"url\":\"https:\/\/www.abrima.com\/blog\/\",\"name\":\"Blog de Tecnolog\u00eda - Abrima\",\"description\":\"Blog sobre todo lo relacionado con Cloud, Marketing Digital y Web\",\"publisher\":{\"@id\":\"https:\/\/www.abrima.com\/blog\/#organization\"},\"potentialAction\":[{\"@type\":\"SearchAction\",\"target\":{\"@type\":\"EntryPoint\",\"urlTemplate\":\"https:\/\/www.abrima.com\/blog\/?s={search_term_string}\"},\"query-input\":\"required name=search_term_string\"}],\"inLanguage\":\"es\"},{\"@type\":\"WebPage\",\"@id\":\"https:\/\/www.abrima.com\/blog\/las-empresas-deben-estar-preparadas-para-el-tsunami-tecnologico-en-los-proximos-20-anos\/#webpage\",\"url\":\"https:\/\/www.abrima.com\/blog\/las-empresas-deben-estar-preparadas-para-el-tsunami-tecnologico-en-los-proximos-20-anos\/\",\"name\":\"Las empresas deben estar preparadas para el \u201ctsunami tecnol\u00f3gico\u201d en los pr\u00f3ximos 20 a\u00f1os - Blog de Tecnolog\u00eda - Abrima\",\"isPartOf\":{\"@id\":\"https:\/\/www.abrima.com\/blog\/#website\"},\"datePublished\":\"2015-06-09T18:39:29+00:00\",\"dateModified\":\"2015-06-09T18:39:29+00:00\",\"breadcrumb\":{\"@id\":\"https:\/\/www.abrima.com\/blog\/las-empresas-deben-estar-preparadas-para-el-tsunami-tecnologico-en-los-proximos-20-anos\/#breadcrumb\"},\"inLanguage\":\"es\",\"potentialAction\":[{\"@type\":\"ReadAction\",\"target\":[\"https:\/\/www.abrima.com\/blog\/las-empresas-deben-estar-preparadas-para-el-tsunami-tecnologico-en-los-proximos-20-anos\/\"]}]},{\"@type\":\"BreadcrumbList\",\"@id\":\"https:\/\/www.abrima.com\/blog\/las-empresas-deben-estar-preparadas-para-el-tsunami-tecnologico-en-los-proximos-20-anos\/#breadcrumb\",\"itemListElement\":[{\"@type\":\"ListItem\",\"position\":1,\"name\":\"Portada\",\"item\":\"https:\/\/www.abrima.com\/blog\/\"},{\"@type\":\"ListItem\",\"position\":2,\"name\":\"Las empresas deben estar preparadas para el \u201ctsunami tecnol\u00f3gico\u201d en los pr\u00f3ximos 20 a\u00f1os\"}]},{\"@type\":\"Article\",\"@id\":\"https:\/\/www.abrima.com\/blog\/las-empresas-deben-estar-preparadas-para-el-tsunami-tecnologico-en-los-proximos-20-anos\/#article\",\"isPartOf\":{\"@id\":\"https:\/\/www.abrima.com\/blog\/las-empresas-deben-estar-preparadas-para-el-tsunami-tecnologico-en-los-proximos-20-anos\/#webpage\"},\"author\":{\"@id\":\"https:\/\/www.abrima.com\/blog\/#\/schema\/person\/b768d5411164cb8b8d58f72cdf4e11e8\"},\"headline\":\"Las empresas deben estar preparadas para el \u201ctsunami tecnol\u00f3gico\u201d en los pr\u00f3ximos 20 a\u00f1os\",\"datePublished\":\"2015-06-09T18:39:29+00:00\",\"dateModified\":\"2015-06-09T18:39:29+00:00\",\"mainEntityOfPage\":{\"@id\":\"https:\/\/www.abrima.com\/blog\/las-empresas-deben-estar-preparadas-para-el-tsunami-tecnologico-en-los-proximos-20-anos\/#webpage\"},\"wordCount\":435,\"commentCount\":0,\"publisher\":{\"@id\":\"https:\/\/www.abrima.com\/blog\/#organization\"},\"articleSection\":[\"Google\",\"Tecnolog\u00eda y Futuro\"],\"inLanguage\":\"es\",\"potentialAction\":[{\"@type\":\"CommentAction\",\"name\":\"Comment\",\"target\":[\"https:\/\/www.abrima.com\/blog\/las-empresas-deben-estar-preparadas-para-el-tsunami-tecnologico-en-los-proximos-20-anos\/#respond\"]}]},{\"@type\":\"Person\",\"@id\":\"https:\/\/www.abrima.com\/blog\/#\/schema\/person\/b768d5411164cb8b8d58f72cdf4e11e8\",\"name\":\"Abrima\",\"image\":{\"@type\":\"ImageObject\",\"inLanguage\":\"es\",\"@id\":\"https:\/\/www.abrima.com\/blog\/#\/schema\/person\/image\/\",\"url\":\"https:\/\/secure.gravatar.com\/avatar\/5cc72c9c6b371583c943a070dff20409?s=96&d=mm&r=g\",\"contentUrl\":\"https:\/\/secure.gravatar.com\/avatar\/5cc72c9c6b371583c943a070dff20409?s=96&d=mm&r=g\",\"caption\":\"Abrima\"},\"url\":\"https:\/\/www.abrima.com\/blog\/author\/abrima\/\"}]}<\/script>\n<!-- \/ Yoast SEO plugin. -->","yoast_head_json":{"title":"Las empresas deben estar preparadas para el \u201ctsunami tecnol\u00f3gico\u201d en los pr\u00f3ximos 20 a\u00f1os - Blog de Tecnolog\u00eda - Abrima","robots":{"index":"index","follow":"follow","max-snippet":"max-snippet:-1","max-image-preview":"max-image-preview:large","max-video-preview":"max-video-preview:-1"},"canonical":"https:\/\/www.abrima.com\/blog\/las-empresas-deben-estar-preparadas-para-el-tsunami-tecnologico-en-los-proximos-20-anos\/","og_locale":"es_ES","og_type":"article","og_title":"Las empresas deben estar preparadas para el \u201ctsunami tecnol\u00f3gico\u201d en los pr\u00f3ximos 20 a\u00f1os - Blog de Tecnolog\u00eda - Abrima","og_description":"El ingeniero Jos\u00e9 Luis Cordeiro, profesor de\u00a0Singularity University, cree que la inteligencia artificial superar\u00e1 a la humana y que los hombres alcanzaremos la vida eterna. [&hellip;]","og_url":"https:\/\/www.abrima.com\/blog\/las-empresas-deben-estar-preparadas-para-el-tsunami-tecnologico-en-los-proximos-20-anos\/","og_site_name":"Blog de Tecnolog\u00eda - Abrima","article_publisher":"https:\/\/www.facebook.com\/abrimawebs\/","article_published_time":"2015-06-09T18:39:29+00:00","twitter_misc":{"Escrito por":"Abrima","Tiempo de lectura":"2 minutos"},"schema":{"@context":"https:\/\/schema.org","@graph":[{"@type":"Organization","@id":"https:\/\/www.abrima.com\/blog\/#organization","name":"Abrima","url":"https:\/\/www.abrima.com\/blog\/","sameAs":["https:\/\/www.linkedin.com\/company\/abrima-soluciones-web\/","https:\/\/www.youtube.com\/user\/abrimawebs","https:\/\/www.facebook.com\/abrimawebs\/","https:\/\/twitter.com\/abrimaweb"],"logo":{"@type":"ImageObject","inLanguage":"es","@id":"https:\/\/www.abrima.com\/blog\/#\/schema\/logo\/image\/","url":"https:\/\/www.abrima.com\/blog\/wp-content\/uploads\/2018\/03\/abrima-logo.png","contentUrl":"https:\/\/www.abrima.com\/blog\/wp-content\/uploads\/2018\/03\/abrima-logo.png","width":700,"height":700,"caption":"Abrima"},"image":{"@id":"https:\/\/www.abrima.com\/blog\/#\/schema\/logo\/image\/"}},{"@type":"WebSite","@id":"https:\/\/www.abrima.com\/blog\/#website","url":"https:\/\/www.abrima.com\/blog\/","name":"Blog de Tecnolog\u00eda - Abrima","description":"Blog sobre todo lo relacionado con Cloud, Marketing Digital y Web","publisher":{"@id":"https:\/\/www.abrima.com\/blog\/#organization"},"potentialAction":[{"@type":"SearchAction","target":{"@type":"EntryPoint","urlTemplate":"https:\/\/www.abrima.com\/blog\/?s={search_term_string}"},"query-input":"required name=search_term_string"}],"inLanguage":"es"},{"@type":"WebPage","@id":"https:\/\/www.abrima.com\/blog\/las-empresas-deben-estar-preparadas-para-el-tsunami-tecnologico-en-los-proximos-20-anos\/#webpage","url":"https:\/\/www.abrima.com\/blog\/las-empresas-deben-estar-preparadas-para-el-tsunami-tecnologico-en-los-proximos-20-anos\/","name":"Las empresas deben estar preparadas para el \u201ctsunami tecnol\u00f3gico\u201d en los pr\u00f3ximos 20 a\u00f1os - Blog de Tecnolog\u00eda - Abrima","isPartOf":{"@id":"https:\/\/www.abrima.com\/blog\/#website"},"datePublished":"2015-06-09T18:39:29+00:00","dateModified":"2015-06-09T18:39:29+00:00","breadcrumb":{"@id":"https:\/\/www.abrima.com\/blog\/las-empresas-deben-estar-preparadas-para-el-tsunami-tecnologico-en-los-proximos-20-anos\/#breadcrumb"},"inLanguage":"es","potentialAction":[{"@type":"ReadAction","target":["https:\/\/www.abrima.com\/blog\/las-empresas-deben-estar-preparadas-para-el-tsunami-tecnologico-en-los-proximos-20-anos\/"]}]},{"@type":"BreadcrumbList","@id":"https:\/\/www.abrima.com\/blog\/las-empresas-deben-estar-preparadas-para-el-tsunami-tecnologico-en-los-proximos-20-anos\/#breadcrumb","itemListElement":[{"@type":"ListItem","position":1,"name":"Portada","item":"https:\/\/www.abrima.com\/blog\/"},{"@type":"ListItem","position":2,"name":"Las empresas deben estar preparadas para el \u201ctsunami tecnol\u00f3gico\u201d en los pr\u00f3ximos 20 a\u00f1os"}]},{"@type":"Article","@id":"https:\/\/www.abrima.com\/blog\/las-empresas-deben-estar-preparadas-para-el-tsunami-tecnologico-en-los-proximos-20-anos\/#article","isPartOf":{"@id":"https:\/\/www.abrima.com\/blog\/las-empresas-deben-estar-preparadas-para-el-tsunami-tecnologico-en-los-proximos-20-anos\/#webpage"},"author":{"@id":"https:\/\/www.abrima.com\/blog\/#\/schema\/person\/b768d5411164cb8b8d58f72cdf4e11e8"},"headline":"Las empresas deben estar preparadas para el \u201ctsunami tecnol\u00f3gico\u201d en los pr\u00f3ximos 20 a\u00f1os","datePublished":"2015-06-09T18:39:29+00:00","dateModified":"2015-06-09T18:39:29+00:00","mainEntityOfPage":{"@id":"https:\/\/www.abrima.com\/blog\/las-empresas-deben-estar-preparadas-para-el-tsunami-tecnologico-en-los-proximos-20-anos\/#webpage"},"wordCount":435,"commentCount":0,"publisher":{"@id":"https:\/\/www.abrima.com\/blog\/#organization"},"articleSection":["Google","Tecnolog\u00eda y Futuro"],"inLanguage":"es","potentialAction":[{"@type":"CommentAction","name":"Comment","target":["https:\/\/www.abrima.com\/blog\/las-empresas-deben-estar-preparadas-para-el-tsunami-tecnologico-en-los-proximos-20-anos\/#respond"]}]},{"@type":"Person","@id":"https:\/\/www.abrima.com\/blog\/#\/schema\/person\/b768d5411164cb8b8d58f72cdf4e11e8","name":"Abrima","image":{"@type":"ImageObject","inLanguage":"es","@id":"https:\/\/www.abrima.com\/blog\/#\/schema\/person\/image\/","url":"https:\/\/secure.gravatar.com\/avatar\/5cc72c9c6b371583c943a070dff20409?s=96&d=mm&r=g","contentUrl":"https:\/\/secure.gravatar.com\/avatar\/5cc72c9c6b371583c943a070dff20409?s=96&d=mm&r=g","caption":"Abrima"},"url":"https:\/\/www.abrima.com\/blog\/author\/abrima\/"}]}},"amp_enabled":true,"_links":{"self":[{"href":"https:\/\/www.abrima.com\/blog\/wp-json\/wp\/v2\/posts\/3048"}],"collection":[{"href":"https:\/\/www.abrima.com\/blog\/wp-json\/wp\/v2\/posts"}],"about":[{"href":"https:\/\/www.abrima.com\/blog\/wp-json\/wp\/v2\/types\/post"}],"author":[{"embeddable":true,"href":"https:\/\/www.abrima.com\/blog\/wp-json\/wp\/v2\/users\/1"}],"replies":[{"embeddable":true,"href":"https:\/\/www.abrima.com\/blog\/wp-json\/wp\/v2\/comments?post=3048"}],"version-history":[{"count":1,"href":"https:\/\/www.abrima.com\/blog\/wp-json\/wp\/v2\/posts\/3048\/revisions"}],"predecessor-version":[{"id":3049,"href":"https:\/\/www.abrima.com\/blog\/wp-json\/wp\/v2\/posts\/3048\/revisions\/3049"}],"wp:attachment":[{"href":"https:\/\/www.abrima.com\/blog\/wp-json\/wp\/v2\/media?parent=3048"}],"wp:term":[{"taxonomy":"category","embeddable":true,"href":"https:\/\/www.abrima.com\/blog\/wp-json\/wp\/v2\/categories?post=3048"},{"taxonomy":"post_tag","embeddable":true,"href":"https:\/\/www.abrima.com\/blog\/wp-json\/wp\/v2\/tags?post=3048"}],"curies":[{"name":"wp","href":"https:\/\/api.w.org\/{rel}","templated":true}]}}