{"id":302,"date":"2013-10-04T12:25:47","date_gmt":"2013-10-04T12:25:47","guid":{"rendered":"http:\/\/abrima.com\/blog\/?p=302"},"modified":"2013-10-19T03:47:10","modified_gmt":"2013-10-19T03:47:10","slug":"eliminar-un-archivo-de-la-pc-te-llevara-prision-con-ley-de-delitos-informaticos","status":"publish","type":"post","link":"https:\/\/www.abrima.com\/blog\/eliminar-un-archivo-de-la-pc-te-llevara-prision-con-ley-de-delitos-informaticos\/","title":{"rendered":"Eliminar un archivo de la PC te llevar\u00e1 a prisi\u00f3n con Ley de Delitos Inform\u00e1ticos"},"content":{"rendered":"<p><img loading=\"lazy\" alt=\"La ley contiene diversos errores en su texto\" src=\"http:\/\/cdn.larepublica.pe\/sites\/default\/files\/imagecache\/img_noticia_640x384\/imagen\/2013\/10\/04\/imagen-ley-de-delitos-informaticos.jpg\" width=\"384\" height=\"230\" \/><\/p>\n<p>El jueves 12 de septiembre, pese a que sus autores iniciales reconocieron los errores que conten\u00eda,\u00a0<a href=\"http:\/\/www.larepublica.pe\/12-09-2013\/pleno-del-congreso-aprobo-polemica-ley-beingolea\" target=\"_blank\">el proyecto de la Ley de Delitos Inform\u00e1ticos\u00a0<\/a>fue aprobado en el\u00a0<a href=\"http:\/\/www.larepublica.pe\/tag\/congreso-del-peru\" target=\"_blank\">Pleno del Congreso<\/a>\u00a0por unanimidad, escondi\u00e9ndose en la verdadera necesidad de lograr una legislaci\u00f3n que luche contra el cibercrimen.<\/p>\n<p>El proyecto inicial, conocido como\u00a0<a href=\"http:\/\/www.larepublica.pe\/23-09-2013\/ley-de-delitos-informaticos-tiene-un-articulo-contra-la-libertad-de-expresion\" target=\"_blank\">Ley Beingolea<\/a>, estuvo en espera por m\u00e1s de un a\u00f1o y en menos de seis horas fue debatido, modificado, revisado y aprobado, uni\u00e9ndolo con otros proyectos pendientes relacionados al Internet y con la iniciativa presentada por el Ejecutivo, referida a la modificaci\u00f3n del\u00a0<strong>art\u00edculo 162 del C\u00f3digo Penal<\/strong>, sobre la intercepci\u00f3n telef\u00f3nica, tras la difusi\u00f3n del audio del ministro de Defensa,<a href=\"http:\/\/www.larepublica.pe\/tag\/pedro-cateriano\" target=\"_blank\">\u00a0Pedro Cateriano<\/a>.<\/p>\n<p>Aunque existe la intenci\u00f3n que el Per\u00fa se adhiera a la\u00a0<strong>Convenci\u00f3n de Budapest<\/strong>, un acuerdo internacional suscrito en noviembre del 2001 con el objetivo de luchar contra los delitos inform\u00e1ticos y de Internet; este proyecto ha tomado varios puntos de este tratado, sin remediar en las acepciones que presenta el texto.<\/p>\n<p>El congresista<strong>\u00a0Juan Carlos Eguren<\/strong>, quien se encarg\u00f3 de modificar el dictamen, defiende este proyecto bajo la premisa que el Per\u00fa, en el primer trimestre del a\u00f1o, ocup\u00f3 el quinto puesto entre los pa\u00edses m\u00e1s vulnerables en materia inform\u00e1tica.<\/p>\n<p>\u201cEn caso una persona sin consentimiento afecte datos inform\u00e1ticos o de usuario, el<strong>funcionamiento de un sistema o a una red inform\u00e1tica o de telecomunicaciones<\/strong>, recibir\u00e1, por ejemplo, una pena privativa de la libertad no menor de tres ni mayor de seis a\u00f1os\u201d, expres\u00f3 el legislador.<\/p>\n<p>Sin embargo, el cap\u00edtulo al que hace referencia el congresista es tan ambiguo, como el resto, que permite que una persona sea condenada hasta a seis a\u00f1os de prisi\u00f3n solo por cambiar de nombrar, borrar, suprimir o copiar una carpeta o un archivo de otro usuario.<\/p>\n<p>Asimismo,\u00a0<strong>elaborar y utilizar una base de datos en Excel<\/strong>\u00a0u otro programa, con informaci\u00f3n de una o m\u00e1s personas, puede llevarte a la c\u00e1rcel hasta por cinco a\u00f1os. Una simple lista de contactos puede ser la causa de pasar unos a\u00f1os en prisi\u00f3n por inveros\u00edmil que parezca.<\/p>\n<p>\u201cLas formas verbales son tan ambiguas que no se entienden a que se han querido referir en lo que es da\u00f1o a datos inform\u00e1ticos\u201d, se\u00f1al\u00f3<a href=\"http:\/\/www.larepublica.pe\/17-08-2012\/congreso-aprobaria-ley-de-delitos-informaticos-que-vulneraria-el-anonimato-en-la-red\" target=\"_blank\">\u00a0Erick Iriarte<\/a>, abogado especialista en TIC.<\/p>\n<p><strong>EL COPY &amp; PASTE A BUDAPEST<\/strong><\/p>\n<p>En el af\u00e1n de tener cercan\u00edas con el Acuerdo de Budapest, uno de los cap\u00edtulos se\u00f1ala la prohibici\u00f3n de la posesi\u00f3n, creaci\u00f3n o comercializaci\u00f3n de bienes o software que sirvan para hackear. Sin embargo, el texto de la convenci\u00f3n indica, un p\u00e1rrafo abajo, una acepci\u00f3n para aquellos que utilicen estas herramientas para un an\u00e1lisis de ethical hacking o vulnerabilidad de sistemas.<\/p>\n<p>Iriarte record\u00f3 que los instrumentos no son da\u00f1inos, la utilizaci\u00f3n s\u00ed lo podr\u00eda ser. Aunque<strong>el propio Estado utiliza estas herramientas para seguridad de la informaci\u00f3n<\/strong>, ya no podr\u00eda emplearlas por culpa de esta ley, porque no se incluye esta acepci\u00f3n.<\/p>\n<p>De esta forma, sostuvo el especialista, se les est\u00e1 haciendo un gran favor a los delincuentes cibern\u00e9ticos porque utilizar estos software, as\u00ed sea para combatirlos, es il\u00edcito.<\/p>\n<p>\u201cEn la copia peruana, se coloca el primer p\u00e1rrafo, pero no han puesto la acepci\u00f3n. O sea, muchas de las pol\u00edticas que tiene el Estado peruano no se podr\u00edan ejecutar porque el instrumento para hacerlo es delito. \u00bfQui\u00e9n se ve beneficiado con eso? Los delincuentes\u201d, coment\u00f3.<\/p>\n<p><strong>LA PALABRA FINAL LA TIENE EL EJECUTIVO<\/strong><\/p>\n<p>Ma\u00f1ana, publicaremos la segunda parte de este informe porque los errores del texto del legislativo lo permiten, mientras tanto, diversas organizaciones han solicitado al presidente de la Rep\u00fablica,<a href=\"http:\/\/www.larepublica.pe\/tag\/ollanta-humala\" target=\"_blank\">\u00a0Ollanta Humala<\/a>, observar la aut\u00f3grafa de esta ley y continuar con los esfuerzos para que el Per\u00fa se adhiera a la Convenci\u00f3n de Budapest.<\/p>\n<p>FUENTE: <a href=\"http:\/\/www.larepublica.pe\/04-10-2013\/eliminar-un-archivo-de-la-pc-te-llevara-a-prision-con-ley-de-delitos-informaticos\">larepublica.pe<\/a><\/p>\n","protected":false},"excerpt":{"rendered":"<p>El jueves 12 de septiembre, pese a que sus autores iniciales reconocieron los errores que conten\u00eda,\u00a0el proyecto de la Ley de Delitos Inform\u00e1ticos\u00a0fue aprobado en [&hellip;]<\/p>\n","protected":false},"author":2,"featured_media":0,"comment_status":"open","ping_status":"open","sticky":false,"template":"","format":"standard","meta":{"_monsterinsights_skip_tracking":false,"_monsterinsights_sitenote_active":false,"_monsterinsights_sitenote_note":"","_monsterinsights_sitenote_category":0},"categories":[14],"tags":[],"yoast_head":"<!-- This site is optimized with the Yoast SEO plugin v19.1 - https:\/\/yoast.com\/wordpress\/plugins\/seo\/ -->\n<title>Eliminar un archivo de la PC te llevar\u00e1 a prisi\u00f3n con Ley de Delitos Inform\u00e1ticos - Blog de Tecnolog\u00eda - Abrima<\/title>\n<meta name=\"robots\" content=\"index, follow, max-snippet:-1, max-image-preview:large, max-video-preview:-1\" \/>\n<link rel=\"canonical\" href=\"https:\/\/www.abrima.com\/blog\/eliminar-un-archivo-de-la-pc-te-llevara-prision-con-ley-de-delitos-informaticos\/\" \/>\n<meta property=\"og:locale\" content=\"es_ES\" \/>\n<meta property=\"og:type\" content=\"article\" \/>\n<meta property=\"og:title\" content=\"Eliminar un archivo de la PC te llevar\u00e1 a prisi\u00f3n con Ley de Delitos Inform\u00e1ticos - Blog de Tecnolog\u00eda - Abrima\" \/>\n<meta property=\"og:description\" content=\"El jueves 12 de septiembre, pese a que sus autores iniciales reconocieron los errores que conten\u00eda,\u00a0el proyecto de la Ley de Delitos Inform\u00e1ticos\u00a0fue aprobado en [&hellip;]\" \/>\n<meta property=\"og:url\" content=\"https:\/\/www.abrima.com\/blog\/eliminar-un-archivo-de-la-pc-te-llevara-prision-con-ley-de-delitos-informaticos\/\" \/>\n<meta property=\"og:site_name\" content=\"Blog de Tecnolog\u00eda - Abrima\" \/>\n<meta property=\"article:publisher\" content=\"https:\/\/www.facebook.com\/abrimawebs\/\" \/>\n<meta property=\"article:published_time\" content=\"2013-10-04T12:25:47+00:00\" \/>\n<meta property=\"article:modified_time\" content=\"2013-10-19T03:47:10+00:00\" \/>\n<meta property=\"og:image\" content=\"http:\/\/cdn.larepublica.pe\/sites\/default\/files\/imagecache\/img_noticia_640x384\/imagen\/2013\/10\/04\/imagen-ley-de-delitos-informaticos.jpg\" \/>\n<meta name=\"twitter:label1\" content=\"Escrito por\" \/>\n\t<meta name=\"twitter:data1\" content=\"Ana Lucia Marrou\" \/>\n\t<meta name=\"twitter:label2\" content=\"Tiempo de lectura\" \/>\n\t<meta name=\"twitter:data2\" content=\"3 minutos\" \/>\n<script type=\"application\/ld+json\" class=\"yoast-schema-graph\">{\"@context\":\"https:\/\/schema.org\",\"@graph\":[{\"@type\":\"Organization\",\"@id\":\"https:\/\/www.abrima.com\/blog\/#organization\",\"name\":\"Abrima\",\"url\":\"https:\/\/www.abrima.com\/blog\/\",\"sameAs\":[\"https:\/\/www.linkedin.com\/company\/abrima-soluciones-web\/\",\"https:\/\/www.youtube.com\/user\/abrimawebs\",\"https:\/\/www.facebook.com\/abrimawebs\/\",\"https:\/\/twitter.com\/abrimaweb\"],\"logo\":{\"@type\":\"ImageObject\",\"inLanguage\":\"es\",\"@id\":\"https:\/\/www.abrima.com\/blog\/#\/schema\/logo\/image\/\",\"url\":\"https:\/\/www.abrima.com\/blog\/wp-content\/uploads\/2018\/03\/abrima-logo.png\",\"contentUrl\":\"https:\/\/www.abrima.com\/blog\/wp-content\/uploads\/2018\/03\/abrima-logo.png\",\"width\":700,\"height\":700,\"caption\":\"Abrima\"},\"image\":{\"@id\":\"https:\/\/www.abrima.com\/blog\/#\/schema\/logo\/image\/\"}},{\"@type\":\"WebSite\",\"@id\":\"https:\/\/www.abrima.com\/blog\/#website\",\"url\":\"https:\/\/www.abrima.com\/blog\/\",\"name\":\"Blog de Tecnolog\u00eda - Abrima\",\"description\":\"Blog sobre todo lo relacionado con Cloud, Marketing Digital y Web\",\"publisher\":{\"@id\":\"https:\/\/www.abrima.com\/blog\/#organization\"},\"potentialAction\":[{\"@type\":\"SearchAction\",\"target\":{\"@type\":\"EntryPoint\",\"urlTemplate\":\"https:\/\/www.abrima.com\/blog\/?s={search_term_string}\"},\"query-input\":\"required name=search_term_string\"}],\"inLanguage\":\"es\"},{\"@type\":\"ImageObject\",\"inLanguage\":\"es\",\"@id\":\"https:\/\/www.abrima.com\/blog\/eliminar-un-archivo-de-la-pc-te-llevara-prision-con-ley-de-delitos-informaticos\/#primaryimage\",\"url\":\"http:\/\/cdn.larepublica.pe\/sites\/default\/files\/imagecache\/img_noticia_640x384\/imagen\/2013\/10\/04\/imagen-ley-de-delitos-informaticos.jpg\",\"contentUrl\":\"http:\/\/cdn.larepublica.pe\/sites\/default\/files\/imagecache\/img_noticia_640x384\/imagen\/2013\/10\/04\/imagen-ley-de-delitos-informaticos.jpg\"},{\"@type\":\"WebPage\",\"@id\":\"https:\/\/www.abrima.com\/blog\/eliminar-un-archivo-de-la-pc-te-llevara-prision-con-ley-de-delitos-informaticos\/#webpage\",\"url\":\"https:\/\/www.abrima.com\/blog\/eliminar-un-archivo-de-la-pc-te-llevara-prision-con-ley-de-delitos-informaticos\/\",\"name\":\"Eliminar un archivo de la PC te llevar\u00e1 a prisi\u00f3n con Ley de Delitos Inform\u00e1ticos - Blog de Tecnolog\u00eda - Abrima\",\"isPartOf\":{\"@id\":\"https:\/\/www.abrima.com\/blog\/#website\"},\"primaryImageOfPage\":{\"@id\":\"https:\/\/www.abrima.com\/blog\/eliminar-un-archivo-de-la-pc-te-llevara-prision-con-ley-de-delitos-informaticos\/#primaryimage\"},\"datePublished\":\"2013-10-04T12:25:47+00:00\",\"dateModified\":\"2013-10-19T03:47:10+00:00\",\"breadcrumb\":{\"@id\":\"https:\/\/www.abrima.com\/blog\/eliminar-un-archivo-de-la-pc-te-llevara-prision-con-ley-de-delitos-informaticos\/#breadcrumb\"},\"inLanguage\":\"es\",\"potentialAction\":[{\"@type\":\"ReadAction\",\"target\":[\"https:\/\/www.abrima.com\/blog\/eliminar-un-archivo-de-la-pc-te-llevara-prision-con-ley-de-delitos-informaticos\/\"]}]},{\"@type\":\"BreadcrumbList\",\"@id\":\"https:\/\/www.abrima.com\/blog\/eliminar-un-archivo-de-la-pc-te-llevara-prision-con-ley-de-delitos-informaticos\/#breadcrumb\",\"itemListElement\":[{\"@type\":\"ListItem\",\"position\":1,\"name\":\"Portada\",\"item\":\"https:\/\/www.abrima.com\/blog\/\"},{\"@type\":\"ListItem\",\"position\":2,\"name\":\"Eliminar un archivo de la PC te llevar\u00e1 a prisi\u00f3n con Ley de Delitos Inform\u00e1ticos\"}]},{\"@type\":\"Article\",\"@id\":\"https:\/\/www.abrima.com\/blog\/eliminar-un-archivo-de-la-pc-te-llevara-prision-con-ley-de-delitos-informaticos\/#article\",\"isPartOf\":{\"@id\":\"https:\/\/www.abrima.com\/blog\/eliminar-un-archivo-de-la-pc-te-llevara-prision-con-ley-de-delitos-informaticos\/#webpage\"},\"author\":{\"@id\":\"https:\/\/www.abrima.com\/blog\/#\/schema\/person\/70ccd8d5617e3a3d6d5121086c3bb00f\"},\"headline\":\"Eliminar un archivo de la PC te llevar\u00e1 a prisi\u00f3n con Ley de Delitos Inform\u00e1ticos\",\"datePublished\":\"2013-10-04T12:25:47+00:00\",\"dateModified\":\"2013-10-19T03:47:10+00:00\",\"mainEntityOfPage\":{\"@id\":\"https:\/\/www.abrima.com\/blog\/eliminar-un-archivo-de-la-pc-te-llevara-prision-con-ley-de-delitos-informaticos\/#webpage\"},\"wordCount\":697,\"commentCount\":0,\"publisher\":{\"@id\":\"https:\/\/www.abrima.com\/blog\/#organization\"},\"image\":{\"@id\":\"https:\/\/www.abrima.com\/blog\/eliminar-un-archivo-de-la-pc-te-llevara-prision-con-ley-de-delitos-informaticos\/#primaryimage\"},\"thumbnailUrl\":\"http:\/\/cdn.larepublica.pe\/sites\/default\/files\/imagecache\/img_noticia_640x384\/imagen\/2013\/10\/04\/imagen-ley-de-delitos-informaticos.jpg\",\"articleSection\":[\"Internet\"],\"inLanguage\":\"es\",\"potentialAction\":[{\"@type\":\"CommentAction\",\"name\":\"Comment\",\"target\":[\"https:\/\/www.abrima.com\/blog\/eliminar-un-archivo-de-la-pc-te-llevara-prision-con-ley-de-delitos-informaticos\/#respond\"]}]},{\"@type\":\"Person\",\"@id\":\"https:\/\/www.abrima.com\/blog\/#\/schema\/person\/70ccd8d5617e3a3d6d5121086c3bb00f\",\"name\":\"Ana Lucia Marrou\",\"image\":{\"@type\":\"ImageObject\",\"inLanguage\":\"es\",\"@id\":\"https:\/\/www.abrima.com\/blog\/#\/schema\/person\/image\/\",\"url\":\"https:\/\/secure.gravatar.com\/avatar\/90bc8b721d14c58be266256fd3396265?s=96&d=mm&r=g\",\"contentUrl\":\"https:\/\/secure.gravatar.com\/avatar\/90bc8b721d14c58be266256fd3396265?s=96&d=mm&r=g\",\"caption\":\"Ana Lucia Marrou\"},\"url\":\"https:\/\/www.abrima.com\/blog\/author\/anilu\/\"}]}<\/script>\n<!-- \/ Yoast SEO plugin. -->","yoast_head_json":{"title":"Eliminar un archivo de la PC te llevar\u00e1 a prisi\u00f3n con Ley de Delitos Inform\u00e1ticos - Blog de Tecnolog\u00eda - Abrima","robots":{"index":"index","follow":"follow","max-snippet":"max-snippet:-1","max-image-preview":"max-image-preview:large","max-video-preview":"max-video-preview:-1"},"canonical":"https:\/\/www.abrima.com\/blog\/eliminar-un-archivo-de-la-pc-te-llevara-prision-con-ley-de-delitos-informaticos\/","og_locale":"es_ES","og_type":"article","og_title":"Eliminar un archivo de la PC te llevar\u00e1 a prisi\u00f3n con Ley de Delitos Inform\u00e1ticos - Blog de Tecnolog\u00eda - Abrima","og_description":"El jueves 12 de septiembre, pese a que sus autores iniciales reconocieron los errores que conten\u00eda,\u00a0el proyecto de la Ley de Delitos Inform\u00e1ticos\u00a0fue aprobado en [&hellip;]","og_url":"https:\/\/www.abrima.com\/blog\/eliminar-un-archivo-de-la-pc-te-llevara-prision-con-ley-de-delitos-informaticos\/","og_site_name":"Blog de Tecnolog\u00eda - Abrima","article_publisher":"https:\/\/www.facebook.com\/abrimawebs\/","article_published_time":"2013-10-04T12:25:47+00:00","article_modified_time":"2013-10-19T03:47:10+00:00","og_image":[{"url":"http:\/\/cdn.larepublica.pe\/sites\/default\/files\/imagecache\/img_noticia_640x384\/imagen\/2013\/10\/04\/imagen-ley-de-delitos-informaticos.jpg"}],"twitter_misc":{"Escrito por":"Ana Lucia Marrou","Tiempo de lectura":"3 minutos"},"schema":{"@context":"https:\/\/schema.org","@graph":[{"@type":"Organization","@id":"https:\/\/www.abrima.com\/blog\/#organization","name":"Abrima","url":"https:\/\/www.abrima.com\/blog\/","sameAs":["https:\/\/www.linkedin.com\/company\/abrima-soluciones-web\/","https:\/\/www.youtube.com\/user\/abrimawebs","https:\/\/www.facebook.com\/abrimawebs\/","https:\/\/twitter.com\/abrimaweb"],"logo":{"@type":"ImageObject","inLanguage":"es","@id":"https:\/\/www.abrima.com\/blog\/#\/schema\/logo\/image\/","url":"https:\/\/www.abrima.com\/blog\/wp-content\/uploads\/2018\/03\/abrima-logo.png","contentUrl":"https:\/\/www.abrima.com\/blog\/wp-content\/uploads\/2018\/03\/abrima-logo.png","width":700,"height":700,"caption":"Abrima"},"image":{"@id":"https:\/\/www.abrima.com\/blog\/#\/schema\/logo\/image\/"}},{"@type":"WebSite","@id":"https:\/\/www.abrima.com\/blog\/#website","url":"https:\/\/www.abrima.com\/blog\/","name":"Blog de Tecnolog\u00eda - Abrima","description":"Blog sobre todo lo relacionado con Cloud, Marketing Digital y Web","publisher":{"@id":"https:\/\/www.abrima.com\/blog\/#organization"},"potentialAction":[{"@type":"SearchAction","target":{"@type":"EntryPoint","urlTemplate":"https:\/\/www.abrima.com\/blog\/?s={search_term_string}"},"query-input":"required name=search_term_string"}],"inLanguage":"es"},{"@type":"ImageObject","inLanguage":"es","@id":"https:\/\/www.abrima.com\/blog\/eliminar-un-archivo-de-la-pc-te-llevara-prision-con-ley-de-delitos-informaticos\/#primaryimage","url":"http:\/\/cdn.larepublica.pe\/sites\/default\/files\/imagecache\/img_noticia_640x384\/imagen\/2013\/10\/04\/imagen-ley-de-delitos-informaticos.jpg","contentUrl":"http:\/\/cdn.larepublica.pe\/sites\/default\/files\/imagecache\/img_noticia_640x384\/imagen\/2013\/10\/04\/imagen-ley-de-delitos-informaticos.jpg"},{"@type":"WebPage","@id":"https:\/\/www.abrima.com\/blog\/eliminar-un-archivo-de-la-pc-te-llevara-prision-con-ley-de-delitos-informaticos\/#webpage","url":"https:\/\/www.abrima.com\/blog\/eliminar-un-archivo-de-la-pc-te-llevara-prision-con-ley-de-delitos-informaticos\/","name":"Eliminar un archivo de la PC te llevar\u00e1 a prisi\u00f3n con Ley de Delitos Inform\u00e1ticos - Blog de Tecnolog\u00eda - Abrima","isPartOf":{"@id":"https:\/\/www.abrima.com\/blog\/#website"},"primaryImageOfPage":{"@id":"https:\/\/www.abrima.com\/blog\/eliminar-un-archivo-de-la-pc-te-llevara-prision-con-ley-de-delitos-informaticos\/#primaryimage"},"datePublished":"2013-10-04T12:25:47+00:00","dateModified":"2013-10-19T03:47:10+00:00","breadcrumb":{"@id":"https:\/\/www.abrima.com\/blog\/eliminar-un-archivo-de-la-pc-te-llevara-prision-con-ley-de-delitos-informaticos\/#breadcrumb"},"inLanguage":"es","potentialAction":[{"@type":"ReadAction","target":["https:\/\/www.abrima.com\/blog\/eliminar-un-archivo-de-la-pc-te-llevara-prision-con-ley-de-delitos-informaticos\/"]}]},{"@type":"BreadcrumbList","@id":"https:\/\/www.abrima.com\/blog\/eliminar-un-archivo-de-la-pc-te-llevara-prision-con-ley-de-delitos-informaticos\/#breadcrumb","itemListElement":[{"@type":"ListItem","position":1,"name":"Portada","item":"https:\/\/www.abrima.com\/blog\/"},{"@type":"ListItem","position":2,"name":"Eliminar un archivo de la PC te llevar\u00e1 a prisi\u00f3n con Ley de Delitos Inform\u00e1ticos"}]},{"@type":"Article","@id":"https:\/\/www.abrima.com\/blog\/eliminar-un-archivo-de-la-pc-te-llevara-prision-con-ley-de-delitos-informaticos\/#article","isPartOf":{"@id":"https:\/\/www.abrima.com\/blog\/eliminar-un-archivo-de-la-pc-te-llevara-prision-con-ley-de-delitos-informaticos\/#webpage"},"author":{"@id":"https:\/\/www.abrima.com\/blog\/#\/schema\/person\/70ccd8d5617e3a3d6d5121086c3bb00f"},"headline":"Eliminar un archivo de la PC te llevar\u00e1 a prisi\u00f3n con Ley de Delitos Inform\u00e1ticos","datePublished":"2013-10-04T12:25:47+00:00","dateModified":"2013-10-19T03:47:10+00:00","mainEntityOfPage":{"@id":"https:\/\/www.abrima.com\/blog\/eliminar-un-archivo-de-la-pc-te-llevara-prision-con-ley-de-delitos-informaticos\/#webpage"},"wordCount":697,"commentCount":0,"publisher":{"@id":"https:\/\/www.abrima.com\/blog\/#organization"},"image":{"@id":"https:\/\/www.abrima.com\/blog\/eliminar-un-archivo-de-la-pc-te-llevara-prision-con-ley-de-delitos-informaticos\/#primaryimage"},"thumbnailUrl":"http:\/\/cdn.larepublica.pe\/sites\/default\/files\/imagecache\/img_noticia_640x384\/imagen\/2013\/10\/04\/imagen-ley-de-delitos-informaticos.jpg","articleSection":["Internet"],"inLanguage":"es","potentialAction":[{"@type":"CommentAction","name":"Comment","target":["https:\/\/www.abrima.com\/blog\/eliminar-un-archivo-de-la-pc-te-llevara-prision-con-ley-de-delitos-informaticos\/#respond"]}]},{"@type":"Person","@id":"https:\/\/www.abrima.com\/blog\/#\/schema\/person\/70ccd8d5617e3a3d6d5121086c3bb00f","name":"Ana Lucia Marrou","image":{"@type":"ImageObject","inLanguage":"es","@id":"https:\/\/www.abrima.com\/blog\/#\/schema\/person\/image\/","url":"https:\/\/secure.gravatar.com\/avatar\/90bc8b721d14c58be266256fd3396265?s=96&d=mm&r=g","contentUrl":"https:\/\/secure.gravatar.com\/avatar\/90bc8b721d14c58be266256fd3396265?s=96&d=mm&r=g","caption":"Ana Lucia Marrou"},"url":"https:\/\/www.abrima.com\/blog\/author\/anilu\/"}]}},"amp_enabled":true,"_links":{"self":[{"href":"https:\/\/www.abrima.com\/blog\/wp-json\/wp\/v2\/posts\/302"}],"collection":[{"href":"https:\/\/www.abrima.com\/blog\/wp-json\/wp\/v2\/posts"}],"about":[{"href":"https:\/\/www.abrima.com\/blog\/wp-json\/wp\/v2\/types\/post"}],"author":[{"embeddable":true,"href":"https:\/\/www.abrima.com\/blog\/wp-json\/wp\/v2\/users\/2"}],"replies":[{"embeddable":true,"href":"https:\/\/www.abrima.com\/blog\/wp-json\/wp\/v2\/comments?post=302"}],"version-history":[{"count":1,"href":"https:\/\/www.abrima.com\/blog\/wp-json\/wp\/v2\/posts\/302\/revisions"}],"predecessor-version":[{"id":303,"href":"https:\/\/www.abrima.com\/blog\/wp-json\/wp\/v2\/posts\/302\/revisions\/303"}],"wp:attachment":[{"href":"https:\/\/www.abrima.com\/blog\/wp-json\/wp\/v2\/media?parent=302"}],"wp:term":[{"taxonomy":"category","embeddable":true,"href":"https:\/\/www.abrima.com\/blog\/wp-json\/wp\/v2\/categories?post=302"},{"taxonomy":"post_tag","embeddable":true,"href":"https:\/\/www.abrima.com\/blog\/wp-json\/wp\/v2\/tags?post=302"}],"curies":[{"name":"wp","href":"https:\/\/api.w.org\/{rel}","templated":true}]}}