{"id":299,"date":"2013-10-03T19:34:18","date_gmt":"2013-10-03T19:34:18","guid":{"rendered":"http:\/\/abrima.com\/blog\/?p=299"},"modified":"2013-10-19T03:47:20","modified_gmt":"2013-10-19T03:47:20","slug":"cuando-nuestra-privacidad-esta-geolocalizada","status":"publish","type":"post","link":"https:\/\/www.abrima.com\/blog\/cuando-nuestra-privacidad-esta-geolocalizada\/","title":{"rendered":"Cuando nuestra privacidad est\u00e1 geolocalizada"},"content":{"rendered":"<div><img alt=\"\" src=\"http:\/\/cdn1.ticbeat.com\/wp-content\/uploads\/2013\/10\/smartphone_gps-590x260.jpg\" \/><\/div>\n<p>La primera\u00a0<strong>Gu\u00eda de Privacidad en el M\u00f3vil<\/strong>, elaborada por\u00a0<a href=\"http:\/\/www.mindyourgroup.com\/\" target=\"_blank\">Mind Your Group<\/a>\u00a0y la\u00a0<a href=\"http:\/\/mmaspain.com\/\" target=\"_blank\">Mobile Marketing Association de Espa\u00f1a<\/a>\u00a0ha sido presentada hoy en Madrid. Adem\u00e1s de ofrecer directrices y buenas pr\u00e1cticas a los responsables de las webs y las aplicaciones m\u00f3viles, este trabajo deja claro que\u00a0<strong>el m\u00f3vil es un sector cuyas peculiaridades dibujan un nuevo panorama para la privacidad de los usuarios<\/strong>.<\/p>\n<p><strong>Mar\u00eda G\u00f3mez<\/strong>, abogada especializada en nuevas tecnolog\u00edas y autora de buena parte de los contenidos de la gu\u00eda, ha explicado a TICbeat que el primer punto que cualquier usuario m\u00f3vil debe tener claro es que, si bien el seguimiento de los datos de navegaci\u00f3n ya se ejerc\u00eda desde los equipos de mesa, el que se realiza en los dispositivos m\u00f3viles ofrece\u00a0<strong>una informaci\u00f3n mucho m\u00e1s individualizada y geolocalizada sobre los consumidores<\/strong>.<\/p>\n<p>\u201cSi en un ordenador ya se\u00a0<em>trackea<\/em>, imaginemos c\u00f3mo se har\u00e1 en un tel\u00e9fono m\u00f3vil\u201d, ha destacado G\u00f3mez, que\u00a0<strong>ha se\u00f1alado tambi\u00e9n el dominio de Android en este sector, y ha recordado que es un sistema operativo que pertenece a Google y que exige el registro mediante una cuenta de Gmail<\/strong>, refiri\u00e9ndose as\u00ed a la tantas veces cuestionada pol\u00edtica de privacidad y uso de datos del gigante de Internet.\u00a0<strong>\u201cNadie regala nada: si el producto es gratis\u201d, recuerda, \u201ces porque t\u00fa eres el producto\u201d<\/strong>.<\/p>\n<p>Lo que, b\u00e1sicamente, hace esta gu\u00eda es, en palabras de su autora \u201cexplicar de una forma muy sencilla la normativa, porque\u00a0<strong>las personas que crean las\u00a0<\/strong><strong><em>apps<\/em><\/strong><strong>\u00a0o las webs no son abogados, y suelen tener dudas<\/strong>\u201d.<\/p>\n<h2>El peligro no est\u00e1 en la informaci\u00f3n, sino en su uso<\/h2>\n<p>G\u00f3mez indica que \u00e9ste es el mundo que nos ha tocado vivir, y que los grandes vol\u00famenes de informaci\u00f3n que contribuimos a generar tienen, sobre todo, consecuencias positivas, citando casos como el de la organizaci\u00f3n de las ciudades inteligentes o\u00a0<em>Smart cities.\u00a0<\/em>A\u00fan as\u00ed, sostiene la letrada, \u201c<strong>el usuario tiene derecho a saber qui\u00e9n utiliza sus datos y para qu\u00e9<\/strong>\u201d.<\/p>\n<p>\u201cLos datos son solo eso, informaci\u00f3n, pero\u00a0<strong>la informaci\u00f3n puede usarse de muchas manera<\/strong>s\u201d, reflexiona. Como ejemplo, utiliza el siguiente: \u201cPuede que yo me mueva por una zona con muchos accidentes de coche y est\u00e9 enviando esta informaci\u00f3n a trav\u00e9s del GPS de mi m\u00f3vil. \u00bfY si mi aseguradora se entera y decide subirme los costes de mi seguro?\u201d.<\/p>\n<p>Sin ir a las hip\u00f3tesis, G\u00f3mez recupera una noticia que gener\u00f3 pol\u00e9mica hace algunos meses en Estados Unidos:\u00a0<strong>Mastercard vendi\u00f3 los datos de uso de sus tarjetas de cr\u00e9dito a algunas aseguradoras m\u00e9dicas del pa\u00eds<\/strong>, que despu\u00e9s los utilizaron para \u201crecalcular\u201d las cuotas de sus asegurados, teniendo en cuenta, por ejemplo, cu\u00e1ntos cargos ten\u00edan desde restaurantes de comida r\u00e1pida y decidiendo, en consecuencia, no cubrir sus riesgos coronarios.<\/p>\n<p>\u201cDe repente, las cosas empiezan a afectarte, y no es hasta entonces que tomas conciencia\u201d, lamenta la abogada, que cree que la mayor\u00eda de los usuarios m\u00f3viles espa\u00f1oles aprender\u00e1n esto \u201ca golpe de bofet\u00f3n\u201d. En Norteam\u00e9rica, por ejemplo,\u00a0<strong>los consumidores no han empezado a valorar la privacidad de sus\u00a0<em>smartphones\u00a0<\/em>tanto o m\u00e1s que la resoluci\u00f3n de su c\u00e1mara o las dimensiones de su pantalla hasta que ha saltado a la luz el esc\u00e1ndalo de los m\u00e9todos de vigilancia de la Agencia Nacional de Seguridad (NSA)<\/strong>. Pero no es justo que eso suceda cuando pasa algo, no es justo para los miembros de la industria<\/p>\n<h2>Peque\u00f1os cambios que conllevan un largo camino<\/h2>\n<p>En cuanto a la otra parte afectada, las empresas que ofrecen servicios y aplicaciones en la Internet m\u00f3vil, G\u00f3mez se\u00f1ala que la t\u00f3nica general es que los t\u00e9rminos y condiciones del servicio o, m\u00e1s bien, la manera de expresarlos\u00a0<strong>no han cambiado \u201ccasi nada\u201d desde 1995<\/strong>\u00a0y, en cambio, la red s\u00ed lo ha hecho. Y mucho.<\/p>\n<p>Muchos de los usuarios espa\u00f1oles se habr\u00e1n encontrado con que, desde hace unos meses, a<strong>lgunas webs m\u00f3viles comienzan a alertar en su pantalla de inicio del uso de las\u00a0<em>cookies\u00a0<\/em>en su plataforma<\/strong>, preguntando a los internautas si est\u00e1n de acuerdo con \u00e9l. Pues bien, seg\u00fan indica G\u00f3mez, esta medida responde a un cambio en la directiva de la Uni\u00f3n Europea sobre\u00a0<em>e-privacy\u00a0<\/em>que se produjo en 2009, pero no ha sido hasta 2012 cuando ha comenzado a implementarse en nuestro pa\u00eds.<\/p>\n<p>\u201cLo que la normativa viene a pedir es que haya transparencia, que estos t\u00e9rminos y condiciones sean usables en un contexto que exige a\u00fan m\u00e1s inmediatez que el del ordenador de sobremesa\u201d, cuenta G\u00f3mez.<\/p>\n<h2>La privacidad se convertir\u00e1 en \u201cun valor de marca\u201d<\/h2>\n<p>La privacidad es cada vez m\u00e1s importante para el usuario, piensa la abogada; sin embargo, \u201clas compa\u00f1\u00edas no se lo ponen f\u00e1cil, los avisos tienden a esquivar a los internautas en lugar de ser accesibles\u201d. \u00bfEl consejo de G\u00f3mez?\u00a0<strong>Ya que la transparencia terminar\u00e1 por convertirse en un valor de marca y es necesario cumplir la normativa, lo mejor es \u201cpresentar ese aspecto como un valor a\u00f1adido que te ayude a vender\u201d.\u00a0<\/strong><\/p>\n<p>FUENTE: <a href=\"http:\/\/www.ticbeat.com\/sim\/cuando-nuestra-privacidad-esta-geolocalizada\/\">www.ticbeat.com<\/a><\/p>\n","protected":false},"excerpt":{"rendered":"<p>La primera\u00a0Gu\u00eda de Privacidad en el M\u00f3vil, elaborada por\u00a0Mind Your Group\u00a0y la\u00a0Mobile Marketing Association de Espa\u00f1a\u00a0ha sido presentada hoy en Madrid. Adem\u00e1s de ofrecer directrices [&hellip;]<\/p>\n","protected":false},"author":2,"featured_media":0,"comment_status":"open","ping_status":"open","sticky":false,"template":"","format":"standard","meta":{"_monsterinsights_skip_tracking":false,"_monsterinsights_sitenote_active":false,"_monsterinsights_sitenote_note":"","_monsterinsights_sitenote_category":0},"categories":[14],"tags":[],"yoast_head":"<!-- This site is optimized with the Yoast SEO plugin v19.1 - https:\/\/yoast.com\/wordpress\/plugins\/seo\/ -->\n<title>Cuando nuestra privacidad est\u00e1 geolocalizada - Blog de Tecnolog\u00eda - Abrima<\/title>\n<meta name=\"robots\" content=\"index, follow, max-snippet:-1, max-image-preview:large, max-video-preview:-1\" \/>\n<link rel=\"canonical\" href=\"https:\/\/www.abrima.com\/blog\/cuando-nuestra-privacidad-esta-geolocalizada\/\" \/>\n<meta property=\"og:locale\" content=\"es_ES\" \/>\n<meta property=\"og:type\" content=\"article\" \/>\n<meta property=\"og:title\" content=\"Cuando nuestra privacidad est\u00e1 geolocalizada - Blog de Tecnolog\u00eda - Abrima\" \/>\n<meta property=\"og:description\" content=\"La primera\u00a0Gu\u00eda de Privacidad en el M\u00f3vil, elaborada por\u00a0Mind Your Group\u00a0y la\u00a0Mobile Marketing Association de Espa\u00f1a\u00a0ha sido presentada hoy en Madrid. Adem\u00e1s de ofrecer directrices [&hellip;]\" \/>\n<meta property=\"og:url\" content=\"https:\/\/www.abrima.com\/blog\/cuando-nuestra-privacidad-esta-geolocalizada\/\" \/>\n<meta property=\"og:site_name\" content=\"Blog de Tecnolog\u00eda - Abrima\" \/>\n<meta property=\"article:publisher\" content=\"https:\/\/www.facebook.com\/abrimawebs\/\" \/>\n<meta property=\"article:published_time\" content=\"2013-10-03T19:34:18+00:00\" \/>\n<meta property=\"article:modified_time\" content=\"2013-10-19T03:47:20+00:00\" \/>\n<meta property=\"og:image\" content=\"http:\/\/cdn1.ticbeat.com\/wp-content\/uploads\/2013\/10\/smartphone_gps-590x260.jpg\" \/>\n<meta name=\"twitter:label1\" content=\"Escrito por\" \/>\n\t<meta name=\"twitter:data1\" content=\"Ana Lucia Marrou\" \/>\n\t<meta name=\"twitter:label2\" content=\"Tiempo de lectura\" \/>\n\t<meta name=\"twitter:data2\" content=\"5 minutos\" \/>\n<script type=\"application\/ld+json\" class=\"yoast-schema-graph\">{\"@context\":\"https:\/\/schema.org\",\"@graph\":[{\"@type\":\"Organization\",\"@id\":\"https:\/\/www.abrima.com\/blog\/#organization\",\"name\":\"Abrima\",\"url\":\"https:\/\/www.abrima.com\/blog\/\",\"sameAs\":[\"https:\/\/www.linkedin.com\/company\/abrima-soluciones-web\/\",\"https:\/\/www.youtube.com\/user\/abrimawebs\",\"https:\/\/www.facebook.com\/abrimawebs\/\",\"https:\/\/twitter.com\/abrimaweb\"],\"logo\":{\"@type\":\"ImageObject\",\"inLanguage\":\"es\",\"@id\":\"https:\/\/www.abrima.com\/blog\/#\/schema\/logo\/image\/\",\"url\":\"https:\/\/www.abrima.com\/blog\/wp-content\/uploads\/2018\/03\/abrima-logo.png\",\"contentUrl\":\"https:\/\/www.abrima.com\/blog\/wp-content\/uploads\/2018\/03\/abrima-logo.png\",\"width\":700,\"height\":700,\"caption\":\"Abrima\"},\"image\":{\"@id\":\"https:\/\/www.abrima.com\/blog\/#\/schema\/logo\/image\/\"}},{\"@type\":\"WebSite\",\"@id\":\"https:\/\/www.abrima.com\/blog\/#website\",\"url\":\"https:\/\/www.abrima.com\/blog\/\",\"name\":\"Blog de Tecnolog\u00eda - Abrima\",\"description\":\"Blog sobre todo lo relacionado con Cloud, Marketing Digital y Web\",\"publisher\":{\"@id\":\"https:\/\/www.abrima.com\/blog\/#organization\"},\"potentialAction\":[{\"@type\":\"SearchAction\",\"target\":{\"@type\":\"EntryPoint\",\"urlTemplate\":\"https:\/\/www.abrima.com\/blog\/?s={search_term_string}\"},\"query-input\":\"required name=search_term_string\"}],\"inLanguage\":\"es\"},{\"@type\":\"ImageObject\",\"inLanguage\":\"es\",\"@id\":\"https:\/\/www.abrima.com\/blog\/cuando-nuestra-privacidad-esta-geolocalizada\/#primaryimage\",\"url\":\"http:\/\/cdn1.ticbeat.com\/wp-content\/uploads\/2013\/10\/smartphone_gps-590x260.jpg\",\"contentUrl\":\"http:\/\/cdn1.ticbeat.com\/wp-content\/uploads\/2013\/10\/smartphone_gps-590x260.jpg\"},{\"@type\":\"WebPage\",\"@id\":\"https:\/\/www.abrima.com\/blog\/cuando-nuestra-privacidad-esta-geolocalizada\/#webpage\",\"url\":\"https:\/\/www.abrima.com\/blog\/cuando-nuestra-privacidad-esta-geolocalizada\/\",\"name\":\"Cuando nuestra privacidad est\u00e1 geolocalizada - Blog de Tecnolog\u00eda - Abrima\",\"isPartOf\":{\"@id\":\"https:\/\/www.abrima.com\/blog\/#website\"},\"primaryImageOfPage\":{\"@id\":\"https:\/\/www.abrima.com\/blog\/cuando-nuestra-privacidad-esta-geolocalizada\/#primaryimage\"},\"datePublished\":\"2013-10-03T19:34:18+00:00\",\"dateModified\":\"2013-10-19T03:47:20+00:00\",\"breadcrumb\":{\"@id\":\"https:\/\/www.abrima.com\/blog\/cuando-nuestra-privacidad-esta-geolocalizada\/#breadcrumb\"},\"inLanguage\":\"es\",\"potentialAction\":[{\"@type\":\"ReadAction\",\"target\":[\"https:\/\/www.abrima.com\/blog\/cuando-nuestra-privacidad-esta-geolocalizada\/\"]}]},{\"@type\":\"BreadcrumbList\",\"@id\":\"https:\/\/www.abrima.com\/blog\/cuando-nuestra-privacidad-esta-geolocalizada\/#breadcrumb\",\"itemListElement\":[{\"@type\":\"ListItem\",\"position\":1,\"name\":\"Portada\",\"item\":\"https:\/\/www.abrima.com\/blog\/\"},{\"@type\":\"ListItem\",\"position\":2,\"name\":\"Cuando nuestra privacidad est\u00e1 geolocalizada\"}]},{\"@type\":\"Article\",\"@id\":\"https:\/\/www.abrima.com\/blog\/cuando-nuestra-privacidad-esta-geolocalizada\/#article\",\"isPartOf\":{\"@id\":\"https:\/\/www.abrima.com\/blog\/cuando-nuestra-privacidad-esta-geolocalizada\/#webpage\"},\"author\":{\"@id\":\"https:\/\/www.abrima.com\/blog\/#\/schema\/person\/70ccd8d5617e3a3d6d5121086c3bb00f\"},\"headline\":\"Cuando nuestra privacidad est\u00e1 geolocalizada\",\"datePublished\":\"2013-10-03T19:34:18+00:00\",\"dateModified\":\"2013-10-19T03:47:20+00:00\",\"mainEntityOfPage\":{\"@id\":\"https:\/\/www.abrima.com\/blog\/cuando-nuestra-privacidad-esta-geolocalizada\/#webpage\"},\"wordCount\":911,\"commentCount\":0,\"publisher\":{\"@id\":\"https:\/\/www.abrima.com\/blog\/#organization\"},\"image\":{\"@id\":\"https:\/\/www.abrima.com\/blog\/cuando-nuestra-privacidad-esta-geolocalizada\/#primaryimage\"},\"thumbnailUrl\":\"http:\/\/cdn1.ticbeat.com\/wp-content\/uploads\/2013\/10\/smartphone_gps-590x260.jpg\",\"articleSection\":[\"Internet\"],\"inLanguage\":\"es\",\"potentialAction\":[{\"@type\":\"CommentAction\",\"name\":\"Comment\",\"target\":[\"https:\/\/www.abrima.com\/blog\/cuando-nuestra-privacidad-esta-geolocalizada\/#respond\"]}]},{\"@type\":\"Person\",\"@id\":\"https:\/\/www.abrima.com\/blog\/#\/schema\/person\/70ccd8d5617e3a3d6d5121086c3bb00f\",\"name\":\"Ana Lucia Marrou\",\"image\":{\"@type\":\"ImageObject\",\"inLanguage\":\"es\",\"@id\":\"https:\/\/www.abrima.com\/blog\/#\/schema\/person\/image\/\",\"url\":\"https:\/\/secure.gravatar.com\/avatar\/90bc8b721d14c58be266256fd3396265?s=96&d=mm&r=g\",\"contentUrl\":\"https:\/\/secure.gravatar.com\/avatar\/90bc8b721d14c58be266256fd3396265?s=96&d=mm&r=g\",\"caption\":\"Ana Lucia Marrou\"},\"url\":\"https:\/\/www.abrima.com\/blog\/author\/anilu\/\"}]}<\/script>\n<!-- \/ Yoast SEO plugin. -->","yoast_head_json":{"title":"Cuando nuestra privacidad est\u00e1 geolocalizada - Blog de Tecnolog\u00eda - Abrima","robots":{"index":"index","follow":"follow","max-snippet":"max-snippet:-1","max-image-preview":"max-image-preview:large","max-video-preview":"max-video-preview:-1"},"canonical":"https:\/\/www.abrima.com\/blog\/cuando-nuestra-privacidad-esta-geolocalizada\/","og_locale":"es_ES","og_type":"article","og_title":"Cuando nuestra privacidad est\u00e1 geolocalizada - Blog de Tecnolog\u00eda - Abrima","og_description":"La primera\u00a0Gu\u00eda de Privacidad en el M\u00f3vil, elaborada por\u00a0Mind Your Group\u00a0y la\u00a0Mobile Marketing Association de Espa\u00f1a\u00a0ha sido presentada hoy en Madrid. Adem\u00e1s de ofrecer directrices [&hellip;]","og_url":"https:\/\/www.abrima.com\/blog\/cuando-nuestra-privacidad-esta-geolocalizada\/","og_site_name":"Blog de Tecnolog\u00eda - Abrima","article_publisher":"https:\/\/www.facebook.com\/abrimawebs\/","article_published_time":"2013-10-03T19:34:18+00:00","article_modified_time":"2013-10-19T03:47:20+00:00","og_image":[{"url":"http:\/\/cdn1.ticbeat.com\/wp-content\/uploads\/2013\/10\/smartphone_gps-590x260.jpg"}],"twitter_misc":{"Escrito por":"Ana Lucia Marrou","Tiempo de lectura":"5 minutos"},"schema":{"@context":"https:\/\/schema.org","@graph":[{"@type":"Organization","@id":"https:\/\/www.abrima.com\/blog\/#organization","name":"Abrima","url":"https:\/\/www.abrima.com\/blog\/","sameAs":["https:\/\/www.linkedin.com\/company\/abrima-soluciones-web\/","https:\/\/www.youtube.com\/user\/abrimawebs","https:\/\/www.facebook.com\/abrimawebs\/","https:\/\/twitter.com\/abrimaweb"],"logo":{"@type":"ImageObject","inLanguage":"es","@id":"https:\/\/www.abrima.com\/blog\/#\/schema\/logo\/image\/","url":"https:\/\/www.abrima.com\/blog\/wp-content\/uploads\/2018\/03\/abrima-logo.png","contentUrl":"https:\/\/www.abrima.com\/blog\/wp-content\/uploads\/2018\/03\/abrima-logo.png","width":700,"height":700,"caption":"Abrima"},"image":{"@id":"https:\/\/www.abrima.com\/blog\/#\/schema\/logo\/image\/"}},{"@type":"WebSite","@id":"https:\/\/www.abrima.com\/blog\/#website","url":"https:\/\/www.abrima.com\/blog\/","name":"Blog de Tecnolog\u00eda - Abrima","description":"Blog sobre todo lo relacionado con Cloud, Marketing Digital y Web","publisher":{"@id":"https:\/\/www.abrima.com\/blog\/#organization"},"potentialAction":[{"@type":"SearchAction","target":{"@type":"EntryPoint","urlTemplate":"https:\/\/www.abrima.com\/blog\/?s={search_term_string}"},"query-input":"required name=search_term_string"}],"inLanguage":"es"},{"@type":"ImageObject","inLanguage":"es","@id":"https:\/\/www.abrima.com\/blog\/cuando-nuestra-privacidad-esta-geolocalizada\/#primaryimage","url":"http:\/\/cdn1.ticbeat.com\/wp-content\/uploads\/2013\/10\/smartphone_gps-590x260.jpg","contentUrl":"http:\/\/cdn1.ticbeat.com\/wp-content\/uploads\/2013\/10\/smartphone_gps-590x260.jpg"},{"@type":"WebPage","@id":"https:\/\/www.abrima.com\/blog\/cuando-nuestra-privacidad-esta-geolocalizada\/#webpage","url":"https:\/\/www.abrima.com\/blog\/cuando-nuestra-privacidad-esta-geolocalizada\/","name":"Cuando nuestra privacidad est\u00e1 geolocalizada - Blog de Tecnolog\u00eda - Abrima","isPartOf":{"@id":"https:\/\/www.abrima.com\/blog\/#website"},"primaryImageOfPage":{"@id":"https:\/\/www.abrima.com\/blog\/cuando-nuestra-privacidad-esta-geolocalizada\/#primaryimage"},"datePublished":"2013-10-03T19:34:18+00:00","dateModified":"2013-10-19T03:47:20+00:00","breadcrumb":{"@id":"https:\/\/www.abrima.com\/blog\/cuando-nuestra-privacidad-esta-geolocalizada\/#breadcrumb"},"inLanguage":"es","potentialAction":[{"@type":"ReadAction","target":["https:\/\/www.abrima.com\/blog\/cuando-nuestra-privacidad-esta-geolocalizada\/"]}]},{"@type":"BreadcrumbList","@id":"https:\/\/www.abrima.com\/blog\/cuando-nuestra-privacidad-esta-geolocalizada\/#breadcrumb","itemListElement":[{"@type":"ListItem","position":1,"name":"Portada","item":"https:\/\/www.abrima.com\/blog\/"},{"@type":"ListItem","position":2,"name":"Cuando nuestra privacidad est\u00e1 geolocalizada"}]},{"@type":"Article","@id":"https:\/\/www.abrima.com\/blog\/cuando-nuestra-privacidad-esta-geolocalizada\/#article","isPartOf":{"@id":"https:\/\/www.abrima.com\/blog\/cuando-nuestra-privacidad-esta-geolocalizada\/#webpage"},"author":{"@id":"https:\/\/www.abrima.com\/blog\/#\/schema\/person\/70ccd8d5617e3a3d6d5121086c3bb00f"},"headline":"Cuando nuestra privacidad est\u00e1 geolocalizada","datePublished":"2013-10-03T19:34:18+00:00","dateModified":"2013-10-19T03:47:20+00:00","mainEntityOfPage":{"@id":"https:\/\/www.abrima.com\/blog\/cuando-nuestra-privacidad-esta-geolocalizada\/#webpage"},"wordCount":911,"commentCount":0,"publisher":{"@id":"https:\/\/www.abrima.com\/blog\/#organization"},"image":{"@id":"https:\/\/www.abrima.com\/blog\/cuando-nuestra-privacidad-esta-geolocalizada\/#primaryimage"},"thumbnailUrl":"http:\/\/cdn1.ticbeat.com\/wp-content\/uploads\/2013\/10\/smartphone_gps-590x260.jpg","articleSection":["Internet"],"inLanguage":"es","potentialAction":[{"@type":"CommentAction","name":"Comment","target":["https:\/\/www.abrima.com\/blog\/cuando-nuestra-privacidad-esta-geolocalizada\/#respond"]}]},{"@type":"Person","@id":"https:\/\/www.abrima.com\/blog\/#\/schema\/person\/70ccd8d5617e3a3d6d5121086c3bb00f","name":"Ana Lucia Marrou","image":{"@type":"ImageObject","inLanguage":"es","@id":"https:\/\/www.abrima.com\/blog\/#\/schema\/person\/image\/","url":"https:\/\/secure.gravatar.com\/avatar\/90bc8b721d14c58be266256fd3396265?s=96&d=mm&r=g","contentUrl":"https:\/\/secure.gravatar.com\/avatar\/90bc8b721d14c58be266256fd3396265?s=96&d=mm&r=g","caption":"Ana Lucia Marrou"},"url":"https:\/\/www.abrima.com\/blog\/author\/anilu\/"}]}},"amp_enabled":true,"_links":{"self":[{"href":"https:\/\/www.abrima.com\/blog\/wp-json\/wp\/v2\/posts\/299"}],"collection":[{"href":"https:\/\/www.abrima.com\/blog\/wp-json\/wp\/v2\/posts"}],"about":[{"href":"https:\/\/www.abrima.com\/blog\/wp-json\/wp\/v2\/types\/post"}],"author":[{"embeddable":true,"href":"https:\/\/www.abrima.com\/blog\/wp-json\/wp\/v2\/users\/2"}],"replies":[{"embeddable":true,"href":"https:\/\/www.abrima.com\/blog\/wp-json\/wp\/v2\/comments?post=299"}],"version-history":[{"count":1,"href":"https:\/\/www.abrima.com\/blog\/wp-json\/wp\/v2\/posts\/299\/revisions"}],"predecessor-version":[{"id":300,"href":"https:\/\/www.abrima.com\/blog\/wp-json\/wp\/v2\/posts\/299\/revisions\/300"}],"wp:attachment":[{"href":"https:\/\/www.abrima.com\/blog\/wp-json\/wp\/v2\/media?parent=299"}],"wp:term":[{"taxonomy":"category","embeddable":true,"href":"https:\/\/www.abrima.com\/blog\/wp-json\/wp\/v2\/categories?post=299"},{"taxonomy":"post_tag","embeddable":true,"href":"https:\/\/www.abrima.com\/blog\/wp-json\/wp\/v2\/tags?post=299"}],"curies":[{"name":"wp","href":"https:\/\/api.w.org\/{rel}","templated":true}]}}