{"id":284,"date":"2013-10-03T13:54:22","date_gmt":"2013-10-03T13:54:22","guid":{"rendered":"http:\/\/abrima.com\/blog\/?p=284"},"modified":"2013-10-19T03:48:12","modified_gmt":"2013-10-19T03:48:12","slug":"historia-del-hashtag-infografia","status":"publish","type":"post","link":"https:\/\/www.abrima.com\/blog\/historia-del-hashtag-infografia\/","title":{"rendered":"Historia del \u2018hashtag\u2019 (infograf\u00eda)"},"content":{"rendered":"<div><img alt=\"\" src=\"http:\/\/cdn1.ticbeat.com\/wp-content\/uploads\/2013\/09\/hashtag-590x260.jpg\" \/><\/div>\n<p>En esta infograf\u00eda publicada por\u00a0<a href=\"http:\/\/blurgroup.com\/bbb\" target=\"_blank\">Blur Group<\/a>\u00a0encontramos la curiosa\u00a0<strong>historia del\u00a0<em>hashtag<\/em><\/strong>, este t\u00e9rmino compuesto por las palabras\u00a0<em>hash<\/em>\u00a0(almohadilla) y\u00a0<em>tag<\/em>\u00a0(etiqueta en ingl\u00e9s) con el que se denomina a una cadena de caracteres formada por una o varias palabras precedidas por una almohadilla y con la que se pueden etiquetar temas en las principales redes sociales para que los usuarios puedan localizarlos con rapidez y facilidad.<\/p>\n<p>Aunque se han popularizado con Twitter, la verdad es que los\u00a0<em>hashtags<\/em>\u00a0llevan m\u00e1s tiempo en las redes sociales y ya exist\u00edan en algunos servicios. El empleado de Google\u00a0<strong>Chriss Messina<\/strong>\u00a0fue el responsable de implantar esta soluci\u00f3n en 2007 para relacionar los mensajes de los usuarios de Twitter y que\u00a0<a href=\"http:\/\/www.ticbeat.com\/socialmedia\/facebook-ya-tiene-hashtags\/\" target=\"_blank\">acaba de adoptar otro peso pesado del\u00a0<em>social media<\/em>: Facebook<\/a>.<\/p>\n<p><a href=\"http:\/\/thumbnails.visually.netdna-cdn.com\/the-history-of-the-hashtag_52459d33a3586_w587.jpg\">INFOGRAF\u00cdA AQU\u00cd<\/a><\/p>\n<p>FUENTE: <a href=\"http:\/\/www.ticbeat.com\/socialmedia\/historia-del-hashtag\/\">ticbeat.com<\/a><\/p>\n<p><a href=\"http:\/\/thumbnails.visually.netdna-cdn.com\/the-history-of-the-hashtag_52459d33a3586_w587.jpg\">\u00a0<\/a><\/p>\n<p>&nbsp;<\/p>\n","protected":false},"excerpt":{"rendered":"<p>En esta infograf\u00eda publicada por\u00a0Blur Group\u00a0encontramos la curiosa\u00a0historia del\u00a0hashtag, este t\u00e9rmino compuesto por las palabras\u00a0hash\u00a0(almohadilla) y\u00a0tag\u00a0(etiqueta en ingl\u00e9s) con el que se denomina a una [&hellip;]<\/p>\n","protected":false},"author":2,"featured_media":0,"comment_status":"open","ping_status":"open","sticky":false,"template":"","format":"standard","meta":{"_monsterinsights_skip_tracking":false,"_monsterinsights_sitenote_active":false,"_monsterinsights_sitenote_note":"","_monsterinsights_sitenote_category":0},"categories":[16],"tags":[],"yoast_head":"<!-- This site is optimized with the Yoast SEO plugin v19.1 - https:\/\/yoast.com\/wordpress\/plugins\/seo\/ -->\n<title>Historia del \u2018hashtag\u2019 (infograf\u00eda) - Blog de Tecnolog\u00eda - Abrima<\/title>\n<meta name=\"robots\" content=\"index, follow, max-snippet:-1, max-image-preview:large, max-video-preview:-1\" \/>\n<link rel=\"canonical\" href=\"https:\/\/www.abrima.com\/blog\/historia-del-hashtag-infografia\/\" \/>\n<meta property=\"og:locale\" content=\"es_ES\" \/>\n<meta property=\"og:type\" content=\"article\" \/>\n<meta property=\"og:title\" content=\"Historia del \u2018hashtag\u2019 (infograf\u00eda) - Blog de Tecnolog\u00eda - Abrima\" \/>\n<meta property=\"og:description\" content=\"En esta infograf\u00eda publicada por\u00a0Blur Group\u00a0encontramos la curiosa\u00a0historia del\u00a0hashtag, este t\u00e9rmino compuesto por las palabras\u00a0hash\u00a0(almohadilla) y\u00a0tag\u00a0(etiqueta en ingl\u00e9s) con el que se denomina a una [&hellip;]\" \/>\n<meta property=\"og:url\" content=\"https:\/\/www.abrima.com\/blog\/historia-del-hashtag-infografia\/\" \/>\n<meta property=\"og:site_name\" content=\"Blog de Tecnolog\u00eda - Abrima\" \/>\n<meta property=\"article:publisher\" content=\"https:\/\/www.facebook.com\/abrimawebs\/\" \/>\n<meta property=\"article:published_time\" content=\"2013-10-03T13:54:22+00:00\" \/>\n<meta property=\"article:modified_time\" content=\"2013-10-19T03:48:12+00:00\" \/>\n<meta property=\"og:image\" content=\"http:\/\/cdn1.ticbeat.com\/wp-content\/uploads\/2013\/09\/hashtag-590x260.jpg\" \/>\n<meta name=\"twitter:label1\" content=\"Escrito por\" \/>\n\t<meta name=\"twitter:data1\" content=\"Ana Lucia Marrou\" \/>\n\t<meta name=\"twitter:label2\" content=\"Tiempo de lectura\" \/>\n\t<meta name=\"twitter:data2\" content=\"1 minuto\" \/>\n<script type=\"application\/ld+json\" class=\"yoast-schema-graph\">{\"@context\":\"https:\/\/schema.org\",\"@graph\":[{\"@type\":\"Organization\",\"@id\":\"https:\/\/www.abrima.com\/blog\/#organization\",\"name\":\"Abrima\",\"url\":\"https:\/\/www.abrima.com\/blog\/\",\"sameAs\":[\"https:\/\/www.linkedin.com\/company\/abrima-soluciones-web\/\",\"https:\/\/www.youtube.com\/user\/abrimawebs\",\"https:\/\/www.facebook.com\/abrimawebs\/\",\"https:\/\/twitter.com\/abrimaweb\"],\"logo\":{\"@type\":\"ImageObject\",\"inLanguage\":\"es\",\"@id\":\"https:\/\/www.abrima.com\/blog\/#\/schema\/logo\/image\/\",\"url\":\"https:\/\/www.abrima.com\/blog\/wp-content\/uploads\/2018\/03\/abrima-logo.png\",\"contentUrl\":\"https:\/\/www.abrima.com\/blog\/wp-content\/uploads\/2018\/03\/abrima-logo.png\",\"width\":700,\"height\":700,\"caption\":\"Abrima\"},\"image\":{\"@id\":\"https:\/\/www.abrima.com\/blog\/#\/schema\/logo\/image\/\"}},{\"@type\":\"WebSite\",\"@id\":\"https:\/\/www.abrima.com\/blog\/#website\",\"url\":\"https:\/\/www.abrima.com\/blog\/\",\"name\":\"Blog de Tecnolog\u00eda - Abrima\",\"description\":\"Blog sobre todo lo relacionado con Cloud, Marketing Digital y Web\",\"publisher\":{\"@id\":\"https:\/\/www.abrima.com\/blog\/#organization\"},\"potentialAction\":[{\"@type\":\"SearchAction\",\"target\":{\"@type\":\"EntryPoint\",\"urlTemplate\":\"https:\/\/www.abrima.com\/blog\/?s={search_term_string}\"},\"query-input\":\"required name=search_term_string\"}],\"inLanguage\":\"es\"},{\"@type\":\"ImageObject\",\"inLanguage\":\"es\",\"@id\":\"https:\/\/www.abrima.com\/blog\/historia-del-hashtag-infografia\/#primaryimage\",\"url\":\"http:\/\/cdn1.ticbeat.com\/wp-content\/uploads\/2013\/09\/hashtag-590x260.jpg\",\"contentUrl\":\"http:\/\/cdn1.ticbeat.com\/wp-content\/uploads\/2013\/09\/hashtag-590x260.jpg\"},{\"@type\":\"WebPage\",\"@id\":\"https:\/\/www.abrima.com\/blog\/historia-del-hashtag-infografia\/#webpage\",\"url\":\"https:\/\/www.abrima.com\/blog\/historia-del-hashtag-infografia\/\",\"name\":\"Historia del \u2018hashtag\u2019 (infograf\u00eda) - Blog de Tecnolog\u00eda - Abrima\",\"isPartOf\":{\"@id\":\"https:\/\/www.abrima.com\/blog\/#website\"},\"primaryImageOfPage\":{\"@id\":\"https:\/\/www.abrima.com\/blog\/historia-del-hashtag-infografia\/#primaryimage\"},\"datePublished\":\"2013-10-03T13:54:22+00:00\",\"dateModified\":\"2013-10-19T03:48:12+00:00\",\"breadcrumb\":{\"@id\":\"https:\/\/www.abrima.com\/blog\/historia-del-hashtag-infografia\/#breadcrumb\"},\"inLanguage\":\"es\",\"potentialAction\":[{\"@type\":\"ReadAction\",\"target\":[\"https:\/\/www.abrima.com\/blog\/historia-del-hashtag-infografia\/\"]}]},{\"@type\":\"BreadcrumbList\",\"@id\":\"https:\/\/www.abrima.com\/blog\/historia-del-hashtag-infografia\/#breadcrumb\",\"itemListElement\":[{\"@type\":\"ListItem\",\"position\":1,\"name\":\"Portada\",\"item\":\"https:\/\/www.abrima.com\/blog\/\"},{\"@type\":\"ListItem\",\"position\":2,\"name\":\"Historia del \u2018hashtag\u2019 (infograf\u00eda)\"}]},{\"@type\":\"Article\",\"@id\":\"https:\/\/www.abrima.com\/blog\/historia-del-hashtag-infografia\/#article\",\"isPartOf\":{\"@id\":\"https:\/\/www.abrima.com\/blog\/historia-del-hashtag-infografia\/#webpage\"},\"author\":{\"@id\":\"https:\/\/www.abrima.com\/blog\/#\/schema\/person\/70ccd8d5617e3a3d6d5121086c3bb00f\"},\"headline\":\"Historia del \u2018hashtag\u2019 (infograf\u00eda)\",\"datePublished\":\"2013-10-03T13:54:22+00:00\",\"dateModified\":\"2013-10-19T03:48:12+00:00\",\"mainEntityOfPage\":{\"@id\":\"https:\/\/www.abrima.com\/blog\/historia-del-hashtag-infografia\/#webpage\"},\"wordCount\":147,\"commentCount\":0,\"publisher\":{\"@id\":\"https:\/\/www.abrima.com\/blog\/#organization\"},\"image\":{\"@id\":\"https:\/\/www.abrima.com\/blog\/historia-del-hashtag-infografia\/#primaryimage\"},\"thumbnailUrl\":\"http:\/\/cdn1.ticbeat.com\/wp-content\/uploads\/2013\/09\/hashtag-590x260.jpg\",\"articleSection\":[\"Redes Sociales\"],\"inLanguage\":\"es\",\"potentialAction\":[{\"@type\":\"CommentAction\",\"name\":\"Comment\",\"target\":[\"https:\/\/www.abrima.com\/blog\/historia-del-hashtag-infografia\/#respond\"]}]},{\"@type\":\"Person\",\"@id\":\"https:\/\/www.abrima.com\/blog\/#\/schema\/person\/70ccd8d5617e3a3d6d5121086c3bb00f\",\"name\":\"Ana Lucia Marrou\",\"image\":{\"@type\":\"ImageObject\",\"inLanguage\":\"es\",\"@id\":\"https:\/\/www.abrima.com\/blog\/#\/schema\/person\/image\/\",\"url\":\"https:\/\/secure.gravatar.com\/avatar\/90bc8b721d14c58be266256fd3396265?s=96&d=mm&r=g\",\"contentUrl\":\"https:\/\/secure.gravatar.com\/avatar\/90bc8b721d14c58be266256fd3396265?s=96&d=mm&r=g\",\"caption\":\"Ana Lucia Marrou\"},\"url\":\"https:\/\/www.abrima.com\/blog\/author\/anilu\/\"}]}<\/script>\n<!-- \/ Yoast SEO plugin. -->","yoast_head_json":{"title":"Historia del \u2018hashtag\u2019 (infograf\u00eda) - Blog de Tecnolog\u00eda - Abrima","robots":{"index":"index","follow":"follow","max-snippet":"max-snippet:-1","max-image-preview":"max-image-preview:large","max-video-preview":"max-video-preview:-1"},"canonical":"https:\/\/www.abrima.com\/blog\/historia-del-hashtag-infografia\/","og_locale":"es_ES","og_type":"article","og_title":"Historia del \u2018hashtag\u2019 (infograf\u00eda) - Blog de Tecnolog\u00eda - Abrima","og_description":"En esta infograf\u00eda publicada por\u00a0Blur Group\u00a0encontramos la curiosa\u00a0historia del\u00a0hashtag, este t\u00e9rmino compuesto por las palabras\u00a0hash\u00a0(almohadilla) y\u00a0tag\u00a0(etiqueta en ingl\u00e9s) con el que se denomina a una [&hellip;]","og_url":"https:\/\/www.abrima.com\/blog\/historia-del-hashtag-infografia\/","og_site_name":"Blog de Tecnolog\u00eda - Abrima","article_publisher":"https:\/\/www.facebook.com\/abrimawebs\/","article_published_time":"2013-10-03T13:54:22+00:00","article_modified_time":"2013-10-19T03:48:12+00:00","og_image":[{"url":"http:\/\/cdn1.ticbeat.com\/wp-content\/uploads\/2013\/09\/hashtag-590x260.jpg"}],"twitter_misc":{"Escrito por":"Ana Lucia Marrou","Tiempo de lectura":"1 minuto"},"schema":{"@context":"https:\/\/schema.org","@graph":[{"@type":"Organization","@id":"https:\/\/www.abrima.com\/blog\/#organization","name":"Abrima","url":"https:\/\/www.abrima.com\/blog\/","sameAs":["https:\/\/www.linkedin.com\/company\/abrima-soluciones-web\/","https:\/\/www.youtube.com\/user\/abrimawebs","https:\/\/www.facebook.com\/abrimawebs\/","https:\/\/twitter.com\/abrimaweb"],"logo":{"@type":"ImageObject","inLanguage":"es","@id":"https:\/\/www.abrima.com\/blog\/#\/schema\/logo\/image\/","url":"https:\/\/www.abrima.com\/blog\/wp-content\/uploads\/2018\/03\/abrima-logo.png","contentUrl":"https:\/\/www.abrima.com\/blog\/wp-content\/uploads\/2018\/03\/abrima-logo.png","width":700,"height":700,"caption":"Abrima"},"image":{"@id":"https:\/\/www.abrima.com\/blog\/#\/schema\/logo\/image\/"}},{"@type":"WebSite","@id":"https:\/\/www.abrima.com\/blog\/#website","url":"https:\/\/www.abrima.com\/blog\/","name":"Blog de Tecnolog\u00eda - Abrima","description":"Blog sobre todo lo relacionado con Cloud, Marketing Digital y Web","publisher":{"@id":"https:\/\/www.abrima.com\/blog\/#organization"},"potentialAction":[{"@type":"SearchAction","target":{"@type":"EntryPoint","urlTemplate":"https:\/\/www.abrima.com\/blog\/?s={search_term_string}"},"query-input":"required name=search_term_string"}],"inLanguage":"es"},{"@type":"ImageObject","inLanguage":"es","@id":"https:\/\/www.abrima.com\/blog\/historia-del-hashtag-infografia\/#primaryimage","url":"http:\/\/cdn1.ticbeat.com\/wp-content\/uploads\/2013\/09\/hashtag-590x260.jpg","contentUrl":"http:\/\/cdn1.ticbeat.com\/wp-content\/uploads\/2013\/09\/hashtag-590x260.jpg"},{"@type":"WebPage","@id":"https:\/\/www.abrima.com\/blog\/historia-del-hashtag-infografia\/#webpage","url":"https:\/\/www.abrima.com\/blog\/historia-del-hashtag-infografia\/","name":"Historia del \u2018hashtag\u2019 (infograf\u00eda) - Blog de Tecnolog\u00eda - Abrima","isPartOf":{"@id":"https:\/\/www.abrima.com\/blog\/#website"},"primaryImageOfPage":{"@id":"https:\/\/www.abrima.com\/blog\/historia-del-hashtag-infografia\/#primaryimage"},"datePublished":"2013-10-03T13:54:22+00:00","dateModified":"2013-10-19T03:48:12+00:00","breadcrumb":{"@id":"https:\/\/www.abrima.com\/blog\/historia-del-hashtag-infografia\/#breadcrumb"},"inLanguage":"es","potentialAction":[{"@type":"ReadAction","target":["https:\/\/www.abrima.com\/blog\/historia-del-hashtag-infografia\/"]}]},{"@type":"BreadcrumbList","@id":"https:\/\/www.abrima.com\/blog\/historia-del-hashtag-infografia\/#breadcrumb","itemListElement":[{"@type":"ListItem","position":1,"name":"Portada","item":"https:\/\/www.abrima.com\/blog\/"},{"@type":"ListItem","position":2,"name":"Historia del \u2018hashtag\u2019 (infograf\u00eda)"}]},{"@type":"Article","@id":"https:\/\/www.abrima.com\/blog\/historia-del-hashtag-infografia\/#article","isPartOf":{"@id":"https:\/\/www.abrima.com\/blog\/historia-del-hashtag-infografia\/#webpage"},"author":{"@id":"https:\/\/www.abrima.com\/blog\/#\/schema\/person\/70ccd8d5617e3a3d6d5121086c3bb00f"},"headline":"Historia del \u2018hashtag\u2019 (infograf\u00eda)","datePublished":"2013-10-03T13:54:22+00:00","dateModified":"2013-10-19T03:48:12+00:00","mainEntityOfPage":{"@id":"https:\/\/www.abrima.com\/blog\/historia-del-hashtag-infografia\/#webpage"},"wordCount":147,"commentCount":0,"publisher":{"@id":"https:\/\/www.abrima.com\/blog\/#organization"},"image":{"@id":"https:\/\/www.abrima.com\/blog\/historia-del-hashtag-infografia\/#primaryimage"},"thumbnailUrl":"http:\/\/cdn1.ticbeat.com\/wp-content\/uploads\/2013\/09\/hashtag-590x260.jpg","articleSection":["Redes Sociales"],"inLanguage":"es","potentialAction":[{"@type":"CommentAction","name":"Comment","target":["https:\/\/www.abrima.com\/blog\/historia-del-hashtag-infografia\/#respond"]}]},{"@type":"Person","@id":"https:\/\/www.abrima.com\/blog\/#\/schema\/person\/70ccd8d5617e3a3d6d5121086c3bb00f","name":"Ana Lucia Marrou","image":{"@type":"ImageObject","inLanguage":"es","@id":"https:\/\/www.abrima.com\/blog\/#\/schema\/person\/image\/","url":"https:\/\/secure.gravatar.com\/avatar\/90bc8b721d14c58be266256fd3396265?s=96&d=mm&r=g","contentUrl":"https:\/\/secure.gravatar.com\/avatar\/90bc8b721d14c58be266256fd3396265?s=96&d=mm&r=g","caption":"Ana Lucia Marrou"},"url":"https:\/\/www.abrima.com\/blog\/author\/anilu\/"}]}},"amp_enabled":true,"_links":{"self":[{"href":"https:\/\/www.abrima.com\/blog\/wp-json\/wp\/v2\/posts\/284"}],"collection":[{"href":"https:\/\/www.abrima.com\/blog\/wp-json\/wp\/v2\/posts"}],"about":[{"href":"https:\/\/www.abrima.com\/blog\/wp-json\/wp\/v2\/types\/post"}],"author":[{"embeddable":true,"href":"https:\/\/www.abrima.com\/blog\/wp-json\/wp\/v2\/users\/2"}],"replies":[{"embeddable":true,"href":"https:\/\/www.abrima.com\/blog\/wp-json\/wp\/v2\/comments?post=284"}],"version-history":[{"count":1,"href":"https:\/\/www.abrima.com\/blog\/wp-json\/wp\/v2\/posts\/284\/revisions"}],"predecessor-version":[{"id":285,"href":"https:\/\/www.abrima.com\/blog\/wp-json\/wp\/v2\/posts\/284\/revisions\/285"}],"wp:attachment":[{"href":"https:\/\/www.abrima.com\/blog\/wp-json\/wp\/v2\/media?parent=284"}],"wp:term":[{"taxonomy":"category","embeddable":true,"href":"https:\/\/www.abrima.com\/blog\/wp-json\/wp\/v2\/categories?post=284"},{"taxonomy":"post_tag","embeddable":true,"href":"https:\/\/www.abrima.com\/blog\/wp-json\/wp\/v2\/tags?post=284"}],"curies":[{"name":"wp","href":"https:\/\/api.w.org\/{rel}","templated":true}]}}