{"id":2783,"date":"2015-04-01T18:57:30","date_gmt":"2015-04-01T18:57:30","guid":{"rendered":"http:\/\/www.abrima.com\/blog\/?p=2783"},"modified":"2015-04-01T18:57:30","modified_gmt":"2015-04-01T18:57:30","slug":"hasta-que-punto-es-digital-mi-empresa-infografia","status":"publish","type":"post","link":"https:\/\/www.abrima.com\/blog\/hasta-que-punto-es-digital-mi-empresa-infografia\/","title":{"rendered":"\u00bfHasta qu\u00e9 punto es digital mi empresa? (infograf\u00eda)"},"content":{"rendered":"<p><img src=\"http:\/\/cdn2.ticbeat.com\/wp-content\/uploads\/2014\/10\/transformacion-digital.png\" alt=\"transformacion-digital\" \/><\/p>\n<div class=\"entry-content\">\n<p><strong>En la era de \u2018lo digital\u2019 las empresas se ven abocadas a abordar una completa transformaci\u00f3n para adaptarse a este nuevo mundo<\/strong> en el que la tecnolog\u00eda, en especial aquella relacionada con Internet en todas sus facetas (sobre todo la m\u00f3vil) ha tomado un papel eminentemente protagonista. Son muchas las compa\u00f1\u00edas que ya han arrancado este cambio pero, \u00bfc\u00f3mo pueden saber en qu\u00e9 estadio se encuentran de este complejo camino? <strong>\u00bfCu\u00e1les son los pasos que deben seguir?<\/strong><\/p>\n<p>Desde la consultora <a href=\"http:\/\/www.babel.es\/es\" target=\"_blank\"><strong>Babel<\/strong><\/a> quieren aportar su granito de arena en este sentido y han elaborado una <strong>infograf\u00eda<\/strong> (en ingl\u00e9s) en la que desgranan<strong>cu\u00e1les son las pautas que las compa\u00f1\u00edas deben realizar en esta transformaci\u00f3n digital<\/strong>. La consultora divide el camino en tres fases: la definici\u00f3n de la visi\u00f3n digital a seguir, la implementaci\u00f3n de la misma y el proceso que es preciso definir para lograr verdaderamente un <em>engagement<\/em>(implicaci\u00f3n) digital.<\/p>\n<p>Respecto a la fase de <strong>visi\u00f3n<\/strong>, \u00e9sta consta de dos partes. La primera es<strong>realizar un observatorio digital<\/strong> con el objetivo de \u201cmantener un estado del arte de tecnolog\u00edas distuptivas y una comprensi\u00f3n de la era digital para asegurar relaciones sostenibles entre tecnolog\u00eda y negocio\u201d. La segunda es<strong>abordar nuevos modelos de negocio digitales<\/strong>. \u201cLas oportunidades para los nuevos modelos de negocio digitales son muy abiertas\u201d, afirma la consultora, as\u00ed que las empresas deben preguntarse c\u00f3mo dise\u00f1ar una evaluaci\u00f3n de dichas oportunidades y qu\u00e9 transformaciones y factores disruptivos se quiere introducir.<\/p>\n<p>Una vez definida la visi\u00f3n digital hay que <strong>implementarla<\/strong> en tres \u00e1reas: en la que afecta al <strong>cliente<\/strong> y la experiencia que la empresa quiere dise\u00f1ar para \u00e9ste, que cambia radicalmente en esta nueva aproximaci\u00f3n digital en la que los canales de comunicaci\u00f3n e interacci\u00f3n con \u00e9ste son muy diferentes a los tradicionales; en los propios <strong>procesos de negocio<\/strong>, que tambi\u00e9n se ven transformados ganando eficiencia y calidad, pero en los que hay que trabajar para que la ejecuci\u00f3n de los mismos sea segura; y en las <strong>capacidades tecnol\u00f3gicas<\/strong> en s\u00ed mismas, pues no hay que olvidar que el auge de lo digital conlleva la implantaci\u00f3n de nuevas tecnolog\u00edas que es preciso dominar para lograr el \u00e9xito.<\/p>\n<p>El camino hacia lo digital no finaliza una vez que se ha abordado la fase de implementaci\u00f3n. Seg\u00fan los expertos de Babel, esta transformaci\u00f3n hay que consolidarla a trav\u00e9s del <em>engagement<\/em> (o implicaci\u00f3n). Y esto solo es posible a trav\u00e9s del <strong>gobierno de la empresa digital<\/strong>, para lo que es preciso adecuar el modelo de gesti\u00f3n y coordinaci\u00f3n de la misma, y del impulso de una<strong>cultura digital<\/strong> que refuerce la existencia de un nuevo ADN corporativo basado en la apuesta por esta nueva era.<\/p>\n<p>&nbsp;<\/p>\n<p><a href=\"http:\/\/cdn3.ticbeat.com\/wp-content\/uploads\/2015\/03\/transformacion-digital-babel.jpg\"><img loading=\"lazy\" class=\"aligncenter size-full wp-image-143329\" src=\"http:\/\/cdn3.ticbeat.com\/wp-content\/uploads\/2015\/03\/transformacion-digital-babel.jpg\" alt=\"transformacion-digital-babel\" width=\"640\" height=\"2144\" \/><\/a><\/p>\n<\/div>\n<div class=\"entry-action\">\n<div class=\"social-action\" data-nonce=\"61e7991da5\">Fuente: <a href=\"http:\/\/www.ticbeat.com\/economia\/claves-transformacion-digital-empresas-infografia\/\">Ticbeat<\/a><\/div>\n<\/div>\n<p>&nbsp;<\/p>\n","protected":false},"excerpt":{"rendered":"<p>En la era de \u2018lo digital\u2019 las empresas se ven abocadas a abordar una completa transformaci\u00f3n para adaptarse a este nuevo mundo en el que [&hellip;]<\/p>\n","protected":false},"author":1,"featured_media":0,"comment_status":"open","ping_status":"open","sticky":false,"template":"","format":"standard","meta":{"_monsterinsights_skip_tracking":false,"_monsterinsights_sitenote_active":false,"_monsterinsights_sitenote_note":"","_monsterinsights_sitenote_category":0},"categories":[15],"tags":[],"yoast_head":"<!-- This site is optimized with the Yoast SEO plugin v19.1 - https:\/\/yoast.com\/wordpress\/plugins\/seo\/ -->\n<title>\u00bfHasta qu\u00e9 punto es digital mi empresa? (infograf\u00eda) - Blog de Tecnolog\u00eda - Abrima<\/title>\n<meta name=\"robots\" content=\"index, follow, max-snippet:-1, max-image-preview:large, max-video-preview:-1\" \/>\n<link rel=\"canonical\" href=\"https:\/\/www.abrima.com\/blog\/hasta-que-punto-es-digital-mi-empresa-infografia\/\" \/>\n<meta property=\"og:locale\" content=\"es_ES\" \/>\n<meta property=\"og:type\" content=\"article\" \/>\n<meta property=\"og:title\" content=\"\u00bfHasta qu\u00e9 punto es digital mi empresa? (infograf\u00eda) - Blog de Tecnolog\u00eda - Abrima\" \/>\n<meta property=\"og:description\" content=\"En la era de \u2018lo digital\u2019 las empresas se ven abocadas a abordar una completa transformaci\u00f3n para adaptarse a este nuevo mundo en el que [&hellip;]\" \/>\n<meta property=\"og:url\" content=\"https:\/\/www.abrima.com\/blog\/hasta-que-punto-es-digital-mi-empresa-infografia\/\" \/>\n<meta property=\"og:site_name\" content=\"Blog de Tecnolog\u00eda - Abrima\" \/>\n<meta property=\"article:publisher\" content=\"https:\/\/www.facebook.com\/abrimawebs\/\" \/>\n<meta property=\"article:published_time\" content=\"2015-04-01T18:57:30+00:00\" \/>\n<meta property=\"og:image\" content=\"http:\/\/cdn2.ticbeat.com\/wp-content\/uploads\/2014\/10\/transformacion-digital.png\" \/>\n<meta name=\"twitter:label1\" content=\"Escrito por\" \/>\n\t<meta name=\"twitter:data1\" content=\"Abrima\" \/>\n\t<meta name=\"twitter:label2\" content=\"Tiempo de lectura\" \/>\n\t<meta name=\"twitter:data2\" content=\"2 minutos\" \/>\n<script type=\"application\/ld+json\" class=\"yoast-schema-graph\">{\"@context\":\"https:\/\/schema.org\",\"@graph\":[{\"@type\":\"Organization\",\"@id\":\"https:\/\/www.abrima.com\/blog\/#organization\",\"name\":\"Abrima\",\"url\":\"https:\/\/www.abrima.com\/blog\/\",\"sameAs\":[\"https:\/\/www.linkedin.com\/company\/abrima-soluciones-web\/\",\"https:\/\/www.youtube.com\/user\/abrimawebs\",\"https:\/\/www.facebook.com\/abrimawebs\/\",\"https:\/\/twitter.com\/abrimaweb\"],\"logo\":{\"@type\":\"ImageObject\",\"inLanguage\":\"es\",\"@id\":\"https:\/\/www.abrima.com\/blog\/#\/schema\/logo\/image\/\",\"url\":\"https:\/\/www.abrima.com\/blog\/wp-content\/uploads\/2018\/03\/abrima-logo.png\",\"contentUrl\":\"https:\/\/www.abrima.com\/blog\/wp-content\/uploads\/2018\/03\/abrima-logo.png\",\"width\":700,\"height\":700,\"caption\":\"Abrima\"},\"image\":{\"@id\":\"https:\/\/www.abrima.com\/blog\/#\/schema\/logo\/image\/\"}},{\"@type\":\"WebSite\",\"@id\":\"https:\/\/www.abrima.com\/blog\/#website\",\"url\":\"https:\/\/www.abrima.com\/blog\/\",\"name\":\"Blog de Tecnolog\u00eda - Abrima\",\"description\":\"Blog sobre todo lo relacionado con Cloud, Marketing Digital y Web\",\"publisher\":{\"@id\":\"https:\/\/www.abrima.com\/blog\/#organization\"},\"potentialAction\":[{\"@type\":\"SearchAction\",\"target\":{\"@type\":\"EntryPoint\",\"urlTemplate\":\"https:\/\/www.abrima.com\/blog\/?s={search_term_string}\"},\"query-input\":\"required name=search_term_string\"}],\"inLanguage\":\"es\"},{\"@type\":\"ImageObject\",\"inLanguage\":\"es\",\"@id\":\"https:\/\/www.abrima.com\/blog\/hasta-que-punto-es-digital-mi-empresa-infografia\/#primaryimage\",\"url\":\"http:\/\/cdn2.ticbeat.com\/wp-content\/uploads\/2014\/10\/transformacion-digital.png\",\"contentUrl\":\"http:\/\/cdn2.ticbeat.com\/wp-content\/uploads\/2014\/10\/transformacion-digital.png\"},{\"@type\":\"WebPage\",\"@id\":\"https:\/\/www.abrima.com\/blog\/hasta-que-punto-es-digital-mi-empresa-infografia\/#webpage\",\"url\":\"https:\/\/www.abrima.com\/blog\/hasta-que-punto-es-digital-mi-empresa-infografia\/\",\"name\":\"\u00bfHasta qu\u00e9 punto es digital mi empresa? (infograf\u00eda) - Blog de Tecnolog\u00eda - Abrima\",\"isPartOf\":{\"@id\":\"https:\/\/www.abrima.com\/blog\/#website\"},\"primaryImageOfPage\":{\"@id\":\"https:\/\/www.abrima.com\/blog\/hasta-que-punto-es-digital-mi-empresa-infografia\/#primaryimage\"},\"datePublished\":\"2015-04-01T18:57:30+00:00\",\"dateModified\":\"2015-04-01T18:57:30+00:00\",\"breadcrumb\":{\"@id\":\"https:\/\/www.abrima.com\/blog\/hasta-que-punto-es-digital-mi-empresa-infografia\/#breadcrumb\"},\"inLanguage\":\"es\",\"potentialAction\":[{\"@type\":\"ReadAction\",\"target\":[\"https:\/\/www.abrima.com\/blog\/hasta-que-punto-es-digital-mi-empresa-infografia\/\"]}]},{\"@type\":\"BreadcrumbList\",\"@id\":\"https:\/\/www.abrima.com\/blog\/hasta-que-punto-es-digital-mi-empresa-infografia\/#breadcrumb\",\"itemListElement\":[{\"@type\":\"ListItem\",\"position\":1,\"name\":\"Portada\",\"item\":\"https:\/\/www.abrima.com\/blog\/\"},{\"@type\":\"ListItem\",\"position\":2,\"name\":\"\u00bfHasta qu\u00e9 punto es digital mi empresa? (infograf\u00eda)\"}]},{\"@type\":\"Article\",\"@id\":\"https:\/\/www.abrima.com\/blog\/hasta-que-punto-es-digital-mi-empresa-infografia\/#article\",\"isPartOf\":{\"@id\":\"https:\/\/www.abrima.com\/blog\/hasta-que-punto-es-digital-mi-empresa-infografia\/#webpage\"},\"author\":{\"@id\":\"https:\/\/www.abrima.com\/blog\/#\/schema\/person\/b768d5411164cb8b8d58f72cdf4e11e8\"},\"headline\":\"\u00bfHasta qu\u00e9 punto es digital mi empresa? (infograf\u00eda)\",\"datePublished\":\"2015-04-01T18:57:30+00:00\",\"dateModified\":\"2015-04-01T18:57:30+00:00\",\"mainEntityOfPage\":{\"@id\":\"https:\/\/www.abrima.com\/blog\/hasta-que-punto-es-digital-mi-empresa-infografia\/#webpage\"},\"wordCount\":491,\"commentCount\":0,\"publisher\":{\"@id\":\"https:\/\/www.abrima.com\/blog\/#organization\"},\"image\":{\"@id\":\"https:\/\/www.abrima.com\/blog\/hasta-que-punto-es-digital-mi-empresa-infografia\/#primaryimage\"},\"thumbnailUrl\":\"http:\/\/cdn2.ticbeat.com\/wp-content\/uploads\/2014\/10\/transformacion-digital.png\",\"articleSection\":[\"Marketing Digital\"],\"inLanguage\":\"es\",\"potentialAction\":[{\"@type\":\"CommentAction\",\"name\":\"Comment\",\"target\":[\"https:\/\/www.abrima.com\/blog\/hasta-que-punto-es-digital-mi-empresa-infografia\/#respond\"]}]},{\"@type\":\"Person\",\"@id\":\"https:\/\/www.abrima.com\/blog\/#\/schema\/person\/b768d5411164cb8b8d58f72cdf4e11e8\",\"name\":\"Abrima\",\"image\":{\"@type\":\"ImageObject\",\"inLanguage\":\"es\",\"@id\":\"https:\/\/www.abrima.com\/blog\/#\/schema\/person\/image\/\",\"url\":\"https:\/\/secure.gravatar.com\/avatar\/5cc72c9c6b371583c943a070dff20409?s=96&d=mm&r=g\",\"contentUrl\":\"https:\/\/secure.gravatar.com\/avatar\/5cc72c9c6b371583c943a070dff20409?s=96&d=mm&r=g\",\"caption\":\"Abrima\"},\"url\":\"https:\/\/www.abrima.com\/blog\/author\/abrima\/\"}]}<\/script>\n<!-- \/ Yoast SEO plugin. -->","yoast_head_json":{"title":"\u00bfHasta qu\u00e9 punto es digital mi empresa? (infograf\u00eda) - Blog de Tecnolog\u00eda - Abrima","robots":{"index":"index","follow":"follow","max-snippet":"max-snippet:-1","max-image-preview":"max-image-preview:large","max-video-preview":"max-video-preview:-1"},"canonical":"https:\/\/www.abrima.com\/blog\/hasta-que-punto-es-digital-mi-empresa-infografia\/","og_locale":"es_ES","og_type":"article","og_title":"\u00bfHasta qu\u00e9 punto es digital mi empresa? (infograf\u00eda) - Blog de Tecnolog\u00eda - Abrima","og_description":"En la era de \u2018lo digital\u2019 las empresas se ven abocadas a abordar una completa transformaci\u00f3n para adaptarse a este nuevo mundo en el que [&hellip;]","og_url":"https:\/\/www.abrima.com\/blog\/hasta-que-punto-es-digital-mi-empresa-infografia\/","og_site_name":"Blog de Tecnolog\u00eda - Abrima","article_publisher":"https:\/\/www.facebook.com\/abrimawebs\/","article_published_time":"2015-04-01T18:57:30+00:00","og_image":[{"url":"http:\/\/cdn2.ticbeat.com\/wp-content\/uploads\/2014\/10\/transformacion-digital.png"}],"twitter_misc":{"Escrito por":"Abrima","Tiempo de lectura":"2 minutos"},"schema":{"@context":"https:\/\/schema.org","@graph":[{"@type":"Organization","@id":"https:\/\/www.abrima.com\/blog\/#organization","name":"Abrima","url":"https:\/\/www.abrima.com\/blog\/","sameAs":["https:\/\/www.linkedin.com\/company\/abrima-soluciones-web\/","https:\/\/www.youtube.com\/user\/abrimawebs","https:\/\/www.facebook.com\/abrimawebs\/","https:\/\/twitter.com\/abrimaweb"],"logo":{"@type":"ImageObject","inLanguage":"es","@id":"https:\/\/www.abrima.com\/blog\/#\/schema\/logo\/image\/","url":"https:\/\/www.abrima.com\/blog\/wp-content\/uploads\/2018\/03\/abrima-logo.png","contentUrl":"https:\/\/www.abrima.com\/blog\/wp-content\/uploads\/2018\/03\/abrima-logo.png","width":700,"height":700,"caption":"Abrima"},"image":{"@id":"https:\/\/www.abrima.com\/blog\/#\/schema\/logo\/image\/"}},{"@type":"WebSite","@id":"https:\/\/www.abrima.com\/blog\/#website","url":"https:\/\/www.abrima.com\/blog\/","name":"Blog de Tecnolog\u00eda - Abrima","description":"Blog sobre todo lo relacionado con Cloud, Marketing Digital y Web","publisher":{"@id":"https:\/\/www.abrima.com\/blog\/#organization"},"potentialAction":[{"@type":"SearchAction","target":{"@type":"EntryPoint","urlTemplate":"https:\/\/www.abrima.com\/blog\/?s={search_term_string}"},"query-input":"required name=search_term_string"}],"inLanguage":"es"},{"@type":"ImageObject","inLanguage":"es","@id":"https:\/\/www.abrima.com\/blog\/hasta-que-punto-es-digital-mi-empresa-infografia\/#primaryimage","url":"http:\/\/cdn2.ticbeat.com\/wp-content\/uploads\/2014\/10\/transformacion-digital.png","contentUrl":"http:\/\/cdn2.ticbeat.com\/wp-content\/uploads\/2014\/10\/transformacion-digital.png"},{"@type":"WebPage","@id":"https:\/\/www.abrima.com\/blog\/hasta-que-punto-es-digital-mi-empresa-infografia\/#webpage","url":"https:\/\/www.abrima.com\/blog\/hasta-que-punto-es-digital-mi-empresa-infografia\/","name":"\u00bfHasta qu\u00e9 punto es digital mi empresa? (infograf\u00eda) - Blog de Tecnolog\u00eda - Abrima","isPartOf":{"@id":"https:\/\/www.abrima.com\/blog\/#website"},"primaryImageOfPage":{"@id":"https:\/\/www.abrima.com\/blog\/hasta-que-punto-es-digital-mi-empresa-infografia\/#primaryimage"},"datePublished":"2015-04-01T18:57:30+00:00","dateModified":"2015-04-01T18:57:30+00:00","breadcrumb":{"@id":"https:\/\/www.abrima.com\/blog\/hasta-que-punto-es-digital-mi-empresa-infografia\/#breadcrumb"},"inLanguage":"es","potentialAction":[{"@type":"ReadAction","target":["https:\/\/www.abrima.com\/blog\/hasta-que-punto-es-digital-mi-empresa-infografia\/"]}]},{"@type":"BreadcrumbList","@id":"https:\/\/www.abrima.com\/blog\/hasta-que-punto-es-digital-mi-empresa-infografia\/#breadcrumb","itemListElement":[{"@type":"ListItem","position":1,"name":"Portada","item":"https:\/\/www.abrima.com\/blog\/"},{"@type":"ListItem","position":2,"name":"\u00bfHasta qu\u00e9 punto es digital mi empresa? (infograf\u00eda)"}]},{"@type":"Article","@id":"https:\/\/www.abrima.com\/blog\/hasta-que-punto-es-digital-mi-empresa-infografia\/#article","isPartOf":{"@id":"https:\/\/www.abrima.com\/blog\/hasta-que-punto-es-digital-mi-empresa-infografia\/#webpage"},"author":{"@id":"https:\/\/www.abrima.com\/blog\/#\/schema\/person\/b768d5411164cb8b8d58f72cdf4e11e8"},"headline":"\u00bfHasta qu\u00e9 punto es digital mi empresa? (infograf\u00eda)","datePublished":"2015-04-01T18:57:30+00:00","dateModified":"2015-04-01T18:57:30+00:00","mainEntityOfPage":{"@id":"https:\/\/www.abrima.com\/blog\/hasta-que-punto-es-digital-mi-empresa-infografia\/#webpage"},"wordCount":491,"commentCount":0,"publisher":{"@id":"https:\/\/www.abrima.com\/blog\/#organization"},"image":{"@id":"https:\/\/www.abrima.com\/blog\/hasta-que-punto-es-digital-mi-empresa-infografia\/#primaryimage"},"thumbnailUrl":"http:\/\/cdn2.ticbeat.com\/wp-content\/uploads\/2014\/10\/transformacion-digital.png","articleSection":["Marketing Digital"],"inLanguage":"es","potentialAction":[{"@type":"CommentAction","name":"Comment","target":["https:\/\/www.abrima.com\/blog\/hasta-que-punto-es-digital-mi-empresa-infografia\/#respond"]}]},{"@type":"Person","@id":"https:\/\/www.abrima.com\/blog\/#\/schema\/person\/b768d5411164cb8b8d58f72cdf4e11e8","name":"Abrima","image":{"@type":"ImageObject","inLanguage":"es","@id":"https:\/\/www.abrima.com\/blog\/#\/schema\/person\/image\/","url":"https:\/\/secure.gravatar.com\/avatar\/5cc72c9c6b371583c943a070dff20409?s=96&d=mm&r=g","contentUrl":"https:\/\/secure.gravatar.com\/avatar\/5cc72c9c6b371583c943a070dff20409?s=96&d=mm&r=g","caption":"Abrima"},"url":"https:\/\/www.abrima.com\/blog\/author\/abrima\/"}]}},"amp_enabled":true,"_links":{"self":[{"href":"https:\/\/www.abrima.com\/blog\/wp-json\/wp\/v2\/posts\/2783"}],"collection":[{"href":"https:\/\/www.abrima.com\/blog\/wp-json\/wp\/v2\/posts"}],"about":[{"href":"https:\/\/www.abrima.com\/blog\/wp-json\/wp\/v2\/types\/post"}],"author":[{"embeddable":true,"href":"https:\/\/www.abrima.com\/blog\/wp-json\/wp\/v2\/users\/1"}],"replies":[{"embeddable":true,"href":"https:\/\/www.abrima.com\/blog\/wp-json\/wp\/v2\/comments?post=2783"}],"version-history":[{"count":1,"href":"https:\/\/www.abrima.com\/blog\/wp-json\/wp\/v2\/posts\/2783\/revisions"}],"predecessor-version":[{"id":2784,"href":"https:\/\/www.abrima.com\/blog\/wp-json\/wp\/v2\/posts\/2783\/revisions\/2784"}],"wp:attachment":[{"href":"https:\/\/www.abrima.com\/blog\/wp-json\/wp\/v2\/media?parent=2783"}],"wp:term":[{"taxonomy":"category","embeddable":true,"href":"https:\/\/www.abrima.com\/blog\/wp-json\/wp\/v2\/categories?post=2783"},{"taxonomy":"post_tag","embeddable":true,"href":"https:\/\/www.abrima.com\/blog\/wp-json\/wp\/v2\/tags?post=2783"}],"curies":[{"name":"wp","href":"https:\/\/api.w.org\/{rel}","templated":true}]}}