{"id":2170,"date":"2014-10-22T01:29:03","date_gmt":"2014-10-22T01:29:03","guid":{"rendered":"http:\/\/www.abrima.com\/blog\/?p=2170"},"modified":"2014-10-22T01:29:03","modified_gmt":"2014-10-22T01:29:03","slug":"sap-arropa-su-estrategia-cloud-con-la-tecnologia-de-ibm","status":"publish","type":"post","link":"https:\/\/www.abrima.com\/blog\/sap-arropa-su-estrategia-cloud-con-la-tecnologia-de-ibm\/","title":{"rendered":"SAP arropa su estrategia \u2018cloud\u2019 con la tecnolog\u00eda de IBM"},"content":{"rendered":"<p><img loading=\"lazy\" class=\"\" src=\"http:\/\/cdn3.ticbeat.com\/wp-content\/uploads\/2014\/10\/manos-cloud-alianza-acuerdo.png\" alt=\"manos-cloud-alianza-acuerdo\" width=\"396\" height=\"204\" \/><\/p>\n<p>El modelo de suministro de TI <em>cloud computing<\/em> se ha convertido en un \u2018must\u2019 para todos los grandes proveedores de TI. Para SAP, el gigante del software empresarial, lo es desde hace tiempo. Ya el pasado mes de enero los m\u00e1ximos ejecutivos de la compa\u00f1\u00eda aseveraban que <a href=\"http:\/\/cloud.ticbeat.com\/sap-confia-en-la-nube-como-motor-de-crecimiento\/\" target=\"_blank\">\u00e9sta alcanzar\u00eda unos ingresos <em>cloud<\/em> de entre 3.000 y 3.500 millones de euros en 2017<\/a>, un ejercicio para el que la firma espera lograr una facturaci\u00f3n total de 22.000 millones de euros. Pues bien, la compa\u00f1\u00eda ha decidido dar un paso m\u00e1s para potenciar su oferta en la nube, sobre todo la de su plataforma estrella, HANA, una soluci\u00f3n de computaci\u00f3n en memoria y lo ha hecho de mano de un peso pesado de la inform\u00e1tica empresarial que, en los \u00faltimos tiempos, tambi\u00e9n se ha rendido a los encantos de la infraestructura como servicio: hablamos de IBM.<\/p>\n<p>As\u00ed es: <strong>SAP ha elegido a IBM como principal proveedor de infraestructura como servicio para ofrecer su servicio de HANA bajo esta modalidad de suministro de TI<\/strong>. Con esta alianza SAP suma los 40 centros de datos de que dispone IBM para dar servicios <em>cloud<\/em> a los suyos propios, que ascienden a 20. Desde SAP recuerdan que el servicio HANA Enterprise Cloud ya est\u00e1 disponible a trav\u00e9s de la nube de IBM (ambas compa\u00f1\u00edas ya ten\u00edan un acuerdo al respecto) pero ahora se ampliar\u00e1 a los principales mercados con la incorporaci\u00f3n de los centros de datos <em>cloud<\/em> de IBM. Con ello, afirma un comunicado de la compa\u00f1\u00eda, \u201c<strong>se espera que los clientes puedan desplegar el software de SAP en todo el mundo en un entorno m\u00e1s r\u00e1pido y seguro, respaldado por las contrastadas capacidades <em>cloud<\/em> de IBM<\/strong>\u201d.<\/p>\n<p>Para Bill McDermott, CEO de SAP, \u201cla demanda de SAP HANA y SAP Business Suite sobre SAP HANA en la nube est\u00e1 siendo tremenda y este acuerdo global con IBM anuncia una <strong>nueva era de colaboraci\u00f3n en la nube<\/strong>. Los clientes podr\u00e1n beneficiarse de esta colaboraci\u00f3n y de la expansi\u00f3n de SAP HANA Enterprise Cloud\u201d. Ginni Rometty, CEO de IBM, se refiere a este anuncio como un \u201chito importante en el despliegue de la nube empresarial\u201d, \u201cEste acuerdo se basa en el largo historial que ambas compa\u00f1\u00edas tiene en aportar innovaci\u00f3n a las empresas y ampl\u00eda la posici\u00f3n de IBM como principal plataforma en la nube a nivel mundial. Nuestra plataforma <em>cloud<\/em> para empresas, h\u00edbrida, abierta y segura permitir\u00e1 a los clientes de SAP acceder a nuevas formas de trabajar en una era marcada por el <em>Big Data<\/em>, la movilidad y las redes sociales\u201d.<\/p>\n<h2>El de \u2018cloud\u2019, un empuje global<\/h2>\n<p>En los \u00faltimos a\u00f1os el modelo de TI <em>cloud computing<\/em>, en sus versiones de software, plataforma e infraestructura como servicio, parece haberse convertido en el Santo Grial para las tecnol\u00f3gicas centradas en el \u00e1mbito empresarial. Sin ir m\u00e1s lejos, <a href=\"http:\/\/cloud.ticbeat.com\/larry-ellison-oracle-openworld-2014-tenemos-mas-aplicaciones-nadie-en-nube\/\" target=\"_blank\">Oracle mostraba recientemente en su \u00faltimo evento Openworld <\/a>la apuesta que la compa\u00f1\u00eda, l\u00edder indiscutible en bases de datos y tambi\u00e9n competidor de SAP en el software de gesti\u00f3n, ha realizado en las tres capas de <em>cloud<\/em>. Cisco, el peso pesado del mundo de la conectividad, <a href=\"http:\/\/cloud.ticbeat.com\/cisco-comprara-metacloud-empresa-servicios-en-nube\/\" target=\"_blank\">anunciaba recientemente su intenci\u00f3n de adquirir la empresa de servicios en la nube Metacloud<\/a> reforzando tambi\u00e9n su estrategia en este sentido. Y <a href=\"http:\/\/www.ticbeat.com\/economia\/satya-nadella-protagoniza-nuevo-capitulo-de-la-historia-de-microsoft\/\" target=\"_blank\">Microsoft<\/a>, <a href=\"http:\/\/cloud.ticbeat.com\/amazon-zocalo-ya-disponible-para-todos\/\" target=\"_blank\">Amazon<\/a> y <a href=\"http:\/\/pymes.ticbeat.com\/google-transforma-su-division-enterprise-en-google-work\/\" target=\"_blank\">Google<\/a> contin\u00faan reforzando un \u00e1mbito, el de<em>cloud<\/em>, que parece cada d\u00eda se ve m\u00e1s imparable.<\/p>\n<p>&nbsp;<\/p>\n<p>FUENTE: <a href=\"http:\/\/cloud.ticbeat.com\/sap-arropa-su-estrategia-cloud-con-la-tecnologia-de-ibm\/\">cloud.ticbeat.com<\/a><\/p>\n","protected":false},"excerpt":{"rendered":"<p>El modelo de suministro de TI cloud computing se ha convertido en un \u2018must\u2019 para todos los grandes proveedores de TI. Para SAP, el gigante [&hellip;]<\/p>\n","protected":false},"author":2,"featured_media":0,"comment_status":"open","ping_status":"open","sticky":false,"template":"","format":"standard","meta":{"_monsterinsights_skip_tracking":false,"_monsterinsights_sitenote_active":false,"_monsterinsights_sitenote_note":"","_monsterinsights_sitenote_category":0},"categories":[5],"tags":[],"yoast_head":"<!-- This site is optimized with the Yoast SEO plugin v19.1 - https:\/\/yoast.com\/wordpress\/plugins\/seo\/ -->\n<title>SAP arropa su estrategia \u2018cloud\u2019 con la tecnolog\u00eda de IBM - Blog de Tecnolog\u00eda - Abrima<\/title>\n<meta name=\"robots\" content=\"index, follow, max-snippet:-1, max-image-preview:large, max-video-preview:-1\" \/>\n<link rel=\"canonical\" href=\"https:\/\/www.abrima.com\/blog\/sap-arropa-su-estrategia-cloud-con-la-tecnologia-de-ibm\/\" \/>\n<meta property=\"og:locale\" content=\"es_ES\" \/>\n<meta property=\"og:type\" content=\"article\" \/>\n<meta property=\"og:title\" content=\"SAP arropa su estrategia \u2018cloud\u2019 con la tecnolog\u00eda de IBM - Blog de Tecnolog\u00eda - Abrima\" \/>\n<meta property=\"og:description\" content=\"El modelo de suministro de TI cloud computing se ha convertido en un \u2018must\u2019 para todos los grandes proveedores de TI. Para SAP, el gigante [&hellip;]\" \/>\n<meta property=\"og:url\" content=\"https:\/\/www.abrima.com\/blog\/sap-arropa-su-estrategia-cloud-con-la-tecnologia-de-ibm\/\" \/>\n<meta property=\"og:site_name\" content=\"Blog de Tecnolog\u00eda - Abrima\" \/>\n<meta property=\"article:publisher\" content=\"https:\/\/www.facebook.com\/abrimawebs\/\" \/>\n<meta property=\"article:published_time\" content=\"2014-10-22T01:29:03+00:00\" \/>\n<meta property=\"og:image\" content=\"http:\/\/cdn3.ticbeat.com\/wp-content\/uploads\/2014\/10\/manos-cloud-alianza-acuerdo.png\" \/>\n<meta name=\"twitter:label1\" content=\"Escrito por\" \/>\n\t<meta name=\"twitter:data1\" content=\"Ana Lucia Marrou\" \/>\n\t<meta name=\"twitter:label2\" content=\"Tiempo de lectura\" \/>\n\t<meta name=\"twitter:data2\" content=\"3 minutos\" \/>\n<script type=\"application\/ld+json\" class=\"yoast-schema-graph\">{\"@context\":\"https:\/\/schema.org\",\"@graph\":[{\"@type\":\"Organization\",\"@id\":\"https:\/\/www.abrima.com\/blog\/#organization\",\"name\":\"Abrima\",\"url\":\"https:\/\/www.abrima.com\/blog\/\",\"sameAs\":[\"https:\/\/www.linkedin.com\/company\/abrima-soluciones-web\/\",\"https:\/\/www.youtube.com\/user\/abrimawebs\",\"https:\/\/www.facebook.com\/abrimawebs\/\",\"https:\/\/twitter.com\/abrimaweb\"],\"logo\":{\"@type\":\"ImageObject\",\"inLanguage\":\"es\",\"@id\":\"https:\/\/www.abrima.com\/blog\/#\/schema\/logo\/image\/\",\"url\":\"https:\/\/www.abrima.com\/blog\/wp-content\/uploads\/2018\/03\/abrima-logo.png\",\"contentUrl\":\"https:\/\/www.abrima.com\/blog\/wp-content\/uploads\/2018\/03\/abrima-logo.png\",\"width\":700,\"height\":700,\"caption\":\"Abrima\"},\"image\":{\"@id\":\"https:\/\/www.abrima.com\/blog\/#\/schema\/logo\/image\/\"}},{\"@type\":\"WebSite\",\"@id\":\"https:\/\/www.abrima.com\/blog\/#website\",\"url\":\"https:\/\/www.abrima.com\/blog\/\",\"name\":\"Blog de Tecnolog\u00eda - Abrima\",\"description\":\"Blog sobre todo lo relacionado con Cloud, Marketing Digital y Web\",\"publisher\":{\"@id\":\"https:\/\/www.abrima.com\/blog\/#organization\"},\"potentialAction\":[{\"@type\":\"SearchAction\",\"target\":{\"@type\":\"EntryPoint\",\"urlTemplate\":\"https:\/\/www.abrima.com\/blog\/?s={search_term_string}\"},\"query-input\":\"required name=search_term_string\"}],\"inLanguage\":\"es\"},{\"@type\":\"ImageObject\",\"inLanguage\":\"es\",\"@id\":\"https:\/\/www.abrima.com\/blog\/sap-arropa-su-estrategia-cloud-con-la-tecnologia-de-ibm\/#primaryimage\",\"url\":\"http:\/\/cdn3.ticbeat.com\/wp-content\/uploads\/2014\/10\/manos-cloud-alianza-acuerdo.png\",\"contentUrl\":\"http:\/\/cdn3.ticbeat.com\/wp-content\/uploads\/2014\/10\/manos-cloud-alianza-acuerdo.png\"},{\"@type\":\"WebPage\",\"@id\":\"https:\/\/www.abrima.com\/blog\/sap-arropa-su-estrategia-cloud-con-la-tecnologia-de-ibm\/#webpage\",\"url\":\"https:\/\/www.abrima.com\/blog\/sap-arropa-su-estrategia-cloud-con-la-tecnologia-de-ibm\/\",\"name\":\"SAP arropa su estrategia \u2018cloud\u2019 con la tecnolog\u00eda de IBM - Blog de Tecnolog\u00eda - Abrima\",\"isPartOf\":{\"@id\":\"https:\/\/www.abrima.com\/blog\/#website\"},\"primaryImageOfPage\":{\"@id\":\"https:\/\/www.abrima.com\/blog\/sap-arropa-su-estrategia-cloud-con-la-tecnologia-de-ibm\/#primaryimage\"},\"datePublished\":\"2014-10-22T01:29:03+00:00\",\"dateModified\":\"2014-10-22T01:29:03+00:00\",\"breadcrumb\":{\"@id\":\"https:\/\/www.abrima.com\/blog\/sap-arropa-su-estrategia-cloud-con-la-tecnologia-de-ibm\/#breadcrumb\"},\"inLanguage\":\"es\",\"potentialAction\":[{\"@type\":\"ReadAction\",\"target\":[\"https:\/\/www.abrima.com\/blog\/sap-arropa-su-estrategia-cloud-con-la-tecnologia-de-ibm\/\"]}]},{\"@type\":\"BreadcrumbList\",\"@id\":\"https:\/\/www.abrima.com\/blog\/sap-arropa-su-estrategia-cloud-con-la-tecnologia-de-ibm\/#breadcrumb\",\"itemListElement\":[{\"@type\":\"ListItem\",\"position\":1,\"name\":\"Portada\",\"item\":\"https:\/\/www.abrima.com\/blog\/\"},{\"@type\":\"ListItem\",\"position\":2,\"name\":\"SAP arropa su estrategia \u2018cloud\u2019 con la tecnolog\u00eda de IBM\"}]},{\"@type\":\"Article\",\"@id\":\"https:\/\/www.abrima.com\/blog\/sap-arropa-su-estrategia-cloud-con-la-tecnologia-de-ibm\/#article\",\"isPartOf\":{\"@id\":\"https:\/\/www.abrima.com\/blog\/sap-arropa-su-estrategia-cloud-con-la-tecnologia-de-ibm\/#webpage\"},\"author\":{\"@id\":\"https:\/\/www.abrima.com\/blog\/#\/schema\/person\/70ccd8d5617e3a3d6d5121086c3bb00f\"},\"headline\":\"SAP arropa su estrategia \u2018cloud\u2019 con la tecnolog\u00eda de IBM\",\"datePublished\":\"2014-10-22T01:29:03+00:00\",\"dateModified\":\"2014-10-22T01:29:03+00:00\",\"mainEntityOfPage\":{\"@id\":\"https:\/\/www.abrima.com\/blog\/sap-arropa-su-estrategia-cloud-con-la-tecnologia-de-ibm\/#webpage\"},\"wordCount\":604,\"commentCount\":0,\"publisher\":{\"@id\":\"https:\/\/www.abrima.com\/blog\/#organization\"},\"image\":{\"@id\":\"https:\/\/www.abrima.com\/blog\/sap-arropa-su-estrategia-cloud-con-la-tecnologia-de-ibm\/#primaryimage\"},\"thumbnailUrl\":\"http:\/\/cdn3.ticbeat.com\/wp-content\/uploads\/2014\/10\/manos-cloud-alianza-acuerdo.png\",\"articleSection\":[\"Cloud Computing\"],\"inLanguage\":\"es\",\"potentialAction\":[{\"@type\":\"CommentAction\",\"name\":\"Comment\",\"target\":[\"https:\/\/www.abrima.com\/blog\/sap-arropa-su-estrategia-cloud-con-la-tecnologia-de-ibm\/#respond\"]}]},{\"@type\":\"Person\",\"@id\":\"https:\/\/www.abrima.com\/blog\/#\/schema\/person\/70ccd8d5617e3a3d6d5121086c3bb00f\",\"name\":\"Ana Lucia Marrou\",\"image\":{\"@type\":\"ImageObject\",\"inLanguage\":\"es\",\"@id\":\"https:\/\/www.abrima.com\/blog\/#\/schema\/person\/image\/\",\"url\":\"https:\/\/secure.gravatar.com\/avatar\/90bc8b721d14c58be266256fd3396265?s=96&d=mm&r=g\",\"contentUrl\":\"https:\/\/secure.gravatar.com\/avatar\/90bc8b721d14c58be266256fd3396265?s=96&d=mm&r=g\",\"caption\":\"Ana Lucia Marrou\"},\"url\":\"https:\/\/www.abrima.com\/blog\/author\/anilu\/\"}]}<\/script>\n<!-- \/ Yoast SEO plugin. -->","yoast_head_json":{"title":"SAP arropa su estrategia \u2018cloud\u2019 con la tecnolog\u00eda de IBM - Blog de Tecnolog\u00eda - Abrima","robots":{"index":"index","follow":"follow","max-snippet":"max-snippet:-1","max-image-preview":"max-image-preview:large","max-video-preview":"max-video-preview:-1"},"canonical":"https:\/\/www.abrima.com\/blog\/sap-arropa-su-estrategia-cloud-con-la-tecnologia-de-ibm\/","og_locale":"es_ES","og_type":"article","og_title":"SAP arropa su estrategia \u2018cloud\u2019 con la tecnolog\u00eda de IBM - Blog de Tecnolog\u00eda - Abrima","og_description":"El modelo de suministro de TI cloud computing se ha convertido en un \u2018must\u2019 para todos los grandes proveedores de TI. Para SAP, el gigante [&hellip;]","og_url":"https:\/\/www.abrima.com\/blog\/sap-arropa-su-estrategia-cloud-con-la-tecnologia-de-ibm\/","og_site_name":"Blog de Tecnolog\u00eda - Abrima","article_publisher":"https:\/\/www.facebook.com\/abrimawebs\/","article_published_time":"2014-10-22T01:29:03+00:00","og_image":[{"url":"http:\/\/cdn3.ticbeat.com\/wp-content\/uploads\/2014\/10\/manos-cloud-alianza-acuerdo.png"}],"twitter_misc":{"Escrito por":"Ana Lucia Marrou","Tiempo de lectura":"3 minutos"},"schema":{"@context":"https:\/\/schema.org","@graph":[{"@type":"Organization","@id":"https:\/\/www.abrima.com\/blog\/#organization","name":"Abrima","url":"https:\/\/www.abrima.com\/blog\/","sameAs":["https:\/\/www.linkedin.com\/company\/abrima-soluciones-web\/","https:\/\/www.youtube.com\/user\/abrimawebs","https:\/\/www.facebook.com\/abrimawebs\/","https:\/\/twitter.com\/abrimaweb"],"logo":{"@type":"ImageObject","inLanguage":"es","@id":"https:\/\/www.abrima.com\/blog\/#\/schema\/logo\/image\/","url":"https:\/\/www.abrima.com\/blog\/wp-content\/uploads\/2018\/03\/abrima-logo.png","contentUrl":"https:\/\/www.abrima.com\/blog\/wp-content\/uploads\/2018\/03\/abrima-logo.png","width":700,"height":700,"caption":"Abrima"},"image":{"@id":"https:\/\/www.abrima.com\/blog\/#\/schema\/logo\/image\/"}},{"@type":"WebSite","@id":"https:\/\/www.abrima.com\/blog\/#website","url":"https:\/\/www.abrima.com\/blog\/","name":"Blog de Tecnolog\u00eda - Abrima","description":"Blog sobre todo lo relacionado con Cloud, Marketing Digital y Web","publisher":{"@id":"https:\/\/www.abrima.com\/blog\/#organization"},"potentialAction":[{"@type":"SearchAction","target":{"@type":"EntryPoint","urlTemplate":"https:\/\/www.abrima.com\/blog\/?s={search_term_string}"},"query-input":"required name=search_term_string"}],"inLanguage":"es"},{"@type":"ImageObject","inLanguage":"es","@id":"https:\/\/www.abrima.com\/blog\/sap-arropa-su-estrategia-cloud-con-la-tecnologia-de-ibm\/#primaryimage","url":"http:\/\/cdn3.ticbeat.com\/wp-content\/uploads\/2014\/10\/manos-cloud-alianza-acuerdo.png","contentUrl":"http:\/\/cdn3.ticbeat.com\/wp-content\/uploads\/2014\/10\/manos-cloud-alianza-acuerdo.png"},{"@type":"WebPage","@id":"https:\/\/www.abrima.com\/blog\/sap-arropa-su-estrategia-cloud-con-la-tecnologia-de-ibm\/#webpage","url":"https:\/\/www.abrima.com\/blog\/sap-arropa-su-estrategia-cloud-con-la-tecnologia-de-ibm\/","name":"SAP arropa su estrategia \u2018cloud\u2019 con la tecnolog\u00eda de IBM - Blog de Tecnolog\u00eda - Abrima","isPartOf":{"@id":"https:\/\/www.abrima.com\/blog\/#website"},"primaryImageOfPage":{"@id":"https:\/\/www.abrima.com\/blog\/sap-arropa-su-estrategia-cloud-con-la-tecnologia-de-ibm\/#primaryimage"},"datePublished":"2014-10-22T01:29:03+00:00","dateModified":"2014-10-22T01:29:03+00:00","breadcrumb":{"@id":"https:\/\/www.abrima.com\/blog\/sap-arropa-su-estrategia-cloud-con-la-tecnologia-de-ibm\/#breadcrumb"},"inLanguage":"es","potentialAction":[{"@type":"ReadAction","target":["https:\/\/www.abrima.com\/blog\/sap-arropa-su-estrategia-cloud-con-la-tecnologia-de-ibm\/"]}]},{"@type":"BreadcrumbList","@id":"https:\/\/www.abrima.com\/blog\/sap-arropa-su-estrategia-cloud-con-la-tecnologia-de-ibm\/#breadcrumb","itemListElement":[{"@type":"ListItem","position":1,"name":"Portada","item":"https:\/\/www.abrima.com\/blog\/"},{"@type":"ListItem","position":2,"name":"SAP arropa su estrategia \u2018cloud\u2019 con la tecnolog\u00eda de IBM"}]},{"@type":"Article","@id":"https:\/\/www.abrima.com\/blog\/sap-arropa-su-estrategia-cloud-con-la-tecnologia-de-ibm\/#article","isPartOf":{"@id":"https:\/\/www.abrima.com\/blog\/sap-arropa-su-estrategia-cloud-con-la-tecnologia-de-ibm\/#webpage"},"author":{"@id":"https:\/\/www.abrima.com\/blog\/#\/schema\/person\/70ccd8d5617e3a3d6d5121086c3bb00f"},"headline":"SAP arropa su estrategia \u2018cloud\u2019 con la tecnolog\u00eda de IBM","datePublished":"2014-10-22T01:29:03+00:00","dateModified":"2014-10-22T01:29:03+00:00","mainEntityOfPage":{"@id":"https:\/\/www.abrima.com\/blog\/sap-arropa-su-estrategia-cloud-con-la-tecnologia-de-ibm\/#webpage"},"wordCount":604,"commentCount":0,"publisher":{"@id":"https:\/\/www.abrima.com\/blog\/#organization"},"image":{"@id":"https:\/\/www.abrima.com\/blog\/sap-arropa-su-estrategia-cloud-con-la-tecnologia-de-ibm\/#primaryimage"},"thumbnailUrl":"http:\/\/cdn3.ticbeat.com\/wp-content\/uploads\/2014\/10\/manos-cloud-alianza-acuerdo.png","articleSection":["Cloud Computing"],"inLanguage":"es","potentialAction":[{"@type":"CommentAction","name":"Comment","target":["https:\/\/www.abrima.com\/blog\/sap-arropa-su-estrategia-cloud-con-la-tecnologia-de-ibm\/#respond"]}]},{"@type":"Person","@id":"https:\/\/www.abrima.com\/blog\/#\/schema\/person\/70ccd8d5617e3a3d6d5121086c3bb00f","name":"Ana Lucia Marrou","image":{"@type":"ImageObject","inLanguage":"es","@id":"https:\/\/www.abrima.com\/blog\/#\/schema\/person\/image\/","url":"https:\/\/secure.gravatar.com\/avatar\/90bc8b721d14c58be266256fd3396265?s=96&d=mm&r=g","contentUrl":"https:\/\/secure.gravatar.com\/avatar\/90bc8b721d14c58be266256fd3396265?s=96&d=mm&r=g","caption":"Ana Lucia Marrou"},"url":"https:\/\/www.abrima.com\/blog\/author\/anilu\/"}]}},"amp_enabled":true,"_links":{"self":[{"href":"https:\/\/www.abrima.com\/blog\/wp-json\/wp\/v2\/posts\/2170"}],"collection":[{"href":"https:\/\/www.abrima.com\/blog\/wp-json\/wp\/v2\/posts"}],"about":[{"href":"https:\/\/www.abrima.com\/blog\/wp-json\/wp\/v2\/types\/post"}],"author":[{"embeddable":true,"href":"https:\/\/www.abrima.com\/blog\/wp-json\/wp\/v2\/users\/2"}],"replies":[{"embeddable":true,"href":"https:\/\/www.abrima.com\/blog\/wp-json\/wp\/v2\/comments?post=2170"}],"version-history":[{"count":1,"href":"https:\/\/www.abrima.com\/blog\/wp-json\/wp\/v2\/posts\/2170\/revisions"}],"predecessor-version":[{"id":2171,"href":"https:\/\/www.abrima.com\/blog\/wp-json\/wp\/v2\/posts\/2170\/revisions\/2171"}],"wp:attachment":[{"href":"https:\/\/www.abrima.com\/blog\/wp-json\/wp\/v2\/media?parent=2170"}],"wp:term":[{"taxonomy":"category","embeddable":true,"href":"https:\/\/www.abrima.com\/blog\/wp-json\/wp\/v2\/categories?post=2170"},{"taxonomy":"post_tag","embeddable":true,"href":"https:\/\/www.abrima.com\/blog\/wp-json\/wp\/v2\/tags?post=2170"}],"curies":[{"name":"wp","href":"https:\/\/api.w.org\/{rel}","templated":true}]}}