{"id":1866,"date":"2014-07-22T00:41:29","date_gmt":"2014-07-22T00:41:29","guid":{"rendered":"http:\/\/www.abrima.com\/blog\/?p=1866"},"modified":"2014-07-22T00:41:29","modified_gmt":"2014-07-22T00:41:29","slug":"shakira-la-primera-en-alcanzar-100-millones-de-fans-en-facebook","status":"publish","type":"post","link":"https:\/\/www.abrima.com\/blog\/shakira-la-primera-en-alcanzar-100-millones-de-fans-en-facebook\/","title":{"rendered":"Shakira, la primera en alcanzar 100 millones de fans en Facebook"},"content":{"rendered":"<p>Se puede decir que pr\u00e1cticamente una de cada 10 personas que est\u00e1 en la red social Facebook es fan de Shakira.<\/p>\n<p style=\"color: #505050;\">El porcentaje es muy elevado, pero se justifica porque Shakira es la\u00a0<strong style=\"font-style: inherit;\">primera persona del mundo<\/strong>\u00a0que ha logrado alcanzar los 100 millones de fans en la red social de Mark Zuckerberg.<\/p>\n<p style=\"color: #505050;\">Si el n\u00famero total de usuarios activos<strong style=\"font-style: inherit;\">\u00a0en la red social es 1.350 millones,<\/strong>\u00a0casi nos acercamos a la proporci\u00f3n del 1 cada 10, aunque tambi\u00e9n es cierto que muchos de los fans de Shakira ser\u00e1n cuentas que puedan considerarse \u201cno activas\u201d porque no hayan registrado actividad en los \u00faltimos 30 d\u00edas.<\/p>\n<p style=\"color: #505050;\">Sea como sea, lo cierto es que Shakira es la persona con m\u00e1s fans en Facebook. Para celebrarlo, incluso ha realizado un post especial en la red social.<\/p>\n<div id=\"fb-root\" class=\" fb_reset\" style=\"color: #000000;\">\n<div style=\"font-weight: inherit; font-style: inherit;\">\n<div style=\"font-weight: inherit; font-style: inherit;\"><iframe loading=\"lazy\" id=\"fb_xdm_frame_http\" style=\"font-weight: inherit; font-style: inherit;\" tabindex=\"-1\" title=\"Facebook Cross Domain Communication Frame\" src=\"http:\/\/static.ak.facebook.com\/connect\/xd_arbiter\/bLBBWlYJp_w.js?version=41#channel=f1eda7627c&amp;origin=http%3A%2F%2Fwww.trecebits.com\" name=\"fb_xdm_frame_http\" width=\"300\" height=\"150\" frameborder=\"0\" scrolling=\"no\"><\/iframe><iframe loading=\"lazy\" id=\"fb_xdm_frame_https\" style=\"font-weight: inherit; font-style: inherit;\" tabindex=\"-1\" title=\"Facebook Cross Domain Communication Frame\" src=\"https:\/\/s-static.ak.facebook.com\/connect\/xd_arbiter\/bLBBWlYJp_w.js?version=41#channel=f1eda7627c&amp;origin=http%3A%2F%2Fwww.trecebits.com\" name=\"fb_xdm_frame_https\" width=\"300\" height=\"150\" frameborder=\"0\" scrolling=\"no\"><\/iframe><\/div>\n<\/div>\n<div style=\"font-weight: inherit; font-style: inherit;\"><\/div>\n<\/div>\n<p style=\"color: #505050;\">\n<div class=\"fb-post fb_iframe_widget\" style=\"color: #505050;\" data-href=\"https:\/\/www.facebook.com\/photo.php?v=10152673233024560\" data-width=\"466\"><span style=\"font-weight: inherit; font-style: inherit;\"><iframe loading=\"lazy\" class=\"\" style=\"font-weight: inherit; font-style: inherit;\" title=\"fb:post Facebook Social Plugin\" src=\"http:\/\/www.facebook.com\/plugins\/post.php?app_id=&amp;channel=http%3A%2F%2Fstatic.ak.facebook.com%2Fconnect%2Fxd_arbiter%2FbLBBWlYJp_w.js%3Fversion%3D41%23cb%3Df2e7008ba8%26domain%3Dwww.trecebits.com%26origin%3Dhttp%253A%252F%252Fwww.trecebits.com%252Ff1eda7627c%26relation%3Dparent.parent&amp;href=https%3A%2F%2Fwww.facebook.com%2Fphoto.php%3Fv%3D10152673233024560&amp;locale=es_ES&amp;sdk=joey&amp;width=466\" name=\"f3a284b79\" width=\"466px\" height=\"1000px\" frameborder=\"0\" scrolling=\"no\"><\/iframe><\/span><\/div>\n<p style=\"color: #505050;\">Con toda seguridad, el v\u00eddeo ha sido realizado por el equipo de Facebook, que tambi\u00e9n ha desarrollado esta infograf\u00eda para\u00a0<strong style=\"font-style: inherit;\">\u201ccelebrar\u201d el hit social m\u00e1s importante de Shakir<\/strong>a:<\/p>\n<p style=\"color: #505050;\"><a style=\"font-weight: inherit; font-style: inherit; color: #48aede;\" href=\"http:\/\/www.trecebits.com\/wp-content\/uploads\/2014\/07\/shakira-facebook-milestone.jpg\"><img loading=\"lazy\" class=\"aligncenter wp-image-25589\" style=\"font-weight: inherit; font-style: inherit;\" src=\"http:\/\/www.trecebits.com\/wp-content\/uploads\/2014\/07\/shakira-facebook-milestone.jpg\" alt=\"shakira-facebook-milestone\" width=\"600\" height=\"4008\" \/><\/a><\/p>\n<div class=\"social4i\" style=\"color: #505050;\">Fuente: <a href=\"http:\/\/www.trecebits.com\/2014\/07\/19\/shakira-primera-persona-que-alcanza-los-100-millones-de-fans-en-facebook\/?utm_source=feedburner&amp;utm_medium=feed&amp;utm_campaign=Feed%3A+Trecebits+%28TreceBits%29\">Trecebits<\/a><\/div>\n","protected":false},"excerpt":{"rendered":"<p>Se puede decir que pr\u00e1cticamente una de cada 10 personas que est\u00e1 en la red social Facebook es fan de Shakira. El porcentaje es muy [&hellip;]<\/p>\n","protected":false},"author":1,"featured_media":0,"comment_status":"open","ping_status":"open","sticky":false,"template":"","format":"standard","meta":{"_monsterinsights_skip_tracking":false,"_monsterinsights_sitenote_active":false,"_monsterinsights_sitenote_note":"","_monsterinsights_sitenote_category":0},"categories":[15],"tags":[],"yoast_head":"<!-- This site is optimized with the Yoast SEO plugin v19.1 - https:\/\/yoast.com\/wordpress\/plugins\/seo\/ -->\n<title>Shakira, la primera en alcanzar 100 millones de fans en Facebook - Blog de Tecnolog\u00eda - Abrima<\/title>\n<meta name=\"robots\" content=\"index, follow, max-snippet:-1, max-image-preview:large, max-video-preview:-1\" \/>\n<link rel=\"canonical\" href=\"https:\/\/www.abrima.com\/blog\/shakira-la-primera-en-alcanzar-100-millones-de-fans-en-facebook\/\" \/>\n<meta property=\"og:locale\" content=\"es_ES\" \/>\n<meta property=\"og:type\" content=\"article\" \/>\n<meta property=\"og:title\" content=\"Shakira, la primera en alcanzar 100 millones de fans en Facebook - Blog de Tecnolog\u00eda - Abrima\" \/>\n<meta property=\"og:description\" content=\"Se puede decir que pr\u00e1cticamente una de cada 10 personas que est\u00e1 en la red social Facebook es fan de Shakira. El porcentaje es muy [&hellip;]\" \/>\n<meta property=\"og:url\" content=\"https:\/\/www.abrima.com\/blog\/shakira-la-primera-en-alcanzar-100-millones-de-fans-en-facebook\/\" \/>\n<meta property=\"og:site_name\" content=\"Blog de Tecnolog\u00eda - Abrima\" \/>\n<meta property=\"article:publisher\" content=\"https:\/\/www.facebook.com\/abrimawebs\/\" \/>\n<meta property=\"article:published_time\" content=\"2014-07-22T00:41:29+00:00\" \/>\n<meta property=\"og:image\" content=\"http:\/\/www.trecebits.com\/wp-content\/uploads\/2014\/07\/shakira-facebook-milestone.jpg\" \/>\n<meta name=\"twitter:label1\" content=\"Escrito por\" \/>\n\t<meta name=\"twitter:data1\" content=\"Abrima\" \/>\n\t<meta name=\"twitter:label2\" content=\"Tiempo de lectura\" \/>\n\t<meta name=\"twitter:data2\" content=\"1 minuto\" \/>\n<script type=\"application\/ld+json\" class=\"yoast-schema-graph\">{\"@context\":\"https:\/\/schema.org\",\"@graph\":[{\"@type\":\"Organization\",\"@id\":\"https:\/\/www.abrima.com\/blog\/#organization\",\"name\":\"Abrima\",\"url\":\"https:\/\/www.abrima.com\/blog\/\",\"sameAs\":[\"https:\/\/www.linkedin.com\/company\/abrima-soluciones-web\/\",\"https:\/\/www.youtube.com\/user\/abrimawebs\",\"https:\/\/www.facebook.com\/abrimawebs\/\",\"https:\/\/twitter.com\/abrimaweb\"],\"logo\":{\"@type\":\"ImageObject\",\"inLanguage\":\"es\",\"@id\":\"https:\/\/www.abrima.com\/blog\/#\/schema\/logo\/image\/\",\"url\":\"https:\/\/www.abrima.com\/blog\/wp-content\/uploads\/2018\/03\/abrima-logo.png\",\"contentUrl\":\"https:\/\/www.abrima.com\/blog\/wp-content\/uploads\/2018\/03\/abrima-logo.png\",\"width\":700,\"height\":700,\"caption\":\"Abrima\"},\"image\":{\"@id\":\"https:\/\/www.abrima.com\/blog\/#\/schema\/logo\/image\/\"}},{\"@type\":\"WebSite\",\"@id\":\"https:\/\/www.abrima.com\/blog\/#website\",\"url\":\"https:\/\/www.abrima.com\/blog\/\",\"name\":\"Blog de Tecnolog\u00eda - Abrima\",\"description\":\"Blog sobre todo lo relacionado con Cloud, Marketing Digital y Web\",\"publisher\":{\"@id\":\"https:\/\/www.abrima.com\/blog\/#organization\"},\"potentialAction\":[{\"@type\":\"SearchAction\",\"target\":{\"@type\":\"EntryPoint\",\"urlTemplate\":\"https:\/\/www.abrima.com\/blog\/?s={search_term_string}\"},\"query-input\":\"required name=search_term_string\"}],\"inLanguage\":\"es\"},{\"@type\":\"ImageObject\",\"inLanguage\":\"es\",\"@id\":\"https:\/\/www.abrima.com\/blog\/shakira-la-primera-en-alcanzar-100-millones-de-fans-en-facebook\/#primaryimage\",\"url\":\"http:\/\/www.trecebits.com\/wp-content\/uploads\/2014\/07\/shakira-facebook-milestone.jpg\",\"contentUrl\":\"http:\/\/www.trecebits.com\/wp-content\/uploads\/2014\/07\/shakira-facebook-milestone.jpg\"},{\"@type\":\"WebPage\",\"@id\":\"https:\/\/www.abrima.com\/blog\/shakira-la-primera-en-alcanzar-100-millones-de-fans-en-facebook\/#webpage\",\"url\":\"https:\/\/www.abrima.com\/blog\/shakira-la-primera-en-alcanzar-100-millones-de-fans-en-facebook\/\",\"name\":\"Shakira, la primera en alcanzar 100 millones de fans en Facebook - Blog de Tecnolog\u00eda - Abrima\",\"isPartOf\":{\"@id\":\"https:\/\/www.abrima.com\/blog\/#website\"},\"primaryImageOfPage\":{\"@id\":\"https:\/\/www.abrima.com\/blog\/shakira-la-primera-en-alcanzar-100-millones-de-fans-en-facebook\/#primaryimage\"},\"datePublished\":\"2014-07-22T00:41:29+00:00\",\"dateModified\":\"2014-07-22T00:41:29+00:00\",\"breadcrumb\":{\"@id\":\"https:\/\/www.abrima.com\/blog\/shakira-la-primera-en-alcanzar-100-millones-de-fans-en-facebook\/#breadcrumb\"},\"inLanguage\":\"es\",\"potentialAction\":[{\"@type\":\"ReadAction\",\"target\":[\"https:\/\/www.abrima.com\/blog\/shakira-la-primera-en-alcanzar-100-millones-de-fans-en-facebook\/\"]}]},{\"@type\":\"BreadcrumbList\",\"@id\":\"https:\/\/www.abrima.com\/blog\/shakira-la-primera-en-alcanzar-100-millones-de-fans-en-facebook\/#breadcrumb\",\"itemListElement\":[{\"@type\":\"ListItem\",\"position\":1,\"name\":\"Portada\",\"item\":\"https:\/\/www.abrima.com\/blog\/\"},{\"@type\":\"ListItem\",\"position\":2,\"name\":\"Shakira, la primera en alcanzar 100 millones de fans en Facebook\"}]},{\"@type\":\"Article\",\"@id\":\"https:\/\/www.abrima.com\/blog\/shakira-la-primera-en-alcanzar-100-millones-de-fans-en-facebook\/#article\",\"isPartOf\":{\"@id\":\"https:\/\/www.abrima.com\/blog\/shakira-la-primera-en-alcanzar-100-millones-de-fans-en-facebook\/#webpage\"},\"author\":{\"@id\":\"https:\/\/www.abrima.com\/blog\/#\/schema\/person\/b768d5411164cb8b8d58f72cdf4e11e8\"},\"headline\":\"Shakira, la primera en alcanzar 100 millones de fans en Facebook\",\"datePublished\":\"2014-07-22T00:41:29+00:00\",\"dateModified\":\"2014-07-22T00:41:29+00:00\",\"mainEntityOfPage\":{\"@id\":\"https:\/\/www.abrima.com\/blog\/shakira-la-primera-en-alcanzar-100-millones-de-fans-en-facebook\/#webpage\"},\"wordCount\":178,\"commentCount\":0,\"publisher\":{\"@id\":\"https:\/\/www.abrima.com\/blog\/#organization\"},\"image\":{\"@id\":\"https:\/\/www.abrima.com\/blog\/shakira-la-primera-en-alcanzar-100-millones-de-fans-en-facebook\/#primaryimage\"},\"thumbnailUrl\":\"http:\/\/www.trecebits.com\/wp-content\/uploads\/2014\/07\/shakira-facebook-milestone.jpg\",\"articleSection\":[\"Marketing Digital\"],\"inLanguage\":\"es\",\"potentialAction\":[{\"@type\":\"CommentAction\",\"name\":\"Comment\",\"target\":[\"https:\/\/www.abrima.com\/blog\/shakira-la-primera-en-alcanzar-100-millones-de-fans-en-facebook\/#respond\"]}]},{\"@type\":\"Person\",\"@id\":\"https:\/\/www.abrima.com\/blog\/#\/schema\/person\/b768d5411164cb8b8d58f72cdf4e11e8\",\"name\":\"Abrima\",\"image\":{\"@type\":\"ImageObject\",\"inLanguage\":\"es\",\"@id\":\"https:\/\/www.abrima.com\/blog\/#\/schema\/person\/image\/\",\"url\":\"https:\/\/secure.gravatar.com\/avatar\/5cc72c9c6b371583c943a070dff20409?s=96&d=mm&r=g\",\"contentUrl\":\"https:\/\/secure.gravatar.com\/avatar\/5cc72c9c6b371583c943a070dff20409?s=96&d=mm&r=g\",\"caption\":\"Abrima\"},\"url\":\"https:\/\/www.abrima.com\/blog\/author\/abrima\/\"}]}<\/script>\n<!-- \/ Yoast SEO plugin. -->","yoast_head_json":{"title":"Shakira, la primera en alcanzar 100 millones de fans en Facebook - Blog de Tecnolog\u00eda - Abrima","robots":{"index":"index","follow":"follow","max-snippet":"max-snippet:-1","max-image-preview":"max-image-preview:large","max-video-preview":"max-video-preview:-1"},"canonical":"https:\/\/www.abrima.com\/blog\/shakira-la-primera-en-alcanzar-100-millones-de-fans-en-facebook\/","og_locale":"es_ES","og_type":"article","og_title":"Shakira, la primera en alcanzar 100 millones de fans en Facebook - Blog de Tecnolog\u00eda - Abrima","og_description":"Se puede decir que pr\u00e1cticamente una de cada 10 personas que est\u00e1 en la red social Facebook es fan de Shakira. El porcentaje es muy [&hellip;]","og_url":"https:\/\/www.abrima.com\/blog\/shakira-la-primera-en-alcanzar-100-millones-de-fans-en-facebook\/","og_site_name":"Blog de Tecnolog\u00eda - Abrima","article_publisher":"https:\/\/www.facebook.com\/abrimawebs\/","article_published_time":"2014-07-22T00:41:29+00:00","og_image":[{"url":"http:\/\/www.trecebits.com\/wp-content\/uploads\/2014\/07\/shakira-facebook-milestone.jpg"}],"twitter_misc":{"Escrito por":"Abrima","Tiempo de lectura":"1 minuto"},"schema":{"@context":"https:\/\/schema.org","@graph":[{"@type":"Organization","@id":"https:\/\/www.abrima.com\/blog\/#organization","name":"Abrima","url":"https:\/\/www.abrima.com\/blog\/","sameAs":["https:\/\/www.linkedin.com\/company\/abrima-soluciones-web\/","https:\/\/www.youtube.com\/user\/abrimawebs","https:\/\/www.facebook.com\/abrimawebs\/","https:\/\/twitter.com\/abrimaweb"],"logo":{"@type":"ImageObject","inLanguage":"es","@id":"https:\/\/www.abrima.com\/blog\/#\/schema\/logo\/image\/","url":"https:\/\/www.abrima.com\/blog\/wp-content\/uploads\/2018\/03\/abrima-logo.png","contentUrl":"https:\/\/www.abrima.com\/blog\/wp-content\/uploads\/2018\/03\/abrima-logo.png","width":700,"height":700,"caption":"Abrima"},"image":{"@id":"https:\/\/www.abrima.com\/blog\/#\/schema\/logo\/image\/"}},{"@type":"WebSite","@id":"https:\/\/www.abrima.com\/blog\/#website","url":"https:\/\/www.abrima.com\/blog\/","name":"Blog de Tecnolog\u00eda - Abrima","description":"Blog sobre todo lo relacionado con Cloud, Marketing Digital y Web","publisher":{"@id":"https:\/\/www.abrima.com\/blog\/#organization"},"potentialAction":[{"@type":"SearchAction","target":{"@type":"EntryPoint","urlTemplate":"https:\/\/www.abrima.com\/blog\/?s={search_term_string}"},"query-input":"required name=search_term_string"}],"inLanguage":"es"},{"@type":"ImageObject","inLanguage":"es","@id":"https:\/\/www.abrima.com\/blog\/shakira-la-primera-en-alcanzar-100-millones-de-fans-en-facebook\/#primaryimage","url":"http:\/\/www.trecebits.com\/wp-content\/uploads\/2014\/07\/shakira-facebook-milestone.jpg","contentUrl":"http:\/\/www.trecebits.com\/wp-content\/uploads\/2014\/07\/shakira-facebook-milestone.jpg"},{"@type":"WebPage","@id":"https:\/\/www.abrima.com\/blog\/shakira-la-primera-en-alcanzar-100-millones-de-fans-en-facebook\/#webpage","url":"https:\/\/www.abrima.com\/blog\/shakira-la-primera-en-alcanzar-100-millones-de-fans-en-facebook\/","name":"Shakira, la primera en alcanzar 100 millones de fans en Facebook - Blog de Tecnolog\u00eda - Abrima","isPartOf":{"@id":"https:\/\/www.abrima.com\/blog\/#website"},"primaryImageOfPage":{"@id":"https:\/\/www.abrima.com\/blog\/shakira-la-primera-en-alcanzar-100-millones-de-fans-en-facebook\/#primaryimage"},"datePublished":"2014-07-22T00:41:29+00:00","dateModified":"2014-07-22T00:41:29+00:00","breadcrumb":{"@id":"https:\/\/www.abrima.com\/blog\/shakira-la-primera-en-alcanzar-100-millones-de-fans-en-facebook\/#breadcrumb"},"inLanguage":"es","potentialAction":[{"@type":"ReadAction","target":["https:\/\/www.abrima.com\/blog\/shakira-la-primera-en-alcanzar-100-millones-de-fans-en-facebook\/"]}]},{"@type":"BreadcrumbList","@id":"https:\/\/www.abrima.com\/blog\/shakira-la-primera-en-alcanzar-100-millones-de-fans-en-facebook\/#breadcrumb","itemListElement":[{"@type":"ListItem","position":1,"name":"Portada","item":"https:\/\/www.abrima.com\/blog\/"},{"@type":"ListItem","position":2,"name":"Shakira, la primera en alcanzar 100 millones de fans en Facebook"}]},{"@type":"Article","@id":"https:\/\/www.abrima.com\/blog\/shakira-la-primera-en-alcanzar-100-millones-de-fans-en-facebook\/#article","isPartOf":{"@id":"https:\/\/www.abrima.com\/blog\/shakira-la-primera-en-alcanzar-100-millones-de-fans-en-facebook\/#webpage"},"author":{"@id":"https:\/\/www.abrima.com\/blog\/#\/schema\/person\/b768d5411164cb8b8d58f72cdf4e11e8"},"headline":"Shakira, la primera en alcanzar 100 millones de fans en Facebook","datePublished":"2014-07-22T00:41:29+00:00","dateModified":"2014-07-22T00:41:29+00:00","mainEntityOfPage":{"@id":"https:\/\/www.abrima.com\/blog\/shakira-la-primera-en-alcanzar-100-millones-de-fans-en-facebook\/#webpage"},"wordCount":178,"commentCount":0,"publisher":{"@id":"https:\/\/www.abrima.com\/blog\/#organization"},"image":{"@id":"https:\/\/www.abrima.com\/blog\/shakira-la-primera-en-alcanzar-100-millones-de-fans-en-facebook\/#primaryimage"},"thumbnailUrl":"http:\/\/www.trecebits.com\/wp-content\/uploads\/2014\/07\/shakira-facebook-milestone.jpg","articleSection":["Marketing Digital"],"inLanguage":"es","potentialAction":[{"@type":"CommentAction","name":"Comment","target":["https:\/\/www.abrima.com\/blog\/shakira-la-primera-en-alcanzar-100-millones-de-fans-en-facebook\/#respond"]}]},{"@type":"Person","@id":"https:\/\/www.abrima.com\/blog\/#\/schema\/person\/b768d5411164cb8b8d58f72cdf4e11e8","name":"Abrima","image":{"@type":"ImageObject","inLanguage":"es","@id":"https:\/\/www.abrima.com\/blog\/#\/schema\/person\/image\/","url":"https:\/\/secure.gravatar.com\/avatar\/5cc72c9c6b371583c943a070dff20409?s=96&d=mm&r=g","contentUrl":"https:\/\/secure.gravatar.com\/avatar\/5cc72c9c6b371583c943a070dff20409?s=96&d=mm&r=g","caption":"Abrima"},"url":"https:\/\/www.abrima.com\/blog\/author\/abrima\/"}]}},"amp_enabled":true,"_links":{"self":[{"href":"https:\/\/www.abrima.com\/blog\/wp-json\/wp\/v2\/posts\/1866"}],"collection":[{"href":"https:\/\/www.abrima.com\/blog\/wp-json\/wp\/v2\/posts"}],"about":[{"href":"https:\/\/www.abrima.com\/blog\/wp-json\/wp\/v2\/types\/post"}],"author":[{"embeddable":true,"href":"https:\/\/www.abrima.com\/blog\/wp-json\/wp\/v2\/users\/1"}],"replies":[{"embeddable":true,"href":"https:\/\/www.abrima.com\/blog\/wp-json\/wp\/v2\/comments?post=1866"}],"version-history":[{"count":1,"href":"https:\/\/www.abrima.com\/blog\/wp-json\/wp\/v2\/posts\/1866\/revisions"}],"predecessor-version":[{"id":1867,"href":"https:\/\/www.abrima.com\/blog\/wp-json\/wp\/v2\/posts\/1866\/revisions\/1867"}],"wp:attachment":[{"href":"https:\/\/www.abrima.com\/blog\/wp-json\/wp\/v2\/media?parent=1866"}],"wp:term":[{"taxonomy":"category","embeddable":true,"href":"https:\/\/www.abrima.com\/blog\/wp-json\/wp\/v2\/categories?post=1866"},{"taxonomy":"post_tag","embeddable":true,"href":"https:\/\/www.abrima.com\/blog\/wp-json\/wp\/v2\/tags?post=1866"}],"curies":[{"name":"wp","href":"https:\/\/api.w.org\/{rel}","templated":true}]}}