{"id":1862,"date":"2014-07-22T00:39:34","date_gmt":"2014-07-22T00:39:34","guid":{"rendered":"http:\/\/www.abrima.com\/blog\/?p=1862"},"modified":"2014-07-22T00:39:34","modified_gmt":"2014-07-22T00:39:34","slug":"el-sector-de-e-learning-duplicara-su-volumen-de-negocio-en-2015-segun-previsiones","status":"publish","type":"post","link":"https:\/\/www.abrima.com\/blog\/el-sector-de-e-learning-duplicara-su-volumen-de-negocio-en-2015-segun-previsiones\/","title":{"rendered":"El sector de e-learning duplicar\u00e1 su volumen de negocio en 2015, seg\u00fan previsiones"},"content":{"rendered":"<div class=\"entry-thumbnail\" style=\"color: #666666;\"><img loading=\"lazy\" class=\"attachment- wp-post-image\" src=\"http:\/\/cdn3.ticbeat.com\/wp-content\/uploads\/2014\/07\/e-learning.jpg\" alt=\"El sector de e-learning duplicar\u00e1 su volumen de negocio en 2015, seg\u00fan previsiones\" width=\"640\" height=\"330\" \/><\/div>\n<div class=\"entry-content\" style=\"color: #666666;\">\n<p><b>El sector del e\u00ad-learning o la formaci\u00f3n online movi\u00f3 56.200 millones de d\u00f3lares (41.000 millones de euros) en 2013<\/b>, una cifra que, seg\u00fan un informe de la Online Business School supuso<b>un incremento del 55,2% respecto a 2011<\/b>, cuando el volumen fue de 35.600 millones de d\u00f3lares (26.000 millones de euros).<\/p>\n<p>Los pron\u00f3sticos apuntan, adem\u00e1s, a que\u00a0<b>el crecimiento se mantendr\u00e1, hasta superar los 100.000 millones de d\u00f3lares en 2015<\/b>. Seg\u00fan reflexionan los autores del informe, tal vez \u00e9ste sea en el momento en el que asistamos a \u201cuna convivencia entre el e-learning y el modelo tradicional de formaci\u00f3n, de la que no sabemos si es temporal o definitiva\u201d, afirman.<\/p>\n<p>En cualquier caso, desde la OBS apuestan m\u00e1s bien por lo segundo. El e-learning, piensan, est\u00e1 destinado a dejar de ser una moda pasajera para convertirse\u00a0<b>en una herramienta en un mundo el que la formaci\u00f3n ya empieza a acompa\u00f1ar a los individuos durante toda su vida laboral.<\/b>\u00a0En Espa\u00f1a, por ejemplo, el 83% de los alumnos matriculados en formaci\u00f3n online tiene m\u00e1s de 26 a\u00f1os, y estudia, en su mayor\u00eda, por dos motivos: no tuvo tiempo de completar su formaci\u00f3n antes o est\u00e1 en busca de una segunda titulaci\u00f3n que le ayude a completar su curr\u00edculo.<\/p>\n<h2 style=\"font-weight: 400;\">Apuesta por los nuevos contenidos<\/h2>\n<p>De los tres subsectores en los que los responsables del informe subdividen el e-learning \u2013contenidos, herramientas de autor y plataformas de aprendizaje- consideran que es el primero el que mayor potencial de crecimiento tiene, aunque advierten de\u00a0<b>que el e-learning va m\u00e1s all\u00e1 de la mera digitalizaci\u00f3n de contenidos ya existentes<\/b>. \u201cHay que apostar por nuevos contenidos y formas de aprendizaje\u201d, aseguran.<\/p>\n<p>En cuanto al reparto geogr\u00e1fico de esta nueva forma de educaci\u00f3n, Norteam\u00e9rica es, con 27.100 millones de d\u00f3lares la regi\u00f3n en la que el e-learning mueve, de momento, m\u00e1s dinero, pero a partir de la segunda posici\u00f3n del ranking comienzan las sorpresas:\u00a0<b>Asia (11.500 millones) supera a Europa (8.100 millones), en tercer lugar.<\/b><\/p>\n<p>Respecto a aquellas \u00e1reas m\u00e1s din\u00e1micas, es decir, no las que m\u00e1s dinero mueven, sino aquellas en las que el e-learning crece m\u00e1s y m\u00e1s r\u00e1pido en t\u00e9rminos relativos, el informe cita a<b>Asia, Europa del Este, \u00c1frica y Latinoam\u00e9rica<\/b>. Pa\u00edses como Indonesia, Nigeria, Qatar, Om\u00e1n, Polonia, Rusia, T\u00fanez, Rep\u00fablica Checa y Tanzania doblan la tasa media de crecimiento.<\/p>\n<p>La Online Business School cree que,\u00a0<b>a partir de 2030, las promociones de alumnos no conocer\u00e1n la pizarra ni la tiza<\/b>, y defiende el modelo del e-learning frente a la formaci\u00f3n tradicional con cifras que muestran que ahorra un 50% m\u00e1s de gastos y un 60% m\u00e1s de tiempo, adem\u00e1s de resultar menos agresivo para el medio ambiente.<\/p>\n<p>Fuente: <a href=\"http:\/\/www.ticbeat.com\/tecnologias\/el-sector-de-elearning-duplicara-su-volumen-de-negocio-en-2015-segun-previsiones\/\">Ticbeat<\/a><\/p>\n<\/div>\n","protected":false},"excerpt":{"rendered":"<p>El sector del e\u00ad-learning o la formaci\u00f3n online movi\u00f3 56.200 millones de d\u00f3lares (41.000 millones de euros) en 2013, una cifra que, seg\u00fan un informe [&hellip;]<\/p>\n","protected":false},"author":1,"featured_media":0,"comment_status":"open","ping_status":"open","sticky":false,"template":"","format":"standard","meta":{"_monsterinsights_skip_tracking":false,"_monsterinsights_sitenote_active":false,"_monsterinsights_sitenote_note":"","_monsterinsights_sitenote_category":0},"categories":[8],"tags":[],"yoast_head":"<!-- This site is optimized with the Yoast SEO plugin v19.1 - https:\/\/yoast.com\/wordpress\/plugins\/seo\/ -->\n<title>El sector de e-learning duplicar\u00e1 su volumen de negocio en 2015, seg\u00fan previsiones - Blog de Tecnolog\u00eda - Abrima<\/title>\n<meta name=\"robots\" content=\"index, follow, max-snippet:-1, max-image-preview:large, max-video-preview:-1\" \/>\n<link rel=\"canonical\" href=\"https:\/\/www.abrima.com\/blog\/el-sector-de-e-learning-duplicara-su-volumen-de-negocio-en-2015-segun-previsiones\/\" \/>\n<meta property=\"og:locale\" content=\"es_ES\" \/>\n<meta property=\"og:type\" content=\"article\" \/>\n<meta property=\"og:title\" content=\"El sector de e-learning duplicar\u00e1 su volumen de negocio en 2015, seg\u00fan previsiones - Blog de Tecnolog\u00eda - Abrima\" \/>\n<meta property=\"og:description\" content=\"El sector del e\u00ad-learning o la formaci\u00f3n online movi\u00f3 56.200 millones de d\u00f3lares (41.000 millones de euros) en 2013, una cifra que, seg\u00fan un informe [&hellip;]\" \/>\n<meta property=\"og:url\" content=\"https:\/\/www.abrima.com\/blog\/el-sector-de-e-learning-duplicara-su-volumen-de-negocio-en-2015-segun-previsiones\/\" \/>\n<meta property=\"og:site_name\" content=\"Blog de Tecnolog\u00eda - Abrima\" \/>\n<meta property=\"article:publisher\" content=\"https:\/\/www.facebook.com\/abrimawebs\/\" \/>\n<meta property=\"article:published_time\" content=\"2014-07-22T00:39:34+00:00\" \/>\n<meta property=\"og:image\" content=\"http:\/\/cdn3.ticbeat.com\/wp-content\/uploads\/2014\/07\/e-learning.jpg\" \/>\n<meta name=\"twitter:label1\" content=\"Escrito por\" \/>\n\t<meta name=\"twitter:data1\" content=\"Abrima\" \/>\n\t<meta name=\"twitter:label2\" content=\"Tiempo de lectura\" \/>\n\t<meta name=\"twitter:data2\" content=\"2 minutos\" \/>\n<script type=\"application\/ld+json\" class=\"yoast-schema-graph\">{\"@context\":\"https:\/\/schema.org\",\"@graph\":[{\"@type\":\"Organization\",\"@id\":\"https:\/\/www.abrima.com\/blog\/#organization\",\"name\":\"Abrima\",\"url\":\"https:\/\/www.abrima.com\/blog\/\",\"sameAs\":[\"https:\/\/www.linkedin.com\/company\/abrima-soluciones-web\/\",\"https:\/\/www.youtube.com\/user\/abrimawebs\",\"https:\/\/www.facebook.com\/abrimawebs\/\",\"https:\/\/twitter.com\/abrimaweb\"],\"logo\":{\"@type\":\"ImageObject\",\"inLanguage\":\"es\",\"@id\":\"https:\/\/www.abrima.com\/blog\/#\/schema\/logo\/image\/\",\"url\":\"https:\/\/www.abrima.com\/blog\/wp-content\/uploads\/2018\/03\/abrima-logo.png\",\"contentUrl\":\"https:\/\/www.abrima.com\/blog\/wp-content\/uploads\/2018\/03\/abrima-logo.png\",\"width\":700,\"height\":700,\"caption\":\"Abrima\"},\"image\":{\"@id\":\"https:\/\/www.abrima.com\/blog\/#\/schema\/logo\/image\/\"}},{\"@type\":\"WebSite\",\"@id\":\"https:\/\/www.abrima.com\/blog\/#website\",\"url\":\"https:\/\/www.abrima.com\/blog\/\",\"name\":\"Blog de Tecnolog\u00eda - Abrima\",\"description\":\"Blog sobre todo lo relacionado con Cloud, Marketing Digital y Web\",\"publisher\":{\"@id\":\"https:\/\/www.abrima.com\/blog\/#organization\"},\"potentialAction\":[{\"@type\":\"SearchAction\",\"target\":{\"@type\":\"EntryPoint\",\"urlTemplate\":\"https:\/\/www.abrima.com\/blog\/?s={search_term_string}\"},\"query-input\":\"required name=search_term_string\"}],\"inLanguage\":\"es\"},{\"@type\":\"ImageObject\",\"inLanguage\":\"es\",\"@id\":\"https:\/\/www.abrima.com\/blog\/el-sector-de-e-learning-duplicara-su-volumen-de-negocio-en-2015-segun-previsiones\/#primaryimage\",\"url\":\"http:\/\/cdn3.ticbeat.com\/wp-content\/uploads\/2014\/07\/e-learning.jpg\",\"contentUrl\":\"http:\/\/cdn3.ticbeat.com\/wp-content\/uploads\/2014\/07\/e-learning.jpg\"},{\"@type\":\"WebPage\",\"@id\":\"https:\/\/www.abrima.com\/blog\/el-sector-de-e-learning-duplicara-su-volumen-de-negocio-en-2015-segun-previsiones\/#webpage\",\"url\":\"https:\/\/www.abrima.com\/blog\/el-sector-de-e-learning-duplicara-su-volumen-de-negocio-en-2015-segun-previsiones\/\",\"name\":\"El sector de e-learning duplicar\u00e1 su volumen de negocio en 2015, seg\u00fan previsiones - Blog de Tecnolog\u00eda - Abrima\",\"isPartOf\":{\"@id\":\"https:\/\/www.abrima.com\/blog\/#website\"},\"primaryImageOfPage\":{\"@id\":\"https:\/\/www.abrima.com\/blog\/el-sector-de-e-learning-duplicara-su-volumen-de-negocio-en-2015-segun-previsiones\/#primaryimage\"},\"datePublished\":\"2014-07-22T00:39:34+00:00\",\"dateModified\":\"2014-07-22T00:39:34+00:00\",\"breadcrumb\":{\"@id\":\"https:\/\/www.abrima.com\/blog\/el-sector-de-e-learning-duplicara-su-volumen-de-negocio-en-2015-segun-previsiones\/#breadcrumb\"},\"inLanguage\":\"es\",\"potentialAction\":[{\"@type\":\"ReadAction\",\"target\":[\"https:\/\/www.abrima.com\/blog\/el-sector-de-e-learning-duplicara-su-volumen-de-negocio-en-2015-segun-previsiones\/\"]}]},{\"@type\":\"BreadcrumbList\",\"@id\":\"https:\/\/www.abrima.com\/blog\/el-sector-de-e-learning-duplicara-su-volumen-de-negocio-en-2015-segun-previsiones\/#breadcrumb\",\"itemListElement\":[{\"@type\":\"ListItem\",\"position\":1,\"name\":\"Portada\",\"item\":\"https:\/\/www.abrima.com\/blog\/\"},{\"@type\":\"ListItem\",\"position\":2,\"name\":\"El sector de e-learning duplicar\u00e1 su volumen de negocio en 2015, seg\u00fan previsiones\"}]},{\"@type\":\"Article\",\"@id\":\"https:\/\/www.abrima.com\/blog\/el-sector-de-e-learning-duplicara-su-volumen-de-negocio-en-2015-segun-previsiones\/#article\",\"isPartOf\":{\"@id\":\"https:\/\/www.abrima.com\/blog\/el-sector-de-e-learning-duplicara-su-volumen-de-negocio-en-2015-segun-previsiones\/#webpage\"},\"author\":{\"@id\":\"https:\/\/www.abrima.com\/blog\/#\/schema\/person\/b768d5411164cb8b8d58f72cdf4e11e8\"},\"headline\":\"El sector de e-learning duplicar\u00e1 su volumen de negocio en 2015, seg\u00fan previsiones\",\"datePublished\":\"2014-07-22T00:39:34+00:00\",\"dateModified\":\"2014-07-22T00:39:34+00:00\",\"mainEntityOfPage\":{\"@id\":\"https:\/\/www.abrima.com\/blog\/el-sector-de-e-learning-duplicara-su-volumen-de-negocio-en-2015-segun-previsiones\/#webpage\"},\"wordCount\":487,\"commentCount\":0,\"publisher\":{\"@id\":\"https:\/\/www.abrima.com\/blog\/#organization\"},\"image\":{\"@id\":\"https:\/\/www.abrima.com\/blog\/el-sector-de-e-learning-duplicara-su-volumen-de-negocio-en-2015-segun-previsiones\/#primaryimage\"},\"thumbnailUrl\":\"http:\/\/cdn3.ticbeat.com\/wp-content\/uploads\/2014\/07\/e-learning.jpg\",\"articleSection\":[\"E-learning\"],\"inLanguage\":\"es\",\"potentialAction\":[{\"@type\":\"CommentAction\",\"name\":\"Comment\",\"target\":[\"https:\/\/www.abrima.com\/blog\/el-sector-de-e-learning-duplicara-su-volumen-de-negocio-en-2015-segun-previsiones\/#respond\"]}]},{\"@type\":\"Person\",\"@id\":\"https:\/\/www.abrima.com\/blog\/#\/schema\/person\/b768d5411164cb8b8d58f72cdf4e11e8\",\"name\":\"Abrima\",\"image\":{\"@type\":\"ImageObject\",\"inLanguage\":\"es\",\"@id\":\"https:\/\/www.abrima.com\/blog\/#\/schema\/person\/image\/\",\"url\":\"https:\/\/secure.gravatar.com\/avatar\/5cc72c9c6b371583c943a070dff20409?s=96&d=mm&r=g\",\"contentUrl\":\"https:\/\/secure.gravatar.com\/avatar\/5cc72c9c6b371583c943a070dff20409?s=96&d=mm&r=g\",\"caption\":\"Abrima\"},\"url\":\"https:\/\/www.abrima.com\/blog\/author\/abrima\/\"}]}<\/script>\n<!-- \/ Yoast SEO plugin. -->","yoast_head_json":{"title":"El sector de e-learning duplicar\u00e1 su volumen de negocio en 2015, seg\u00fan previsiones - Blog de Tecnolog\u00eda - Abrima","robots":{"index":"index","follow":"follow","max-snippet":"max-snippet:-1","max-image-preview":"max-image-preview:large","max-video-preview":"max-video-preview:-1"},"canonical":"https:\/\/www.abrima.com\/blog\/el-sector-de-e-learning-duplicara-su-volumen-de-negocio-en-2015-segun-previsiones\/","og_locale":"es_ES","og_type":"article","og_title":"El sector de e-learning duplicar\u00e1 su volumen de negocio en 2015, seg\u00fan previsiones - Blog de Tecnolog\u00eda - Abrima","og_description":"El sector del e\u00ad-learning o la formaci\u00f3n online movi\u00f3 56.200 millones de d\u00f3lares (41.000 millones de euros) en 2013, una cifra que, seg\u00fan un informe [&hellip;]","og_url":"https:\/\/www.abrima.com\/blog\/el-sector-de-e-learning-duplicara-su-volumen-de-negocio-en-2015-segun-previsiones\/","og_site_name":"Blog de Tecnolog\u00eda - Abrima","article_publisher":"https:\/\/www.facebook.com\/abrimawebs\/","article_published_time":"2014-07-22T00:39:34+00:00","og_image":[{"url":"http:\/\/cdn3.ticbeat.com\/wp-content\/uploads\/2014\/07\/e-learning.jpg"}],"twitter_misc":{"Escrito por":"Abrima","Tiempo de lectura":"2 minutos"},"schema":{"@context":"https:\/\/schema.org","@graph":[{"@type":"Organization","@id":"https:\/\/www.abrima.com\/blog\/#organization","name":"Abrima","url":"https:\/\/www.abrima.com\/blog\/","sameAs":["https:\/\/www.linkedin.com\/company\/abrima-soluciones-web\/","https:\/\/www.youtube.com\/user\/abrimawebs","https:\/\/www.facebook.com\/abrimawebs\/","https:\/\/twitter.com\/abrimaweb"],"logo":{"@type":"ImageObject","inLanguage":"es","@id":"https:\/\/www.abrima.com\/blog\/#\/schema\/logo\/image\/","url":"https:\/\/www.abrima.com\/blog\/wp-content\/uploads\/2018\/03\/abrima-logo.png","contentUrl":"https:\/\/www.abrima.com\/blog\/wp-content\/uploads\/2018\/03\/abrima-logo.png","width":700,"height":700,"caption":"Abrima"},"image":{"@id":"https:\/\/www.abrima.com\/blog\/#\/schema\/logo\/image\/"}},{"@type":"WebSite","@id":"https:\/\/www.abrima.com\/blog\/#website","url":"https:\/\/www.abrima.com\/blog\/","name":"Blog de Tecnolog\u00eda - Abrima","description":"Blog sobre todo lo relacionado con Cloud, Marketing Digital y Web","publisher":{"@id":"https:\/\/www.abrima.com\/blog\/#organization"},"potentialAction":[{"@type":"SearchAction","target":{"@type":"EntryPoint","urlTemplate":"https:\/\/www.abrima.com\/blog\/?s={search_term_string}"},"query-input":"required name=search_term_string"}],"inLanguage":"es"},{"@type":"ImageObject","inLanguage":"es","@id":"https:\/\/www.abrima.com\/blog\/el-sector-de-e-learning-duplicara-su-volumen-de-negocio-en-2015-segun-previsiones\/#primaryimage","url":"http:\/\/cdn3.ticbeat.com\/wp-content\/uploads\/2014\/07\/e-learning.jpg","contentUrl":"http:\/\/cdn3.ticbeat.com\/wp-content\/uploads\/2014\/07\/e-learning.jpg"},{"@type":"WebPage","@id":"https:\/\/www.abrima.com\/blog\/el-sector-de-e-learning-duplicara-su-volumen-de-negocio-en-2015-segun-previsiones\/#webpage","url":"https:\/\/www.abrima.com\/blog\/el-sector-de-e-learning-duplicara-su-volumen-de-negocio-en-2015-segun-previsiones\/","name":"El sector de e-learning duplicar\u00e1 su volumen de negocio en 2015, seg\u00fan previsiones - Blog de Tecnolog\u00eda - Abrima","isPartOf":{"@id":"https:\/\/www.abrima.com\/blog\/#website"},"primaryImageOfPage":{"@id":"https:\/\/www.abrima.com\/blog\/el-sector-de-e-learning-duplicara-su-volumen-de-negocio-en-2015-segun-previsiones\/#primaryimage"},"datePublished":"2014-07-22T00:39:34+00:00","dateModified":"2014-07-22T00:39:34+00:00","breadcrumb":{"@id":"https:\/\/www.abrima.com\/blog\/el-sector-de-e-learning-duplicara-su-volumen-de-negocio-en-2015-segun-previsiones\/#breadcrumb"},"inLanguage":"es","potentialAction":[{"@type":"ReadAction","target":["https:\/\/www.abrima.com\/blog\/el-sector-de-e-learning-duplicara-su-volumen-de-negocio-en-2015-segun-previsiones\/"]}]},{"@type":"BreadcrumbList","@id":"https:\/\/www.abrima.com\/blog\/el-sector-de-e-learning-duplicara-su-volumen-de-negocio-en-2015-segun-previsiones\/#breadcrumb","itemListElement":[{"@type":"ListItem","position":1,"name":"Portada","item":"https:\/\/www.abrima.com\/blog\/"},{"@type":"ListItem","position":2,"name":"El sector de e-learning duplicar\u00e1 su volumen de negocio en 2015, seg\u00fan previsiones"}]},{"@type":"Article","@id":"https:\/\/www.abrima.com\/blog\/el-sector-de-e-learning-duplicara-su-volumen-de-negocio-en-2015-segun-previsiones\/#article","isPartOf":{"@id":"https:\/\/www.abrima.com\/blog\/el-sector-de-e-learning-duplicara-su-volumen-de-negocio-en-2015-segun-previsiones\/#webpage"},"author":{"@id":"https:\/\/www.abrima.com\/blog\/#\/schema\/person\/b768d5411164cb8b8d58f72cdf4e11e8"},"headline":"El sector de e-learning duplicar\u00e1 su volumen de negocio en 2015, seg\u00fan previsiones","datePublished":"2014-07-22T00:39:34+00:00","dateModified":"2014-07-22T00:39:34+00:00","mainEntityOfPage":{"@id":"https:\/\/www.abrima.com\/blog\/el-sector-de-e-learning-duplicara-su-volumen-de-negocio-en-2015-segun-previsiones\/#webpage"},"wordCount":487,"commentCount":0,"publisher":{"@id":"https:\/\/www.abrima.com\/blog\/#organization"},"image":{"@id":"https:\/\/www.abrima.com\/blog\/el-sector-de-e-learning-duplicara-su-volumen-de-negocio-en-2015-segun-previsiones\/#primaryimage"},"thumbnailUrl":"http:\/\/cdn3.ticbeat.com\/wp-content\/uploads\/2014\/07\/e-learning.jpg","articleSection":["E-learning"],"inLanguage":"es","potentialAction":[{"@type":"CommentAction","name":"Comment","target":["https:\/\/www.abrima.com\/blog\/el-sector-de-e-learning-duplicara-su-volumen-de-negocio-en-2015-segun-previsiones\/#respond"]}]},{"@type":"Person","@id":"https:\/\/www.abrima.com\/blog\/#\/schema\/person\/b768d5411164cb8b8d58f72cdf4e11e8","name":"Abrima","image":{"@type":"ImageObject","inLanguage":"es","@id":"https:\/\/www.abrima.com\/blog\/#\/schema\/person\/image\/","url":"https:\/\/secure.gravatar.com\/avatar\/5cc72c9c6b371583c943a070dff20409?s=96&d=mm&r=g","contentUrl":"https:\/\/secure.gravatar.com\/avatar\/5cc72c9c6b371583c943a070dff20409?s=96&d=mm&r=g","caption":"Abrima"},"url":"https:\/\/www.abrima.com\/blog\/author\/abrima\/"}]}},"amp_enabled":true,"_links":{"self":[{"href":"https:\/\/www.abrima.com\/blog\/wp-json\/wp\/v2\/posts\/1862"}],"collection":[{"href":"https:\/\/www.abrima.com\/blog\/wp-json\/wp\/v2\/posts"}],"about":[{"href":"https:\/\/www.abrima.com\/blog\/wp-json\/wp\/v2\/types\/post"}],"author":[{"embeddable":true,"href":"https:\/\/www.abrima.com\/blog\/wp-json\/wp\/v2\/users\/1"}],"replies":[{"embeddable":true,"href":"https:\/\/www.abrima.com\/blog\/wp-json\/wp\/v2\/comments?post=1862"}],"version-history":[{"count":1,"href":"https:\/\/www.abrima.com\/blog\/wp-json\/wp\/v2\/posts\/1862\/revisions"}],"predecessor-version":[{"id":1863,"href":"https:\/\/www.abrima.com\/blog\/wp-json\/wp\/v2\/posts\/1862\/revisions\/1863"}],"wp:attachment":[{"href":"https:\/\/www.abrima.com\/blog\/wp-json\/wp\/v2\/media?parent=1862"}],"wp:term":[{"taxonomy":"category","embeddable":true,"href":"https:\/\/www.abrima.com\/blog\/wp-json\/wp\/v2\/categories?post=1862"},{"taxonomy":"post_tag","embeddable":true,"href":"https:\/\/www.abrima.com\/blog\/wp-json\/wp\/v2\/tags?post=1862"}],"curies":[{"name":"wp","href":"https:\/\/api.w.org\/{rel}","templated":true}]}}